{"id":9998,"date":"2025-06-06T18:11:17","date_gmt":"2025-06-06T16:11:17","guid":{"rendered":"https:\/\/lecompagnonrouge.fr\/?p=9998"},"modified":"2025-09-28T12:20:46","modified_gmt":"2025-09-28T10:20:46","slug":"carex-leporina-laiche-patte-de-lievre","status":"publish","type":"post","link":"https:\/\/lecompagnonrouge.fr\/?p=9998","title":{"rendered":"Carex leporina. La\u00eeche patte-de-li\u00e8vre"},"content":{"rendered":"\n<p class=\"has-medium-font-size\">Carex leporina a un \u00e9pi compact, un peu ovale et axil\u00e9 par une bract\u00e9e courte pr\u00e9sentant les fleurs m\u00e2les en bas, et les fleurs femelles en haut (plut\u00f4t en haut).<\/p>\n\n\n\n<p class=\"has-medium-font-size\">L&rsquo;\u00e9caille (petite pi\u00e8ce foliac\u00e9e) qui entoure la fructification (ou utricule) se termine de mani\u00e8re aigu\u00eb.<\/p>\n\n\n\n<p class=\"has-medium-font-size\">Pour le diff\u00e9rencier de Carex pairae et autres la\u00eeches de ce groupe complexe, les utricules de Carex leporina ne s&rsquo;\u00e9talent pas du tout en \u00e9toile.<\/p>\n\n\n\n<figure class=\"wp-block-image size-full\"><img loading=\"lazy\" decoding=\"async\" width=\"850\" height=\"572\" src=\"https:\/\/lecompagnonrouge.fr\/wp-content\/uploads\/2025\/06\/IMG_2776.jpg\" alt=\"Les utricules non \u00e9tal\u00e9s en \u00e9toiles, compacts, et \u00e9cailles \u00e0 sommet aigu\u00ebs.\" class=\"wp-image-10000\" srcset=\"https:\/\/lecompagnonrouge.fr\/wp-content\/uploads\/2025\/06\/IMG_2776.jpg 850w, https:\/\/lecompagnonrouge.fr\/wp-content\/uploads\/2025\/06\/IMG_2776-300x202.jpg 300w, https:\/\/lecompagnonrouge.fr\/wp-content\/uploads\/2025\/06\/IMG_2776-768x517.jpg 768w\" sizes=\"auto, (max-width: 850px) 100vw, 850px\" \/><\/figure>\n\n\n\n<p><\/p>\n\n\n\n<p><\/p>\n\n\n\n<p class=\"has-medium-font-size\">Il est morphologiquement tr\u00e8s proche de Carex crawfordii du nord est de la France, mais ce dernier pr\u00e9sente plus r\u00e9guli\u00e8rement des bract\u00e9es basales de l&rsquo;\u00e9pi plus longues.<\/p>\n\n\n\n<p class=\"has-medium-font-size\"><strong>Origine et Taxonomie.<\/strong><\/p>\n\n\n\n<p class=\"has-medium-font-size\">Plante Eurosib\u00e9rienne.<\/p>\n\n\n\n<p class=\"has-medium-font-size\">[Carex Leporina = C. ovalis]<\/p>\n\n\n\n<p class=\"has-medium-font-size\">2 Vari\u00e9t\u00e9s sont reconnues. La vari\u00e9t\u00e9 festivata est des Pyr\u00e9n\u00e9es et des hautes altitudes du massif central: une orophyte. Les \u00e9cailles florales femelles, donc celles du haut de la tige, sont beaucoup plus fonc\u00e9es \u2026 Jusque presque noires. Elle pr\u00e9sente moins de 1% de diff\u00e9rence g\u00e9n\u00e9tique avec la vari\u00e9t\u00e9 autonyme pr\u00e9sent\u00e9e ici, laquelle est r\u00e9partie dans tout l&rsquo;Hexagone (voir sur le site de la soci\u00e9t\u00e9 botanique d&rsquo;Occitanie).<\/p>\n\n\n\n<p><\/p>\n\n\n\n<p><\/p>\n\n\n\n<figure class=\"wp-block-image size-full\"><img loading=\"lazy\" decoding=\"async\" width=\"850\" height=\"567\" src=\"https:\/\/lecompagnonrouge.fr\/wp-content\/uploads\/2025\/06\/IMG_2777.jpg\" alt=\"\" class=\"wp-image-10001\" srcset=\"https:\/\/lecompagnonrouge.fr\/wp-content\/uploads\/2025\/06\/IMG_2777.jpg 850w, https:\/\/lecompagnonrouge.fr\/wp-content\/uploads\/2025\/06\/IMG_2777-300x200.jpg 300w, https:\/\/lecompagnonrouge.fr\/wp-content\/uploads\/2025\/06\/IMG_2777-768x512.jpg 768w\" sizes=\"auto, (max-width: 850px) 100vw, 850px\" \/><\/figure>\n\n\n\n<p><\/p>\n\n\n\n<p class=\"has-small-font-size\"><a href=\"https:\/\/lecompagnonrouge.fr\/?s=poales\">Poales<\/a>&gt;<a href=\"https:\/\/lecompagnonrouge.fr\/?s=Cyperaceae\">Cyperaceae<\/a>&gt;<a href=\"https:\/\/lecompagnonrouge.fr\/?s=Carex\">Carex<\/a>&nbsp;leporina var. leporina<\/p>\n\n\n\n<p><\/p>\n\n\n\n<p class=\"has-medium-font-size\"><strong>Ecologie<\/strong>.<\/p>\n\n\n\n<p class=\"has-medium-font-size\"><mark style=\"background-color:rgba(0, 0, 0, 0)\" class=\"has-inline-color has-luminous-vivid-orange-color\">D\u00e9terminante <a href=\"https:\/\/lecompagnonrouge.fr\/?page_id=8669#znieff\">Znieff<\/a> en Picardie, en Haute Normandie et dans les Hauts de France<\/mark>. La plante est pr\u00e9sente un peu dans tout l&rsquo;hexagone.<\/p>\n\n\n\n<p class=\"has-medium-font-size\">Elle est des prairies acidicline acidiphiles, oligotrophiles, jusqu&rsquo;\u00e0 bas marais et sous bois clairs sur les m\u00eames types de sols.<\/p>\n\n\n\n<p class=\"has-medium-font-size\">Les deux vari\u00e9t\u00e9s sont des pelouses acidophiles planitiaires-montagnardes, m\u00e9sohygroclines. Du Juncion squarrosi Oberdorfer 1957 em. 1978<\/p>\n\n\n\n<p><\/p>\n\n\n\n<p>Foto ci Pakku Millevaches (PNRM). Les photos sont prises \u00e0 l&rsquo;entr\u00e9e d&rsquo;un pacage humide. Juste sous le mamelon o\u00f9 tr\u00f4ne le village mais encore au dessus du fond de vallon. Le mamelon est peupl\u00e9 d&rsquo;une tilliaie. On aborde ici la zone o\u00f9 l&rsquo;on trouve un peu plus de ch\u00eanes. Les tilleuls il y en a presque jusqu&rsquo;au fond. L&rsquo;<a href=\"https:\/\/lecompagnonrouge.fr\/?p=9578\">aulne<\/a> je crois qu&rsquo;il n&rsquo;y en a que dans la partie la plus basse topographiquement (je dirais que j&rsquo;en ai vu 3). La plante est en compagnie de <a href=\"https:\/\/lecompagnonrouge.fr\/?p=3676\">renoncule rampante<\/a>, habituellement remplac\u00e9e dans cette partie de la commune en tous cas par la <a href=\"https:\/\/lecompagnonrouge.fr\/?p=3621\">renoncule bulbeuse<\/a>, de <a href=\"https:\/\/lecompagnonrouge.fr\/?p=4762\">Jonc diffus<\/a> et de <a href=\"https:\/\/lecompagnonrouge.fr\/?p=9554\">La\u00eeche h\u00e9riss\u00e9e<\/a>. Le pr\u00e9 est vraiment tout particuli\u00e8rement humide. En descendant au bout de la route &#8230; Toujours des pr\u00e9s mais la vie semble en partie rythm\u00e9e par l&rsquo;\u00e9leveuse, l&rsquo;\u00e9leveur et  surtout leurs moutons.<\/p>\n","protected":false},"excerpt":{"rendered":"<p>Carex leporina a un \u00e9pi compact, un peu ovale et axil\u00e9 par une bract\u00e9e courte pr\u00e9sentant les fleurs m\u00e2les en bas, et les fleurs femelles en haut (plut\u00f4t en haut). L&rsquo;\u00e9caille (petite pi\u00e8ce foliac\u00e9e) qui entoure la fructification (ou utricule) se termine de mani\u00e8re aigu\u00eb. Pour le diff\u00e9rencier de Carex pairae et autres la\u00eeches de&#8230;<\/p>\n","protected":false},"author":1,"featured_media":9999,"comment_status":"closed","ping_status":"open","sticky":false,"template":"","format":"standard","meta":{"footnotes":""},"categories":[1170,542],"tags":[1169],"class_list":["post-9998","post","type-post","status-publish","format-standard","has-post-thumbnail","hentry","category-carex-leporina","category-cyperaceae","tag-laiche-patte-de-lievre"],"yoast_head":"<!-- This site is optimized with the Yoast SEO plugin v27.4 - https:\/\/yoast.com\/product\/yoast-seo-wordpress\/ -->\n<title>Carex leporina. La\u00eeche patte-de-li\u00e8vre - Le Compagnon rouge<\/title>\n<meta name=\"description\" content=\"Poales, Cyperaceae, Carex leporina\" \/>\n<meta name=\"robots\" content=\"index, follow, max-snippet:-1, max-image-preview:large, max-video-preview:-1\" \/>\n<link rel=\"canonical\" href=\"https:\/\/lecompagnonrouge.fr\/?p=9998\" \/>\n<meta property=\"og:locale\" content=\"fr_FR\" \/>\n<meta property=\"og:type\" content=\"article\" \/>\n<meta property=\"og:title\" content=\"Carex leporina. La\u00eeche patte-de-li\u00e8vre - Le Compagnon rouge\" \/>\n<meta property=\"og:description\" content=\"Poales, Cyperaceae, Carex leporina\" \/>\n<meta property=\"og:url\" content=\"https:\/\/lecompagnonrouge.fr\/?p=9998\" \/>\n<meta property=\"og:site_name\" content=\"Le Compagnon rouge\" \/>\n<meta property=\"article:published_time\" content=\"2025-06-06T16:11:17+00:00\" \/>\n<meta property=\"article:modified_time\" content=\"2025-09-28T10:20:46+00:00\" \/>\n<meta property=\"og:image\" content=\"https:\/\/lecompagnonrouge.fr\/wp-content\/uploads\/2025\/06\/IMG_2773.jpg\" \/>\n\t<meta property=\"og:image:width\" content=\"850\" \/>\n\t<meta property=\"og:image:height\" content=\"567\" \/>\n\t<meta property=\"og:image:type\" content=\"image\/jpeg\" \/>\n<meta name=\"author\" content=\"R1\" \/>\n<meta name=\"twitter:card\" content=\"summary_large_image\" \/>\n<meta name=\"twitter:label1\" content=\"\u00c9crit par\" \/>\n\t<meta name=\"twitter:data1\" content=\"R1\" \/>\n\t<meta name=\"twitter:label2\" content=\"Dur\u00e9e de lecture est.\" \/>\n\t<meta name=\"twitter:data2\" content=\"3 minutes\" \/>\n<script type=\"application\/ld+json\" class=\"yoast-schema-graph\">{\"@context\":\"https:\\\/\\\/schema.org\",\"@graph\":[{\"@type\":\"Article\",\"@id\":\"https:\\\/\\\/lecompagnonrouge.fr\\\/?p=9998#article\",\"isPartOf\":{\"@id\":\"https:\\\/\\\/lecompagnonrouge.fr\\\/?p=9998\"},\"author\":{\"name\":\"R1\",\"@id\":\"https:\\\/\\\/lecompagnonrouge.fr\\\/#\\\/schema\\\/person\\\/0025018a342b92eacca6f1e4c968a154\"},\"headline\":\"Carex leporina. La\u00eeche patte-de-li\u00e8vre\",\"datePublished\":\"2025-06-06T16:11:17+00:00\",\"dateModified\":\"2025-09-28T10:20:46+00:00\",\"mainEntityOfPage\":{\"@id\":\"https:\\\/\\\/lecompagnonrouge.fr\\\/?p=9998\"},\"wordCount\":444,\"publisher\":{\"@id\":\"https:\\\/\\\/lecompagnonrouge.fr\\\/#\\\/schema\\\/person\\\/0025018a342b92eacca6f1e4c968a154\"},\"image\":{\"@id\":\"https:\\\/\\\/lecompagnonrouge.fr\\\/?p=9998#primaryimage\"},\"thumbnailUrl\":\"https:\\\/\\\/lecompagnonrouge.fr\\\/wp-content\\\/uploads\\\/2025\\\/06\\\/IMG_2773.jpg\",\"keywords\":[\"La\u00eeche patte-de-li\u00e8vre\"],\"articleSection\":[\"Carex leporina\",\"Cyperaceae\"],\"inLanguage\":\"fr-BE\"},{\"@type\":\"WebPage\",\"@id\":\"https:\\\/\\\/lecompagnonrouge.fr\\\/?p=9998\",\"url\":\"https:\\\/\\\/lecompagnonrouge.fr\\\/?p=9998\",\"name\":\"Carex leporina. La\u00eeche patte-de-li\u00e8vre - Le Compagnon rouge\",\"isPartOf\":{\"@id\":\"https:\\\/\\\/lecompagnonrouge.fr\\\/#website\"},\"primaryImageOfPage\":{\"@id\":\"https:\\\/\\\/lecompagnonrouge.fr\\\/?p=9998#primaryimage\"},\"image\":{\"@id\":\"https:\\\/\\\/lecompagnonrouge.fr\\\/?p=9998#primaryimage\"},\"thumbnailUrl\":\"https:\\\/\\\/lecompagnonrouge.fr\\\/wp-content\\\/uploads\\\/2025\\\/06\\\/IMG_2773.jpg\",\"datePublished\":\"2025-06-06T16:11:17+00:00\",\"dateModified\":\"2025-09-28T10:20:46+00:00\",\"description\":\"Poales, Cyperaceae, Carex leporina\",\"breadcrumb\":{\"@id\":\"https:\\\/\\\/lecompagnonrouge.fr\\\/?p=9998#breadcrumb\"},\"inLanguage\":\"fr-BE\",\"potentialAction\":[{\"@type\":\"ReadAction\",\"target\":[\"https:\\\/\\\/lecompagnonrouge.fr\\\/?p=9998\"]}]},{\"@type\":\"ImageObject\",\"inLanguage\":\"fr-BE\",\"@id\":\"https:\\\/\\\/lecompagnonrouge.fr\\\/?p=9998#primaryimage\",\"url\":\"https:\\\/\\\/lecompagnonrouge.fr\\\/wp-content\\\/uploads\\\/2025\\\/06\\\/IMG_2773.jpg\",\"contentUrl\":\"https:\\\/\\\/lecompagnonrouge.fr\\\/wp-content\\\/uploads\\\/2025\\\/06\\\/IMG_2773.jpg\",\"width\":850,\"height\":567,\"caption\":\"Carex leporina\"},{\"@type\":\"BreadcrumbList\",\"@id\":\"https:\\\/\\\/lecompagnonrouge.fr\\\/?p=9998#breadcrumb\",\"itemListElement\":[{\"@type\":\"ListItem\",\"position\":1,\"name\":\"Accueil\",\"item\":\"https:\\\/\\\/lecompagnonrouge.fr\\\/\"},{\"@type\":\"ListItem\",\"position\":2,\"name\":\"Carex leporina. La\u00eeche patte-de-li\u00e8vre\"}]},{\"@type\":\"WebSite\",\"@id\":\"https:\\\/\\\/lecompagnonrouge.fr\\\/#website\",\"url\":\"https:\\\/\\\/lecompagnonrouge.fr\\\/\",\"name\":\"Le Compagnon rouge\",\"description\":\"M\u00e9morandum.\",\"publisher\":{\"@id\":\"https:\\\/\\\/lecompagnonrouge.fr\\\/#\\\/schema\\\/person\\\/0025018a342b92eacca6f1e4c968a154\"},\"potentialAction\":[{\"@type\":\"SearchAction\",\"target\":{\"@type\":\"EntryPoint\",\"urlTemplate\":\"https:\\\/\\\/lecompagnonrouge.fr\\\/?s={search_term_string}\"},\"query-input\":{\"@type\":\"PropertyValueSpecification\",\"valueRequired\":true,\"valueName\":\"search_term_string\"}}],\"inLanguage\":\"fr-BE\"},{\"@type\":[\"Person\",\"Organization\"],\"@id\":\"https:\\\/\\\/lecompagnonrouge.fr\\\/#\\\/schema\\\/person\\\/0025018a342b92eacca6f1e4c968a154\",\"name\":\"R1\",\"image\":{\"@type\":\"ImageObject\",\"inLanguage\":\"fr-BE\",\"@id\":\"https:\\\/\\\/lecompagnonrouge.fr\\\/wp-content\\\/uploads\\\/2022\\\/03\\\/identit.jpg\",\"url\":\"https:\\\/\\\/lecompagnonrouge.fr\\\/wp-content\\\/uploads\\\/2022\\\/03\\\/identit.jpg\",\"contentUrl\":\"https:\\\/\\\/lecompagnonrouge.fr\\\/wp-content\\\/uploads\\\/2022\\\/03\\\/identit.jpg\",\"width\":425,\"height\":545,\"caption\":\"R1\"},\"logo\":{\"@id\":\"https:\\\/\\\/lecompagnonrouge.fr\\\/wp-content\\\/uploads\\\/2022\\\/03\\\/identit.jpg\"},\"sameAs\":[\"http:\\\/\\\/lecompagnonrouge.fr\"],\"url\":\"https:\\\/\\\/lecompagnonrouge.fr\\\/?author=1\"}]}<\/script>\n<!-- \/ Yoast SEO plugin. -->","yoast_head_json":{"title":"Carex leporina. La\u00eeche patte-de-li\u00e8vre - Le Compagnon rouge","description":"Poales, Cyperaceae, Carex leporina","robots":{"index":"index","follow":"follow","max-snippet":"max-snippet:-1","max-image-preview":"max-image-preview:large","max-video-preview":"max-video-preview:-1"},"canonical":"https:\/\/lecompagnonrouge.fr\/?p=9998","og_locale":"fr_FR","og_type":"article","og_title":"Carex leporina. La\u00eeche patte-de-li\u00e8vre - Le Compagnon rouge","og_description":"Poales, Cyperaceae, Carex leporina","og_url":"https:\/\/lecompagnonrouge.fr\/?p=9998","og_site_name":"Le Compagnon rouge","article_published_time":"2025-06-06T16:11:17+00:00","article_modified_time":"2025-09-28T10:20:46+00:00","og_image":[{"width":850,"height":567,"url":"https:\/\/lecompagnonrouge.fr\/wp-content\/uploads\/2025\/06\/IMG_2773.jpg","type":"image\/jpeg"}],"author":"R1","twitter_card":"summary_large_image","twitter_misc":{"\u00c9crit par":"R1","Dur\u00e9e de lecture est.":"3 minutes"},"schema":{"@context":"https:\/\/schema.org","@graph":[{"@type":"Article","@id":"https:\/\/lecompagnonrouge.fr\/?p=9998#article","isPartOf":{"@id":"https:\/\/lecompagnonrouge.fr\/?p=9998"},"author":{"name":"R1","@id":"https:\/\/lecompagnonrouge.fr\/#\/schema\/person\/0025018a342b92eacca6f1e4c968a154"},"headline":"Carex leporina. La\u00eeche patte-de-li\u00e8vre","datePublished":"2025-06-06T16:11:17+00:00","dateModified":"2025-09-28T10:20:46+00:00","mainEntityOfPage":{"@id":"https:\/\/lecompagnonrouge.fr\/?p=9998"},"wordCount":444,"publisher":{"@id":"https:\/\/lecompagnonrouge.fr\/#\/schema\/person\/0025018a342b92eacca6f1e4c968a154"},"image":{"@id":"https:\/\/lecompagnonrouge.fr\/?p=9998#primaryimage"},"thumbnailUrl":"https:\/\/lecompagnonrouge.fr\/wp-content\/uploads\/2025\/06\/IMG_2773.jpg","keywords":["La\u00eeche patte-de-li\u00e8vre"],"articleSection":["Carex leporina","Cyperaceae"],"inLanguage":"fr-BE"},{"@type":"WebPage","@id":"https:\/\/lecompagnonrouge.fr\/?p=9998","url":"https:\/\/lecompagnonrouge.fr\/?p=9998","name":"Carex leporina. La\u00eeche patte-de-li\u00e8vre - Le Compagnon rouge","isPartOf":{"@id":"https:\/\/lecompagnonrouge.fr\/#website"},"primaryImageOfPage":{"@id":"https:\/\/lecompagnonrouge.fr\/?p=9998#primaryimage"},"image":{"@id":"https:\/\/lecompagnonrouge.fr\/?p=9998#primaryimage"},"thumbnailUrl":"https:\/\/lecompagnonrouge.fr\/wp-content\/uploads\/2025\/06\/IMG_2773.jpg","datePublished":"2025-06-06T16:11:17+00:00","dateModified":"2025-09-28T10:20:46+00:00","description":"Poales, Cyperaceae, Carex leporina","breadcrumb":{"@id":"https:\/\/lecompagnonrouge.fr\/?p=9998#breadcrumb"},"inLanguage":"fr-BE","potentialAction":[{"@type":"ReadAction","target":["https:\/\/lecompagnonrouge.fr\/?p=9998"]}]},{"@type":"ImageObject","inLanguage":"fr-BE","@id":"https:\/\/lecompagnonrouge.fr\/?p=9998#primaryimage","url":"https:\/\/lecompagnonrouge.fr\/wp-content\/uploads\/2025\/06\/IMG_2773.jpg","contentUrl":"https:\/\/lecompagnonrouge.fr\/wp-content\/uploads\/2025\/06\/IMG_2773.jpg","width":850,"height":567,"caption":"Carex leporina"},{"@type":"BreadcrumbList","@id":"https:\/\/lecompagnonrouge.fr\/?p=9998#breadcrumb","itemListElement":[{"@type":"ListItem","position":1,"name":"Accueil","item":"https:\/\/lecompagnonrouge.fr\/"},{"@type":"ListItem","position":2,"name":"Carex leporina. La\u00eeche patte-de-li\u00e8vre"}]},{"@type":"WebSite","@id":"https:\/\/lecompagnonrouge.fr\/#website","url":"https:\/\/lecompagnonrouge.fr\/","name":"Le Compagnon rouge","description":"M\u00e9morandum.","publisher":{"@id":"https:\/\/lecompagnonrouge.fr\/#\/schema\/person\/0025018a342b92eacca6f1e4c968a154"},"potentialAction":[{"@type":"SearchAction","target":{"@type":"EntryPoint","urlTemplate":"https:\/\/lecompagnonrouge.fr\/?s={search_term_string}"},"query-input":{"@type":"PropertyValueSpecification","valueRequired":true,"valueName":"search_term_string"}}],"inLanguage":"fr-BE"},{"@type":["Person","Organization"],"@id":"https:\/\/lecompagnonrouge.fr\/#\/schema\/person\/0025018a342b92eacca6f1e4c968a154","name":"R1","image":{"@type":"ImageObject","inLanguage":"fr-BE","@id":"https:\/\/lecompagnonrouge.fr\/wp-content\/uploads\/2022\/03\/identit.jpg","url":"https:\/\/lecompagnonrouge.fr\/wp-content\/uploads\/2022\/03\/identit.jpg","contentUrl":"https:\/\/lecompagnonrouge.fr\/wp-content\/uploads\/2022\/03\/identit.jpg","width":425,"height":545,"caption":"R1"},"logo":{"@id":"https:\/\/lecompagnonrouge.fr\/wp-content\/uploads\/2022\/03\/identit.jpg"},"sameAs":["http:\/\/lecompagnonrouge.fr"],"url":"https:\/\/lecompagnonrouge.fr\/?author=1"}]}},"_links":{"self":[{"href":"https:\/\/lecompagnonrouge.fr\/index.php?rest_route=\/wp\/v2\/posts\/9998","targetHints":{"allow":["GET"]}}],"collection":[{"href":"https:\/\/lecompagnonrouge.fr\/index.php?rest_route=\/wp\/v2\/posts"}],"about":[{"href":"https:\/\/lecompagnonrouge.fr\/index.php?rest_route=\/wp\/v2\/types\/post"}],"author":[{"embeddable":true,"href":"https:\/\/lecompagnonrouge.fr\/index.php?rest_route=\/wp\/v2\/users\/1"}],"replies":[{"embeddable":true,"href":"https:\/\/lecompagnonrouge.fr\/index.php?rest_route=%2Fwp%2Fv2%2Fcomments&post=9998"}],"version-history":[{"count":8,"href":"https:\/\/lecompagnonrouge.fr\/index.php?rest_route=\/wp\/v2\/posts\/9998\/revisions"}],"predecessor-version":[{"id":10881,"href":"https:\/\/lecompagnonrouge.fr\/index.php?rest_route=\/wp\/v2\/posts\/9998\/revisions\/10881"}],"wp:featuredmedia":[{"embeddable":true,"href":"https:\/\/lecompagnonrouge.fr\/index.php?rest_route=\/wp\/v2\/media\/9999"}],"wp:attachment":[{"href":"https:\/\/lecompagnonrouge.fr\/index.php?rest_route=%2Fwp%2Fv2%2Fmedia&parent=9998"}],"wp:term":[{"taxonomy":"category","embeddable":true,"href":"https:\/\/lecompagnonrouge.fr\/index.php?rest_route=%2Fwp%2Fv2%2Fcategories&post=9998"},{"taxonomy":"post_tag","embeddable":true,"href":"https:\/\/lecompagnonrouge.fr\/index.php?rest_route=%2Fwp%2Fv2%2Ftags&post=9998"}],"curies":[{"name":"wp","href":"https:\/\/api.w.org\/{rel}","templated":true}]}}