{"id":9947,"date":"2025-06-04T11:50:13","date_gmt":"2025-06-04T09:50:13","guid":{"rendered":"https:\/\/lecompagnonrouge.fr\/?p=9947"},"modified":"2025-07-20T14:52:23","modified_gmt":"2025-07-20T12:52:23","slug":"stellaria-graminea-stellaire-graminee","status":"publish","type":"post","link":"https:\/\/lecompagnonrouge.fr\/?p=9947","title":{"rendered":"Stellaria graminea. Stellaire gramin\u00e9e"},"content":{"rendered":"\n<p class=\"has-medium-font-size\">Stellaria graminea pr\u00e9sente des feuilles \u00e9troites, se diff\u00e9renciant ainsi notamment de Stellaria alsine. Elle est de couleur verte, ce qui la diff\u00e9rencie de Stellaria palustris, laquelle est glauque. La tige est \u00e0 section carr\u00e9e (et son p\u00e9doncule est glabre: diff\u00e9rence avec Stellaria nemorum).<\/p>\n\n\n<div class=\"wp-block-image\">\n<figure class=\"aligncenter size-large\"><img loading=\"lazy\" decoding=\"async\" width=\"665\" height=\"1024\" src=\"https:\/\/lecompagnonrouge.fr\/wp-content\/uploads\/2025\/06\/IMG_2810-665x1024.jpg\" alt=\"Stellaria graminea: feuilles, tige\" class=\"wp-image-9952\" srcset=\"https:\/\/lecompagnonrouge.fr\/wp-content\/uploads\/2025\/06\/IMG_2810-665x1024.jpg 665w, https:\/\/lecompagnonrouge.fr\/wp-content\/uploads\/2025\/06\/IMG_2810-195x300.jpg 195w, https:\/\/lecompagnonrouge.fr\/wp-content\/uploads\/2025\/06\/IMG_2810-768x1183.jpg 768w, https:\/\/lecompagnonrouge.fr\/wp-content\/uploads\/2025\/06\/IMG_2810-300x462.jpg 300w, https:\/\/lecompagnonrouge.fr\/wp-content\/uploads\/2025\/06\/IMG_2810.jpg 850w\" sizes=\"auto, (max-width: 665px) 100vw, 665px\" \/><\/figure>\n<\/div>\n\n\n<p><\/p>\n\n\n\n<p><\/p>\n\n\n\n<p class=\"has-medium-font-size\">Ses p\u00e9tales sont tr\u00e8s profond\u00e9ment \u00e9chancr\u00e9s (plus que ceux de <a href=\"https:\/\/lecompagnonrouge.fr\/?p=3329\">Stellaria holostea<\/a>). Ils sont de longueurs \u00e9gales ou d\u00e9passent de peu les s\u00e9pales.<\/p>\n\n\n\n<figure class=\"wp-block-image size-full\"><img loading=\"lazy\" decoding=\"async\" width=\"828\" height=\"662\" src=\"https:\/\/lecompagnonrouge.fr\/wp-content\/uploads\/2025\/06\/aIMG_2807.jpg\" alt=\"\" class=\"wp-image-9954\" srcset=\"https:\/\/lecompagnonrouge.fr\/wp-content\/uploads\/2025\/06\/aIMG_2807.jpg 828w, https:\/\/lecompagnonrouge.fr\/wp-content\/uploads\/2025\/06\/aIMG_2807-300x240.jpg 300w, https:\/\/lecompagnonrouge.fr\/wp-content\/uploads\/2025\/06\/aIMG_2807-768x614.jpg 768w\" sizes=\"auto, (max-width: 828px) 100vw, 828px\" \/><\/figure>\n\n\n\n<p><\/p>\n\n\n\n<p><\/p>\n\n\n\n<p class=\"has-medium-font-size\">Les bract\u00e9es sont le plus souvent largement <a href=\"https:\/\/lecompagnonrouge.fr\/?page_id=8669#scarieux\">scarieuses<\/a>, ne laissant qu&rsquo;une ligne centrale verte, le reste translucide (on voit le brun du p\u00e9doncule sur la photo ci-dessous). Et le plus souvent cili\u00e9es. Pas tr\u00e8s \u00e9vident ici.<br>Les s\u00e9pales pouvant \u00eatre cili\u00e9s.<\/p>\n\n\n\n<figure class=\"wp-block-image size-full\"><img loading=\"lazy\" decoding=\"async\" width=\"850\" height=\"982\" src=\"https:\/\/lecompagnonrouge.fr\/wp-content\/uploads\/2025\/06\/IMG_2806-1.jpg\" alt=\"\" class=\"wp-image-9955\" srcset=\"https:\/\/lecompagnonrouge.fr\/wp-content\/uploads\/2025\/06\/IMG_2806-1.jpg 850w, https:\/\/lecompagnonrouge.fr\/wp-content\/uploads\/2025\/06\/IMG_2806-1-260x300.jpg 260w, https:\/\/lecompagnonrouge.fr\/wp-content\/uploads\/2025\/06\/IMG_2806-1-768x887.jpg 768w, https:\/\/lecompagnonrouge.fr\/wp-content\/uploads\/2025\/06\/IMG_2806-1-300x347.jpg 300w\" sizes=\"auto, (max-width: 850px) 100vw, 850px\" \/><\/figure>\n\n\n\n<p><\/p>\n\n\n\n<p><\/p>\n\n\n\n<p class=\"has-medium-font-size\"><strong>Origine et taxonomie<\/strong><\/p>\n\n\n\n<p class=\"has-medium-font-size\">Plante eurasiatique, eurosib\u00e9rienne.<\/p>\n\n\n\n<p class=\"has-small-font-size\"><a href=\"https:\/\/lecompagnonrouge.fr\/?s=Caryophyllales\">Caryophyllales<\/a>&gt;<a href=\"https:\/\/lecompagnonrouge.fr\/?s=Caryophyllaceae\">Caryophyllaceae<\/a>&gt;&nbsp;<a href=\"https:\/\/lecompagnonrouge.fr\/?s=Stellaria\">Stellaria<\/a>&nbsp;graminea<\/p>\n\n\n\n<p class=\"has-medium-font-size\"><strong>Ecologie<\/strong><\/p>\n\n\n\n<p class=\"has-medium-font-size\">Plante <a href=\"https:\/\/lecompagnonrouge.fr\/?page_id=8669#raunkaier\">h\u00e9micryptophyte<\/a> de prairies et ourlets m\u00e9sophiles, acidoclines<\/p>\n\n\n\n<p class=\"has-medium-font-size\">Prairies m\u00e9sohydriques, fauch\u00e9es, planitiaires \u00e0 montagnardes.&nbsp;<a href=\"https:\/\/lecompagnonrouge.fr\/?page_id=3348#Arrhenatheretalia-elatioris\">Arrhenatheretalia elatioris subsp. elatioris T\u00fcxen 1931<\/a><\/p>\n\n\n\n<p>Foto ci Paccu PNRM<\/p>\n","protected":false},"excerpt":{"rendered":"<p>Stellaria graminea pr\u00e9sente des feuilles \u00e9troites, se diff\u00e9renciant ainsi notamment de Stellaria alsine. Elle est de couleur verte, ce qui la diff\u00e9rencie de Stellaria palustris, laquelle est glauque. La tige est \u00e0 section carr\u00e9e (et son p\u00e9doncule est glabre: diff\u00e9rence avec Stellaria nemorum). Ses p\u00e9tales sont tr\u00e8s profond\u00e9ment \u00e9chancr\u00e9s (plus que ceux de Stellaria holostea)&#8230;.<\/p>\n","protected":false},"author":1,"featured_media":9951,"comment_status":"closed","ping_status":"open","sticky":false,"template":"","format":"standard","meta":{"footnotes":""},"categories":[88,1165],"tags":[1164],"class_list":["post-9947","post","type-post","status-publish","format-standard","has-post-thumbnail","hentry","category-caryophyllaceae","category-stellaria-graminea","tag-stellaire-graminee"],"yoast_head":"<!-- This site is optimized with the Yoast SEO plugin v27.4 - https:\/\/yoast.com\/product\/yoast-seo-wordpress\/ -->\n<title>Stellaria graminea. Stellaire gramin\u00e9e - Le Compagnon rouge<\/title>\n<meta name=\"description\" content=\"Caryophyllales, Caryophyllaceae, Stellaria\u00a0graminea\" \/>\n<meta name=\"robots\" content=\"index, follow, max-snippet:-1, max-image-preview:large, max-video-preview:-1\" \/>\n<link rel=\"canonical\" href=\"https:\/\/lecompagnonrouge.fr\/?p=9947\" \/>\n<meta property=\"og:locale\" content=\"fr_FR\" \/>\n<meta property=\"og:type\" content=\"article\" \/>\n<meta property=\"og:title\" content=\"Stellaria graminea. Stellaire gramin\u00e9e - Le Compagnon rouge\" \/>\n<meta property=\"og:description\" content=\"Caryophyllales, Caryophyllaceae, Stellaria\u00a0graminea\" \/>\n<meta property=\"og:url\" content=\"https:\/\/lecompagnonrouge.fr\/?p=9947\" \/>\n<meta property=\"og:site_name\" content=\"Le Compagnon rouge\" \/>\n<meta property=\"article:published_time\" content=\"2025-06-04T09:50:13+00:00\" \/>\n<meta property=\"article:modified_time\" content=\"2025-07-20T12:52:23+00:00\" \/>\n<meta property=\"og:image\" content=\"https:\/\/lecompagnonrouge.fr\/wp-content\/uploads\/2025\/06\/IMG_2807-2.jpg\" \/>\n\t<meta property=\"og:image:width\" content=\"850\" \/>\n\t<meta property=\"og:image:height\" content=\"567\" \/>\n\t<meta property=\"og:image:type\" content=\"image\/jpeg\" \/>\n<meta name=\"author\" content=\"R1\" \/>\n<meta name=\"twitter:card\" content=\"summary_large_image\" \/>\n<meta name=\"twitter:label1\" content=\"\u00c9crit par\" \/>\n\t<meta name=\"twitter:data1\" content=\"R1\" \/>\n\t<meta name=\"twitter:label2\" content=\"Dur\u00e9e de lecture est.\" \/>\n\t<meta name=\"twitter:data2\" content=\"2 minutes\" \/>\n<script type=\"application\/ld+json\" class=\"yoast-schema-graph\">{\"@context\":\"https:\\\/\\\/schema.org\",\"@graph\":[{\"@type\":\"Article\",\"@id\":\"https:\\\/\\\/lecompagnonrouge.fr\\\/?p=9947#article\",\"isPartOf\":{\"@id\":\"https:\\\/\\\/lecompagnonrouge.fr\\\/?p=9947\"},\"author\":{\"name\":\"R1\",\"@id\":\"https:\\\/\\\/lecompagnonrouge.fr\\\/#\\\/schema\\\/person\\\/0025018a342b92eacca6f1e4c968a154\"},\"headline\":\"Stellaria graminea. Stellaire gramin\u00e9e\",\"datePublished\":\"2025-06-04T09:50:13+00:00\",\"dateModified\":\"2025-07-20T12:52:23+00:00\",\"mainEntityOfPage\":{\"@id\":\"https:\\\/\\\/lecompagnonrouge.fr\\\/?p=9947\"},\"wordCount\":174,\"publisher\":{\"@id\":\"https:\\\/\\\/lecompagnonrouge.fr\\\/#\\\/schema\\\/person\\\/0025018a342b92eacca6f1e4c968a154\"},\"image\":{\"@id\":\"https:\\\/\\\/lecompagnonrouge.fr\\\/?p=9947#primaryimage\"},\"thumbnailUrl\":\"https:\\\/\\\/lecompagnonrouge.fr\\\/wp-content\\\/uploads\\\/2025\\\/06\\\/IMG_2807-2.jpg\",\"keywords\":[\"Stellaire gramin\u00e9e\"],\"articleSection\":[\"Caryophyllaceae\",\"Stellaria graminea\"],\"inLanguage\":\"fr-BE\"},{\"@type\":\"WebPage\",\"@id\":\"https:\\\/\\\/lecompagnonrouge.fr\\\/?p=9947\",\"url\":\"https:\\\/\\\/lecompagnonrouge.fr\\\/?p=9947\",\"name\":\"Stellaria graminea. Stellaire gramin\u00e9e - Le Compagnon rouge\",\"isPartOf\":{\"@id\":\"https:\\\/\\\/lecompagnonrouge.fr\\\/#website\"},\"primaryImageOfPage\":{\"@id\":\"https:\\\/\\\/lecompagnonrouge.fr\\\/?p=9947#primaryimage\"},\"image\":{\"@id\":\"https:\\\/\\\/lecompagnonrouge.fr\\\/?p=9947#primaryimage\"},\"thumbnailUrl\":\"https:\\\/\\\/lecompagnonrouge.fr\\\/wp-content\\\/uploads\\\/2025\\\/06\\\/IMG_2807-2.jpg\",\"datePublished\":\"2025-06-04T09:50:13+00:00\",\"dateModified\":\"2025-07-20T12:52:23+00:00\",\"description\":\"Caryophyllales, Caryophyllaceae, Stellaria\u00a0graminea\",\"breadcrumb\":{\"@id\":\"https:\\\/\\\/lecompagnonrouge.fr\\\/?p=9947#breadcrumb\"},\"inLanguage\":\"fr-BE\",\"potentialAction\":[{\"@type\":\"ReadAction\",\"target\":[\"https:\\\/\\\/lecompagnonrouge.fr\\\/?p=9947\"]}]},{\"@type\":\"ImageObject\",\"inLanguage\":\"fr-BE\",\"@id\":\"https:\\\/\\\/lecompagnonrouge.fr\\\/?p=9947#primaryimage\",\"url\":\"https:\\\/\\\/lecompagnonrouge.fr\\\/wp-content\\\/uploads\\\/2025\\\/06\\\/IMG_2807-2.jpg\",\"contentUrl\":\"https:\\\/\\\/lecompagnonrouge.fr\\\/wp-content\\\/uploads\\\/2025\\\/06\\\/IMG_2807-2.jpg\",\"width\":850,\"height\":567,\"caption\":\"Stellaria graminea\"},{\"@type\":\"BreadcrumbList\",\"@id\":\"https:\\\/\\\/lecompagnonrouge.fr\\\/?p=9947#breadcrumb\",\"itemListElement\":[{\"@type\":\"ListItem\",\"position\":1,\"name\":\"Accueil\",\"item\":\"https:\\\/\\\/lecompagnonrouge.fr\\\/\"},{\"@type\":\"ListItem\",\"position\":2,\"name\":\"Stellaria graminea. Stellaire gramin\u00e9e\"}]},{\"@type\":\"WebSite\",\"@id\":\"https:\\\/\\\/lecompagnonrouge.fr\\\/#website\",\"url\":\"https:\\\/\\\/lecompagnonrouge.fr\\\/\",\"name\":\"Le Compagnon rouge\",\"description\":\"M\u00e9morandum.\",\"publisher\":{\"@id\":\"https:\\\/\\\/lecompagnonrouge.fr\\\/#\\\/schema\\\/person\\\/0025018a342b92eacca6f1e4c968a154\"},\"potentialAction\":[{\"@type\":\"SearchAction\",\"target\":{\"@type\":\"EntryPoint\",\"urlTemplate\":\"https:\\\/\\\/lecompagnonrouge.fr\\\/?s={search_term_string}\"},\"query-input\":{\"@type\":\"PropertyValueSpecification\",\"valueRequired\":true,\"valueName\":\"search_term_string\"}}],\"inLanguage\":\"fr-BE\"},{\"@type\":[\"Person\",\"Organization\"],\"@id\":\"https:\\\/\\\/lecompagnonrouge.fr\\\/#\\\/schema\\\/person\\\/0025018a342b92eacca6f1e4c968a154\",\"name\":\"R1\",\"image\":{\"@type\":\"ImageObject\",\"inLanguage\":\"fr-BE\",\"@id\":\"https:\\\/\\\/lecompagnonrouge.fr\\\/wp-content\\\/uploads\\\/2022\\\/03\\\/identit.jpg\",\"url\":\"https:\\\/\\\/lecompagnonrouge.fr\\\/wp-content\\\/uploads\\\/2022\\\/03\\\/identit.jpg\",\"contentUrl\":\"https:\\\/\\\/lecompagnonrouge.fr\\\/wp-content\\\/uploads\\\/2022\\\/03\\\/identit.jpg\",\"width\":425,\"height\":545,\"caption\":\"R1\"},\"logo\":{\"@id\":\"https:\\\/\\\/lecompagnonrouge.fr\\\/wp-content\\\/uploads\\\/2022\\\/03\\\/identit.jpg\"},\"sameAs\":[\"http:\\\/\\\/lecompagnonrouge.fr\"],\"url\":\"https:\\\/\\\/lecompagnonrouge.fr\\\/?author=1\"}]}<\/script>\n<!-- \/ Yoast SEO plugin. -->","yoast_head_json":{"title":"Stellaria graminea. Stellaire gramin\u00e9e - Le Compagnon rouge","description":"Caryophyllales, Caryophyllaceae, Stellaria\u00a0graminea","robots":{"index":"index","follow":"follow","max-snippet":"max-snippet:-1","max-image-preview":"max-image-preview:large","max-video-preview":"max-video-preview:-1"},"canonical":"https:\/\/lecompagnonrouge.fr\/?p=9947","og_locale":"fr_FR","og_type":"article","og_title":"Stellaria graminea. Stellaire gramin\u00e9e - Le Compagnon rouge","og_description":"Caryophyllales, Caryophyllaceae, Stellaria\u00a0graminea","og_url":"https:\/\/lecompagnonrouge.fr\/?p=9947","og_site_name":"Le Compagnon rouge","article_published_time":"2025-06-04T09:50:13+00:00","article_modified_time":"2025-07-20T12:52:23+00:00","og_image":[{"width":850,"height":567,"url":"https:\/\/lecompagnonrouge.fr\/wp-content\/uploads\/2025\/06\/IMG_2807-2.jpg","type":"image\/jpeg"}],"author":"R1","twitter_card":"summary_large_image","twitter_misc":{"\u00c9crit par":"R1","Dur\u00e9e de lecture est.":"2 minutes"},"schema":{"@context":"https:\/\/schema.org","@graph":[{"@type":"Article","@id":"https:\/\/lecompagnonrouge.fr\/?p=9947#article","isPartOf":{"@id":"https:\/\/lecompagnonrouge.fr\/?p=9947"},"author":{"name":"R1","@id":"https:\/\/lecompagnonrouge.fr\/#\/schema\/person\/0025018a342b92eacca6f1e4c968a154"},"headline":"Stellaria graminea. Stellaire gramin\u00e9e","datePublished":"2025-06-04T09:50:13+00:00","dateModified":"2025-07-20T12:52:23+00:00","mainEntityOfPage":{"@id":"https:\/\/lecompagnonrouge.fr\/?p=9947"},"wordCount":174,"publisher":{"@id":"https:\/\/lecompagnonrouge.fr\/#\/schema\/person\/0025018a342b92eacca6f1e4c968a154"},"image":{"@id":"https:\/\/lecompagnonrouge.fr\/?p=9947#primaryimage"},"thumbnailUrl":"https:\/\/lecompagnonrouge.fr\/wp-content\/uploads\/2025\/06\/IMG_2807-2.jpg","keywords":["Stellaire gramin\u00e9e"],"articleSection":["Caryophyllaceae","Stellaria graminea"],"inLanguage":"fr-BE"},{"@type":"WebPage","@id":"https:\/\/lecompagnonrouge.fr\/?p=9947","url":"https:\/\/lecompagnonrouge.fr\/?p=9947","name":"Stellaria graminea. Stellaire gramin\u00e9e - Le Compagnon rouge","isPartOf":{"@id":"https:\/\/lecompagnonrouge.fr\/#website"},"primaryImageOfPage":{"@id":"https:\/\/lecompagnonrouge.fr\/?p=9947#primaryimage"},"image":{"@id":"https:\/\/lecompagnonrouge.fr\/?p=9947#primaryimage"},"thumbnailUrl":"https:\/\/lecompagnonrouge.fr\/wp-content\/uploads\/2025\/06\/IMG_2807-2.jpg","datePublished":"2025-06-04T09:50:13+00:00","dateModified":"2025-07-20T12:52:23+00:00","description":"Caryophyllales, Caryophyllaceae, Stellaria\u00a0graminea","breadcrumb":{"@id":"https:\/\/lecompagnonrouge.fr\/?p=9947#breadcrumb"},"inLanguage":"fr-BE","potentialAction":[{"@type":"ReadAction","target":["https:\/\/lecompagnonrouge.fr\/?p=9947"]}]},{"@type":"ImageObject","inLanguage":"fr-BE","@id":"https:\/\/lecompagnonrouge.fr\/?p=9947#primaryimage","url":"https:\/\/lecompagnonrouge.fr\/wp-content\/uploads\/2025\/06\/IMG_2807-2.jpg","contentUrl":"https:\/\/lecompagnonrouge.fr\/wp-content\/uploads\/2025\/06\/IMG_2807-2.jpg","width":850,"height":567,"caption":"Stellaria graminea"},{"@type":"BreadcrumbList","@id":"https:\/\/lecompagnonrouge.fr\/?p=9947#breadcrumb","itemListElement":[{"@type":"ListItem","position":1,"name":"Accueil","item":"https:\/\/lecompagnonrouge.fr\/"},{"@type":"ListItem","position":2,"name":"Stellaria graminea. Stellaire gramin\u00e9e"}]},{"@type":"WebSite","@id":"https:\/\/lecompagnonrouge.fr\/#website","url":"https:\/\/lecompagnonrouge.fr\/","name":"Le Compagnon rouge","description":"M\u00e9morandum.","publisher":{"@id":"https:\/\/lecompagnonrouge.fr\/#\/schema\/person\/0025018a342b92eacca6f1e4c968a154"},"potentialAction":[{"@type":"SearchAction","target":{"@type":"EntryPoint","urlTemplate":"https:\/\/lecompagnonrouge.fr\/?s={search_term_string}"},"query-input":{"@type":"PropertyValueSpecification","valueRequired":true,"valueName":"search_term_string"}}],"inLanguage":"fr-BE"},{"@type":["Person","Organization"],"@id":"https:\/\/lecompagnonrouge.fr\/#\/schema\/person\/0025018a342b92eacca6f1e4c968a154","name":"R1","image":{"@type":"ImageObject","inLanguage":"fr-BE","@id":"https:\/\/lecompagnonrouge.fr\/wp-content\/uploads\/2022\/03\/identit.jpg","url":"https:\/\/lecompagnonrouge.fr\/wp-content\/uploads\/2022\/03\/identit.jpg","contentUrl":"https:\/\/lecompagnonrouge.fr\/wp-content\/uploads\/2022\/03\/identit.jpg","width":425,"height":545,"caption":"R1"},"logo":{"@id":"https:\/\/lecompagnonrouge.fr\/wp-content\/uploads\/2022\/03\/identit.jpg"},"sameAs":["http:\/\/lecompagnonrouge.fr"],"url":"https:\/\/lecompagnonrouge.fr\/?author=1"}]}},"_links":{"self":[{"href":"https:\/\/lecompagnonrouge.fr\/index.php?rest_route=\/wp\/v2\/posts\/9947","targetHints":{"allow":["GET"]}}],"collection":[{"href":"https:\/\/lecompagnonrouge.fr\/index.php?rest_route=\/wp\/v2\/posts"}],"about":[{"href":"https:\/\/lecompagnonrouge.fr\/index.php?rest_route=\/wp\/v2\/types\/post"}],"author":[{"embeddable":true,"href":"https:\/\/lecompagnonrouge.fr\/index.php?rest_route=\/wp\/v2\/users\/1"}],"replies":[{"embeddable":true,"href":"https:\/\/lecompagnonrouge.fr\/index.php?rest_route=%2Fwp%2Fv2%2Fcomments&post=9947"}],"version-history":[{"count":7,"href":"https:\/\/lecompagnonrouge.fr\/index.php?rest_route=\/wp\/v2\/posts\/9947\/revisions"}],"predecessor-version":[{"id":10579,"href":"https:\/\/lecompagnonrouge.fr\/index.php?rest_route=\/wp\/v2\/posts\/9947\/revisions\/10579"}],"wp:featuredmedia":[{"embeddable":true,"href":"https:\/\/lecompagnonrouge.fr\/index.php?rest_route=\/wp\/v2\/media\/9951"}],"wp:attachment":[{"href":"https:\/\/lecompagnonrouge.fr\/index.php?rest_route=%2Fwp%2Fv2%2Fmedia&parent=9947"}],"wp:term":[{"taxonomy":"category","embeddable":true,"href":"https:\/\/lecompagnonrouge.fr\/index.php?rest_route=%2Fwp%2Fv2%2Fcategories&post=9947"},{"taxonomy":"post_tag","embeddable":true,"href":"https:\/\/lecompagnonrouge.fr\/index.php?rest_route=%2Fwp%2Fv2%2Ftags&post=9947"}],"curies":[{"name":"wp","href":"https:\/\/api.w.org\/{rel}","templated":true}]}}