{"id":9886,"date":"2025-05-21T19:53:03","date_gmt":"2025-05-21T17:53:03","guid":{"rendered":"https:\/\/lecompagnonrouge.fr\/?p=9886"},"modified":"2025-10-18T17:22:16","modified_gmt":"2025-10-18T15:22:16","slug":"anthyllis-vulneraria-cf-polyphylla-anthyllis-vulneraire-a-plusieurs-feuilles","status":"publish","type":"post","link":"https:\/\/lecompagnonrouge.fr\/?p=9886","title":{"rendered":"Anthyllis vulneraria cf. polyphylla. Anthyllis vuln\u00e9raire \u00e0 plusieurs feuilles."},"content":{"rendered":"\n<p class=\"has-medium-font-size\">Anthylis vulneraria est ici pr\u00e9sent\u00e9 en cf. polyphylla.<br>On utilise cf. (comme \u00ab\u00a0se r\u00e9f\u00e9rer \u00e0 la description de la plante\u00a0\u00bb) lorsqu&rsquo;il subsiste un doute sur l&rsquo;identification. Par ailleurs, il est possible comme le fait Jauzein de remonter \u00e0 l&rsquo;esp\u00e8ce (soit inscrire: Anthylis vulneraria). Les botanistes de Flora Gallica ont pour leurs parts choisis de pr\u00e9senter Anthyllis vulneraria subsp. vulneraria en incluant plusieurs sous-esp\u00e8ces. J&rsquo;ai pour une fois trouv\u00e9 cette derni\u00e8re position potentiellement un tout petit peu synth\u00e9tique. Les raisons des diverses difficult\u00e9s concernant cette plante sont indiqu\u00e9es dans la partie \u00ab\u00a0Origine et Taxonomie\u00a0\u00bb.<\/p>\n\n\n\n<p class=\"has-medium-font-size\">L&rsquo;esp\u00e8ce pr\u00e9sente un <a href=\"https:\/\/lecompagnonrouge.fr\/?page_id=8669#capitule\">capitule<\/a> de fleurs jaunes, parfois rouges ou panach\u00e9s de rouge\/rose selon les <a href=\"https:\/\/lecompagnonrouge.fr\/?page_id=8669#sous-esp\u00e8ce\">sous-esp\u00e8ces<\/a>, et dont les <a href=\"https:\/\/lecompagnonrouge.fr\/?page_id=8669#bract\u00e9e\">bract\u00e9es<\/a> sont tr\u00e8s poilues.<\/p>\n\n\n\n<figure class=\"wp-block-image size-full\"><img loading=\"lazy\" decoding=\"async\" width=\"850\" height=\"567\" src=\"https:\/\/lecompagnonrouge.fr\/wp-content\/uploads\/2025\/05\/IMG_2654.jpg\" alt=\"\" class=\"wp-image-9888\" srcset=\"https:\/\/lecompagnonrouge.fr\/wp-content\/uploads\/2025\/05\/IMG_2654.jpg 850w, https:\/\/lecompagnonrouge.fr\/wp-content\/uploads\/2025\/05\/IMG_2654-300x200.jpg 300w, https:\/\/lecompagnonrouge.fr\/wp-content\/uploads\/2025\/05\/IMG_2654-768x512.jpg 768w\" sizes=\"auto, (max-width: 850px) 100vw, 850px\" \/><\/figure>\n\n\n\n<p><\/p>\n\n\n\n<p class=\"has-medium-font-size\">Remarquer dans un premier temps que le segment terminal des feuilles et nettement plus grand que les segments lat\u00e9raux, et que les fleurs sont jaunes.<\/p>\n\n\n\n<figure class=\"wp-block-image size-full\"><img loading=\"lazy\" decoding=\"async\" width=\"850\" height=\"567\" src=\"https:\/\/lecompagnonrouge.fr\/wp-content\/uploads\/2025\/05\/IMG_2655.jpg\" alt=\"\" class=\"wp-image-9889\" srcset=\"https:\/\/lecompagnonrouge.fr\/wp-content\/uploads\/2025\/05\/IMG_2655.jpg 850w, https:\/\/lecompagnonrouge.fr\/wp-content\/uploads\/2025\/05\/IMG_2655-300x200.jpg 300w, https:\/\/lecompagnonrouge.fr\/wp-content\/uploads\/2025\/05\/IMG_2655-768x512.jpg 768w\" sizes=\"auto, (max-width: 850px) 100vw, 850px\" \/><\/figure>\n\n\n\n<p><\/p>\n\n\n\n<p><\/p>\n\n\n\n<h2 class=\"wp-block-heading has-medium-font-size\"><strong>Origine et taxonomie<\/strong><\/h2>\n\n\n\n<p class=\"has-medium-font-size\">La taxonomie des diff\u00e9rentes sous-esp\u00e8ces est susceptible d&rsquo;\u00eatre d\u00e9licate du fait d&rsquo;un important brassage g\u00e9n\u00e9tique entre des sous-esp\u00e8ces d&rsquo;Anthylis vulneraria. Le rang de sous-esp\u00e8ce apparait soit faible, soit trop indistinct dans de nombreux cas. Cependant que sur l&rsquo;ensemble des sous-esp\u00e8ces concern\u00e9es, certaines se distinguent tr\u00e8s nettement.<\/p>\n\n\n\n<h5 class=\"wp-block-heading has-medium-font-size\">Plusieurs anthylides vuln\u00e9raires \u00e0 distinguer:<\/h5>\n\n\n\n<p class=\"has-medium-font-size\">Dans cette partie toutes les sous-esp\u00e8ces sont consid\u00e9r\u00e9es comme valides. Ne sont pas trait\u00e9es les <a href=\"https:\/\/lecompagnonrouge.fr\/?page_id=8669#oro\">orophytes<\/a>.<\/p>\n\n\n\n<p><\/p>\n\n\n\n<ul class=\"wp-block-list\">\n<li>Anthylis vulneraria subsp. vulneraria poss\u00e8de des feuilles dont la foliole terminale est en moyenne \u00e0 peine plus grande que les folioles lat\u00e9rales (indiqu\u00e9e plus grande dans Flora Gallica). La pointe de son calice pr\u00e9sente une teinte rouge-ros\u00e9. La palnte est \u00e0 pilosit\u00e9 est appliqu\u00e9e. Cette sous-esp\u00e8ce est du littoral du NO de la France. Elle pr\u00e9sente des vari\u00e9t\u00e9s.\n<ul class=\"wp-block-list\">\n<li>La subsp vulneraria var. vulneraria pr\u00e9sente de tout petits rameaux, plus petits que les feuilles axillaires. A fleurs jaunes.<\/li>\n\n\n\n<li>La subsp. vulneraria var. langei pr\u00e9sente des rameaux plus grands. A fleur jaunes ou poupr\u00e9-ros\u00e9. <\/li>\n<\/ul>\n<\/li>\n\n\n\n<li>Anthyllis vulneraria subsp. iberica semble proche de la var. langei, de par ses rameaux. Mais plante petite.<\/li>\n\n\n\n<li>Anthyllis vulneraria subsp. pseudovulneraria est assez robuste. Ses folioles terminales sont plus grandes que les lat\u00e9rales. Sa corolle est jaune, et son calice teint\u00e9 de rouge au sommet. On la retrouve parfois au rang de vari\u00e9t\u00e9, parfois. Elev\u00e9e au rang d&rsquo;esp\u00e8ce et d\u00e9crite \u00e0 nouveau par Jacques Duvigneaud en 1983. Elle semble dominer la Belgique. D&rsquo;Europe de l&rsquo;Ouest et d&rsquo;Europe Centrale.<\/li>\n\n\n\n<li>Anthyllis vulneraria subsp. capartica est assez robuste. Ses feuilles sont en moyenne surtout pr\u00e9sentes \u00e0 la base de la plante. Ses folioles terminales sont plus grandes que les lat\u00e9rales. Sa corolle est jaune, son calice non teint\u00e9 de rouge. La tige est \u00e0 poils apprim\u00e9s. D&rsquo;Europe centrale.<\/li>\n\n\n\n<li>Anthyllis vulneraria subsp. polyphylla est assez robuste. Ses feuilles sont r\u00e9guli\u00e8rement r\u00e9parties le long de la tige, ce qui la distingue de la pr\u00e9c\u00e9dente. Ses feuilles pr\u00e9sentent des folioles terminales plus grandes que les lat\u00e9rales. Sa corolle est jaune, son calice non teint\u00e9 de rouge. La tige est souvent \u00e0 poils hirsutes dans le bas (normalement jusqu&rsquo;au dessus de la premi\u00e8re feuille). D&rsquo;Asie occidentale, d&rsquo;Europe orientale et centrale.<\/li>\n<\/ul>\n\n\n\n<p class=\"has-medium-font-size\">Les deux derni\u00e8res sous-esp\u00e8ces semblent utilis\u00e9es pour garnir les talus. La premi\u00e8re d&rsquo;entre elles de plus longue date, et \u00e9galement comme fourrag\u00e8re.<\/p>\n\n\n\n<h5 class=\"wp-block-heading has-medium-font-size\">En ce qui concerne la plante photographi\u00e9e, ce qui est un peu discordant:<\/h5>\n\n\n\n<p class=\"has-medium-font-size\">On se serait attendu \u00e0 trouver plus de poils \u00e9tal\u00e9s jusqu&rsquo;au dessus de la premi\u00e8re feuille. J&rsquo;en ai compt\u00e9 un peu plus de deux sur la photo. Mais la Flore Bleue indique que cet indice ne doit pas \u00eatre pris avec trop de rigidit\u00e9. Cela pourrait pour autant aussi \u00eatre un indice de brassage g\u00e9n\u00e9tique.<\/p>\n\n\n\n<figure class=\"wp-block-image size-full\"><img loading=\"lazy\" decoding=\"async\" width=\"850\" height=\"629\" src=\"https:\/\/lecompagnonrouge.fr\/wp-content\/uploads\/2025\/05\/IMG_2656.jpg\" alt=\"\" class=\"wp-image-9896\" srcset=\"https:\/\/lecompagnonrouge.fr\/wp-content\/uploads\/2025\/05\/IMG_2656.jpg 850w, https:\/\/lecompagnonrouge.fr\/wp-content\/uploads\/2025\/05\/IMG_2656-300x222.jpg 300w, https:\/\/lecompagnonrouge.fr\/wp-content\/uploads\/2025\/05\/IMG_2656-768x568.jpg 768w\" sizes=\"auto, (max-width: 850px) 100vw, 850px\" \/><\/figure>\n\n\n\n<p><\/p>\n\n\n\n<p class=\"has-small-font-size\"><a href=\"https:\/\/lecompagnonrouge.fr\/?s=fabales\">Fabales<\/a>&gt;<a href=\"https:\/\/lecompagnonrouge.fr\/?s=fabaceae\">Fabaceae<\/a>&gt;<a href=\"https:\/\/lecompagnonrouge.fr\/?s=anthyllis\">Anthyllis<\/a> vulneraria cf. polyphylla<\/p>\n\n\n\n<h2 class=\"wp-block-heading has-medium-font-size\"><strong>Ecologie d&rsquo;Anthyllis vulneraria subsp. polyphylla<\/strong><\/h2>\n\n\n\n<p class=\"has-medium-font-size\"><br>Le statut de la plante photographi\u00e9e peut \u00eatre d\u00e9duit une fois con\u00e7ue qu&rsquo;elle tr\u00f4ne seule au milieu de sa prairie, et une fois identifi\u00e9e. Sans doute avec un peu de brassage g\u00e9n\u00e9tique mais rien qui ne semble a priori si marquant. <\/p>\n\n\n\n<p class=\"has-medium-font-size\">La plante pr\u00e9sent\u00e9e ici en tr\u00e8s probablement sous-esp\u00e8ce polyphylla est soit: cultiv\u00e9e puisqu&rsquo;elle fait partie des m\u00e9langes fleuris mellif\u00e8res. Mais dans ce cas nettement isol\u00e9e, on ne dira pas que c&rsquo;est un \u00e9chec, mais plut\u00f4t que \u00e7\u00e0 n&rsquo;a pas march\u00e9. Il peut aussi s&rsquo;agir d&rsquo;une pollution dans le lot de graines.<\/p>\n\n\n\n<p class=\"has-medium-font-size\">Soit elle est <a href=\"https:\/\/lecompagnonrouge.fr\/?page_id=8669#subspontan\u00e9e\">subspontan\u00e9e<\/a>, notamment parce qu&rsquo;elle est dans un \u00ab\u00a0prairial-pelousaire\u00a0\u00bb assez haut (elle est not\u00e9e rare en Belgique, rare en Suisse, not\u00e9e apparemment comme \u00e9chapp\u00e9e par Franck Le Driant, consid\u00e9r\u00e9e comme horticole dans Flora Gallica, et non cit\u00e9e dans la Flore d&rsquo;Ile de France de Jauzein).<\/p>\n\n\n\n<p class=\"has-medium-font-size\">Au del\u00e0 de la plante vue, le taxon ne semble pas <a href=\"https:\/\/lecompagnonrouge.fr\/?page_id=8669#naturalis\u00e9\">naturalis\u00e9<\/a> en Ile de France, mais potentiellement susceptible de l&rsquo;\u00eatre ailleurs: bien que difficile \u00e0 \u00e9tablir \u00e9tant donn\u00e9 le brassage g\u00e9n\u00e9tique (la vitesse d&rsquo;hybridation rend peu ou m\u00eame pas tr\u00e8s utiles les mentions de cette plante).<\/p>\n\n\n\n<p class=\"has-medium-font-size\">A consid\u00e9rer donc comme cultiv\u00e9e ou \u00e9chapp\u00e9e de cultures. Peut-\u00eatre, potentiellement \u00e9chapp\u00e9e en IDF. Concernant l&rsquo;Hexagone, semble plus observ\u00e9e dans l&rsquo;Ard\u00e8che.<\/p>\n\n\n\n<p class=\"has-medium-font-size\">Sous r\u00e9serve que cette sous-esp\u00e8ce est parfois consid\u00e9r\u00e9e comme un <a href=\"https:\/\/lecompagnonrouge.fr\/?page_id=8669#cultig\u00e8ne\">cultig\u00e8ne<\/a>, son habitat premier pourrait \u00eatre le <em>Festuco-brometea<\/em> o\u00f9 en tous cas on peut l&rsquo;y trouver: Pelouses \u00e0 dominance d\u2019h\u00e9micryptophytes, x\u00e9rophiles \u00e0 m\u00e9sophiles, collin\u00e9ennes \u00e0 montagnardes (\u00e0 large spectre climatique dans le temp\u00e9r\u00e9).<\/p>\n\n\n\n<p class=\"has-medium-font-size\">Noter que d&rsquo;un point de vue de l&rsquo;\u00e9cologie fonctionnelle, on est beaucoup sur la position des poils et la position qu&rsquo;ils prennent sur les divers taxons d&rsquo;anthylides vuln\u00e9raires, ainsi que la position des feuilles.<\/p>\n\n\n\n<h2 class=\"wp-block-heading has-medium-font-size\"><strong>Economie d&rsquo;Anthyllis vulneraria<\/strong><\/h2>\n\n\n\n<p class=\"has-medium-font-size\">Son nom sugg\u00e8re une ancienne vuln\u00e9raire (plaies). Elle est d\u00e9purative dans le sud-est de la France. Et contre les syncopes, le \u00ab\u00a0tournis\u00a0\u00bb au Maroc. Ancienne fourrag\u00e8re. Aurait \u00e9t\u00e9 ou serait alimentaire en Bosnie (jeunes feuilles). Bordures et massifs mellif\u00e8res, garniture de talus routiers.<\/p>\n","protected":false},"excerpt":{"rendered":"<p>Anthylis vulneraria est ici pr\u00e9sent\u00e9 en cf. polyphylla.On utilise cf. (comme \u00ab\u00a0se r\u00e9f\u00e9rer \u00e0 la description de la plante\u00a0\u00bb) lorsqu&rsquo;il subsiste un doute sur l&rsquo;identification. Par ailleurs, il est possible comme le fait Jauzein de remonter \u00e0 l&rsquo;esp\u00e8ce (soit inscrire: Anthylis vulneraria). Les botanistes de Flora Gallica ont pour leurs parts choisis de pr\u00e9senter Anthyllis&#8230;<\/p>\n","protected":false},"author":1,"featured_media":9887,"comment_status":"closed","ping_status":"open","sticky":false,"template":"","format":"standard","meta":{"footnotes":""},"categories":[1163,109],"tags":[1162],"class_list":["post-9886","post","type-post","status-publish","format-standard","has-post-thumbnail","hentry","category-anthyllis-vulneraria-cf-polyphylla","category-fabaceae","tag-anthyllis-vulneraire-a-plusieurs-feuilles"],"yoast_head":"<!-- This site is optimized with the Yoast SEO plugin v27.4 - https:\/\/yoast.com\/product\/yoast-seo-wordpress\/ -->\n<title>Anthyllis vulneraria cf. polyphylla. Anthyllis vuln\u00e9raire \u00e0 plusieurs feuilles. - Le Compagnon rouge<\/title>\n<meta name=\"description\" content=\"Fabales, Fabaceae, Anthyllis vulneraria cf. polyphylla\" \/>\n<meta name=\"robots\" content=\"index, follow, max-snippet:-1, max-image-preview:large, max-video-preview:-1\" \/>\n<link rel=\"canonical\" href=\"https:\/\/lecompagnonrouge.fr\/?p=9886\" \/>\n<meta property=\"og:locale\" content=\"fr_FR\" \/>\n<meta property=\"og:type\" content=\"article\" \/>\n<meta property=\"og:title\" content=\"Anthyllis vulneraria cf. polyphylla. Anthyllis vuln\u00e9raire \u00e0 plusieurs feuilles. - Le Compagnon rouge\" \/>\n<meta property=\"og:description\" content=\"Fabales, Fabaceae, Anthyllis vulneraria cf. polyphylla\" \/>\n<meta property=\"og:url\" content=\"https:\/\/lecompagnonrouge.fr\/?p=9886\" \/>\n<meta property=\"og:site_name\" content=\"Le Compagnon rouge\" \/>\n<meta property=\"article:published_time\" content=\"2025-05-21T17:53:03+00:00\" \/>\n<meta property=\"article:modified_time\" content=\"2025-10-18T15:22:16+00:00\" \/>\n<meta property=\"og:image\" content=\"https:\/\/lecompagnonrouge.fr\/wp-content\/uploads\/2025\/05\/IMG_2653.jpg\" \/>\n\t<meta property=\"og:image:width\" content=\"850\" \/>\n\t<meta property=\"og:image:height\" content=\"567\" \/>\n\t<meta property=\"og:image:type\" content=\"image\/jpeg\" \/>\n<meta name=\"author\" content=\"R1\" \/>\n<meta name=\"twitter:card\" content=\"summary_large_image\" \/>\n<meta name=\"twitter:label1\" content=\"\u00c9crit par\" \/>\n\t<meta name=\"twitter:data1\" content=\"R1\" \/>\n\t<meta name=\"twitter:label2\" content=\"Dur\u00e9e de lecture est.\" \/>\n\t<meta name=\"twitter:data2\" content=\"6 minutes\" \/>\n<script type=\"application\/ld+json\" class=\"yoast-schema-graph\">{\"@context\":\"https:\\\/\\\/schema.org\",\"@graph\":[{\"@type\":\"Article\",\"@id\":\"https:\\\/\\\/lecompagnonrouge.fr\\\/?p=9886#article\",\"isPartOf\":{\"@id\":\"https:\\\/\\\/lecompagnonrouge.fr\\\/?p=9886\"},\"author\":{\"name\":\"R1\",\"@id\":\"https:\\\/\\\/lecompagnonrouge.fr\\\/#\\\/schema\\\/person\\\/0025018a342b92eacca6f1e4c968a154\"},\"headline\":\"Anthyllis vulneraria cf. polyphylla. Anthyllis vuln\u00e9raire \u00e0 plusieurs feuilles.\",\"datePublished\":\"2025-05-21T17:53:03+00:00\",\"dateModified\":\"2025-10-18T15:22:16+00:00\",\"mainEntityOfPage\":{\"@id\":\"https:\\\/\\\/lecompagnonrouge.fr\\\/?p=9886\"},\"wordCount\":1082,\"publisher\":{\"@id\":\"https:\\\/\\\/lecompagnonrouge.fr\\\/#\\\/schema\\\/person\\\/0025018a342b92eacca6f1e4c968a154\"},\"image\":{\"@id\":\"https:\\\/\\\/lecompagnonrouge.fr\\\/?p=9886#primaryimage\"},\"thumbnailUrl\":\"https:\\\/\\\/lecompagnonrouge.fr\\\/wp-content\\\/uploads\\\/2025\\\/05\\\/IMG_2653.jpg\",\"keywords\":[\"Anthyllis vuln\u00e9raire \u00e0 plusieurs feuilles\"],\"articleSection\":[\"Anthyllis vulneraria cf. polyphylla\",\"Fabaceae\"],\"inLanguage\":\"fr-BE\"},{\"@type\":\"WebPage\",\"@id\":\"https:\\\/\\\/lecompagnonrouge.fr\\\/?p=9886\",\"url\":\"https:\\\/\\\/lecompagnonrouge.fr\\\/?p=9886\",\"name\":\"Anthyllis vulneraria cf. polyphylla. Anthyllis vuln\u00e9raire \u00e0 plusieurs feuilles. - Le Compagnon rouge\",\"isPartOf\":{\"@id\":\"https:\\\/\\\/lecompagnonrouge.fr\\\/#website\"},\"primaryImageOfPage\":{\"@id\":\"https:\\\/\\\/lecompagnonrouge.fr\\\/?p=9886#primaryimage\"},\"image\":{\"@id\":\"https:\\\/\\\/lecompagnonrouge.fr\\\/?p=9886#primaryimage\"},\"thumbnailUrl\":\"https:\\\/\\\/lecompagnonrouge.fr\\\/wp-content\\\/uploads\\\/2025\\\/05\\\/IMG_2653.jpg\",\"datePublished\":\"2025-05-21T17:53:03+00:00\",\"dateModified\":\"2025-10-18T15:22:16+00:00\",\"description\":\"Fabales, Fabaceae, Anthyllis vulneraria cf. polyphylla\",\"breadcrumb\":{\"@id\":\"https:\\\/\\\/lecompagnonrouge.fr\\\/?p=9886#breadcrumb\"},\"inLanguage\":\"fr-BE\",\"potentialAction\":[{\"@type\":\"ReadAction\",\"target\":[\"https:\\\/\\\/lecompagnonrouge.fr\\\/?p=9886\"]}]},{\"@type\":\"ImageObject\",\"inLanguage\":\"fr-BE\",\"@id\":\"https:\\\/\\\/lecompagnonrouge.fr\\\/?p=9886#primaryimage\",\"url\":\"https:\\\/\\\/lecompagnonrouge.fr\\\/wp-content\\\/uploads\\\/2025\\\/05\\\/IMG_2653.jpg\",\"contentUrl\":\"https:\\\/\\\/lecompagnonrouge.fr\\\/wp-content\\\/uploads\\\/2025\\\/05\\\/IMG_2653.jpg\",\"width\":850,\"height\":567,\"caption\":\"Anthyllis vulneraria\"},{\"@type\":\"BreadcrumbList\",\"@id\":\"https:\\\/\\\/lecompagnonrouge.fr\\\/?p=9886#breadcrumb\",\"itemListElement\":[{\"@type\":\"ListItem\",\"position\":1,\"name\":\"Accueil\",\"item\":\"https:\\\/\\\/lecompagnonrouge.fr\\\/\"},{\"@type\":\"ListItem\",\"position\":2,\"name\":\"Anthyllis vulneraria cf. polyphylla. Anthyllis vuln\u00e9raire \u00e0 plusieurs feuilles.\"}]},{\"@type\":\"WebSite\",\"@id\":\"https:\\\/\\\/lecompagnonrouge.fr\\\/#website\",\"url\":\"https:\\\/\\\/lecompagnonrouge.fr\\\/\",\"name\":\"Le Compagnon rouge\",\"description\":\"M\u00e9morandum.\",\"publisher\":{\"@id\":\"https:\\\/\\\/lecompagnonrouge.fr\\\/#\\\/schema\\\/person\\\/0025018a342b92eacca6f1e4c968a154\"},\"potentialAction\":[{\"@type\":\"SearchAction\",\"target\":{\"@type\":\"EntryPoint\",\"urlTemplate\":\"https:\\\/\\\/lecompagnonrouge.fr\\\/?s={search_term_string}\"},\"query-input\":{\"@type\":\"PropertyValueSpecification\",\"valueRequired\":true,\"valueName\":\"search_term_string\"}}],\"inLanguage\":\"fr-BE\"},{\"@type\":[\"Person\",\"Organization\"],\"@id\":\"https:\\\/\\\/lecompagnonrouge.fr\\\/#\\\/schema\\\/person\\\/0025018a342b92eacca6f1e4c968a154\",\"name\":\"R1\",\"image\":{\"@type\":\"ImageObject\",\"inLanguage\":\"fr-BE\",\"@id\":\"https:\\\/\\\/lecompagnonrouge.fr\\\/wp-content\\\/uploads\\\/2022\\\/03\\\/identit.jpg\",\"url\":\"https:\\\/\\\/lecompagnonrouge.fr\\\/wp-content\\\/uploads\\\/2022\\\/03\\\/identit.jpg\",\"contentUrl\":\"https:\\\/\\\/lecompagnonrouge.fr\\\/wp-content\\\/uploads\\\/2022\\\/03\\\/identit.jpg\",\"width\":425,\"height\":545,\"caption\":\"R1\"},\"logo\":{\"@id\":\"https:\\\/\\\/lecompagnonrouge.fr\\\/wp-content\\\/uploads\\\/2022\\\/03\\\/identit.jpg\"},\"sameAs\":[\"http:\\\/\\\/lecompagnonrouge.fr\"],\"url\":\"https:\\\/\\\/lecompagnonrouge.fr\\\/?author=1\"}]}<\/script>\n<!-- \/ Yoast SEO plugin. -->","yoast_head_json":{"title":"Anthyllis vulneraria cf. polyphylla. Anthyllis vuln\u00e9raire \u00e0 plusieurs feuilles. - Le Compagnon rouge","description":"Fabales, Fabaceae, Anthyllis vulneraria cf. polyphylla","robots":{"index":"index","follow":"follow","max-snippet":"max-snippet:-1","max-image-preview":"max-image-preview:large","max-video-preview":"max-video-preview:-1"},"canonical":"https:\/\/lecompagnonrouge.fr\/?p=9886","og_locale":"fr_FR","og_type":"article","og_title":"Anthyllis vulneraria cf. polyphylla. Anthyllis vuln\u00e9raire \u00e0 plusieurs feuilles. - Le Compagnon rouge","og_description":"Fabales, Fabaceae, Anthyllis vulneraria cf. polyphylla","og_url":"https:\/\/lecompagnonrouge.fr\/?p=9886","og_site_name":"Le Compagnon rouge","article_published_time":"2025-05-21T17:53:03+00:00","article_modified_time":"2025-10-18T15:22:16+00:00","og_image":[{"width":850,"height":567,"url":"https:\/\/lecompagnonrouge.fr\/wp-content\/uploads\/2025\/05\/IMG_2653.jpg","type":"image\/jpeg"}],"author":"R1","twitter_card":"summary_large_image","twitter_misc":{"\u00c9crit par":"R1","Dur\u00e9e de lecture est.":"6 minutes"},"schema":{"@context":"https:\/\/schema.org","@graph":[{"@type":"Article","@id":"https:\/\/lecompagnonrouge.fr\/?p=9886#article","isPartOf":{"@id":"https:\/\/lecompagnonrouge.fr\/?p=9886"},"author":{"name":"R1","@id":"https:\/\/lecompagnonrouge.fr\/#\/schema\/person\/0025018a342b92eacca6f1e4c968a154"},"headline":"Anthyllis vulneraria cf. polyphylla. Anthyllis vuln\u00e9raire \u00e0 plusieurs feuilles.","datePublished":"2025-05-21T17:53:03+00:00","dateModified":"2025-10-18T15:22:16+00:00","mainEntityOfPage":{"@id":"https:\/\/lecompagnonrouge.fr\/?p=9886"},"wordCount":1082,"publisher":{"@id":"https:\/\/lecompagnonrouge.fr\/#\/schema\/person\/0025018a342b92eacca6f1e4c968a154"},"image":{"@id":"https:\/\/lecompagnonrouge.fr\/?p=9886#primaryimage"},"thumbnailUrl":"https:\/\/lecompagnonrouge.fr\/wp-content\/uploads\/2025\/05\/IMG_2653.jpg","keywords":["Anthyllis vuln\u00e9raire \u00e0 plusieurs feuilles"],"articleSection":["Anthyllis vulneraria cf. polyphylla","Fabaceae"],"inLanguage":"fr-BE"},{"@type":"WebPage","@id":"https:\/\/lecompagnonrouge.fr\/?p=9886","url":"https:\/\/lecompagnonrouge.fr\/?p=9886","name":"Anthyllis vulneraria cf. polyphylla. Anthyllis vuln\u00e9raire \u00e0 plusieurs feuilles. - Le Compagnon rouge","isPartOf":{"@id":"https:\/\/lecompagnonrouge.fr\/#website"},"primaryImageOfPage":{"@id":"https:\/\/lecompagnonrouge.fr\/?p=9886#primaryimage"},"image":{"@id":"https:\/\/lecompagnonrouge.fr\/?p=9886#primaryimage"},"thumbnailUrl":"https:\/\/lecompagnonrouge.fr\/wp-content\/uploads\/2025\/05\/IMG_2653.jpg","datePublished":"2025-05-21T17:53:03+00:00","dateModified":"2025-10-18T15:22:16+00:00","description":"Fabales, Fabaceae, Anthyllis vulneraria cf. polyphylla","breadcrumb":{"@id":"https:\/\/lecompagnonrouge.fr\/?p=9886#breadcrumb"},"inLanguage":"fr-BE","potentialAction":[{"@type":"ReadAction","target":["https:\/\/lecompagnonrouge.fr\/?p=9886"]}]},{"@type":"ImageObject","inLanguage":"fr-BE","@id":"https:\/\/lecompagnonrouge.fr\/?p=9886#primaryimage","url":"https:\/\/lecompagnonrouge.fr\/wp-content\/uploads\/2025\/05\/IMG_2653.jpg","contentUrl":"https:\/\/lecompagnonrouge.fr\/wp-content\/uploads\/2025\/05\/IMG_2653.jpg","width":850,"height":567,"caption":"Anthyllis vulneraria"},{"@type":"BreadcrumbList","@id":"https:\/\/lecompagnonrouge.fr\/?p=9886#breadcrumb","itemListElement":[{"@type":"ListItem","position":1,"name":"Accueil","item":"https:\/\/lecompagnonrouge.fr\/"},{"@type":"ListItem","position":2,"name":"Anthyllis vulneraria cf. polyphylla. Anthyllis vuln\u00e9raire \u00e0 plusieurs feuilles."}]},{"@type":"WebSite","@id":"https:\/\/lecompagnonrouge.fr\/#website","url":"https:\/\/lecompagnonrouge.fr\/","name":"Le Compagnon rouge","description":"M\u00e9morandum.","publisher":{"@id":"https:\/\/lecompagnonrouge.fr\/#\/schema\/person\/0025018a342b92eacca6f1e4c968a154"},"potentialAction":[{"@type":"SearchAction","target":{"@type":"EntryPoint","urlTemplate":"https:\/\/lecompagnonrouge.fr\/?s={search_term_string}"},"query-input":{"@type":"PropertyValueSpecification","valueRequired":true,"valueName":"search_term_string"}}],"inLanguage":"fr-BE"},{"@type":["Person","Organization"],"@id":"https:\/\/lecompagnonrouge.fr\/#\/schema\/person\/0025018a342b92eacca6f1e4c968a154","name":"R1","image":{"@type":"ImageObject","inLanguage":"fr-BE","@id":"https:\/\/lecompagnonrouge.fr\/wp-content\/uploads\/2022\/03\/identit.jpg","url":"https:\/\/lecompagnonrouge.fr\/wp-content\/uploads\/2022\/03\/identit.jpg","contentUrl":"https:\/\/lecompagnonrouge.fr\/wp-content\/uploads\/2022\/03\/identit.jpg","width":425,"height":545,"caption":"R1"},"logo":{"@id":"https:\/\/lecompagnonrouge.fr\/wp-content\/uploads\/2022\/03\/identit.jpg"},"sameAs":["http:\/\/lecompagnonrouge.fr"],"url":"https:\/\/lecompagnonrouge.fr\/?author=1"}]}},"_links":{"self":[{"href":"https:\/\/lecompagnonrouge.fr\/index.php?rest_route=\/wp\/v2\/posts\/9886","targetHints":{"allow":["GET"]}}],"collection":[{"href":"https:\/\/lecompagnonrouge.fr\/index.php?rest_route=\/wp\/v2\/posts"}],"about":[{"href":"https:\/\/lecompagnonrouge.fr\/index.php?rest_route=\/wp\/v2\/types\/post"}],"author":[{"embeddable":true,"href":"https:\/\/lecompagnonrouge.fr\/index.php?rest_route=\/wp\/v2\/users\/1"}],"replies":[{"embeddable":true,"href":"https:\/\/lecompagnonrouge.fr\/index.php?rest_route=%2Fwp%2Fv2%2Fcomments&post=9886"}],"version-history":[{"count":27,"href":"https:\/\/lecompagnonrouge.fr\/index.php?rest_route=\/wp\/v2\/posts\/9886\/revisions"}],"predecessor-version":[{"id":10905,"href":"https:\/\/lecompagnonrouge.fr\/index.php?rest_route=\/wp\/v2\/posts\/9886\/revisions\/10905"}],"wp:featuredmedia":[{"embeddable":true,"href":"https:\/\/lecompagnonrouge.fr\/index.php?rest_route=\/wp\/v2\/media\/9887"}],"wp:attachment":[{"href":"https:\/\/lecompagnonrouge.fr\/index.php?rest_route=%2Fwp%2Fv2%2Fmedia&parent=9886"}],"wp:term":[{"taxonomy":"category","embeddable":true,"href":"https:\/\/lecompagnonrouge.fr\/index.php?rest_route=%2Fwp%2Fv2%2Fcategories&post=9886"},{"taxonomy":"post_tag","embeddable":true,"href":"https:\/\/lecompagnonrouge.fr\/index.php?rest_route=%2Fwp%2Fv2%2Ftags&post=9886"}],"curies":[{"name":"wp","href":"https:\/\/api.w.org\/{rel}","templated":true}]}}