{"id":9776,"date":"2025-05-10T21:00:10","date_gmt":"2025-05-10T19:00:10","guid":{"rendered":"https:\/\/lecompagnonrouge.fr\/?p=9776"},"modified":"2025-08-04T17:25:33","modified_gmt":"2025-08-04T15:25:33","slug":"equisetum-arvense-prele-des-champs","status":"publish","type":"post","link":"https:\/\/lecompagnonrouge.fr\/?p=9776","title":{"rendered":"Equisetum arvense. Pr\u00eale des champs"},"content":{"rendered":"\n<p class=\"has-medium-font-size\">Equisetum arvense est une petite pr\u00eale courante.<\/p>\n\n\n\n<p class=\"has-medium-font-size\">Elle pr\u00e9sente deux types de tiges, l&rsquo;une fertile tr\u00e8s pr\u00e9coce (\u00e0 partir de mars). Et l&rsquo;autre st\u00e9rile, laquelle est visible au printemps.<\/p>\n\n\n\n<p class=\"has-medium-font-size\">Les tiges st\u00e9riles sont simples et cannel\u00e9es. Elles pr\u00e9sentent des rameaux simples, non ramifi\u00e9s (sauf parfois \u00e0 l&rsquo;ombre).<\/p>\n\n\n\n<figure class=\"wp-block-image size-full\"><img loading=\"lazy\" decoding=\"async\" width=\"850\" height=\"567\" src=\"https:\/\/lecompagnonrouge.fr\/wp-content\/uploads\/2025\/05\/IMG_2466.jpg\" alt=\"Equisetum arvense: tiges et rameaux\" class=\"wp-image-9781\" srcset=\"https:\/\/lecompagnonrouge.fr\/wp-content\/uploads\/2025\/05\/IMG_2466.jpg 850w, https:\/\/lecompagnonrouge.fr\/wp-content\/uploads\/2025\/05\/IMG_2466-300x200.jpg 300w, https:\/\/lecompagnonrouge.fr\/wp-content\/uploads\/2025\/05\/IMG_2466-768x512.jpg 768w\" sizes=\"auto, (max-width: 850px) 100vw, 850px\" \/><\/figure>\n\n\n\n<p><\/p>\n\n\n\n<p><\/p>\n\n\n\n<p class=\"has-medium-font-size\">Le premier article des rameaux est plus long que la gaine adjacente:<\/p>\n\n\n\n<figure class=\"wp-block-image size-full\"><img loading=\"lazy\" decoding=\"async\" width=\"850\" height=\"701\" src=\"https:\/\/lecompagnonrouge.fr\/wp-content\/uploads\/2025\/05\/0IMG_2462.jpg\" alt=\"\" class=\"wp-image-9779\" srcset=\"https:\/\/lecompagnonrouge.fr\/wp-content\/uploads\/2025\/05\/0IMG_2462.jpg 850w, https:\/\/lecompagnonrouge.fr\/wp-content\/uploads\/2025\/05\/0IMG_2462-300x247.jpg 300w, https:\/\/lecompagnonrouge.fr\/wp-content\/uploads\/2025\/05\/0IMG_2462-768x633.jpg 768w\" sizes=\"auto, (max-width: 850px) 100vw, 850px\" \/><\/figure>\n\n\n\n<p><\/p>\n\n\n\n<p class=\"has-medium-font-size\">La tige est non ou peu compressible (la lacune centrale int\u00e9rieure est \u00e9troite).<\/p>\n\n\n\n<figure class=\"wp-block-image size-full\"><img loading=\"lazy\" decoding=\"async\" width=\"850\" height=\"563\" src=\"https:\/\/lecompagnonrouge.fr\/wp-content\/uploads\/2025\/05\/IMG_2536.jpg\" alt=\"Equisetum arvense: lacune centrale de la tige.\" class=\"wp-image-9780\" srcset=\"https:\/\/lecompagnonrouge.fr\/wp-content\/uploads\/2025\/05\/IMG_2536.jpg 850w, https:\/\/lecompagnonrouge.fr\/wp-content\/uploads\/2025\/05\/IMG_2536-300x199.jpg 300w, https:\/\/lecompagnonrouge.fr\/wp-content\/uploads\/2025\/05\/IMG_2536-768x509.jpg 768w\" sizes=\"auto, (max-width: 850px) 100vw, 850px\" \/><\/figure>\n\n\n\n<p><\/p>\n\n\n\n<p class=\"has-medium-font-size\">Risque de confusion \u00e0 l&rsquo;ombre avec Equisetum sylvaticum: porter attention aux gaines.<\/p>\n\n\n\n<p class=\"has-medium-font-size\">MORPHOGENESE:<\/p>\n\n\n\n<p class=\"has-medium-font-size\">G\u00e9ophyte \u00e0 rhizome. Les rhizomes ont valeurs de troncs souterrains d&rsquo;o\u00f9 \u00e9manent les axes a\u00e9riens. La morphog\u00e9n\u00e8se est dite en Bell.<\/p>\n\n\n\n<p class=\"has-medium-font-size\"><strong>Chorologie et position taxonomique<\/strong><\/p>\n\n\n\n<p class=\"has-medium-font-size\">Les pr\u00eales sont d&rsquo;un groupe particuli\u00e8rement ancien (Equisetales). Et elles ont une large r\u00e9partition. Les voir offre en pens\u00e9e un petit voyage \u00e0 peu de frais vers le Carbonif\u00e8re.<br>Equisetum arvense est circumbor\u00e9ale, tr\u00e8s largement r\u00e9partie dans l&rsquo;hemisph\u00e8re nord.<\/p>\n\n\n\n<p class=\"has-small-font-size\"><a href=\"https:\/\/lecompagnonrouge.fr\/?s=equisetales\">Equisetales<\/a>&gt;<a href=\"https:\/\/lecompagnonrouge.fr\/?s=equisetaceae\">Equisetaceae<\/a>&gt;<a href=\"https:\/\/lecompagnonrouge.fr\/?s=equisetum\">Equisetum<\/a> arvense<\/p>\n\n\n\n<p class=\"has-medium-font-size\"><strong>Ecologie:<\/strong><br>Plante de friches eutrophiles, cultures et berges de cours d&rsquo;eau. Sols pr\u00e9sentant une bonne r\u00e9tention en eau.<\/p>\n\n\n\n<p class=\"has-medium-font-size\">Friches vivaces rud\u00e9rales pionni\u00e8res, m\u00e9sohydriques \u00e0 m\u00e9sohygrohiles, m\u00e9dio-europ\u00e9ennes. Convolvulo arvensis &#8211; Elytrigion repentis G\u00f6rs 1966<\/p>\n\n\n\n<p class=\"has-medium-font-size\"><strong>Economie:<\/strong><br>Les pr\u00eales contiennent beaucoup de silice.<br>Elles peuvent parfois \u00eatre employ\u00e9es au jardin en guise de purin dans l&rsquo;objectif de prot\u00e9ger des cultures.<br>La rugosit\u00e9 de la tige (due \u00e0 la silice) semble avoir attir\u00e9e l&rsquo;attention. Les pr\u00eales furent apparemment parfois utilis\u00e9es pour r\u00e9curer les casseroles.<\/p>\n\n\n\n<p class=\"has-medium-font-size\">En tisane, diur\u00e9tique et autres qualit\u00e9s pr\u00eat\u00e9es. Cependant que Couplan, qui met des choses dans sa bouche que je ne mettrai pour rien au monde, appelle \u00e0 la prudence en raison d&rsquo;une toxicit\u00e9 \u00e9ventuelle des Equisetum<\/p>\n\n\n\n<p>Foto ci Parc de l&rsquo;\u00cele Saint-Denis. La g\u00e9ologie de ce parc (selon les couches harmonis\u00e9es du site BRGM infoterre) pr\u00e9sente du sable de Beauchamps et du sable du val d&rsquo;Oise (ou d&rsquo;Auvers), coup\u00e9e d&rsquo;une large langue de calcaire de Saint-Ouen. Ici, en bordure du petit bras de Seine: Sable de Beauchamps en sous-sol.<\/p>\n\n\n\n<figure class=\"wp-block-image size-full\"><img loading=\"lazy\" decoding=\"async\" width=\"850\" height=\"567\" src=\"https:\/\/lecompagnonrouge.fr\/wp-content\/uploads\/2025\/05\/IMG_2538.jpg\" alt=\"\" class=\"wp-image-9782\" srcset=\"https:\/\/lecompagnonrouge.fr\/wp-content\/uploads\/2025\/05\/IMG_2538.jpg 850w, https:\/\/lecompagnonrouge.fr\/wp-content\/uploads\/2025\/05\/IMG_2538-300x200.jpg 300w, https:\/\/lecompagnonrouge.fr\/wp-content\/uploads\/2025\/05\/IMG_2538-768x512.jpg 768w\" sizes=\"auto, (max-width: 850px) 100vw, 850px\" \/><\/figure>\n","protected":false},"excerpt":{"rendered":"<p>Equisetum arvense est une petite pr\u00eale courante. Elle pr\u00e9sente deux types de tiges, l&rsquo;une fertile tr\u00e8s pr\u00e9coce (\u00e0 partir de mars). Et l&rsquo;autre st\u00e9rile, laquelle est visible au printemps. Les tiges st\u00e9riles sont simples et cannel\u00e9es. Elles pr\u00e9sentent des rameaux simples, non ramifi\u00e9s (sauf parfois \u00e0 l&rsquo;ombre). Le premier article des rameaux est plus long&#8230;<\/p>\n","protected":false},"author":1,"featured_media":9778,"comment_status":"closed","ping_status":"open","sticky":false,"template":"","format":"standard","meta":{"footnotes":""},"categories":[1154,1155],"tags":[1153],"class_list":["post-9776","post","type-post","status-publish","format-standard","has-post-thumbnail","hentry","category-equisetaceae","category-equisetum-arvense","tag-prele-des-champs"],"yoast_head":"<!-- This site is optimized with the Yoast SEO plugin v27.4 - https:\/\/yoast.com\/product\/yoast-seo-wordpress\/ -->\n<title>Equisetum arvense. Pr\u00eale des champs - Le Compagnon rouge<\/title>\n<meta name=\"description\" content=\"Equisetales, Equisetaceae, Equisetum arvense\" \/>\n<meta name=\"robots\" content=\"index, follow, max-snippet:-1, max-image-preview:large, max-video-preview:-1\" \/>\n<link rel=\"canonical\" href=\"https:\/\/lecompagnonrouge.fr\/?p=9776\" \/>\n<meta property=\"og:locale\" content=\"fr_FR\" \/>\n<meta property=\"og:type\" content=\"article\" \/>\n<meta property=\"og:title\" content=\"Equisetum arvense. Pr\u00eale des champs - Le Compagnon rouge\" \/>\n<meta property=\"og:description\" content=\"Equisetales, Equisetaceae, Equisetum arvense\" \/>\n<meta property=\"og:url\" content=\"https:\/\/lecompagnonrouge.fr\/?p=9776\" \/>\n<meta property=\"og:site_name\" content=\"Le Compagnon rouge\" \/>\n<meta property=\"article:published_time\" content=\"2025-05-10T19:00:10+00:00\" \/>\n<meta property=\"article:modified_time\" content=\"2025-08-04T15:25:33+00:00\" \/>\n<meta property=\"og:image\" content=\"https:\/\/lecompagnonrouge.fr\/wp-content\/uploads\/2025\/05\/IMG_2462.jpg\" \/>\n\t<meta property=\"og:image:width\" content=\"850\" \/>\n\t<meta property=\"og:image:height\" content=\"567\" \/>\n\t<meta property=\"og:image:type\" content=\"image\/jpeg\" \/>\n<meta name=\"author\" content=\"R1\" \/>\n<meta name=\"twitter:card\" content=\"summary_large_image\" \/>\n<meta name=\"twitter:label1\" content=\"\u00c9crit par\" \/>\n\t<meta name=\"twitter:data1\" content=\"R1\" \/>\n\t<meta name=\"twitter:label2\" content=\"Dur\u00e9e de lecture est.\" \/>\n\t<meta name=\"twitter:data2\" content=\"3 minutes\" \/>\n<script type=\"application\/ld+json\" class=\"yoast-schema-graph\">{\"@context\":\"https:\\\/\\\/schema.org\",\"@graph\":[{\"@type\":\"Article\",\"@id\":\"https:\\\/\\\/lecompagnonrouge.fr\\\/?p=9776#article\",\"isPartOf\":{\"@id\":\"https:\\\/\\\/lecompagnonrouge.fr\\\/?p=9776\"},\"author\":{\"name\":\"R1\",\"@id\":\"https:\\\/\\\/lecompagnonrouge.fr\\\/#\\\/schema\\\/person\\\/0025018a342b92eacca6f1e4c968a154\"},\"headline\":\"Equisetum arvense. Pr\u00eale des champs\",\"datePublished\":\"2025-05-10T19:00:10+00:00\",\"dateModified\":\"2025-08-04T15:25:33+00:00\",\"mainEntityOfPage\":{\"@id\":\"https:\\\/\\\/lecompagnonrouge.fr\\\/?p=9776\"},\"wordCount\":383,\"publisher\":{\"@id\":\"https:\\\/\\\/lecompagnonrouge.fr\\\/#\\\/schema\\\/person\\\/0025018a342b92eacca6f1e4c968a154\"},\"image\":{\"@id\":\"https:\\\/\\\/lecompagnonrouge.fr\\\/?p=9776#primaryimage\"},\"thumbnailUrl\":\"https:\\\/\\\/lecompagnonrouge.fr\\\/wp-content\\\/uploads\\\/2025\\\/05\\\/IMG_2462.jpg\",\"keywords\":[\"Pr\u00eale des champs\"],\"articleSection\":[\"Equisetaceae\",\"Equisetum arvense\"],\"inLanguage\":\"fr-BE\"},{\"@type\":\"WebPage\",\"@id\":\"https:\\\/\\\/lecompagnonrouge.fr\\\/?p=9776\",\"url\":\"https:\\\/\\\/lecompagnonrouge.fr\\\/?p=9776\",\"name\":\"Equisetum arvense. Pr\u00eale des champs - Le Compagnon rouge\",\"isPartOf\":{\"@id\":\"https:\\\/\\\/lecompagnonrouge.fr\\\/#website\"},\"primaryImageOfPage\":{\"@id\":\"https:\\\/\\\/lecompagnonrouge.fr\\\/?p=9776#primaryimage\"},\"image\":{\"@id\":\"https:\\\/\\\/lecompagnonrouge.fr\\\/?p=9776#primaryimage\"},\"thumbnailUrl\":\"https:\\\/\\\/lecompagnonrouge.fr\\\/wp-content\\\/uploads\\\/2025\\\/05\\\/IMG_2462.jpg\",\"datePublished\":\"2025-05-10T19:00:10+00:00\",\"dateModified\":\"2025-08-04T15:25:33+00:00\",\"description\":\"Equisetales, Equisetaceae, Equisetum arvense\",\"breadcrumb\":{\"@id\":\"https:\\\/\\\/lecompagnonrouge.fr\\\/?p=9776#breadcrumb\"},\"inLanguage\":\"fr-BE\",\"potentialAction\":[{\"@type\":\"ReadAction\",\"target\":[\"https:\\\/\\\/lecompagnonrouge.fr\\\/?p=9776\"]}]},{\"@type\":\"ImageObject\",\"inLanguage\":\"fr-BE\",\"@id\":\"https:\\\/\\\/lecompagnonrouge.fr\\\/?p=9776#primaryimage\",\"url\":\"https:\\\/\\\/lecompagnonrouge.fr\\\/wp-content\\\/uploads\\\/2025\\\/05\\\/IMG_2462.jpg\",\"contentUrl\":\"https:\\\/\\\/lecompagnonrouge.fr\\\/wp-content\\\/uploads\\\/2025\\\/05\\\/IMG_2462.jpg\",\"width\":850,\"height\":567,\"caption\":\"Equisetum arvense\"},{\"@type\":\"BreadcrumbList\",\"@id\":\"https:\\\/\\\/lecompagnonrouge.fr\\\/?p=9776#breadcrumb\",\"itemListElement\":[{\"@type\":\"ListItem\",\"position\":1,\"name\":\"Accueil\",\"item\":\"https:\\\/\\\/lecompagnonrouge.fr\\\/\"},{\"@type\":\"ListItem\",\"position\":2,\"name\":\"Equisetum arvense. Pr\u00eale des champs\"}]},{\"@type\":\"WebSite\",\"@id\":\"https:\\\/\\\/lecompagnonrouge.fr\\\/#website\",\"url\":\"https:\\\/\\\/lecompagnonrouge.fr\\\/\",\"name\":\"Le Compagnon rouge\",\"description\":\"M\u00e9morandum.\",\"publisher\":{\"@id\":\"https:\\\/\\\/lecompagnonrouge.fr\\\/#\\\/schema\\\/person\\\/0025018a342b92eacca6f1e4c968a154\"},\"potentialAction\":[{\"@type\":\"SearchAction\",\"target\":{\"@type\":\"EntryPoint\",\"urlTemplate\":\"https:\\\/\\\/lecompagnonrouge.fr\\\/?s={search_term_string}\"},\"query-input\":{\"@type\":\"PropertyValueSpecification\",\"valueRequired\":true,\"valueName\":\"search_term_string\"}}],\"inLanguage\":\"fr-BE\"},{\"@type\":[\"Person\",\"Organization\"],\"@id\":\"https:\\\/\\\/lecompagnonrouge.fr\\\/#\\\/schema\\\/person\\\/0025018a342b92eacca6f1e4c968a154\",\"name\":\"R1\",\"image\":{\"@type\":\"ImageObject\",\"inLanguage\":\"fr-BE\",\"@id\":\"https:\\\/\\\/lecompagnonrouge.fr\\\/wp-content\\\/uploads\\\/2022\\\/03\\\/identit.jpg\",\"url\":\"https:\\\/\\\/lecompagnonrouge.fr\\\/wp-content\\\/uploads\\\/2022\\\/03\\\/identit.jpg\",\"contentUrl\":\"https:\\\/\\\/lecompagnonrouge.fr\\\/wp-content\\\/uploads\\\/2022\\\/03\\\/identit.jpg\",\"width\":425,\"height\":545,\"caption\":\"R1\"},\"logo\":{\"@id\":\"https:\\\/\\\/lecompagnonrouge.fr\\\/wp-content\\\/uploads\\\/2022\\\/03\\\/identit.jpg\"},\"sameAs\":[\"http:\\\/\\\/lecompagnonrouge.fr\"],\"url\":\"https:\\\/\\\/lecompagnonrouge.fr\\\/?author=1\"}]}<\/script>\n<!-- \/ Yoast SEO plugin. -->","yoast_head_json":{"title":"Equisetum arvense. Pr\u00eale des champs - Le Compagnon rouge","description":"Equisetales, Equisetaceae, Equisetum arvense","robots":{"index":"index","follow":"follow","max-snippet":"max-snippet:-1","max-image-preview":"max-image-preview:large","max-video-preview":"max-video-preview:-1"},"canonical":"https:\/\/lecompagnonrouge.fr\/?p=9776","og_locale":"fr_FR","og_type":"article","og_title":"Equisetum arvense. Pr\u00eale des champs - Le Compagnon rouge","og_description":"Equisetales, Equisetaceae, Equisetum arvense","og_url":"https:\/\/lecompagnonrouge.fr\/?p=9776","og_site_name":"Le Compagnon rouge","article_published_time":"2025-05-10T19:00:10+00:00","article_modified_time":"2025-08-04T15:25:33+00:00","og_image":[{"width":850,"height":567,"url":"https:\/\/lecompagnonrouge.fr\/wp-content\/uploads\/2025\/05\/IMG_2462.jpg","type":"image\/jpeg"}],"author":"R1","twitter_card":"summary_large_image","twitter_misc":{"\u00c9crit par":"R1","Dur\u00e9e de lecture est.":"3 minutes"},"schema":{"@context":"https:\/\/schema.org","@graph":[{"@type":"Article","@id":"https:\/\/lecompagnonrouge.fr\/?p=9776#article","isPartOf":{"@id":"https:\/\/lecompagnonrouge.fr\/?p=9776"},"author":{"name":"R1","@id":"https:\/\/lecompagnonrouge.fr\/#\/schema\/person\/0025018a342b92eacca6f1e4c968a154"},"headline":"Equisetum arvense. Pr\u00eale des champs","datePublished":"2025-05-10T19:00:10+00:00","dateModified":"2025-08-04T15:25:33+00:00","mainEntityOfPage":{"@id":"https:\/\/lecompagnonrouge.fr\/?p=9776"},"wordCount":383,"publisher":{"@id":"https:\/\/lecompagnonrouge.fr\/#\/schema\/person\/0025018a342b92eacca6f1e4c968a154"},"image":{"@id":"https:\/\/lecompagnonrouge.fr\/?p=9776#primaryimage"},"thumbnailUrl":"https:\/\/lecompagnonrouge.fr\/wp-content\/uploads\/2025\/05\/IMG_2462.jpg","keywords":["Pr\u00eale des champs"],"articleSection":["Equisetaceae","Equisetum arvense"],"inLanguage":"fr-BE"},{"@type":"WebPage","@id":"https:\/\/lecompagnonrouge.fr\/?p=9776","url":"https:\/\/lecompagnonrouge.fr\/?p=9776","name":"Equisetum arvense. Pr\u00eale des champs - Le Compagnon rouge","isPartOf":{"@id":"https:\/\/lecompagnonrouge.fr\/#website"},"primaryImageOfPage":{"@id":"https:\/\/lecompagnonrouge.fr\/?p=9776#primaryimage"},"image":{"@id":"https:\/\/lecompagnonrouge.fr\/?p=9776#primaryimage"},"thumbnailUrl":"https:\/\/lecompagnonrouge.fr\/wp-content\/uploads\/2025\/05\/IMG_2462.jpg","datePublished":"2025-05-10T19:00:10+00:00","dateModified":"2025-08-04T15:25:33+00:00","description":"Equisetales, Equisetaceae, Equisetum arvense","breadcrumb":{"@id":"https:\/\/lecompagnonrouge.fr\/?p=9776#breadcrumb"},"inLanguage":"fr-BE","potentialAction":[{"@type":"ReadAction","target":["https:\/\/lecompagnonrouge.fr\/?p=9776"]}]},{"@type":"ImageObject","inLanguage":"fr-BE","@id":"https:\/\/lecompagnonrouge.fr\/?p=9776#primaryimage","url":"https:\/\/lecompagnonrouge.fr\/wp-content\/uploads\/2025\/05\/IMG_2462.jpg","contentUrl":"https:\/\/lecompagnonrouge.fr\/wp-content\/uploads\/2025\/05\/IMG_2462.jpg","width":850,"height":567,"caption":"Equisetum arvense"},{"@type":"BreadcrumbList","@id":"https:\/\/lecompagnonrouge.fr\/?p=9776#breadcrumb","itemListElement":[{"@type":"ListItem","position":1,"name":"Accueil","item":"https:\/\/lecompagnonrouge.fr\/"},{"@type":"ListItem","position":2,"name":"Equisetum arvense. Pr\u00eale des champs"}]},{"@type":"WebSite","@id":"https:\/\/lecompagnonrouge.fr\/#website","url":"https:\/\/lecompagnonrouge.fr\/","name":"Le Compagnon rouge","description":"M\u00e9morandum.","publisher":{"@id":"https:\/\/lecompagnonrouge.fr\/#\/schema\/person\/0025018a342b92eacca6f1e4c968a154"},"potentialAction":[{"@type":"SearchAction","target":{"@type":"EntryPoint","urlTemplate":"https:\/\/lecompagnonrouge.fr\/?s={search_term_string}"},"query-input":{"@type":"PropertyValueSpecification","valueRequired":true,"valueName":"search_term_string"}}],"inLanguage":"fr-BE"},{"@type":["Person","Organization"],"@id":"https:\/\/lecompagnonrouge.fr\/#\/schema\/person\/0025018a342b92eacca6f1e4c968a154","name":"R1","image":{"@type":"ImageObject","inLanguage":"fr-BE","@id":"https:\/\/lecompagnonrouge.fr\/wp-content\/uploads\/2022\/03\/identit.jpg","url":"https:\/\/lecompagnonrouge.fr\/wp-content\/uploads\/2022\/03\/identit.jpg","contentUrl":"https:\/\/lecompagnonrouge.fr\/wp-content\/uploads\/2022\/03\/identit.jpg","width":425,"height":545,"caption":"R1"},"logo":{"@id":"https:\/\/lecompagnonrouge.fr\/wp-content\/uploads\/2022\/03\/identit.jpg"},"sameAs":["http:\/\/lecompagnonrouge.fr"],"url":"https:\/\/lecompagnonrouge.fr\/?author=1"}]}},"_links":{"self":[{"href":"https:\/\/lecompagnonrouge.fr\/index.php?rest_route=\/wp\/v2\/posts\/9776","targetHints":{"allow":["GET"]}}],"collection":[{"href":"https:\/\/lecompagnonrouge.fr\/index.php?rest_route=\/wp\/v2\/posts"}],"about":[{"href":"https:\/\/lecompagnonrouge.fr\/index.php?rest_route=\/wp\/v2\/types\/post"}],"author":[{"embeddable":true,"href":"https:\/\/lecompagnonrouge.fr\/index.php?rest_route=\/wp\/v2\/users\/1"}],"replies":[{"embeddable":true,"href":"https:\/\/lecompagnonrouge.fr\/index.php?rest_route=%2Fwp%2Fv2%2Fcomments&post=9776"}],"version-history":[{"count":6,"href":"https:\/\/lecompagnonrouge.fr\/index.php?rest_route=\/wp\/v2\/posts\/9776\/revisions"}],"predecessor-version":[{"id":10771,"href":"https:\/\/lecompagnonrouge.fr\/index.php?rest_route=\/wp\/v2\/posts\/9776\/revisions\/10771"}],"wp:featuredmedia":[{"embeddable":true,"href":"https:\/\/lecompagnonrouge.fr\/index.php?rest_route=\/wp\/v2\/media\/9778"}],"wp:attachment":[{"href":"https:\/\/lecompagnonrouge.fr\/index.php?rest_route=%2Fwp%2Fv2%2Fmedia&parent=9776"}],"wp:term":[{"taxonomy":"category","embeddable":true,"href":"https:\/\/lecompagnonrouge.fr\/index.php?rest_route=%2Fwp%2Fv2%2Fcategories&post=9776"},{"taxonomy":"post_tag","embeddable":true,"href":"https:\/\/lecompagnonrouge.fr\/index.php?rest_route=%2Fwp%2Fv2%2Ftags&post=9776"}],"curies":[{"name":"wp","href":"https:\/\/api.w.org\/{rel}","templated":true}]}}