{"id":969,"date":"2022-04-17T17:30:54","date_gmt":"2022-04-17T15:30:54","guid":{"rendered":"https:\/\/lecompagnonrouge.fr\/?p=969"},"modified":"2025-01-25T16:09:30","modified_gmt":"2025-01-25T15:09:30","slug":"silene-vulgaris-silene-enfle","status":"publish","type":"post","link":"https:\/\/lecompagnonrouge.fr\/?p=969","title":{"rendered":"Silene vulgaris subsp. vulgaris. Sil\u00e8ne enfl\u00e9."},"content":{"rendered":"\n<p class=\"has-medium-font-size\">P\u00e9tales tr\u00e8s \u00e9chancr\u00e9s + s\u00e9pales formant un ballon, ce calice orn\u00e9 de 20 nervures, plut\u00f4t pourpr\u00e9es.<\/p>\n\n\n\n<p>Petalos muy recortados + s\u00e9palos como un bal<strong>\u00f3<\/strong>n.<\/p>\n\n\n\n<p class=\"has-medium-font-size\">Seconde photo: tige et feuilles.<\/p>\n\n\n<div class=\"wp-block-image\">\n<figure class=\"aligncenter size-full\"><img loading=\"lazy\" decoding=\"async\" width=\"567\" height=\"850\" src=\"https:\/\/lecompagnonrouge.fr\/wp-content\/uploads\/2022\/04\/image-45.png\" alt=\"\" class=\"wp-image-8015\" srcset=\"https:\/\/lecompagnonrouge.fr\/wp-content\/uploads\/2022\/04\/image-45.png 567w, https:\/\/lecompagnonrouge.fr\/wp-content\/uploads\/2022\/04\/image-45-200x300.png 200w, https:\/\/lecompagnonrouge.fr\/wp-content\/uploads\/2022\/04\/image-45-300x450.png 300w\" sizes=\"auto, (max-width: 567px) 100vw, 567px\" \/><\/figure>\n<\/div>\n\n\n<p><\/p>\n\n\n\n<p class=\"has-medium-font-size\">La sous esp\u00e8ce \u00e9ponyme pr\u00e9sente des feuilles m\u00e9dianes plut\u00f4t \u00e9troite. L&rsquo;autre est corse \ud83d\ude42<\/p>\n\n\n\n<p class=\"has-medium-font-size\">La sous-esp\u00e8ce commutata, de Corse, poss\u00e8de un calice plus large et de grandes feuilles. La sous-esp\u00e8ce prostata est plus petite et couch\u00e9e. Les anciennes sous-esp\u00e8ces d\u00e9sormais indiqu\u00e9e comme Silene uniflora (subsp. maritima et subsp. thorei) sont prostr\u00e9es. A part surtout ces deux derni\u00e8res, la valeur taxonomique de ces deux derni\u00e8res semble \u00eatre discut\u00e9e.<\/p>\n\n\n\n<p class=\"has-medium-font-size\">Eventuel autre risque de confusion avec les fleurs femelles du Compagnon blanc, <a href=\"https:\/\/lecompagnonrouge.fr\/?p=5490\">Silene latifolia<\/a> mais noter que le calice de la Sil\u00e8ne enfl\u00e9e est glabre.<\/p>\n\n\n\n<p class=\"has-small-font-size\"><a href=\"https:\/\/lecompagnonrouge.fr\/?s=Caryophyllales\">Caryophyllales<\/a>&gt;<a href=\"https:\/\/lecompagnonrouge.fr\/?s=Caryophyllaceae\">Caryophyllaceae<\/a>&gt;<a href=\"https:\/\/lecompagnonrouge.fr\/?s=Silene\">Silene<\/a> vulgaris subsp. vulgaris<\/p>\n\n\n\n<p class=\"has-medium-font-size\"><\/p>\n\n\n\n<p class=\"has-medium-font-size\">ourlets externes acidophiles des dalles h\u00e9liophiles. Silenion nutantis.<\/p>\n","protected":false},"excerpt":{"rendered":"<p>P\u00e9tales tr\u00e8s \u00e9chancr\u00e9s + s\u00e9pales formant un ballon, ce calice orn\u00e9 de 20 nervures, plut\u00f4t pourpr\u00e9es. Petalos muy recortados + s\u00e9palos como un bal\u00f3n. Seconde photo: tige et feuilles. La sous esp\u00e8ce \u00e9ponyme pr\u00e9sente des feuilles m\u00e9dianes plut\u00f4t \u00e9troite. L&rsquo;autre est corse \ud83d\ude42 La sous-esp\u00e8ce commutata, de Corse, poss\u00e8de un calice plus large et de&#8230;<\/p>\n","protected":false},"author":1,"featured_media":970,"comment_status":"closed","ping_status":"open","sticky":false,"template":"","format":"standard","meta":{"footnotes":""},"categories":[88,257],"tags":[256,255,254],"class_list":["post-969","post","type-post","status-publish","format-standard","has-post-thumbnail","hentry","category-caryophyllaceae","category-silene-vulgaris","tag-claquet","tag-silene","tag-silene-enfle"],"yoast_head":"<!-- This site is optimized with the Yoast SEO plugin v27.4 - https:\/\/yoast.com\/product\/yoast-seo-wordpress\/ -->\n<title>Silene vulgaris subsp. vulgaris. Sil\u00e8ne enfl\u00e9. - Le Compagnon rouge<\/title>\n<meta name=\"description\" content=\"Caryophyllales, Caryophyllaceae, Silene vulgaris subsp.vulgaris\" \/>\n<meta name=\"robots\" content=\"index, follow, max-snippet:-1, max-image-preview:large, max-video-preview:-1\" \/>\n<link rel=\"canonical\" href=\"https:\/\/lecompagnonrouge.fr\/?p=969\" \/>\n<meta property=\"og:locale\" content=\"fr_FR\" \/>\n<meta property=\"og:type\" content=\"article\" \/>\n<meta property=\"og:title\" content=\"Silene vulgaris subsp. vulgaris. Sil\u00e8ne enfl\u00e9. - Le Compagnon rouge\" \/>\n<meta property=\"og:description\" content=\"Caryophyllales, Caryophyllaceae, Silene vulgaris subsp.vulgaris\" \/>\n<meta property=\"og:url\" content=\"https:\/\/lecompagnonrouge.fr\/?p=969\" \/>\n<meta property=\"og:site_name\" content=\"Le Compagnon rouge\" \/>\n<meta property=\"article:published_time\" content=\"2022-04-17T15:30:54+00:00\" \/>\n<meta property=\"article:modified_time\" content=\"2025-01-25T15:09:30+00:00\" \/>\n<meta property=\"og:image\" content=\"https:\/\/lecompagnonrouge.fr\/wp-content\/uploads\/2022\/04\/silene_vulgaris.jpg\" \/>\n\t<meta property=\"og:image:width\" content=\"850\" \/>\n\t<meta property=\"og:image:height\" content=\"567\" \/>\n\t<meta property=\"og:image:type\" content=\"image\/jpeg\" \/>\n<meta name=\"author\" content=\"R1\" \/>\n<meta name=\"twitter:card\" content=\"summary_large_image\" \/>\n<meta name=\"twitter:label1\" content=\"\u00c9crit par\" \/>\n\t<meta name=\"twitter:data1\" content=\"R1\" \/>\n\t<meta name=\"twitter:label2\" content=\"Dur\u00e9e de lecture est.\" \/>\n\t<meta name=\"twitter:data2\" content=\"2 minutes\" \/>\n<script type=\"application\/ld+json\" class=\"yoast-schema-graph\">{\"@context\":\"https:\\\/\\\/schema.org\",\"@graph\":[{\"@type\":\"Article\",\"@id\":\"https:\\\/\\\/lecompagnonrouge.fr\\\/?p=969#article\",\"isPartOf\":{\"@id\":\"https:\\\/\\\/lecompagnonrouge.fr\\\/?p=969\"},\"author\":{\"name\":\"R1\",\"@id\":\"https:\\\/\\\/lecompagnonrouge.fr\\\/#\\\/schema\\\/person\\\/0025018a342b92eacca6f1e4c968a154\"},\"headline\":\"Silene vulgaris subsp. vulgaris. Sil\u00e8ne enfl\u00e9.\",\"datePublished\":\"2022-04-17T15:30:54+00:00\",\"dateModified\":\"2025-01-25T15:09:30+00:00\",\"mainEntityOfPage\":{\"@id\":\"https:\\\/\\\/lecompagnonrouge.fr\\\/?p=969\"},\"wordCount\":168,\"publisher\":{\"@id\":\"https:\\\/\\\/lecompagnonrouge.fr\\\/#\\\/schema\\\/person\\\/0025018a342b92eacca6f1e4c968a154\"},\"image\":{\"@id\":\"https:\\\/\\\/lecompagnonrouge.fr\\\/?p=969#primaryimage\"},\"thumbnailUrl\":\"https:\\\/\\\/lecompagnonrouge.fr\\\/wp-content\\\/uploads\\\/2022\\\/04\\\/silene_vulgaris.jpg\",\"keywords\":[\"Claquet\",\"Sil\u00e8ne\",\"Sil\u00e8ne enfl\u00e9\"],\"articleSection\":[\"Caryophyllaceae\",\"Silene vulgaris\"],\"inLanguage\":\"fr-BE\"},{\"@type\":\"WebPage\",\"@id\":\"https:\\\/\\\/lecompagnonrouge.fr\\\/?p=969\",\"url\":\"https:\\\/\\\/lecompagnonrouge.fr\\\/?p=969\",\"name\":\"Silene vulgaris subsp. vulgaris. Sil\u00e8ne enfl\u00e9. - Le Compagnon rouge\",\"isPartOf\":{\"@id\":\"https:\\\/\\\/lecompagnonrouge.fr\\\/#website\"},\"primaryImageOfPage\":{\"@id\":\"https:\\\/\\\/lecompagnonrouge.fr\\\/?p=969#primaryimage\"},\"image\":{\"@id\":\"https:\\\/\\\/lecompagnonrouge.fr\\\/?p=969#primaryimage\"},\"thumbnailUrl\":\"https:\\\/\\\/lecompagnonrouge.fr\\\/wp-content\\\/uploads\\\/2022\\\/04\\\/silene_vulgaris.jpg\",\"datePublished\":\"2022-04-17T15:30:54+00:00\",\"dateModified\":\"2025-01-25T15:09:30+00:00\",\"description\":\"Caryophyllales, Caryophyllaceae, Silene vulgaris subsp.vulgaris\",\"breadcrumb\":{\"@id\":\"https:\\\/\\\/lecompagnonrouge.fr\\\/?p=969#breadcrumb\"},\"inLanguage\":\"fr-BE\",\"potentialAction\":[{\"@type\":\"ReadAction\",\"target\":[\"https:\\\/\\\/lecompagnonrouge.fr\\\/?p=969\"]}]},{\"@type\":\"ImageObject\",\"inLanguage\":\"fr-BE\",\"@id\":\"https:\\\/\\\/lecompagnonrouge.fr\\\/?p=969#primaryimage\",\"url\":\"https:\\\/\\\/lecompagnonrouge.fr\\\/wp-content\\\/uploads\\\/2022\\\/04\\\/silene_vulgaris.jpg\",\"contentUrl\":\"https:\\\/\\\/lecompagnonrouge.fr\\\/wp-content\\\/uploads\\\/2022\\\/04\\\/silene_vulgaris.jpg\",\"width\":850,\"height\":567,\"caption\":\"binary comment\"},{\"@type\":\"BreadcrumbList\",\"@id\":\"https:\\\/\\\/lecompagnonrouge.fr\\\/?p=969#breadcrumb\",\"itemListElement\":[{\"@type\":\"ListItem\",\"position\":1,\"name\":\"Accueil\",\"item\":\"https:\\\/\\\/lecompagnonrouge.fr\\\/\"},{\"@type\":\"ListItem\",\"position\":2,\"name\":\"Silene vulgaris subsp. vulgaris. Sil\u00e8ne enfl\u00e9.\"}]},{\"@type\":\"WebSite\",\"@id\":\"https:\\\/\\\/lecompagnonrouge.fr\\\/#website\",\"url\":\"https:\\\/\\\/lecompagnonrouge.fr\\\/\",\"name\":\"Le Compagnon rouge\",\"description\":\"M\u00e9morandum.\",\"publisher\":{\"@id\":\"https:\\\/\\\/lecompagnonrouge.fr\\\/#\\\/schema\\\/person\\\/0025018a342b92eacca6f1e4c968a154\"},\"potentialAction\":[{\"@type\":\"SearchAction\",\"target\":{\"@type\":\"EntryPoint\",\"urlTemplate\":\"https:\\\/\\\/lecompagnonrouge.fr\\\/?s={search_term_string}\"},\"query-input\":{\"@type\":\"PropertyValueSpecification\",\"valueRequired\":true,\"valueName\":\"search_term_string\"}}],\"inLanguage\":\"fr-BE\"},{\"@type\":[\"Person\",\"Organization\"],\"@id\":\"https:\\\/\\\/lecompagnonrouge.fr\\\/#\\\/schema\\\/person\\\/0025018a342b92eacca6f1e4c968a154\",\"name\":\"R1\",\"image\":{\"@type\":\"ImageObject\",\"inLanguage\":\"fr-BE\",\"@id\":\"https:\\\/\\\/lecompagnonrouge.fr\\\/wp-content\\\/uploads\\\/2022\\\/03\\\/identit.jpg\",\"url\":\"https:\\\/\\\/lecompagnonrouge.fr\\\/wp-content\\\/uploads\\\/2022\\\/03\\\/identit.jpg\",\"contentUrl\":\"https:\\\/\\\/lecompagnonrouge.fr\\\/wp-content\\\/uploads\\\/2022\\\/03\\\/identit.jpg\",\"width\":425,\"height\":545,\"caption\":\"R1\"},\"logo\":{\"@id\":\"https:\\\/\\\/lecompagnonrouge.fr\\\/wp-content\\\/uploads\\\/2022\\\/03\\\/identit.jpg\"},\"sameAs\":[\"http:\\\/\\\/lecompagnonrouge.fr\"],\"url\":\"https:\\\/\\\/lecompagnonrouge.fr\\\/?author=1\"}]}<\/script>\n<!-- \/ Yoast SEO plugin. -->","yoast_head_json":{"title":"Silene vulgaris subsp. vulgaris. Sil\u00e8ne enfl\u00e9. - Le Compagnon rouge","description":"Caryophyllales, Caryophyllaceae, Silene vulgaris subsp.vulgaris","robots":{"index":"index","follow":"follow","max-snippet":"max-snippet:-1","max-image-preview":"max-image-preview:large","max-video-preview":"max-video-preview:-1"},"canonical":"https:\/\/lecompagnonrouge.fr\/?p=969","og_locale":"fr_FR","og_type":"article","og_title":"Silene vulgaris subsp. vulgaris. Sil\u00e8ne enfl\u00e9. - Le Compagnon rouge","og_description":"Caryophyllales, Caryophyllaceae, Silene vulgaris subsp.vulgaris","og_url":"https:\/\/lecompagnonrouge.fr\/?p=969","og_site_name":"Le Compagnon rouge","article_published_time":"2022-04-17T15:30:54+00:00","article_modified_time":"2025-01-25T15:09:30+00:00","og_image":[{"width":850,"height":567,"url":"https:\/\/lecompagnonrouge.fr\/wp-content\/uploads\/2022\/04\/silene_vulgaris.jpg","type":"image\/jpeg"}],"author":"R1","twitter_card":"summary_large_image","twitter_misc":{"\u00c9crit par":"R1","Dur\u00e9e de lecture est.":"2 minutes"},"schema":{"@context":"https:\/\/schema.org","@graph":[{"@type":"Article","@id":"https:\/\/lecompagnonrouge.fr\/?p=969#article","isPartOf":{"@id":"https:\/\/lecompagnonrouge.fr\/?p=969"},"author":{"name":"R1","@id":"https:\/\/lecompagnonrouge.fr\/#\/schema\/person\/0025018a342b92eacca6f1e4c968a154"},"headline":"Silene vulgaris subsp. vulgaris. Sil\u00e8ne enfl\u00e9.","datePublished":"2022-04-17T15:30:54+00:00","dateModified":"2025-01-25T15:09:30+00:00","mainEntityOfPage":{"@id":"https:\/\/lecompagnonrouge.fr\/?p=969"},"wordCount":168,"publisher":{"@id":"https:\/\/lecompagnonrouge.fr\/#\/schema\/person\/0025018a342b92eacca6f1e4c968a154"},"image":{"@id":"https:\/\/lecompagnonrouge.fr\/?p=969#primaryimage"},"thumbnailUrl":"https:\/\/lecompagnonrouge.fr\/wp-content\/uploads\/2022\/04\/silene_vulgaris.jpg","keywords":["Claquet","Sil\u00e8ne","Sil\u00e8ne enfl\u00e9"],"articleSection":["Caryophyllaceae","Silene vulgaris"],"inLanguage":"fr-BE"},{"@type":"WebPage","@id":"https:\/\/lecompagnonrouge.fr\/?p=969","url":"https:\/\/lecompagnonrouge.fr\/?p=969","name":"Silene vulgaris subsp. vulgaris. Sil\u00e8ne enfl\u00e9. - Le Compagnon rouge","isPartOf":{"@id":"https:\/\/lecompagnonrouge.fr\/#website"},"primaryImageOfPage":{"@id":"https:\/\/lecompagnonrouge.fr\/?p=969#primaryimage"},"image":{"@id":"https:\/\/lecompagnonrouge.fr\/?p=969#primaryimage"},"thumbnailUrl":"https:\/\/lecompagnonrouge.fr\/wp-content\/uploads\/2022\/04\/silene_vulgaris.jpg","datePublished":"2022-04-17T15:30:54+00:00","dateModified":"2025-01-25T15:09:30+00:00","description":"Caryophyllales, Caryophyllaceae, Silene vulgaris subsp.vulgaris","breadcrumb":{"@id":"https:\/\/lecompagnonrouge.fr\/?p=969#breadcrumb"},"inLanguage":"fr-BE","potentialAction":[{"@type":"ReadAction","target":["https:\/\/lecompagnonrouge.fr\/?p=969"]}]},{"@type":"ImageObject","inLanguage":"fr-BE","@id":"https:\/\/lecompagnonrouge.fr\/?p=969#primaryimage","url":"https:\/\/lecompagnonrouge.fr\/wp-content\/uploads\/2022\/04\/silene_vulgaris.jpg","contentUrl":"https:\/\/lecompagnonrouge.fr\/wp-content\/uploads\/2022\/04\/silene_vulgaris.jpg","width":850,"height":567,"caption":"binary comment"},{"@type":"BreadcrumbList","@id":"https:\/\/lecompagnonrouge.fr\/?p=969#breadcrumb","itemListElement":[{"@type":"ListItem","position":1,"name":"Accueil","item":"https:\/\/lecompagnonrouge.fr\/"},{"@type":"ListItem","position":2,"name":"Silene vulgaris subsp. vulgaris. Sil\u00e8ne enfl\u00e9."}]},{"@type":"WebSite","@id":"https:\/\/lecompagnonrouge.fr\/#website","url":"https:\/\/lecompagnonrouge.fr\/","name":"Le Compagnon rouge","description":"M\u00e9morandum.","publisher":{"@id":"https:\/\/lecompagnonrouge.fr\/#\/schema\/person\/0025018a342b92eacca6f1e4c968a154"},"potentialAction":[{"@type":"SearchAction","target":{"@type":"EntryPoint","urlTemplate":"https:\/\/lecompagnonrouge.fr\/?s={search_term_string}"},"query-input":{"@type":"PropertyValueSpecification","valueRequired":true,"valueName":"search_term_string"}}],"inLanguage":"fr-BE"},{"@type":["Person","Organization"],"@id":"https:\/\/lecompagnonrouge.fr\/#\/schema\/person\/0025018a342b92eacca6f1e4c968a154","name":"R1","image":{"@type":"ImageObject","inLanguage":"fr-BE","@id":"https:\/\/lecompagnonrouge.fr\/wp-content\/uploads\/2022\/03\/identit.jpg","url":"https:\/\/lecompagnonrouge.fr\/wp-content\/uploads\/2022\/03\/identit.jpg","contentUrl":"https:\/\/lecompagnonrouge.fr\/wp-content\/uploads\/2022\/03\/identit.jpg","width":425,"height":545,"caption":"R1"},"logo":{"@id":"https:\/\/lecompagnonrouge.fr\/wp-content\/uploads\/2022\/03\/identit.jpg"},"sameAs":["http:\/\/lecompagnonrouge.fr"],"url":"https:\/\/lecompagnonrouge.fr\/?author=1"}]}},"_links":{"self":[{"href":"https:\/\/lecompagnonrouge.fr\/index.php?rest_route=\/wp\/v2\/posts\/969","targetHints":{"allow":["GET"]}}],"collection":[{"href":"https:\/\/lecompagnonrouge.fr\/index.php?rest_route=\/wp\/v2\/posts"}],"about":[{"href":"https:\/\/lecompagnonrouge.fr\/index.php?rest_route=\/wp\/v2\/types\/post"}],"author":[{"embeddable":true,"href":"https:\/\/lecompagnonrouge.fr\/index.php?rest_route=\/wp\/v2\/users\/1"}],"replies":[{"embeddable":true,"href":"https:\/\/lecompagnonrouge.fr\/index.php?rest_route=%2Fwp%2Fv2%2Fcomments&post=969"}],"version-history":[{"count":10,"href":"https:\/\/lecompagnonrouge.fr\/index.php?rest_route=\/wp\/v2\/posts\/969\/revisions"}],"predecessor-version":[{"id":8813,"href":"https:\/\/lecompagnonrouge.fr\/index.php?rest_route=\/wp\/v2\/posts\/969\/revisions\/8813"}],"wp:featuredmedia":[{"embeddable":true,"href":"https:\/\/lecompagnonrouge.fr\/index.php?rest_route=\/wp\/v2\/media\/970"}],"wp:attachment":[{"href":"https:\/\/lecompagnonrouge.fr\/index.php?rest_route=%2Fwp%2Fv2%2Fmedia&parent=969"}],"wp:term":[{"taxonomy":"category","embeddable":true,"href":"https:\/\/lecompagnonrouge.fr\/index.php?rest_route=%2Fwp%2Fv2%2Fcategories&post=969"},{"taxonomy":"post_tag","embeddable":true,"href":"https:\/\/lecompagnonrouge.fr\/index.php?rest_route=%2Fwp%2Fv2%2Ftags&post=969"}],"curies":[{"name":"wp","href":"https:\/\/api.w.org\/{rel}","templated":true}]}}