{"id":9657,"date":"2025-05-03T16:38:27","date_gmt":"2025-05-03T14:38:27","guid":{"rendered":"https:\/\/lecompagnonrouge.fr\/?p=9657"},"modified":"2025-08-04T17:13:23","modified_gmt":"2025-08-04T15:13:23","slug":"fagus-sylvatica-hetre","status":"publish","type":"post","link":"https:\/\/lecompagnonrouge.fr\/?p=9657","title":{"rendered":"Fagus sylvatica. H\u00eatre"},"content":{"rendered":"\n<p class=\"has-medium-font-size\">Fagus sylvatica buuru \u00e0ll yi.<\/p>\n\n\n\n<p class=\"has-medium-font-size\">Am na ay kawar ci pegg xob yi<\/p>\n\n\n\n<p class=\"has-medium-font-size\">Su ndaw, ci l\u00ebnd\u00ebm rek lay m\u00ebna m\u00e0gg.<\/p>\n\n\n\n<p class=\"has-medium-font-size\">Ak k\u00ebyit gi, samay xalaat ci Diomaye Faye<\/p>\n\n\n\n<p class=\"has-medium-font-size\">On le reconna\u00eet tellement \u00e0 ses feuilles.<\/p>\n\n\n\n<p class=\"has-medium-font-size\">Son \u00e9corce reste lisse, il est gris clair.<\/p>\n\n\n\n<figure class=\"wp-block-image size-full\"><img loading=\"lazy\" decoding=\"async\" width=\"850\" height=\"567\" src=\"https:\/\/lecompagnonrouge.fr\/wp-content\/uploads\/2025\/05\/4141.jpg\" alt=\"\" class=\"wp-image-9658\" srcset=\"https:\/\/lecompagnonrouge.fr\/wp-content\/uploads\/2025\/05\/4141.jpg 850w, https:\/\/lecompagnonrouge.fr\/wp-content\/uploads\/2025\/05\/4141-300x200.jpg 300w, https:\/\/lecompagnonrouge.fr\/wp-content\/uploads\/2025\/05\/4141-768x512.jpg 768w\" sizes=\"auto, (max-width: 850px) 100vw, 850px\" \/><\/figure>\n\n\n\n<p class=\"has-medium-font-size\">MORPHOGENESE:<\/p>\n\n\n\n<p class=\"has-medium-font-size\">Sa morphog\u00e9n\u00e8se est dite en Troll. Cette architecture est susceptible de t\u00e9moigner de la position d&rsquo;esp\u00e8ces croissant \u00e0 l&rsquo;ombre en climat temp\u00e9r\u00e9, for\u00eat caducifoli\u00e9e. Elle est d&rsquo;ailleurs plus caract\u00e9ristique de hautes latitudes. Cette croissance se fait par relais. Tout d&rsquo;abord elle donne lieu \u00e0 des branches horizontales, puis l&rsquo;une d&rsquo;elle se redresse pour prendre la valeur d&rsquo;un tronc. Elle donnera ensuite lieu \u00e0 des branches horizontales, et l&rsquo;une d&rsquo;elle se redresse prenant la valeur d&rsquo;un tronc, lequel donne lieu \u00e0 des branches horizontales \u2026<\/p>\n\n\n\n<h2 class=\"wp-block-heading has-medium-font-size\"><strong>Origine et position taxonomique:<\/strong><\/h2>\n\n\n\n<p class=\"has-medium-font-size\">Europe g\u00e9ographique (asie nord-occidentale, compris)<\/p>\n\n\n\n<p class=\"has-small-font-size\"><a href=\"https:\/\/lecompagnonrouge.fr\/?s=fagales\">Fagales<\/a>&gt;<a href=\"https:\/\/lecompagnonrouge.fr\/?s=fagaceae\">Fagaceae<\/a>&gt;<a href=\"https:\/\/lecompagnonrouge.fr\/?s=fagus\">Fagus<\/a> sylvatica<\/p>\n\n\n\n<p class=\"has-medium-font-size\">Il s&rsquo;agit de la forme sylvatica. La forme tortueuse est rare, un peu inexpliqu\u00e9e.<\/p>\n\n\n\n<h2 class=\"wp-block-heading has-medium-font-size\"><strong>Ecologie:<\/strong><\/h2>\n\n\n\n<p class=\"has-medium-font-size\">Allerg\u00e8ne?<br>Les Fagaceae ont toutes potentiellement un pollen allerg\u00e8ne \u00e0 risque mod\u00e9r\u00e9. Eventuellement en r\u00e9action crois\u00e9e.<\/p>\n\n\n\n<p>HABITAT:<\/p>\n\n\n\n<p class=\"has-medium-font-size\">Jeune il ne peut vivre qu&rsquo;\u00e0 l&rsquo;ombre. Rare caduc enti\u00e8rement inf\u00e9od\u00e9 aux boisements. Il montre des besoins de fra\u00eecheurs (et de froid pour une bonne floraison), et sa situation parfois de plaines ou de montagne d\u00e9pend de sa lattitude. Bois humides, donc \u2026 Au besoin, on le trouvera plut\u00f4t au nord ou en fond de vallon<\/p>\n\n\n\n<p class=\"has-medium-font-size\"><br>Associations arborescentes des for\u00eats et bois caducifoli\u00e9s climaciques, malacophylles, du temp\u00e9r\u00e9 modal m\u00e9dio-europ\u00e9en. \u03c3A Fraxino excelsioris &#8211; Quercetea roboris Gillet 1986 ex Julve 1993<\/p>\n\n\n\n<h2 class=\"wp-block-heading has-medium-font-size\"><strong>Economie<\/strong><\/h2>\n\n\n\n<p class=\"has-medium-font-size\">Ses fruits, les fa\u00eenes \u00e9taient utilis\u00e9es pour la gland\u00e9e des cochons. Elles ont \u00e9galement \u00e9t\u00e9 consomm\u00e9es par les humains.<\/p>\n\n\n\n<p class=\"has-medium-font-size\">Raymond Poulidor des bois de constructions, des bois d&rsquo;ouvrages et de feu depuis la pr\u00e9histoire. Le ch\u00eane lui a cependant r\u00e9guli\u00e8rement \u00e9t\u00e9 pr\u00e9f\u00e9r\u00e9.<br>Anecdotiquement, a donn\u00e9 lieu \u00e0 un curieux habitat proto industriel: les huttiers de la for\u00eat du Faou exploitaient le H\u00eatre pour la fabrication de sabots de bois.<\/p>\n\n\n\n<figure class=\"wp-block-image size-full\"><img loading=\"lazy\" decoding=\"async\" width=\"850\" height=\"567\" src=\"https:\/\/lecompagnonrouge.fr\/wp-content\/uploads\/2025\/05\/IMG_2566.jpg\" alt=\"\" class=\"wp-image-9660\" srcset=\"https:\/\/lecompagnonrouge.fr\/wp-content\/uploads\/2025\/05\/IMG_2566.jpg 850w, https:\/\/lecompagnonrouge.fr\/wp-content\/uploads\/2025\/05\/IMG_2566-300x200.jpg 300w, https:\/\/lecompagnonrouge.fr\/wp-content\/uploads\/2025\/05\/IMG_2566-768x512.jpg 768w\" sizes=\"auto, (max-width: 850px) 100vw, 850px\" \/><\/figure>\n\n\n\n<p>Photo: \u00cele-Saint-Denis. La g\u00e9ologie de ce parc (selon les couches harmonis\u00e9es du site BRGM infoterre) pr\u00e9sente du sable de Beauchamps et du sable du val d&rsquo;Oise (ou d&rsquo;Auvers), coup\u00e9e d&rsquo;une large langue de calcaire de Saint-Ouen. Ici, sur un relief. Le sol est donc constitu\u00e9 des remblais de l&rsquo;A86.<\/p>\n","protected":false},"excerpt":{"rendered":"<p>Fagus sylvatica buuru \u00e0ll yi. Am na ay kawar ci pegg xob yi Su ndaw, ci l\u00ebnd\u00ebm rek lay m\u00ebna m\u00e0gg. Ak k\u00ebyit gi, samay xalaat ci Diomaye Faye On le reconna\u00eet tellement \u00e0 ses feuilles. Son \u00e9corce reste lisse, il est gris clair. MORPHOGENESE: Sa morphog\u00e9n\u00e8se est dite en Troll. Cette architecture est susceptible&#8230;<\/p>\n","protected":false},"author":1,"featured_media":9659,"comment_status":"closed","ping_status":"open","sticky":false,"template":"","format":"standard","meta":{"footnotes":""},"categories":[981,1151],"tags":[1149,1150,1148],"class_list":["post-9657","post","type-post","status-publish","format-standard","has-post-thumbnail","hentry","category-fagaceae","category-fagus-sylvatica","tag-faux","tag-fayard","tag-hetre"],"yoast_head":"<!-- This site is optimized with the Yoast SEO plugin v27.4 - https:\/\/yoast.com\/product\/yoast-seo-wordpress\/ -->\n<title>Fagus sylvatica. H\u00eatre - Le Compagnon rouge<\/title>\n<meta name=\"description\" content=\"Fagales, Fagaceae, Fagus sylvatica\" \/>\n<meta name=\"robots\" content=\"index, follow, max-snippet:-1, max-image-preview:large, max-video-preview:-1\" \/>\n<link rel=\"canonical\" href=\"https:\/\/lecompagnonrouge.fr\/?p=9657\" \/>\n<meta property=\"og:locale\" content=\"fr_FR\" \/>\n<meta property=\"og:type\" content=\"article\" \/>\n<meta property=\"og:title\" content=\"Fagus sylvatica. H\u00eatre - Le Compagnon rouge\" \/>\n<meta property=\"og:description\" content=\"Fagales, Fagaceae, Fagus sylvatica\" \/>\n<meta property=\"og:url\" content=\"https:\/\/lecompagnonrouge.fr\/?p=9657\" \/>\n<meta property=\"og:site_name\" content=\"Le Compagnon rouge\" \/>\n<meta property=\"article:published_time\" content=\"2025-05-03T14:38:27+00:00\" \/>\n<meta property=\"article:modified_time\" content=\"2025-08-04T15:13:23+00:00\" \/>\n<meta property=\"og:image\" content=\"https:\/\/lecompagnonrouge.fr\/wp-content\/uploads\/2025\/05\/IMG_2570.jpg\" \/>\n\t<meta property=\"og:image:width\" content=\"850\" \/>\n\t<meta property=\"og:image:height\" content=\"567\" \/>\n\t<meta property=\"og:image:type\" content=\"image\/jpeg\" \/>\n<meta name=\"author\" content=\"R1\" \/>\n<meta name=\"twitter:card\" content=\"summary_large_image\" \/>\n<meta name=\"twitter:label1\" content=\"\u00c9crit par\" \/>\n\t<meta name=\"twitter:data1\" content=\"R1\" \/>\n\t<meta name=\"twitter:label2\" content=\"Dur\u00e9e de lecture est.\" \/>\n\t<meta name=\"twitter:data2\" content=\"3 minutes\" \/>\n<script type=\"application\/ld+json\" class=\"yoast-schema-graph\">{\"@context\":\"https:\\\/\\\/schema.org\",\"@graph\":[{\"@type\":\"Article\",\"@id\":\"https:\\\/\\\/lecompagnonrouge.fr\\\/?p=9657#article\",\"isPartOf\":{\"@id\":\"https:\\\/\\\/lecompagnonrouge.fr\\\/?p=9657\"},\"author\":{\"name\":\"R1\",\"@id\":\"https:\\\/\\\/lecompagnonrouge.fr\\\/#\\\/schema\\\/person\\\/0025018a342b92eacca6f1e4c968a154\"},\"headline\":\"Fagus sylvatica. H\u00eatre\",\"datePublished\":\"2025-05-03T14:38:27+00:00\",\"dateModified\":\"2025-08-04T15:13:23+00:00\",\"mainEntityOfPage\":{\"@id\":\"https:\\\/\\\/lecompagnonrouge.fr\\\/?p=9657\"},\"wordCount\":432,\"publisher\":{\"@id\":\"https:\\\/\\\/lecompagnonrouge.fr\\\/#\\\/schema\\\/person\\\/0025018a342b92eacca6f1e4c968a154\"},\"image\":{\"@id\":\"https:\\\/\\\/lecompagnonrouge.fr\\\/?p=9657#primaryimage\"},\"thumbnailUrl\":\"https:\\\/\\\/lecompagnonrouge.fr\\\/wp-content\\\/uploads\\\/2025\\\/05\\\/IMG_2570.jpg\",\"keywords\":[\"Faux\",\"Fayard\",\"H\u00eatre\"],\"articleSection\":[\"Fagaceae\",\"Fagus sylvatica\"],\"inLanguage\":\"fr-BE\"},{\"@type\":\"WebPage\",\"@id\":\"https:\\\/\\\/lecompagnonrouge.fr\\\/?p=9657\",\"url\":\"https:\\\/\\\/lecompagnonrouge.fr\\\/?p=9657\",\"name\":\"Fagus sylvatica. H\u00eatre - Le Compagnon rouge\",\"isPartOf\":{\"@id\":\"https:\\\/\\\/lecompagnonrouge.fr\\\/#website\"},\"primaryImageOfPage\":{\"@id\":\"https:\\\/\\\/lecompagnonrouge.fr\\\/?p=9657#primaryimage\"},\"image\":{\"@id\":\"https:\\\/\\\/lecompagnonrouge.fr\\\/?p=9657#primaryimage\"},\"thumbnailUrl\":\"https:\\\/\\\/lecompagnonrouge.fr\\\/wp-content\\\/uploads\\\/2025\\\/05\\\/IMG_2570.jpg\",\"datePublished\":\"2025-05-03T14:38:27+00:00\",\"dateModified\":\"2025-08-04T15:13:23+00:00\",\"description\":\"Fagales, Fagaceae, Fagus sylvatica\",\"breadcrumb\":{\"@id\":\"https:\\\/\\\/lecompagnonrouge.fr\\\/?p=9657#breadcrumb\"},\"inLanguage\":\"fr-BE\",\"potentialAction\":[{\"@type\":\"ReadAction\",\"target\":[\"https:\\\/\\\/lecompagnonrouge.fr\\\/?p=9657\"]}]},{\"@type\":\"ImageObject\",\"inLanguage\":\"fr-BE\",\"@id\":\"https:\\\/\\\/lecompagnonrouge.fr\\\/?p=9657#primaryimage\",\"url\":\"https:\\\/\\\/lecompagnonrouge.fr\\\/wp-content\\\/uploads\\\/2025\\\/05\\\/IMG_2570.jpg\",\"contentUrl\":\"https:\\\/\\\/lecompagnonrouge.fr\\\/wp-content\\\/uploads\\\/2025\\\/05\\\/IMG_2570.jpg\",\"width\":850,\"height\":567,\"caption\":\"Fagus sylvatica\"},{\"@type\":\"BreadcrumbList\",\"@id\":\"https:\\\/\\\/lecompagnonrouge.fr\\\/?p=9657#breadcrumb\",\"itemListElement\":[{\"@type\":\"ListItem\",\"position\":1,\"name\":\"Accueil\",\"item\":\"https:\\\/\\\/lecompagnonrouge.fr\\\/\"},{\"@type\":\"ListItem\",\"position\":2,\"name\":\"Fagus sylvatica. H\u00eatre\"}]},{\"@type\":\"WebSite\",\"@id\":\"https:\\\/\\\/lecompagnonrouge.fr\\\/#website\",\"url\":\"https:\\\/\\\/lecompagnonrouge.fr\\\/\",\"name\":\"Le Compagnon rouge\",\"description\":\"M\u00e9morandum.\",\"publisher\":{\"@id\":\"https:\\\/\\\/lecompagnonrouge.fr\\\/#\\\/schema\\\/person\\\/0025018a342b92eacca6f1e4c968a154\"},\"potentialAction\":[{\"@type\":\"SearchAction\",\"target\":{\"@type\":\"EntryPoint\",\"urlTemplate\":\"https:\\\/\\\/lecompagnonrouge.fr\\\/?s={search_term_string}\"},\"query-input\":{\"@type\":\"PropertyValueSpecification\",\"valueRequired\":true,\"valueName\":\"search_term_string\"}}],\"inLanguage\":\"fr-BE\"},{\"@type\":[\"Person\",\"Organization\"],\"@id\":\"https:\\\/\\\/lecompagnonrouge.fr\\\/#\\\/schema\\\/person\\\/0025018a342b92eacca6f1e4c968a154\",\"name\":\"R1\",\"image\":{\"@type\":\"ImageObject\",\"inLanguage\":\"fr-BE\",\"@id\":\"https:\\\/\\\/lecompagnonrouge.fr\\\/wp-content\\\/uploads\\\/2022\\\/03\\\/identit.jpg\",\"url\":\"https:\\\/\\\/lecompagnonrouge.fr\\\/wp-content\\\/uploads\\\/2022\\\/03\\\/identit.jpg\",\"contentUrl\":\"https:\\\/\\\/lecompagnonrouge.fr\\\/wp-content\\\/uploads\\\/2022\\\/03\\\/identit.jpg\",\"width\":425,\"height\":545,\"caption\":\"R1\"},\"logo\":{\"@id\":\"https:\\\/\\\/lecompagnonrouge.fr\\\/wp-content\\\/uploads\\\/2022\\\/03\\\/identit.jpg\"},\"sameAs\":[\"http:\\\/\\\/lecompagnonrouge.fr\"],\"url\":\"https:\\\/\\\/lecompagnonrouge.fr\\\/?author=1\"}]}<\/script>\n<!-- \/ Yoast SEO plugin. -->","yoast_head_json":{"title":"Fagus sylvatica. H\u00eatre - Le Compagnon rouge","description":"Fagales, Fagaceae, Fagus sylvatica","robots":{"index":"index","follow":"follow","max-snippet":"max-snippet:-1","max-image-preview":"max-image-preview:large","max-video-preview":"max-video-preview:-1"},"canonical":"https:\/\/lecompagnonrouge.fr\/?p=9657","og_locale":"fr_FR","og_type":"article","og_title":"Fagus sylvatica. H\u00eatre - Le Compagnon rouge","og_description":"Fagales, Fagaceae, Fagus sylvatica","og_url":"https:\/\/lecompagnonrouge.fr\/?p=9657","og_site_name":"Le Compagnon rouge","article_published_time":"2025-05-03T14:38:27+00:00","article_modified_time":"2025-08-04T15:13:23+00:00","og_image":[{"width":850,"height":567,"url":"https:\/\/lecompagnonrouge.fr\/wp-content\/uploads\/2025\/05\/IMG_2570.jpg","type":"image\/jpeg"}],"author":"R1","twitter_card":"summary_large_image","twitter_misc":{"\u00c9crit par":"R1","Dur\u00e9e de lecture est.":"3 minutes"},"schema":{"@context":"https:\/\/schema.org","@graph":[{"@type":"Article","@id":"https:\/\/lecompagnonrouge.fr\/?p=9657#article","isPartOf":{"@id":"https:\/\/lecompagnonrouge.fr\/?p=9657"},"author":{"name":"R1","@id":"https:\/\/lecompagnonrouge.fr\/#\/schema\/person\/0025018a342b92eacca6f1e4c968a154"},"headline":"Fagus sylvatica. H\u00eatre","datePublished":"2025-05-03T14:38:27+00:00","dateModified":"2025-08-04T15:13:23+00:00","mainEntityOfPage":{"@id":"https:\/\/lecompagnonrouge.fr\/?p=9657"},"wordCount":432,"publisher":{"@id":"https:\/\/lecompagnonrouge.fr\/#\/schema\/person\/0025018a342b92eacca6f1e4c968a154"},"image":{"@id":"https:\/\/lecompagnonrouge.fr\/?p=9657#primaryimage"},"thumbnailUrl":"https:\/\/lecompagnonrouge.fr\/wp-content\/uploads\/2025\/05\/IMG_2570.jpg","keywords":["Faux","Fayard","H\u00eatre"],"articleSection":["Fagaceae","Fagus sylvatica"],"inLanguage":"fr-BE"},{"@type":"WebPage","@id":"https:\/\/lecompagnonrouge.fr\/?p=9657","url":"https:\/\/lecompagnonrouge.fr\/?p=9657","name":"Fagus sylvatica. H\u00eatre - Le Compagnon rouge","isPartOf":{"@id":"https:\/\/lecompagnonrouge.fr\/#website"},"primaryImageOfPage":{"@id":"https:\/\/lecompagnonrouge.fr\/?p=9657#primaryimage"},"image":{"@id":"https:\/\/lecompagnonrouge.fr\/?p=9657#primaryimage"},"thumbnailUrl":"https:\/\/lecompagnonrouge.fr\/wp-content\/uploads\/2025\/05\/IMG_2570.jpg","datePublished":"2025-05-03T14:38:27+00:00","dateModified":"2025-08-04T15:13:23+00:00","description":"Fagales, Fagaceae, Fagus sylvatica","breadcrumb":{"@id":"https:\/\/lecompagnonrouge.fr\/?p=9657#breadcrumb"},"inLanguage":"fr-BE","potentialAction":[{"@type":"ReadAction","target":["https:\/\/lecompagnonrouge.fr\/?p=9657"]}]},{"@type":"ImageObject","inLanguage":"fr-BE","@id":"https:\/\/lecompagnonrouge.fr\/?p=9657#primaryimage","url":"https:\/\/lecompagnonrouge.fr\/wp-content\/uploads\/2025\/05\/IMG_2570.jpg","contentUrl":"https:\/\/lecompagnonrouge.fr\/wp-content\/uploads\/2025\/05\/IMG_2570.jpg","width":850,"height":567,"caption":"Fagus sylvatica"},{"@type":"BreadcrumbList","@id":"https:\/\/lecompagnonrouge.fr\/?p=9657#breadcrumb","itemListElement":[{"@type":"ListItem","position":1,"name":"Accueil","item":"https:\/\/lecompagnonrouge.fr\/"},{"@type":"ListItem","position":2,"name":"Fagus sylvatica. H\u00eatre"}]},{"@type":"WebSite","@id":"https:\/\/lecompagnonrouge.fr\/#website","url":"https:\/\/lecompagnonrouge.fr\/","name":"Le Compagnon rouge","description":"M\u00e9morandum.","publisher":{"@id":"https:\/\/lecompagnonrouge.fr\/#\/schema\/person\/0025018a342b92eacca6f1e4c968a154"},"potentialAction":[{"@type":"SearchAction","target":{"@type":"EntryPoint","urlTemplate":"https:\/\/lecompagnonrouge.fr\/?s={search_term_string}"},"query-input":{"@type":"PropertyValueSpecification","valueRequired":true,"valueName":"search_term_string"}}],"inLanguage":"fr-BE"},{"@type":["Person","Organization"],"@id":"https:\/\/lecompagnonrouge.fr\/#\/schema\/person\/0025018a342b92eacca6f1e4c968a154","name":"R1","image":{"@type":"ImageObject","inLanguage":"fr-BE","@id":"https:\/\/lecompagnonrouge.fr\/wp-content\/uploads\/2022\/03\/identit.jpg","url":"https:\/\/lecompagnonrouge.fr\/wp-content\/uploads\/2022\/03\/identit.jpg","contentUrl":"https:\/\/lecompagnonrouge.fr\/wp-content\/uploads\/2022\/03\/identit.jpg","width":425,"height":545,"caption":"R1"},"logo":{"@id":"https:\/\/lecompagnonrouge.fr\/wp-content\/uploads\/2022\/03\/identit.jpg"},"sameAs":["http:\/\/lecompagnonrouge.fr"],"url":"https:\/\/lecompagnonrouge.fr\/?author=1"}]}},"_links":{"self":[{"href":"https:\/\/lecompagnonrouge.fr\/index.php?rest_route=\/wp\/v2\/posts\/9657","targetHints":{"allow":["GET"]}}],"collection":[{"href":"https:\/\/lecompagnonrouge.fr\/index.php?rest_route=\/wp\/v2\/posts"}],"about":[{"href":"https:\/\/lecompagnonrouge.fr\/index.php?rest_route=\/wp\/v2\/types\/post"}],"author":[{"embeddable":true,"href":"https:\/\/lecompagnonrouge.fr\/index.php?rest_route=\/wp\/v2\/users\/1"}],"replies":[{"embeddable":true,"href":"https:\/\/lecompagnonrouge.fr\/index.php?rest_route=%2Fwp%2Fv2%2Fcomments&post=9657"}],"version-history":[{"count":7,"href":"https:\/\/lecompagnonrouge.fr\/index.php?rest_route=\/wp\/v2\/posts\/9657\/revisions"}],"predecessor-version":[{"id":10763,"href":"https:\/\/lecompagnonrouge.fr\/index.php?rest_route=\/wp\/v2\/posts\/9657\/revisions\/10763"}],"wp:featuredmedia":[{"embeddable":true,"href":"https:\/\/lecompagnonrouge.fr\/index.php?rest_route=\/wp\/v2\/media\/9659"}],"wp:attachment":[{"href":"https:\/\/lecompagnonrouge.fr\/index.php?rest_route=%2Fwp%2Fv2%2Fmedia&parent=9657"}],"wp:term":[{"taxonomy":"category","embeddable":true,"href":"https:\/\/lecompagnonrouge.fr\/index.php?rest_route=%2Fwp%2Fv2%2Fcategories&post=9657"},{"taxonomy":"post_tag","embeddable":true,"href":"https:\/\/lecompagnonrouge.fr\/index.php?rest_route=%2Fwp%2Fv2%2Ftags&post=9657"}],"curies":[{"name":"wp","href":"https:\/\/api.w.org\/{rel}","templated":true}]}}