{"id":9646,"date":"2025-05-03T14:51:15","date_gmt":"2025-05-03T12:51:15","guid":{"rendered":"https:\/\/lecompagnonrouge.fr\/?p=9646"},"modified":"2025-08-04T17:24:41","modified_gmt":"2025-08-04T15:24:41","slug":"carex-remota-laiche-a-epis-espaces","status":"publish","type":"post","link":"https:\/\/lecompagnonrouge.fr\/?p=9646","title":{"rendered":"Carex remota. La\u00eeche \u00e0 \u00e9pis espac\u00e9s."},"content":{"rendered":"\n<p class=\"has-medium-font-size\">Carex remota est tr\u00e8s <a href=\"https:\/\/lecompagnonrouge.fr\/?page_id=8669#cespiteux\">cespiteuse<\/a> et pr\u00e9sente des \u00e9pis bien espac\u00e9s. Elle se distingue des autres esp\u00e8ces \u00e0 \u00e9pis espac\u00e9s par la longue <a href=\"https:\/\/lecompagnonrouge.fr\/?page_id=8669#bract\u00e9e\">bract\u00e9es<\/a> inf\u00e9rieure d\u00e9passant l&rsquo;inflorescence.<\/p>\n\n\n\n<p class=\"has-medium-font-size\">Fleurs m\u00e2les en positions inf\u00e9rieures des \u00e9pis et r\u00e9duites aux \u00e9tamines<\/p>\n\n\n\n<figure class=\"wp-block-image size-full\"><img loading=\"lazy\" decoding=\"async\" width=\"850\" height=\"567\" src=\"https:\/\/lecompagnonrouge.fr\/wp-content\/uploads\/2025\/05\/IMG_2543.jpg\" alt=\"\" class=\"wp-image-9649\" srcset=\"https:\/\/lecompagnonrouge.fr\/wp-content\/uploads\/2025\/05\/IMG_2543.jpg 850w, https:\/\/lecompagnonrouge.fr\/wp-content\/uploads\/2025\/05\/IMG_2543-300x200.jpg 300w, https:\/\/lecompagnonrouge.fr\/wp-content\/uploads\/2025\/05\/IMG_2543-768x512.jpg 768w\" sizes=\"auto, (max-width: 850px) 100vw, 850px\" \/><\/figure>\n\n\n\n<figure class=\"wp-block-image size-full\"><img loading=\"lazy\" decoding=\"async\" width=\"850\" height=\"567\" src=\"https:\/\/lecompagnonrouge.fr\/wp-content\/uploads\/2025\/05\/IMG_2545.jpg\" alt=\"Carex remota, \u00e9pis et longue bract\u00e9e\" class=\"wp-image-9650\" srcset=\"https:\/\/lecompagnonrouge.fr\/wp-content\/uploads\/2025\/05\/IMG_2545.jpg 850w, https:\/\/lecompagnonrouge.fr\/wp-content\/uploads\/2025\/05\/IMG_2545-300x200.jpg 300w, https:\/\/lecompagnonrouge.fr\/wp-content\/uploads\/2025\/05\/IMG_2545-768x512.jpg 768w\" sizes=\"auto, (max-width: 850px) 100vw, 850px\" \/><\/figure>\n\n\n\n<p><\/p>\n\n\n\n<p class=\"has-medium-font-size\">Europ\u00e9enne et caucasienne.<\/p>\n\n\n\n<p class=\"has-small-font-size\"><a href=\"https:\/\/lecompagnonrouge.fr\/?s=poales\">Poales<\/a>&gt;<a href=\"https:\/\/lecompagnonrouge.fr\/?s=Cyperaceae\">Cyperaceae<\/a>&gt;<a href=\"https:\/\/lecompagnonrouge.fr\/?s=Carex\">Carex<\/a>&nbsp;remota<\/p>\n\n\n\n<p class=\"has-medium-font-size\"><mark style=\"background-color:rgba(0, 0, 0, 0)\" class=\"has-inline-color has-vivid-red-color\">Esp\u00e8ce r\u00e9glement\u00e9e en r\u00e9gion PACA (consult\u00e9 le 02\/05\/2025)<\/mark><\/p>\n\n\n\n<p class=\"has-medium-font-size\">La plante est de sous bois frais, des bords de cours d&rsquo;eaux, et sources.<\/p>\n\n\n\n<p class=\"has-medium-font-size\"><\/p>\n\n\n\n<p class=\"has-medium-font-size\">H\u00e9micryptophytaies des sources acidophiles, sciaphiles. Caricion remotae K\u00e4stner 1942<\/p>\n\n\n\n<p>Ici, en bords de Seine sous une frondaison. Parc de l&rsquo;\u00cele Saint-Denis. La g\u00e9ologie de ce parc (selon les couches harmonis\u00e9es du site BRGM infoterre) pr\u00e9sente du sable de Beauchamps et du sable du val d\u2019Oise (ou d\u2019Auvers), coup\u00e9e d\u2019une large langue de calcaire de Saint-Ouen. Ici en bordure du petit bras de la Seine. Sable de Beauchamps en sous sols.<\/p>\n","protected":false},"excerpt":{"rendered":"<p>Carex remota est tr\u00e8s cespiteuse et pr\u00e9sente des \u00e9pis bien espac\u00e9s. Elle se distingue des autres esp\u00e8ces \u00e0 \u00e9pis espac\u00e9s par la longue bract\u00e9es inf\u00e9rieure d\u00e9passant l&rsquo;inflorescence. Fleurs m\u00e2les en positions inf\u00e9rieures des \u00e9pis et r\u00e9duites aux \u00e9tamines Europ\u00e9enne et caucasienne. Poales&gt;Cyperaceae&gt;Carex&nbsp;remota Esp\u00e8ce r\u00e9glement\u00e9e en r\u00e9gion PACA (consult\u00e9 le 02\/05\/2025) La plante est de sous&#8230;<\/p>\n","protected":false},"author":1,"featured_media":9647,"comment_status":"closed","ping_status":"open","sticky":false,"template":"","format":"standard","meta":{"footnotes":""},"categories":[1147,542],"tags":[1146],"class_list":["post-9646","post","type-post","status-publish","format-standard","has-post-thumbnail","hentry","category-carex-remota","category-cyperaceae","tag-laiche-a-epis-espaces"],"yoast_head":"<!-- This site is optimized with the Yoast SEO plugin v27.4 - https:\/\/yoast.com\/product\/yoast-seo-wordpress\/ -->\n<title>Carex remota. La\u00eeche \u00e0 \u00e9pis espac\u00e9s. - Le Compagnon rouge<\/title>\n<meta name=\"description\" content=\"Poales&gt;Cyperaceae&gt;Carex remota\" \/>\n<meta name=\"robots\" content=\"index, follow, max-snippet:-1, max-image-preview:large, max-video-preview:-1\" \/>\n<link rel=\"canonical\" href=\"https:\/\/lecompagnonrouge.fr\/?p=9646\" \/>\n<meta property=\"og:locale\" content=\"fr_FR\" \/>\n<meta property=\"og:type\" content=\"article\" \/>\n<meta property=\"og:title\" content=\"Carex remota. La\u00eeche \u00e0 \u00e9pis espac\u00e9s. - Le Compagnon rouge\" \/>\n<meta property=\"og:description\" content=\"Poales&gt;Cyperaceae&gt;Carex remota\" \/>\n<meta property=\"og:url\" content=\"https:\/\/lecompagnonrouge.fr\/?p=9646\" \/>\n<meta property=\"og:site_name\" content=\"Le Compagnon rouge\" \/>\n<meta property=\"article:published_time\" content=\"2025-05-03T12:51:15+00:00\" \/>\n<meta property=\"article:modified_time\" content=\"2025-08-04T15:24:41+00:00\" \/>\n<meta property=\"og:image\" content=\"https:\/\/lecompagnonrouge.fr\/wp-content\/uploads\/2025\/05\/IMG_2546.jpg\" \/>\n\t<meta property=\"og:image:width\" content=\"850\" \/>\n\t<meta property=\"og:image:height\" content=\"567\" \/>\n\t<meta property=\"og:image:type\" content=\"image\/jpeg\" \/>\n<meta name=\"author\" content=\"R1\" \/>\n<meta name=\"twitter:card\" content=\"summary_large_image\" \/>\n<meta name=\"twitter:label1\" content=\"\u00c9crit par\" \/>\n\t<meta name=\"twitter:data1\" content=\"R1\" \/>\n\t<meta name=\"twitter:label2\" content=\"Dur\u00e9e de lecture est.\" \/>\n\t<meta name=\"twitter:data2\" content=\"2 minutes\" \/>\n<script type=\"application\/ld+json\" class=\"yoast-schema-graph\">{\"@context\":\"https:\\\/\\\/schema.org\",\"@graph\":[{\"@type\":\"Article\",\"@id\":\"https:\\\/\\\/lecompagnonrouge.fr\\\/?p=9646#article\",\"isPartOf\":{\"@id\":\"https:\\\/\\\/lecompagnonrouge.fr\\\/?p=9646\"},\"author\":{\"name\":\"R1\",\"@id\":\"https:\\\/\\\/lecompagnonrouge.fr\\\/#\\\/schema\\\/person\\\/0025018a342b92eacca6f1e4c968a154\"},\"headline\":\"Carex remota. La\u00eeche \u00e0 \u00e9pis espac\u00e9s.\",\"datePublished\":\"2025-05-03T12:51:15+00:00\",\"dateModified\":\"2025-08-04T15:24:41+00:00\",\"mainEntityOfPage\":{\"@id\":\"https:\\\/\\\/lecompagnonrouge.fr\\\/?p=9646\"},\"wordCount\":172,\"publisher\":{\"@id\":\"https:\\\/\\\/lecompagnonrouge.fr\\\/#\\\/schema\\\/person\\\/0025018a342b92eacca6f1e4c968a154\"},\"image\":{\"@id\":\"https:\\\/\\\/lecompagnonrouge.fr\\\/?p=9646#primaryimage\"},\"thumbnailUrl\":\"https:\\\/\\\/lecompagnonrouge.fr\\\/wp-content\\\/uploads\\\/2025\\\/05\\\/IMG_2546.jpg\",\"keywords\":[\"La\u00eeche \u00e0 \u00e9pis espac\u00e9s\"],\"articleSection\":[\"Carex remota\",\"Cyperaceae\"],\"inLanguage\":\"fr-BE\"},{\"@type\":\"WebPage\",\"@id\":\"https:\\\/\\\/lecompagnonrouge.fr\\\/?p=9646\",\"url\":\"https:\\\/\\\/lecompagnonrouge.fr\\\/?p=9646\",\"name\":\"Carex remota. La\u00eeche \u00e0 \u00e9pis espac\u00e9s. - Le Compagnon rouge\",\"isPartOf\":{\"@id\":\"https:\\\/\\\/lecompagnonrouge.fr\\\/#website\"},\"primaryImageOfPage\":{\"@id\":\"https:\\\/\\\/lecompagnonrouge.fr\\\/?p=9646#primaryimage\"},\"image\":{\"@id\":\"https:\\\/\\\/lecompagnonrouge.fr\\\/?p=9646#primaryimage\"},\"thumbnailUrl\":\"https:\\\/\\\/lecompagnonrouge.fr\\\/wp-content\\\/uploads\\\/2025\\\/05\\\/IMG_2546.jpg\",\"datePublished\":\"2025-05-03T12:51:15+00:00\",\"dateModified\":\"2025-08-04T15:24:41+00:00\",\"description\":\"Poales>Cyperaceae>Carex remota\",\"breadcrumb\":{\"@id\":\"https:\\\/\\\/lecompagnonrouge.fr\\\/?p=9646#breadcrumb\"},\"inLanguage\":\"fr-BE\",\"potentialAction\":[{\"@type\":\"ReadAction\",\"target\":[\"https:\\\/\\\/lecompagnonrouge.fr\\\/?p=9646\"]}]},{\"@type\":\"ImageObject\",\"inLanguage\":\"fr-BE\",\"@id\":\"https:\\\/\\\/lecompagnonrouge.fr\\\/?p=9646#primaryimage\",\"url\":\"https:\\\/\\\/lecompagnonrouge.fr\\\/wp-content\\\/uploads\\\/2025\\\/05\\\/IMG_2546.jpg\",\"contentUrl\":\"https:\\\/\\\/lecompagnonrouge.fr\\\/wp-content\\\/uploads\\\/2025\\\/05\\\/IMG_2546.jpg\",\"width\":850,\"height\":567,\"caption\":\"Carex remota\"},{\"@type\":\"BreadcrumbList\",\"@id\":\"https:\\\/\\\/lecompagnonrouge.fr\\\/?p=9646#breadcrumb\",\"itemListElement\":[{\"@type\":\"ListItem\",\"position\":1,\"name\":\"Accueil\",\"item\":\"https:\\\/\\\/lecompagnonrouge.fr\\\/\"},{\"@type\":\"ListItem\",\"position\":2,\"name\":\"Carex remota. La\u00eeche \u00e0 \u00e9pis espac\u00e9s.\"}]},{\"@type\":\"WebSite\",\"@id\":\"https:\\\/\\\/lecompagnonrouge.fr\\\/#website\",\"url\":\"https:\\\/\\\/lecompagnonrouge.fr\\\/\",\"name\":\"Le Compagnon rouge\",\"description\":\"M\u00e9morandum.\",\"publisher\":{\"@id\":\"https:\\\/\\\/lecompagnonrouge.fr\\\/#\\\/schema\\\/person\\\/0025018a342b92eacca6f1e4c968a154\"},\"potentialAction\":[{\"@type\":\"SearchAction\",\"target\":{\"@type\":\"EntryPoint\",\"urlTemplate\":\"https:\\\/\\\/lecompagnonrouge.fr\\\/?s={search_term_string}\"},\"query-input\":{\"@type\":\"PropertyValueSpecification\",\"valueRequired\":true,\"valueName\":\"search_term_string\"}}],\"inLanguage\":\"fr-BE\"},{\"@type\":[\"Person\",\"Organization\"],\"@id\":\"https:\\\/\\\/lecompagnonrouge.fr\\\/#\\\/schema\\\/person\\\/0025018a342b92eacca6f1e4c968a154\",\"name\":\"R1\",\"image\":{\"@type\":\"ImageObject\",\"inLanguage\":\"fr-BE\",\"@id\":\"https:\\\/\\\/lecompagnonrouge.fr\\\/wp-content\\\/uploads\\\/2022\\\/03\\\/identit.jpg\",\"url\":\"https:\\\/\\\/lecompagnonrouge.fr\\\/wp-content\\\/uploads\\\/2022\\\/03\\\/identit.jpg\",\"contentUrl\":\"https:\\\/\\\/lecompagnonrouge.fr\\\/wp-content\\\/uploads\\\/2022\\\/03\\\/identit.jpg\",\"width\":425,\"height\":545,\"caption\":\"R1\"},\"logo\":{\"@id\":\"https:\\\/\\\/lecompagnonrouge.fr\\\/wp-content\\\/uploads\\\/2022\\\/03\\\/identit.jpg\"},\"sameAs\":[\"http:\\\/\\\/lecompagnonrouge.fr\"],\"url\":\"https:\\\/\\\/lecompagnonrouge.fr\\\/?author=1\"}]}<\/script>\n<!-- \/ Yoast SEO plugin. -->","yoast_head_json":{"title":"Carex remota. La\u00eeche \u00e0 \u00e9pis espac\u00e9s. - Le Compagnon rouge","description":"Poales>Cyperaceae>Carex remota","robots":{"index":"index","follow":"follow","max-snippet":"max-snippet:-1","max-image-preview":"max-image-preview:large","max-video-preview":"max-video-preview:-1"},"canonical":"https:\/\/lecompagnonrouge.fr\/?p=9646","og_locale":"fr_FR","og_type":"article","og_title":"Carex remota. La\u00eeche \u00e0 \u00e9pis espac\u00e9s. - Le Compagnon rouge","og_description":"Poales>Cyperaceae>Carex remota","og_url":"https:\/\/lecompagnonrouge.fr\/?p=9646","og_site_name":"Le Compagnon rouge","article_published_time":"2025-05-03T12:51:15+00:00","article_modified_time":"2025-08-04T15:24:41+00:00","og_image":[{"width":850,"height":567,"url":"https:\/\/lecompagnonrouge.fr\/wp-content\/uploads\/2025\/05\/IMG_2546.jpg","type":"image\/jpeg"}],"author":"R1","twitter_card":"summary_large_image","twitter_misc":{"\u00c9crit par":"R1","Dur\u00e9e de lecture est.":"2 minutes"},"schema":{"@context":"https:\/\/schema.org","@graph":[{"@type":"Article","@id":"https:\/\/lecompagnonrouge.fr\/?p=9646#article","isPartOf":{"@id":"https:\/\/lecompagnonrouge.fr\/?p=9646"},"author":{"name":"R1","@id":"https:\/\/lecompagnonrouge.fr\/#\/schema\/person\/0025018a342b92eacca6f1e4c968a154"},"headline":"Carex remota. La\u00eeche \u00e0 \u00e9pis espac\u00e9s.","datePublished":"2025-05-03T12:51:15+00:00","dateModified":"2025-08-04T15:24:41+00:00","mainEntityOfPage":{"@id":"https:\/\/lecompagnonrouge.fr\/?p=9646"},"wordCount":172,"publisher":{"@id":"https:\/\/lecompagnonrouge.fr\/#\/schema\/person\/0025018a342b92eacca6f1e4c968a154"},"image":{"@id":"https:\/\/lecompagnonrouge.fr\/?p=9646#primaryimage"},"thumbnailUrl":"https:\/\/lecompagnonrouge.fr\/wp-content\/uploads\/2025\/05\/IMG_2546.jpg","keywords":["La\u00eeche \u00e0 \u00e9pis espac\u00e9s"],"articleSection":["Carex remota","Cyperaceae"],"inLanguage":"fr-BE"},{"@type":"WebPage","@id":"https:\/\/lecompagnonrouge.fr\/?p=9646","url":"https:\/\/lecompagnonrouge.fr\/?p=9646","name":"Carex remota. La\u00eeche \u00e0 \u00e9pis espac\u00e9s. - Le Compagnon rouge","isPartOf":{"@id":"https:\/\/lecompagnonrouge.fr\/#website"},"primaryImageOfPage":{"@id":"https:\/\/lecompagnonrouge.fr\/?p=9646#primaryimage"},"image":{"@id":"https:\/\/lecompagnonrouge.fr\/?p=9646#primaryimage"},"thumbnailUrl":"https:\/\/lecompagnonrouge.fr\/wp-content\/uploads\/2025\/05\/IMG_2546.jpg","datePublished":"2025-05-03T12:51:15+00:00","dateModified":"2025-08-04T15:24:41+00:00","description":"Poales>Cyperaceae>Carex remota","breadcrumb":{"@id":"https:\/\/lecompagnonrouge.fr\/?p=9646#breadcrumb"},"inLanguage":"fr-BE","potentialAction":[{"@type":"ReadAction","target":["https:\/\/lecompagnonrouge.fr\/?p=9646"]}]},{"@type":"ImageObject","inLanguage":"fr-BE","@id":"https:\/\/lecompagnonrouge.fr\/?p=9646#primaryimage","url":"https:\/\/lecompagnonrouge.fr\/wp-content\/uploads\/2025\/05\/IMG_2546.jpg","contentUrl":"https:\/\/lecompagnonrouge.fr\/wp-content\/uploads\/2025\/05\/IMG_2546.jpg","width":850,"height":567,"caption":"Carex remota"},{"@type":"BreadcrumbList","@id":"https:\/\/lecompagnonrouge.fr\/?p=9646#breadcrumb","itemListElement":[{"@type":"ListItem","position":1,"name":"Accueil","item":"https:\/\/lecompagnonrouge.fr\/"},{"@type":"ListItem","position":2,"name":"Carex remota. La\u00eeche \u00e0 \u00e9pis espac\u00e9s."}]},{"@type":"WebSite","@id":"https:\/\/lecompagnonrouge.fr\/#website","url":"https:\/\/lecompagnonrouge.fr\/","name":"Le Compagnon rouge","description":"M\u00e9morandum.","publisher":{"@id":"https:\/\/lecompagnonrouge.fr\/#\/schema\/person\/0025018a342b92eacca6f1e4c968a154"},"potentialAction":[{"@type":"SearchAction","target":{"@type":"EntryPoint","urlTemplate":"https:\/\/lecompagnonrouge.fr\/?s={search_term_string}"},"query-input":{"@type":"PropertyValueSpecification","valueRequired":true,"valueName":"search_term_string"}}],"inLanguage":"fr-BE"},{"@type":["Person","Organization"],"@id":"https:\/\/lecompagnonrouge.fr\/#\/schema\/person\/0025018a342b92eacca6f1e4c968a154","name":"R1","image":{"@type":"ImageObject","inLanguage":"fr-BE","@id":"https:\/\/lecompagnonrouge.fr\/wp-content\/uploads\/2022\/03\/identit.jpg","url":"https:\/\/lecompagnonrouge.fr\/wp-content\/uploads\/2022\/03\/identit.jpg","contentUrl":"https:\/\/lecompagnonrouge.fr\/wp-content\/uploads\/2022\/03\/identit.jpg","width":425,"height":545,"caption":"R1"},"logo":{"@id":"https:\/\/lecompagnonrouge.fr\/wp-content\/uploads\/2022\/03\/identit.jpg"},"sameAs":["http:\/\/lecompagnonrouge.fr"],"url":"https:\/\/lecompagnonrouge.fr\/?author=1"}]}},"_links":{"self":[{"href":"https:\/\/lecompagnonrouge.fr\/index.php?rest_route=\/wp\/v2\/posts\/9646","targetHints":{"allow":["GET"]}}],"collection":[{"href":"https:\/\/lecompagnonrouge.fr\/index.php?rest_route=\/wp\/v2\/posts"}],"about":[{"href":"https:\/\/lecompagnonrouge.fr\/index.php?rest_route=\/wp\/v2\/types\/post"}],"author":[{"embeddable":true,"href":"https:\/\/lecompagnonrouge.fr\/index.php?rest_route=\/wp\/v2\/users\/1"}],"replies":[{"embeddable":true,"href":"https:\/\/lecompagnonrouge.fr\/index.php?rest_route=%2Fwp%2Fv2%2Fcomments&post=9646"}],"version-history":[{"count":5,"href":"https:\/\/lecompagnonrouge.fr\/index.php?rest_route=\/wp\/v2\/posts\/9646\/revisions"}],"predecessor-version":[{"id":10770,"href":"https:\/\/lecompagnonrouge.fr\/index.php?rest_route=\/wp\/v2\/posts\/9646\/revisions\/10770"}],"wp:featuredmedia":[{"embeddable":true,"href":"https:\/\/lecompagnonrouge.fr\/index.php?rest_route=\/wp\/v2\/media\/9647"}],"wp:attachment":[{"href":"https:\/\/lecompagnonrouge.fr\/index.php?rest_route=%2Fwp%2Fv2%2Fmedia&parent=9646"}],"wp:term":[{"taxonomy":"category","embeddable":true,"href":"https:\/\/lecompagnonrouge.fr\/index.php?rest_route=%2Fwp%2Fv2%2Fcategories&post=9646"},{"taxonomy":"post_tag","embeddable":true,"href":"https:\/\/lecompagnonrouge.fr\/index.php?rest_route=%2Fwp%2Fv2%2Ftags&post=9646"}],"curies":[{"name":"wp","href":"https:\/\/api.w.org\/{rel}","templated":true}]}}