{"id":9578,"date":"2025-04-27T15:40:35","date_gmt":"2025-04-27T13:40:35","guid":{"rendered":"https:\/\/lecompagnonrouge.fr\/?p=9578"},"modified":"2025-08-04T17:19:24","modified_gmt":"2025-08-04T15:19:24","slug":"alnus-glutinosa-vergne","status":"publish","type":"post","link":"https:\/\/lecompagnonrouge.fr\/?p=9578","title":{"rendered":"Alnus glutinosa. Vergne"},"content":{"rendered":"\n<p class=\"has-medium-font-size\">Les aulnes se reconnaissent assez bien \u00e0 leurs fructifications \u00e9voquant des sortes de petites pommes de pins. Alnus glutinosa est assez facile \u00e0 identifier.<\/p>\n\n\n\n<p class=\"has-medium-font-size\">Il se distingue car ses feuilles sont obtuses ou m\u00eame <a href=\"https:\/\/lecompagnonrouge.fr\/?page_id=8669#\u00e9margin\u00e9\">\u00e9margin\u00e9es<\/a>. Si (en plus) les <a href=\"https:\/\/lecompagnonrouge.fr\/?page_id=8669#p\u00e9doncule\">p\u00e9doncules<\/a> de ses fruits sont longs &#8230; C&rsquo;est bien lui!!<\/p>\n\n\n\n<figure class=\"wp-block-image size-full\"><img loading=\"lazy\" decoding=\"async\" width=\"850\" height=\"567\" src=\"https:\/\/lecompagnonrouge.fr\/wp-content\/uploads\/2025\/04\/IMG_2540.jpg\" alt=\"Alnus glutinosa: feuille\" class=\"wp-image-9632\" srcset=\"https:\/\/lecompagnonrouge.fr\/wp-content\/uploads\/2025\/04\/IMG_2540.jpg 850w, https:\/\/lecompagnonrouge.fr\/wp-content\/uploads\/2025\/04\/IMG_2540-300x200.jpg 300w, https:\/\/lecompagnonrouge.fr\/wp-content\/uploads\/2025\/04\/IMG_2540-768x512.jpg 768w\" sizes=\"auto, (max-width: 850px) 100vw, 850px\" \/><\/figure>\n\n\n\n<figure class=\"wp-block-image size-full\"><img loading=\"lazy\" decoding=\"async\" width=\"850\" height=\"567\" src=\"https:\/\/lecompagnonrouge.fr\/wp-content\/uploads\/2025\/04\/IMG_2478.jpg\" alt=\"\" class=\"wp-image-9580\" srcset=\"https:\/\/lecompagnonrouge.fr\/wp-content\/uploads\/2025\/04\/IMG_2478.jpg 850w, https:\/\/lecompagnonrouge.fr\/wp-content\/uploads\/2025\/04\/IMG_2478-300x200.jpg 300w, https:\/\/lecompagnonrouge.fr\/wp-content\/uploads\/2025\/04\/IMG_2478-768x512.jpg 768w\" sizes=\"auto, (max-width: 850px) 100vw, 850px\" \/><\/figure>\n\n\n\n<p class=\"has-medium-font-size\">Risque de confusions n\u00e9anmoins possible avec des hybrides.<\/p>\n\n\n\n<p>MORPHOGENESE.<\/p>\n\n\n\n<p class=\"has-medium-font-size\">Arbre assez curieux sous nos climats &#8230; Il poss\u00e8de un tronc unique. Sa croissance est continue, en particulier l&rsquo;\u00e9mission des branches qui se trouvent alors dispos\u00e9es presque ici ou l\u00e0 &#8230; Ce qui n&rsquo;est pas sans lui donner un certain charme. <\/p>\n\n\n\n<p class=\"has-medium-font-size\">Les branches s&rsquo;orientent vers le haut (orthotropie). Lorsque les branches s&rsquo;orientent vers le haut, les branches secondaires partent du bas des branches primaires et s&rsquo;orientent vers le haut, et ainsi de suite. Si toutefois une branche secondaire part du haut d&rsquo;une branche primaire, elle formera ce qu&rsquo;on appelle au jardin un \u00ab\u00a0gourmand\u00a0\u00bb, et aura valeur d&rsquo;un tronc (avec le risque d&rsquo;aspiration d&rsquo;une grande partie de s\u00e8ve).<\/p>\n\n\n\n<p class=\"has-medium-font-size\">Ses fleurs et fruits n&rsquo;apparaissent pas en bout de rameaux mais sur les c\u00f4t\u00e9s. C&rsquo;est une forme tr\u00e8s cousine d&rsquo;une morphog\u00e9n\u00e8se tr\u00e8s courante car sans doute tr\u00e8s efficace, la morphologie en Rauh, laquelle est \u00e0 croissance rythmique. Ici, cette morphog\u00e9n\u00e8se est dite en Attims.<\/p>\n\n\n\n<figure class=\"wp-block-image size-full\"><img loading=\"lazy\" decoding=\"async\" width=\"850\" height=\"541\" src=\"https:\/\/lecompagnonrouge.fr\/wp-content\/uploads\/2025\/04\/IMG_2542.jpg\" alt=\"\" class=\"wp-image-9633\" srcset=\"https:\/\/lecompagnonrouge.fr\/wp-content\/uploads\/2025\/04\/IMG_2542.jpg 850w, https:\/\/lecompagnonrouge.fr\/wp-content\/uploads\/2025\/04\/IMG_2542-300x191.jpg 300w, https:\/\/lecompagnonrouge.fr\/wp-content\/uploads\/2025\/04\/IMG_2542-768x489.jpg 768w\" sizes=\"auto, (max-width: 850px) 100vw, 850px\" \/><\/figure>\n\n\n\n<p><\/p>\n\n\n\n<p><\/p>\n\n\n\n<h2 class=\"wp-block-heading has-medium-font-size\"><strong>Origine et taxonomie.<\/strong><\/h2>\n\n\n\n<p class=\"has-medium-font-size\">Pal\u00e9otemp\u00e9r\u00e9 (h\u00e9misph\u00e8re nord: Europe et Russie)<\/p>\n\n\n\n<p class=\"has-small-font-size\"><a href=\"https:\/\/lecompagnonrouge.fr\/?s=fagales\">Fagales<\/a>&gt;<a href=\"https:\/\/lecompagnonrouge.fr\/?s=Betulaceae\">Betulaceae<\/a>&gt;<a href=\"https:\/\/lecompagnonrouge.fr\/?s=alnus\">Alnus<\/a> glutinosa<\/p>\n\n\n\n<p class=\"has-medium-font-size\"><strong>Ecologie.<\/strong><\/p>\n\n\n\n<p class=\"has-medium-font-size\">Beaucoup de Betulaceae ont un pollen allerg\u00e8ne (au moins en r\u00e9action crois\u00e9e).<\/p>\n\n\n\n<p class=\"has-medium-font-size\">Arbre des bords des cours et plans d&rsquo;eau pour beaucoup.<\/p>\n\n\n\n<p class=\"has-medium-font-size\">La plante poss\u00e8de des sortes de grosses nodulations sur les racines qui lui permette une respiration dans un milieu trop anoxique, noy\u00e9, et o\u00f9 la nitrification est difficile. Une bact\u00e9rie du genre Frankia vit en symbiose avec les plantes du genre Alnus, ce qui lui permet un apport en azote.<\/p>\n\n\n\n<p class=\"has-medium-font-size\">N\u00e9anmoins, noter que Jean-Claude Rameau indique que ce bel arbre se trouve aussi en situation bien plus s\u00e8che (il lui donne un optimum m\u00e9sohygrophile) et indique son comportement pionnier.<\/p>\n\n\n\n<p class=\"has-medium-font-size\">Bois caducifoli\u00e9s hygrophiles \u00e0 amphibies. \u03c3A Fraxino excelsioris &#8211; Alnetalia glutinosae Julve 1993<\/p>\n\n\n\n<p class=\"has-medium-font-size\"><strong>Economie<\/strong><\/p>\n\n\n\n<p class=\"has-medium-font-size\">Son bois r\u00e9put\u00e9 difficilement putrescible si restant dans une humidit\u00e9 constante et suffisante, aurait servi \u00e0 confectionner des drains et tuyaux.<\/p>\n\n\n\n<p class=\"has-medium-font-size\">Ligneux fourrager.<\/p>\n\n\n\n<p>Foto ci \u00cele-Saint-Denis. La g\u00e9ologie de ce parc (selon les couches harmonis\u00e9es du site BRGM infoterre) pr\u00e9sente du sable de Beauchamps et du sable du val d\u2019Oise (ou d\u2019Auvers), coup\u00e9e d\u2019une large langue de calcaire de Saint-Ouen. Ici, en bordure du petit bras de la Seine: pour le sous-sol, des sables de Beauchamps, et des alluvions r\u00e9cent, tr\u00e8s certainement.<\/p>\n\n\n\n<figure class=\"wp-block-image size-full\"><img loading=\"lazy\" decoding=\"async\" width=\"850\" height=\"465\" src=\"https:\/\/lecompagnonrouge.fr\/wp-content\/uploads\/2025\/04\/IMG_2541.jpg\" alt=\"\" class=\"wp-image-9634\" srcset=\"https:\/\/lecompagnonrouge.fr\/wp-content\/uploads\/2025\/04\/IMG_2541.jpg 850w, https:\/\/lecompagnonrouge.fr\/wp-content\/uploads\/2025\/04\/IMG_2541-300x164.jpg 300w, https:\/\/lecompagnonrouge.fr\/wp-content\/uploads\/2025\/04\/IMG_2541-768x420.jpg 768w\" sizes=\"auto, (max-width: 850px) 100vw, 850px\" \/><\/figure>\n","protected":false},"excerpt":{"rendered":"<p>Les aulnes se reconnaissent assez bien \u00e0 leurs fructifications \u00e9voquant des sortes de petites pommes de pins. Alnus glutinosa est assez facile \u00e0 identifier. Il se distingue car ses feuilles sont obtuses ou m\u00eame \u00e9margin\u00e9es. Si (en plus) les p\u00e9doncules de ses fruits sont longs &#8230; C&rsquo;est bien lui!! Risque de confusions n\u00e9anmoins possible avec&#8230;<\/p>\n","protected":false},"author":1,"featured_media":9579,"comment_status":"closed","ping_status":"open","sticky":false,"template":"","format":"standard","meta":{"footnotes":""},"categories":[1145,652],"tags":[1144,1143,1142],"class_list":["post-9578","post","type-post","status-publish","format-standard","has-post-thumbnail","hentry","category-alnus-glutinosa","category-betulaceae","tag-aulne","tag-aulne-glutineux","tag-vergne"],"yoast_head":"<!-- This site is optimized with the Yoast SEO plugin v27.4 - https:\/\/yoast.com\/product\/yoast-seo-wordpress\/ -->\n<title>Alnus glutinosa. Vergne - Le Compagnon rouge<\/title>\n<meta name=\"description\" content=\"Fagales, Betulaceae, Alnus glutinosa\" \/>\n<meta name=\"robots\" content=\"index, follow, max-snippet:-1, max-image-preview:large, max-video-preview:-1\" \/>\n<link rel=\"canonical\" href=\"https:\/\/lecompagnonrouge.fr\/?p=9578\" \/>\n<meta property=\"og:locale\" content=\"fr_FR\" \/>\n<meta property=\"og:type\" content=\"article\" \/>\n<meta property=\"og:title\" content=\"Alnus glutinosa. Vergne - Le Compagnon rouge\" \/>\n<meta property=\"og:description\" content=\"Fagales, Betulaceae, Alnus glutinosa\" \/>\n<meta property=\"og:url\" content=\"https:\/\/lecompagnonrouge.fr\/?p=9578\" \/>\n<meta property=\"og:site_name\" content=\"Le Compagnon rouge\" \/>\n<meta property=\"article:published_time\" content=\"2025-04-27T13:40:35+00:00\" \/>\n<meta property=\"article:modified_time\" content=\"2025-08-04T15:19:24+00:00\" \/>\n<meta property=\"og:image\" content=\"https:\/\/lecompagnonrouge.fr\/wp-content\/uploads\/2025\/04\/IMG_2481.jpg\" \/>\n\t<meta property=\"og:image:width\" content=\"850\" \/>\n\t<meta property=\"og:image:height\" content=\"567\" \/>\n\t<meta property=\"og:image:type\" content=\"image\/jpeg\" \/>\n<meta name=\"author\" content=\"R1\" \/>\n<meta name=\"twitter:card\" content=\"summary_large_image\" \/>\n<meta name=\"twitter:label1\" content=\"\u00c9crit par\" \/>\n\t<meta name=\"twitter:data1\" content=\"R1\" \/>\n\t<meta name=\"twitter:label2\" content=\"Dur\u00e9e de lecture est.\" \/>\n\t<meta name=\"twitter:data2\" content=\"4 minutes\" \/>\n<script type=\"application\/ld+json\" class=\"yoast-schema-graph\">{\"@context\":\"https:\\\/\\\/schema.org\",\"@graph\":[{\"@type\":\"Article\",\"@id\":\"https:\\\/\\\/lecompagnonrouge.fr\\\/?p=9578#article\",\"isPartOf\":{\"@id\":\"https:\\\/\\\/lecompagnonrouge.fr\\\/?p=9578\"},\"author\":{\"name\":\"R1\",\"@id\":\"https:\\\/\\\/lecompagnonrouge.fr\\\/#\\\/schema\\\/person\\\/0025018a342b92eacca6f1e4c968a154\"},\"headline\":\"Alnus glutinosa. Vergne\",\"datePublished\":\"2025-04-27T13:40:35+00:00\",\"dateModified\":\"2025-08-04T15:19:24+00:00\",\"mainEntityOfPage\":{\"@id\":\"https:\\\/\\\/lecompagnonrouge.fr\\\/?p=9578\"},\"wordCount\":470,\"publisher\":{\"@id\":\"https:\\\/\\\/lecompagnonrouge.fr\\\/#\\\/schema\\\/person\\\/0025018a342b92eacca6f1e4c968a154\"},\"image\":{\"@id\":\"https:\\\/\\\/lecompagnonrouge.fr\\\/?p=9578#primaryimage\"},\"thumbnailUrl\":\"https:\\\/\\\/lecompagnonrouge.fr\\\/wp-content\\\/uploads\\\/2025\\\/04\\\/IMG_2481.jpg\",\"keywords\":[\"Aulne\",\"Aulne glutineux\",\"Vergne\"],\"articleSection\":[\"Alnus glutinosa\",\"Betulaceae\"],\"inLanguage\":\"fr-BE\"},{\"@type\":\"WebPage\",\"@id\":\"https:\\\/\\\/lecompagnonrouge.fr\\\/?p=9578\",\"url\":\"https:\\\/\\\/lecompagnonrouge.fr\\\/?p=9578\",\"name\":\"Alnus glutinosa. Vergne - Le Compagnon rouge\",\"isPartOf\":{\"@id\":\"https:\\\/\\\/lecompagnonrouge.fr\\\/#website\"},\"primaryImageOfPage\":{\"@id\":\"https:\\\/\\\/lecompagnonrouge.fr\\\/?p=9578#primaryimage\"},\"image\":{\"@id\":\"https:\\\/\\\/lecompagnonrouge.fr\\\/?p=9578#primaryimage\"},\"thumbnailUrl\":\"https:\\\/\\\/lecompagnonrouge.fr\\\/wp-content\\\/uploads\\\/2025\\\/04\\\/IMG_2481.jpg\",\"datePublished\":\"2025-04-27T13:40:35+00:00\",\"dateModified\":\"2025-08-04T15:19:24+00:00\",\"description\":\"Fagales, Betulaceae, Alnus glutinosa\",\"breadcrumb\":{\"@id\":\"https:\\\/\\\/lecompagnonrouge.fr\\\/?p=9578#breadcrumb\"},\"inLanguage\":\"fr-BE\",\"potentialAction\":[{\"@type\":\"ReadAction\",\"target\":[\"https:\\\/\\\/lecompagnonrouge.fr\\\/?p=9578\"]}]},{\"@type\":\"ImageObject\",\"inLanguage\":\"fr-BE\",\"@id\":\"https:\\\/\\\/lecompagnonrouge.fr\\\/?p=9578#primaryimage\",\"url\":\"https:\\\/\\\/lecompagnonrouge.fr\\\/wp-content\\\/uploads\\\/2025\\\/04\\\/IMG_2481.jpg\",\"contentUrl\":\"https:\\\/\\\/lecompagnonrouge.fr\\\/wp-content\\\/uploads\\\/2025\\\/04\\\/IMG_2481.jpg\",\"width\":850,\"height\":567,\"caption\":\"Alnus glutinosa\"},{\"@type\":\"BreadcrumbList\",\"@id\":\"https:\\\/\\\/lecompagnonrouge.fr\\\/?p=9578#breadcrumb\",\"itemListElement\":[{\"@type\":\"ListItem\",\"position\":1,\"name\":\"Accueil\",\"item\":\"https:\\\/\\\/lecompagnonrouge.fr\\\/\"},{\"@type\":\"ListItem\",\"position\":2,\"name\":\"Alnus glutinosa. Vergne\"}]},{\"@type\":\"WebSite\",\"@id\":\"https:\\\/\\\/lecompagnonrouge.fr\\\/#website\",\"url\":\"https:\\\/\\\/lecompagnonrouge.fr\\\/\",\"name\":\"Le Compagnon rouge\",\"description\":\"M\u00e9morandum.\",\"publisher\":{\"@id\":\"https:\\\/\\\/lecompagnonrouge.fr\\\/#\\\/schema\\\/person\\\/0025018a342b92eacca6f1e4c968a154\"},\"potentialAction\":[{\"@type\":\"SearchAction\",\"target\":{\"@type\":\"EntryPoint\",\"urlTemplate\":\"https:\\\/\\\/lecompagnonrouge.fr\\\/?s={search_term_string}\"},\"query-input\":{\"@type\":\"PropertyValueSpecification\",\"valueRequired\":true,\"valueName\":\"search_term_string\"}}],\"inLanguage\":\"fr-BE\"},{\"@type\":[\"Person\",\"Organization\"],\"@id\":\"https:\\\/\\\/lecompagnonrouge.fr\\\/#\\\/schema\\\/person\\\/0025018a342b92eacca6f1e4c968a154\",\"name\":\"R1\",\"image\":{\"@type\":\"ImageObject\",\"inLanguage\":\"fr-BE\",\"@id\":\"https:\\\/\\\/lecompagnonrouge.fr\\\/wp-content\\\/uploads\\\/2022\\\/03\\\/identit.jpg\",\"url\":\"https:\\\/\\\/lecompagnonrouge.fr\\\/wp-content\\\/uploads\\\/2022\\\/03\\\/identit.jpg\",\"contentUrl\":\"https:\\\/\\\/lecompagnonrouge.fr\\\/wp-content\\\/uploads\\\/2022\\\/03\\\/identit.jpg\",\"width\":425,\"height\":545,\"caption\":\"R1\"},\"logo\":{\"@id\":\"https:\\\/\\\/lecompagnonrouge.fr\\\/wp-content\\\/uploads\\\/2022\\\/03\\\/identit.jpg\"},\"sameAs\":[\"http:\\\/\\\/lecompagnonrouge.fr\"],\"url\":\"https:\\\/\\\/lecompagnonrouge.fr\\\/?author=1\"}]}<\/script>\n<!-- \/ Yoast SEO plugin. -->","yoast_head_json":{"title":"Alnus glutinosa. Vergne - Le Compagnon rouge","description":"Fagales, Betulaceae, Alnus glutinosa","robots":{"index":"index","follow":"follow","max-snippet":"max-snippet:-1","max-image-preview":"max-image-preview:large","max-video-preview":"max-video-preview:-1"},"canonical":"https:\/\/lecompagnonrouge.fr\/?p=9578","og_locale":"fr_FR","og_type":"article","og_title":"Alnus glutinosa. Vergne - Le Compagnon rouge","og_description":"Fagales, Betulaceae, Alnus glutinosa","og_url":"https:\/\/lecompagnonrouge.fr\/?p=9578","og_site_name":"Le Compagnon rouge","article_published_time":"2025-04-27T13:40:35+00:00","article_modified_time":"2025-08-04T15:19:24+00:00","og_image":[{"width":850,"height":567,"url":"https:\/\/lecompagnonrouge.fr\/wp-content\/uploads\/2025\/04\/IMG_2481.jpg","type":"image\/jpeg"}],"author":"R1","twitter_card":"summary_large_image","twitter_misc":{"\u00c9crit par":"R1","Dur\u00e9e de lecture est.":"4 minutes"},"schema":{"@context":"https:\/\/schema.org","@graph":[{"@type":"Article","@id":"https:\/\/lecompagnonrouge.fr\/?p=9578#article","isPartOf":{"@id":"https:\/\/lecompagnonrouge.fr\/?p=9578"},"author":{"name":"R1","@id":"https:\/\/lecompagnonrouge.fr\/#\/schema\/person\/0025018a342b92eacca6f1e4c968a154"},"headline":"Alnus glutinosa. Vergne","datePublished":"2025-04-27T13:40:35+00:00","dateModified":"2025-08-04T15:19:24+00:00","mainEntityOfPage":{"@id":"https:\/\/lecompagnonrouge.fr\/?p=9578"},"wordCount":470,"publisher":{"@id":"https:\/\/lecompagnonrouge.fr\/#\/schema\/person\/0025018a342b92eacca6f1e4c968a154"},"image":{"@id":"https:\/\/lecompagnonrouge.fr\/?p=9578#primaryimage"},"thumbnailUrl":"https:\/\/lecompagnonrouge.fr\/wp-content\/uploads\/2025\/04\/IMG_2481.jpg","keywords":["Aulne","Aulne glutineux","Vergne"],"articleSection":["Alnus glutinosa","Betulaceae"],"inLanguage":"fr-BE"},{"@type":"WebPage","@id":"https:\/\/lecompagnonrouge.fr\/?p=9578","url":"https:\/\/lecompagnonrouge.fr\/?p=9578","name":"Alnus glutinosa. Vergne - Le Compagnon rouge","isPartOf":{"@id":"https:\/\/lecompagnonrouge.fr\/#website"},"primaryImageOfPage":{"@id":"https:\/\/lecompagnonrouge.fr\/?p=9578#primaryimage"},"image":{"@id":"https:\/\/lecompagnonrouge.fr\/?p=9578#primaryimage"},"thumbnailUrl":"https:\/\/lecompagnonrouge.fr\/wp-content\/uploads\/2025\/04\/IMG_2481.jpg","datePublished":"2025-04-27T13:40:35+00:00","dateModified":"2025-08-04T15:19:24+00:00","description":"Fagales, Betulaceae, Alnus glutinosa","breadcrumb":{"@id":"https:\/\/lecompagnonrouge.fr\/?p=9578#breadcrumb"},"inLanguage":"fr-BE","potentialAction":[{"@type":"ReadAction","target":["https:\/\/lecompagnonrouge.fr\/?p=9578"]}]},{"@type":"ImageObject","inLanguage":"fr-BE","@id":"https:\/\/lecompagnonrouge.fr\/?p=9578#primaryimage","url":"https:\/\/lecompagnonrouge.fr\/wp-content\/uploads\/2025\/04\/IMG_2481.jpg","contentUrl":"https:\/\/lecompagnonrouge.fr\/wp-content\/uploads\/2025\/04\/IMG_2481.jpg","width":850,"height":567,"caption":"Alnus glutinosa"},{"@type":"BreadcrumbList","@id":"https:\/\/lecompagnonrouge.fr\/?p=9578#breadcrumb","itemListElement":[{"@type":"ListItem","position":1,"name":"Accueil","item":"https:\/\/lecompagnonrouge.fr\/"},{"@type":"ListItem","position":2,"name":"Alnus glutinosa. Vergne"}]},{"@type":"WebSite","@id":"https:\/\/lecompagnonrouge.fr\/#website","url":"https:\/\/lecompagnonrouge.fr\/","name":"Le Compagnon rouge","description":"M\u00e9morandum.","publisher":{"@id":"https:\/\/lecompagnonrouge.fr\/#\/schema\/person\/0025018a342b92eacca6f1e4c968a154"},"potentialAction":[{"@type":"SearchAction","target":{"@type":"EntryPoint","urlTemplate":"https:\/\/lecompagnonrouge.fr\/?s={search_term_string}"},"query-input":{"@type":"PropertyValueSpecification","valueRequired":true,"valueName":"search_term_string"}}],"inLanguage":"fr-BE"},{"@type":["Person","Organization"],"@id":"https:\/\/lecompagnonrouge.fr\/#\/schema\/person\/0025018a342b92eacca6f1e4c968a154","name":"R1","image":{"@type":"ImageObject","inLanguage":"fr-BE","@id":"https:\/\/lecompagnonrouge.fr\/wp-content\/uploads\/2022\/03\/identit.jpg","url":"https:\/\/lecompagnonrouge.fr\/wp-content\/uploads\/2022\/03\/identit.jpg","contentUrl":"https:\/\/lecompagnonrouge.fr\/wp-content\/uploads\/2022\/03\/identit.jpg","width":425,"height":545,"caption":"R1"},"logo":{"@id":"https:\/\/lecompagnonrouge.fr\/wp-content\/uploads\/2022\/03\/identit.jpg"},"sameAs":["http:\/\/lecompagnonrouge.fr"],"url":"https:\/\/lecompagnonrouge.fr\/?author=1"}]}},"_links":{"self":[{"href":"https:\/\/lecompagnonrouge.fr\/index.php?rest_route=\/wp\/v2\/posts\/9578","targetHints":{"allow":["GET"]}}],"collection":[{"href":"https:\/\/lecompagnonrouge.fr\/index.php?rest_route=\/wp\/v2\/posts"}],"about":[{"href":"https:\/\/lecompagnonrouge.fr\/index.php?rest_route=\/wp\/v2\/types\/post"}],"author":[{"embeddable":true,"href":"https:\/\/lecompagnonrouge.fr\/index.php?rest_route=\/wp\/v2\/users\/1"}],"replies":[{"embeddable":true,"href":"https:\/\/lecompagnonrouge.fr\/index.php?rest_route=%2Fwp%2Fv2%2Fcomments&post=9578"}],"version-history":[{"count":12,"href":"https:\/\/lecompagnonrouge.fr\/index.php?rest_route=\/wp\/v2\/posts\/9578\/revisions"}],"predecessor-version":[{"id":10766,"href":"https:\/\/lecompagnonrouge.fr\/index.php?rest_route=\/wp\/v2\/posts\/9578\/revisions\/10766"}],"wp:featuredmedia":[{"embeddable":true,"href":"https:\/\/lecompagnonrouge.fr\/index.php?rest_route=\/wp\/v2\/media\/9579"}],"wp:attachment":[{"href":"https:\/\/lecompagnonrouge.fr\/index.php?rest_route=%2Fwp%2Fv2%2Fmedia&parent=9578"}],"wp:term":[{"taxonomy":"category","embeddable":true,"href":"https:\/\/lecompagnonrouge.fr\/index.php?rest_route=%2Fwp%2Fv2%2Fcategories&post=9578"},{"taxonomy":"post_tag","embeddable":true,"href":"https:\/\/lecompagnonrouge.fr\/index.php?rest_route=%2Fwp%2Fv2%2Ftags&post=9578"}],"curies":[{"name":"wp","href":"https:\/\/api.w.org\/{rel}","templated":true}]}}