{"id":923,"date":"2022-04-14T19:33:11","date_gmt":"2022-04-14T17:33:11","guid":{"rendered":"https:\/\/lecompagnonrouge.fr\/?p=923"},"modified":"2024-11-11T15:42:25","modified_gmt":"2024-11-11T14:42:25","slug":"geranium-pyrenaicum-geranium-des-pyrenees","status":"publish","type":"post","link":"https:\/\/lecompagnonrouge.fr\/?p=923","title":{"rendered":"Geranium pyrenaicum. G\u00e9ranium des Pyr\u00e9n\u00e9es"},"content":{"rendered":"<div class=\"wp-block-image\">\n<figure class=\"aligncenter size-large\"><img loading=\"lazy\" decoding=\"async\" width=\"683\" height=\"1024\" src=\"https:\/\/lecompagnonrouge.fr\/wp-content\/uploads\/2024\/05\/IMG_1270-683x1024.jpg\" alt=\"\" class=\"wp-image-6393\" srcset=\"https:\/\/lecompagnonrouge.fr\/wp-content\/uploads\/2024\/05\/IMG_1270-683x1024.jpg 683w, https:\/\/lecompagnonrouge.fr\/wp-content\/uploads\/2024\/05\/IMG_1270-200x300.jpg 200w, https:\/\/lecompagnonrouge.fr\/wp-content\/uploads\/2024\/05\/IMG_1270-768x1152.jpg 768w, https:\/\/lecompagnonrouge.fr\/wp-content\/uploads\/2024\/05\/IMG_1270-300x450.jpg 300w, https:\/\/lecompagnonrouge.fr\/wp-content\/uploads\/2024\/05\/IMG_1270.jpg 850w\" sizes=\"auto, (max-width: 683px) 100vw, 683px\" \/><\/figure>\n<\/div>\n\n\n<p><\/p>\n\n\n\n<p class=\"has-medium-font-size\">Chez Geranium pyrenaicum, les fleurs roses mauves et un peu en c\u0153ur, d\u00e9passent largement le feuillage. La corolle \u00e9tant nettement plus longue que les s\u00e9pales. Il s&rsquo;agit d&rsquo;un g\u00e9ranium \u00e0 feuilles rondes.<\/p>\n\n\n\n<p class=\"has-medium-font-size\">Il convient de v\u00e9rifier la pilosit\u00e9 sur la tige, les axes. Ceux ci pr\u00e9sentent de longs poils \u00e9pars avec des poils courts r\u00e9guliers formant \u00ab\u00a0moquette\u00a0\u00bb, ou parfois comme ici un indument raide \u00e0 peine perceptible:<\/p>\n\n\n<div class=\"wp-block-image\">\n<figure class=\"aligncenter size-full\"><img loading=\"lazy\" decoding=\"async\" width=\"850\" height=\"632\" src=\"https:\/\/lecompagnonrouge.fr\/wp-content\/uploads\/2024\/05\/IMG_1267.jpg\" alt=\"Geranium pyrenaicum: pilosit\u00e9 des axes.\" class=\"wp-image-6395\" srcset=\"https:\/\/lecompagnonrouge.fr\/wp-content\/uploads\/2024\/05\/IMG_1267.jpg 850w, https:\/\/lecompagnonrouge.fr\/wp-content\/uploads\/2024\/05\/IMG_1267-300x223.jpg 300w, https:\/\/lecompagnonrouge.fr\/wp-content\/uploads\/2024\/05\/IMG_1267-768x571.jpg 768w\" sizes=\"auto, (max-width: 850px) 100vw, 850px\" \/><\/figure>\n<\/div>\n\n\n<p><\/p>\n\n\n\n<p class=\"has-medium-font-size\">Ci-dessous, feuilles et feuilles de type bract\u00e9al en allant du bas vers le haut:<\/p>\n\n\n\n<figure class=\"wp-block-gallery has-nested-images columns-default is-cropped wp-block-gallery-1 is-layout-flex wp-block-gallery-is-layout-flex\">\n<figure class=\"wp-block-image size-large\"><img loading=\"lazy\" decoding=\"async\" width=\"850\" height=\"567\" data-id=\"6397\" src=\"https:\/\/lecompagnonrouge.fr\/wp-content\/uploads\/2024\/05\/IMG_1035.jpg\" alt=\"\" class=\"wp-image-6397\" srcset=\"https:\/\/lecompagnonrouge.fr\/wp-content\/uploads\/2024\/05\/IMG_1035.jpg 850w, https:\/\/lecompagnonrouge.fr\/wp-content\/uploads\/2024\/05\/IMG_1035-300x200.jpg 300w, https:\/\/lecompagnonrouge.fr\/wp-content\/uploads\/2024\/05\/IMG_1035-768x512.jpg 768w\" sizes=\"auto, (max-width: 850px) 100vw, 850px\" \/><figcaption class=\"wp-element-caption\">feuille basse<\/figcaption><\/figure>\n\n\n\n<figure class=\"wp-block-image size-large\"><img loading=\"lazy\" decoding=\"async\" width=\"850\" height=\"567\" data-id=\"6396\" src=\"https:\/\/lecompagnonrouge.fr\/wp-content\/uploads\/2024\/05\/IMG_1036.jpg\" alt=\"\" class=\"wp-image-6396\" srcset=\"https:\/\/lecompagnonrouge.fr\/wp-content\/uploads\/2024\/05\/IMG_1036.jpg 850w, https:\/\/lecompagnonrouge.fr\/wp-content\/uploads\/2024\/05\/IMG_1036-300x200.jpg 300w, https:\/\/lecompagnonrouge.fr\/wp-content\/uploads\/2024\/05\/IMG_1036-768x512.jpg 768w\" sizes=\"auto, (max-width: 850px) 100vw, 850px\" \/><figcaption class=\"wp-element-caption\">feuille m\u00e9diane (bract\u00e9e)<\/figcaption><\/figure>\n\n\n\n<figure class=\"wp-block-image size-large\"><img loading=\"lazy\" decoding=\"async\" width=\"850\" height=\"567\" data-id=\"6398\" src=\"https:\/\/lecompagnonrouge.fr\/wp-content\/uploads\/2024\/05\/IMG_1038.jpg\" alt=\"G\u00e9ranium pyrenaicum: les feuilles\" class=\"wp-image-6398\" srcset=\"https:\/\/lecompagnonrouge.fr\/wp-content\/uploads\/2024\/05\/IMG_1038.jpg 850w, https:\/\/lecompagnonrouge.fr\/wp-content\/uploads\/2024\/05\/IMG_1038-300x200.jpg 300w, https:\/\/lecompagnonrouge.fr\/wp-content\/uploads\/2024\/05\/IMG_1038-768x512.jpg 768w\" sizes=\"auto, (max-width: 850px) 100vw, 850px\" \/><figcaption class=\"wp-element-caption\">feuille sup\u00e9rieure (bract\u00e9e)<\/figcaption><\/figure>\n<\/figure>\n\n\n\n<p><\/p>\n\n\n\n<p>Lieux o\u00f9 ont \u00e9t\u00e9 prises les photographies: Parc Jean Moulin-Les Guillands, et Parc des Beaumonts (93170; 93100)<\/p>\n\n\n<div class=\"wp-block-image\">\n<figure class=\"aligncenter size-full\"><img loading=\"lazy\" decoding=\"async\" width=\"850\" height=\"567\" src=\"https:\/\/lecompagnonrouge.fr\/wp-content\/uploads\/2024\/05\/IMG_1268.jpg\" alt=\"\" class=\"wp-image-6399\" srcset=\"https:\/\/lecompagnonrouge.fr\/wp-content\/uploads\/2024\/05\/IMG_1268.jpg 850w, https:\/\/lecompagnonrouge.fr\/wp-content\/uploads\/2024\/05\/IMG_1268-300x200.jpg 300w, https:\/\/lecompagnonrouge.fr\/wp-content\/uploads\/2024\/05\/IMG_1268-768x512.jpg 768w\" sizes=\"auto, (max-width: 850px) 100vw, 850px\" \/><\/figure>\n<\/div>\n\n\n<p><\/p>\n\n\n\n<p class=\"has-medium-font-size\">La sous-esp\u00e8ce pyrenaicum est oppos\u00e9e \u00e0 l&rsquo;hispanique subsp. lusitanicum (d\u00e9crite comme \u00e0 fruits glabres)<\/p>\n\n\n\n<p class=\"has-small-font-size\"><a href=\"https:\/\/lecompagnonrouge.fr\/?s=geraniales\">Geraniales<\/a>><a href=\"https:\/\/lecompagnonrouge.fr\/?s=geraniaceae\">Geraniaceae<\/a>><a href=\"https:\/\/lecompagnonrouge.fr\/?s=geranium\">Geranium<\/a> pyrenaicum subsp. pyrenaicum<\/p>\n\n\n\n<p><\/p>\n\n\n\n<p class=\"has-medium-font-size\">Friches vivaces eutrophiles m\u00e9sohydriques h\u00e9liophiles. Arction lappae<\/p>\n","protected":false},"excerpt":{"rendered":"<p>Chez Geranium pyrenaicum, les fleurs roses mauves et un peu en c\u0153ur, d\u00e9passent largement le feuillage. La corolle \u00e9tant nettement plus longue que les s\u00e9pales. Il s&rsquo;agit d&rsquo;un g\u00e9ranium \u00e0 feuilles rondes. Il convient de v\u00e9rifier la pilosit\u00e9 sur la tige, les axes. Ceux ci pr\u00e9sentent de longs poils \u00e9pars avec des poils courts r\u00e9guliers&#8230;<\/p>\n","protected":false},"author":1,"featured_media":6392,"comment_status":"closed","ping_status":"open","sticky":false,"template":"","format":"standard","meta":{"footnotes":""},"categories":[232,238],"tags":[234,237],"class_list":["post-923","post","type-post","status-publish","format-standard","has-post-thumbnail","hentry","category-geraniaceae","category-geranium-pyrenaicum","tag-geranium","tag-geranium-des-pyrenees"],"yoast_head":"<!-- This site is optimized with the Yoast SEO plugin v27.4 - https:\/\/yoast.com\/product\/yoast-seo-wordpress\/ -->\n<title>Geranium pyrenaicum. G\u00e9ranium des Pyr\u00e9n\u00e9es - Le Compagnon rouge<\/title>\n<meta name=\"description\" content=\"Geraniales, Geraniaceae, Geranium pyrenaicum\" \/>\n<meta name=\"robots\" content=\"index, follow, max-snippet:-1, max-image-preview:large, max-video-preview:-1\" \/>\n<link rel=\"canonical\" href=\"https:\/\/lecompagnonrouge.fr\/?p=923\" \/>\n<meta property=\"og:locale\" content=\"fr_FR\" \/>\n<meta property=\"og:type\" content=\"article\" \/>\n<meta property=\"og:title\" content=\"Geranium pyrenaicum. G\u00e9ranium des Pyr\u00e9n\u00e9es - Le Compagnon rouge\" \/>\n<meta property=\"og:description\" content=\"Geraniales, Geraniaceae, Geranium pyrenaicum\" \/>\n<meta property=\"og:url\" content=\"https:\/\/lecompagnonrouge.fr\/?p=923\" \/>\n<meta property=\"og:site_name\" content=\"Le Compagnon rouge\" \/>\n<meta property=\"article:published_time\" content=\"2022-04-14T17:33:11+00:00\" \/>\n<meta property=\"article:modified_time\" content=\"2024-11-11T14:42:25+00:00\" \/>\n<meta property=\"og:image\" content=\"https:\/\/lecompagnonrouge.fr\/wp-content\/uploads\/2022\/04\/IMG_1263.jpg\" \/>\n\t<meta property=\"og:image:width\" content=\"850\" \/>\n\t<meta property=\"og:image:height\" content=\"567\" \/>\n\t<meta property=\"og:image:type\" content=\"image\/jpeg\" \/>\n<meta name=\"author\" content=\"R1\" \/>\n<meta name=\"twitter:card\" content=\"summary_large_image\" \/>\n<meta name=\"twitter:label1\" content=\"\u00c9crit par\" \/>\n\t<meta name=\"twitter:data1\" content=\"R1\" \/>\n\t<meta name=\"twitter:label2\" content=\"Dur\u00e9e de lecture est.\" \/>\n\t<meta name=\"twitter:data2\" content=\"3 minutes\" \/>\n<script type=\"application\/ld+json\" class=\"yoast-schema-graph\">{\"@context\":\"https:\\\/\\\/schema.org\",\"@graph\":[{\"@type\":\"Article\",\"@id\":\"https:\\\/\\\/lecompagnonrouge.fr\\\/?p=923#article\",\"isPartOf\":{\"@id\":\"https:\\\/\\\/lecompagnonrouge.fr\\\/?p=923\"},\"author\":{\"name\":\"R1\",\"@id\":\"https:\\\/\\\/lecompagnonrouge.fr\\\/#\\\/schema\\\/person\\\/0025018a342b92eacca6f1e4c968a154\"},\"headline\":\"Geranium pyrenaicum. G\u00e9ranium des Pyr\u00e9n\u00e9es\",\"datePublished\":\"2022-04-14T17:33:11+00:00\",\"dateModified\":\"2024-11-11T14:42:25+00:00\",\"mainEntityOfPage\":{\"@id\":\"https:\\\/\\\/lecompagnonrouge.fr\\\/?p=923\"},\"wordCount\":155,\"publisher\":{\"@id\":\"https:\\\/\\\/lecompagnonrouge.fr\\\/#\\\/schema\\\/person\\\/0025018a342b92eacca6f1e4c968a154\"},\"image\":{\"@id\":\"https:\\\/\\\/lecompagnonrouge.fr\\\/?p=923#primaryimage\"},\"thumbnailUrl\":\"https:\\\/\\\/lecompagnonrouge.fr\\\/wp-content\\\/uploads\\\/2022\\\/04\\\/IMG_1263.jpg\",\"keywords\":[\"G\u00e9ranium\",\"G\u00e9ranium des Pyr\u00e9n\u00e9es\"],\"articleSection\":[\"Geraniaceae\",\"Geranium pyrenaicum\"],\"inLanguage\":\"fr-BE\"},{\"@type\":\"WebPage\",\"@id\":\"https:\\\/\\\/lecompagnonrouge.fr\\\/?p=923\",\"url\":\"https:\\\/\\\/lecompagnonrouge.fr\\\/?p=923\",\"name\":\"Geranium pyrenaicum. G\u00e9ranium des Pyr\u00e9n\u00e9es - Le Compagnon rouge\",\"isPartOf\":{\"@id\":\"https:\\\/\\\/lecompagnonrouge.fr\\\/#website\"},\"primaryImageOfPage\":{\"@id\":\"https:\\\/\\\/lecompagnonrouge.fr\\\/?p=923#primaryimage\"},\"image\":{\"@id\":\"https:\\\/\\\/lecompagnonrouge.fr\\\/?p=923#primaryimage\"},\"thumbnailUrl\":\"https:\\\/\\\/lecompagnonrouge.fr\\\/wp-content\\\/uploads\\\/2022\\\/04\\\/IMG_1263.jpg\",\"datePublished\":\"2022-04-14T17:33:11+00:00\",\"dateModified\":\"2024-11-11T14:42:25+00:00\",\"description\":\"Geraniales, Geraniaceae, Geranium pyrenaicum\",\"breadcrumb\":{\"@id\":\"https:\\\/\\\/lecompagnonrouge.fr\\\/?p=923#breadcrumb\"},\"inLanguage\":\"fr-BE\",\"potentialAction\":[{\"@type\":\"ReadAction\",\"target\":[\"https:\\\/\\\/lecompagnonrouge.fr\\\/?p=923\"]}]},{\"@type\":\"ImageObject\",\"inLanguage\":\"fr-BE\",\"@id\":\"https:\\\/\\\/lecompagnonrouge.fr\\\/?p=923#primaryimage\",\"url\":\"https:\\\/\\\/lecompagnonrouge.fr\\\/wp-content\\\/uploads\\\/2022\\\/04\\\/IMG_1263.jpg\",\"contentUrl\":\"https:\\\/\\\/lecompagnonrouge.fr\\\/wp-content\\\/uploads\\\/2022\\\/04\\\/IMG_1263.jpg\",\"width\":850,\"height\":567,\"caption\":\"binary comment\"},{\"@type\":\"BreadcrumbList\",\"@id\":\"https:\\\/\\\/lecompagnonrouge.fr\\\/?p=923#breadcrumb\",\"itemListElement\":[{\"@type\":\"ListItem\",\"position\":1,\"name\":\"Accueil\",\"item\":\"https:\\\/\\\/lecompagnonrouge.fr\\\/\"},{\"@type\":\"ListItem\",\"position\":2,\"name\":\"Geranium pyrenaicum. G\u00e9ranium des Pyr\u00e9n\u00e9es\"}]},{\"@type\":\"WebSite\",\"@id\":\"https:\\\/\\\/lecompagnonrouge.fr\\\/#website\",\"url\":\"https:\\\/\\\/lecompagnonrouge.fr\\\/\",\"name\":\"Le Compagnon rouge\",\"description\":\"M\u00e9morandum.\",\"publisher\":{\"@id\":\"https:\\\/\\\/lecompagnonrouge.fr\\\/#\\\/schema\\\/person\\\/0025018a342b92eacca6f1e4c968a154\"},\"potentialAction\":[{\"@type\":\"SearchAction\",\"target\":{\"@type\":\"EntryPoint\",\"urlTemplate\":\"https:\\\/\\\/lecompagnonrouge.fr\\\/?s={search_term_string}\"},\"query-input\":{\"@type\":\"PropertyValueSpecification\",\"valueRequired\":true,\"valueName\":\"search_term_string\"}}],\"inLanguage\":\"fr-BE\"},{\"@type\":[\"Person\",\"Organization\"],\"@id\":\"https:\\\/\\\/lecompagnonrouge.fr\\\/#\\\/schema\\\/person\\\/0025018a342b92eacca6f1e4c968a154\",\"name\":\"R1\",\"image\":{\"@type\":\"ImageObject\",\"inLanguage\":\"fr-BE\",\"@id\":\"https:\\\/\\\/lecompagnonrouge.fr\\\/wp-content\\\/uploads\\\/2022\\\/03\\\/identit.jpg\",\"url\":\"https:\\\/\\\/lecompagnonrouge.fr\\\/wp-content\\\/uploads\\\/2022\\\/03\\\/identit.jpg\",\"contentUrl\":\"https:\\\/\\\/lecompagnonrouge.fr\\\/wp-content\\\/uploads\\\/2022\\\/03\\\/identit.jpg\",\"width\":425,\"height\":545,\"caption\":\"R1\"},\"logo\":{\"@id\":\"https:\\\/\\\/lecompagnonrouge.fr\\\/wp-content\\\/uploads\\\/2022\\\/03\\\/identit.jpg\"},\"sameAs\":[\"http:\\\/\\\/lecompagnonrouge.fr\"],\"url\":\"https:\\\/\\\/lecompagnonrouge.fr\\\/?author=1\"}]}<\/script>\n<!-- \/ Yoast SEO plugin. -->","yoast_head_json":{"title":"Geranium pyrenaicum. G\u00e9ranium des Pyr\u00e9n\u00e9es - Le Compagnon rouge","description":"Geraniales, Geraniaceae, Geranium pyrenaicum","robots":{"index":"index","follow":"follow","max-snippet":"max-snippet:-1","max-image-preview":"max-image-preview:large","max-video-preview":"max-video-preview:-1"},"canonical":"https:\/\/lecompagnonrouge.fr\/?p=923","og_locale":"fr_FR","og_type":"article","og_title":"Geranium pyrenaicum. G\u00e9ranium des Pyr\u00e9n\u00e9es - Le Compagnon rouge","og_description":"Geraniales, Geraniaceae, Geranium pyrenaicum","og_url":"https:\/\/lecompagnonrouge.fr\/?p=923","og_site_name":"Le Compagnon rouge","article_published_time":"2022-04-14T17:33:11+00:00","article_modified_time":"2024-11-11T14:42:25+00:00","og_image":[{"width":850,"height":567,"url":"https:\/\/lecompagnonrouge.fr\/wp-content\/uploads\/2022\/04\/IMG_1263.jpg","type":"image\/jpeg"}],"author":"R1","twitter_card":"summary_large_image","twitter_misc":{"\u00c9crit par":"R1","Dur\u00e9e de lecture est.":"3 minutes"},"schema":{"@context":"https:\/\/schema.org","@graph":[{"@type":"Article","@id":"https:\/\/lecompagnonrouge.fr\/?p=923#article","isPartOf":{"@id":"https:\/\/lecompagnonrouge.fr\/?p=923"},"author":{"name":"R1","@id":"https:\/\/lecompagnonrouge.fr\/#\/schema\/person\/0025018a342b92eacca6f1e4c968a154"},"headline":"Geranium pyrenaicum. G\u00e9ranium des Pyr\u00e9n\u00e9es","datePublished":"2022-04-14T17:33:11+00:00","dateModified":"2024-11-11T14:42:25+00:00","mainEntityOfPage":{"@id":"https:\/\/lecompagnonrouge.fr\/?p=923"},"wordCount":155,"publisher":{"@id":"https:\/\/lecompagnonrouge.fr\/#\/schema\/person\/0025018a342b92eacca6f1e4c968a154"},"image":{"@id":"https:\/\/lecompagnonrouge.fr\/?p=923#primaryimage"},"thumbnailUrl":"https:\/\/lecompagnonrouge.fr\/wp-content\/uploads\/2022\/04\/IMG_1263.jpg","keywords":["G\u00e9ranium","G\u00e9ranium des Pyr\u00e9n\u00e9es"],"articleSection":["Geraniaceae","Geranium pyrenaicum"],"inLanguage":"fr-BE"},{"@type":"WebPage","@id":"https:\/\/lecompagnonrouge.fr\/?p=923","url":"https:\/\/lecompagnonrouge.fr\/?p=923","name":"Geranium pyrenaicum. G\u00e9ranium des Pyr\u00e9n\u00e9es - Le Compagnon rouge","isPartOf":{"@id":"https:\/\/lecompagnonrouge.fr\/#website"},"primaryImageOfPage":{"@id":"https:\/\/lecompagnonrouge.fr\/?p=923#primaryimage"},"image":{"@id":"https:\/\/lecompagnonrouge.fr\/?p=923#primaryimage"},"thumbnailUrl":"https:\/\/lecompagnonrouge.fr\/wp-content\/uploads\/2022\/04\/IMG_1263.jpg","datePublished":"2022-04-14T17:33:11+00:00","dateModified":"2024-11-11T14:42:25+00:00","description":"Geraniales, Geraniaceae, Geranium pyrenaicum","breadcrumb":{"@id":"https:\/\/lecompagnonrouge.fr\/?p=923#breadcrumb"},"inLanguage":"fr-BE","potentialAction":[{"@type":"ReadAction","target":["https:\/\/lecompagnonrouge.fr\/?p=923"]}]},{"@type":"ImageObject","inLanguage":"fr-BE","@id":"https:\/\/lecompagnonrouge.fr\/?p=923#primaryimage","url":"https:\/\/lecompagnonrouge.fr\/wp-content\/uploads\/2022\/04\/IMG_1263.jpg","contentUrl":"https:\/\/lecompagnonrouge.fr\/wp-content\/uploads\/2022\/04\/IMG_1263.jpg","width":850,"height":567,"caption":"binary comment"},{"@type":"BreadcrumbList","@id":"https:\/\/lecompagnonrouge.fr\/?p=923#breadcrumb","itemListElement":[{"@type":"ListItem","position":1,"name":"Accueil","item":"https:\/\/lecompagnonrouge.fr\/"},{"@type":"ListItem","position":2,"name":"Geranium pyrenaicum. G\u00e9ranium des Pyr\u00e9n\u00e9es"}]},{"@type":"WebSite","@id":"https:\/\/lecompagnonrouge.fr\/#website","url":"https:\/\/lecompagnonrouge.fr\/","name":"Le Compagnon rouge","description":"M\u00e9morandum.","publisher":{"@id":"https:\/\/lecompagnonrouge.fr\/#\/schema\/person\/0025018a342b92eacca6f1e4c968a154"},"potentialAction":[{"@type":"SearchAction","target":{"@type":"EntryPoint","urlTemplate":"https:\/\/lecompagnonrouge.fr\/?s={search_term_string}"},"query-input":{"@type":"PropertyValueSpecification","valueRequired":true,"valueName":"search_term_string"}}],"inLanguage":"fr-BE"},{"@type":["Person","Organization"],"@id":"https:\/\/lecompagnonrouge.fr\/#\/schema\/person\/0025018a342b92eacca6f1e4c968a154","name":"R1","image":{"@type":"ImageObject","inLanguage":"fr-BE","@id":"https:\/\/lecompagnonrouge.fr\/wp-content\/uploads\/2022\/03\/identit.jpg","url":"https:\/\/lecompagnonrouge.fr\/wp-content\/uploads\/2022\/03\/identit.jpg","contentUrl":"https:\/\/lecompagnonrouge.fr\/wp-content\/uploads\/2022\/03\/identit.jpg","width":425,"height":545,"caption":"R1"},"logo":{"@id":"https:\/\/lecompagnonrouge.fr\/wp-content\/uploads\/2022\/03\/identit.jpg"},"sameAs":["http:\/\/lecompagnonrouge.fr"],"url":"https:\/\/lecompagnonrouge.fr\/?author=1"}]}},"_links":{"self":[{"href":"https:\/\/lecompagnonrouge.fr\/index.php?rest_route=\/wp\/v2\/posts\/923","targetHints":{"allow":["GET"]}}],"collection":[{"href":"https:\/\/lecompagnonrouge.fr\/index.php?rest_route=\/wp\/v2\/posts"}],"about":[{"href":"https:\/\/lecompagnonrouge.fr\/index.php?rest_route=\/wp\/v2\/types\/post"}],"author":[{"embeddable":true,"href":"https:\/\/lecompagnonrouge.fr\/index.php?rest_route=\/wp\/v2\/users\/1"}],"replies":[{"embeddable":true,"href":"https:\/\/lecompagnonrouge.fr\/index.php?rest_route=%2Fwp%2Fv2%2Fcomments&post=923"}],"version-history":[{"count":5,"href":"https:\/\/lecompagnonrouge.fr\/index.php?rest_route=\/wp\/v2\/posts\/923\/revisions"}],"predecessor-version":[{"id":8004,"href":"https:\/\/lecompagnonrouge.fr\/index.php?rest_route=\/wp\/v2\/posts\/923\/revisions\/8004"}],"wp:featuredmedia":[{"embeddable":true,"href":"https:\/\/lecompagnonrouge.fr\/index.php?rest_route=\/wp\/v2\/media\/6392"}],"wp:attachment":[{"href":"https:\/\/lecompagnonrouge.fr\/index.php?rest_route=%2Fwp%2Fv2%2Fmedia&parent=923"}],"wp:term":[{"taxonomy":"category","embeddable":true,"href":"https:\/\/lecompagnonrouge.fr\/index.php?rest_route=%2Fwp%2Fv2%2Fcategories&post=923"},{"taxonomy":"post_tag","embeddable":true,"href":"https:\/\/lecompagnonrouge.fr\/index.php?rest_route=%2Fwp%2Fv2%2Ftags&post=923"}],"curies":[{"name":"wp","href":"https:\/\/api.w.org\/{rel}","templated":true}]}}