{"id":9061,"date":"2025-03-01T18:35:54","date_gmt":"2025-03-01T17:35:54","guid":{"rendered":"https:\/\/lecompagnonrouge.fr\/?p=9061"},"modified":"2025-03-13T19:57:42","modified_gmt":"2025-03-13T18:57:42","slug":"phleum-pratense-fleole-des-pres","status":"publish","type":"post","link":"https:\/\/lecompagnonrouge.fr\/?p=9061","title":{"rendered":"Phleum pratense. Fl\u00e9ole des pr\u00e9s."},"content":{"rendered":"\n<p class=\"has-medium-font-size\">L&rsquo;agr\u00e9gat de Phleum pratense pr\u00e9sente des plantes \u00e0 glumes brusquement tronqu\u00e9es et prolong\u00e9es par des ar\u00eates. Ces glumes sont cili\u00e9es sur les car\u00e8nes. Les panicules de ce groupe pr\u00e9sentent des rameaux extr\u00eamement courts, et se pr\u00e9sentent donc comme des pseudo \u00e9pis. <\/p>\n\n\n\n<p><\/p>\n\n\n\n<p class=\"has-medium-font-size\">Lorsque l&rsquo;on tord l&rsquo;inflorescence de la fl\u00e9ole des pr\u00e9s, cela se pr\u00e9sente comme sur la photo ci-dessous, comme un cylindre restant homog\u00e8ne. Contrairement \u00e0 ce qu&rsquo;il se passe avec Phleum phleoides par exemple o\u00f9 des parties apparaissent, se d\u00e9tachent visuellement, apparaissent plus s\u00e9par\u00e9ment. Et mettant alors en valeur la pr\u00e9sence de rameaux restant courts chez P. phleoides, P. paniculatum, P. Hirsutum, P. arenarium (dont on dit qu&rsquo;ils ont l&rsquo;inflorescence lob\u00e9e):<\/p>\n\n\n\n<figure class=\"wp-block-image size-full\"><img loading=\"lazy\" decoding=\"async\" width=\"850\" height=\"508\" src=\"https:\/\/lecompagnonrouge.fr\/wp-content\/uploads\/2025\/03\/IMG_1881.jpg\" alt=\"Phleum pratense aggr. : Inflorescence.\" class=\"wp-image-9063\" srcset=\"https:\/\/lecompagnonrouge.fr\/wp-content\/uploads\/2025\/03\/IMG_1881.jpg 850w, https:\/\/lecompagnonrouge.fr\/wp-content\/uploads\/2025\/03\/IMG_1881-300x180.jpg 300w, https:\/\/lecompagnonrouge.fr\/wp-content\/uploads\/2025\/03\/IMG_1881-768x459.jpg 768w\" sizes=\"auto, (max-width: 850px) 100vw, 850px\" \/><\/figure>\n\n\n\n<p><\/p>\n\n\n\n<p class=\"has-medium-font-size\">Les cils des car\u00e8nes de Phleum pratense (comme ceux d&rsquo;ailleurs chez Phleum nodosum) n&rsquo;atteignent pas la base des ar\u00eates (ar\u00eates glabres):<\/p>\n\n\n<div class=\"wp-block-image\">\n<figure class=\"aligncenter size-full\"><img loading=\"lazy\" decoding=\"async\" width=\"475\" height=\"288\" src=\"https:\/\/lecompagnonrouge.fr\/wp-content\/uploads\/2025\/03\/cilsIMG_1881.jpg\" alt=\"\" class=\"wp-image-9064\" srcset=\"https:\/\/lecompagnonrouge.fr\/wp-content\/uploads\/2025\/03\/cilsIMG_1881.jpg 475w, https:\/\/lecompagnonrouge.fr\/wp-content\/uploads\/2025\/03\/cilsIMG_1881-300x182.jpg 300w\" sizes=\"auto, (max-width: 475px) 100vw, 475px\" \/><\/figure>\n<\/div>\n\n\n<p><\/p>\n\n\n\n<p class=\"has-medium-font-size\">Ne se diff\u00e9rencie de Phleum nodosum que parce que cette derni\u00e8re \u00e0 la base des talles renfl\u00e9e en bulbe. Qu&rsquo;elle est moins vigoureuse et que les pi\u00e8ces de son inflorescence sont un peu plus petites. Noter encore <strong>cet indice abandonn\u00e9<\/strong>, les ligules de Phleum pratense sont plut\u00f4t moins aigues, et plut\u00f4t plus obtuse dent\u00e9e:<\/p>\n\n\n\n<figure class=\"wp-block-image size-full\"><img loading=\"lazy\" decoding=\"async\" width=\"850\" height=\"834\" src=\"https:\/\/lecompagnonrouge.fr\/wp-content\/uploads\/2025\/03\/liguleIMG_1876.jpg\" alt=\"\" class=\"wp-image-9065\" srcset=\"https:\/\/lecompagnonrouge.fr\/wp-content\/uploads\/2025\/03\/liguleIMG_1876.jpg 850w, https:\/\/lecompagnonrouge.fr\/wp-content\/uploads\/2025\/03\/liguleIMG_1876-300x294.jpg 300w, https:\/\/lecompagnonrouge.fr\/wp-content\/uploads\/2025\/03\/liguleIMG_1876-768x754.jpg 768w\" sizes=\"auto, (max-width: 850px) 100vw, 850px\" \/><\/figure>\n\n\n\n<p><\/p>\n\n\n\n<p class=\"has-medium-font-size\">Origine et situation taxonomique:<\/p>\n\n\n\n<p class=\"has-medium-font-size\">Esp\u00e8ce eurasiatique, au moins en partie naturalis\u00e9e. Rare \u00e0 absente en Bretagne, Rare fa\u00e7ade atlantique.<\/p>\n\n\n\n<p class=\"has-small-font-size\"><a href=\"https:\/\/lecompagnonrouge.fr\/?s=poales\">Poales<\/a>&gt;<a href=\"https:\/\/lecompagnonrouge.fr\/?s=poaceae\">Poaceae<\/a>&gt;Inflorescence en panicule contract\u00e9e ou pseudo \u00e9pi&gt; <a href=\"https:\/\/lecompagnonrouge.fr\/?s=phleum\">Pleum<\/a> pratense<\/p>\n\n\n\n<p class=\"has-medium-font-size\">Les poaceae forment un groupe qui semble particuli\u00e8rement complexe en raison de la taille de ce groupe pour les allergologues. Phleum pratense: pollen allergisant?<\/p>\n\n\n\n<p class=\"has-medium-font-size\">Ecologie: plante des prairies m\u00e9sophiles m\u00e9sotrophiles \u00e0 eutrophiles.<\/p>\n\n\n\n<p class=\"has-medium-font-size\"><br>Prairies m\u00e9sohydriques europ\u00e9ennes, p\u00e2tur\u00e9es, planitaires \u00e0 montagnardes. <a href=\"https:\/\/lecompagnonrouge.fr\/?page_id=3348#Trifolio-repentis-phleetalia\">Trifolio repentis &#8211; Phleetalia pratensis Passarge 1969 <\/a><\/p>\n\n\n\n<p class=\"has-medium-font-size\">Economie: <\/p>\n\n\n\n<p class=\"has-medium-font-size\">plante Fourrag\u00e8re (bonne fourrag\u00e8re)<\/p>\n\n\n\n<p><\/p>\n\n\n\n<p>Foto ci Paccu PNRM. Parc naturel R\u00e9gional de Millevaches. Entr\u00e9e d&rsquo;un pacage \u00e0 moutons. <\/p>\n","protected":false},"excerpt":{"rendered":"<p>L&rsquo;agr\u00e9gat de Phleum pratense pr\u00e9sente des plantes \u00e0 glumes brusquement tronqu\u00e9es et prolong\u00e9es par des ar\u00eates. Ces glumes sont cili\u00e9es sur les car\u00e8nes. Les panicules de ce groupe pr\u00e9sentent des rameaux extr\u00eamement courts, et se pr\u00e9sentent donc comme des pseudo \u00e9pis. Lorsque l&rsquo;on tord l&rsquo;inflorescence de la fl\u00e9ole des pr\u00e9s, cela se pr\u00e9sente comme sur&#8230;<\/p>\n","protected":false},"author":1,"featured_media":9062,"comment_status":"closed","ping_status":"open","sticky":false,"template":"","format":"standard","meta":{"footnotes":""},"categories":[1115,306],"tags":[1114],"class_list":["post-9061","post","type-post","status-publish","format-standard","has-post-thumbnail","hentry","category-phleum-pratense","category-poaceae","tag-phleole-des-pres"],"yoast_head":"<!-- This site is optimized with the Yoast SEO plugin v27.4 - https:\/\/yoast.com\/product\/yoast-seo-wordpress\/ -->\n<title>Phleum pratense. Fl\u00e9ole des pr\u00e9s. - Le Compagnon rouge<\/title>\n<meta name=\"description\" content=\"Poales, Poaceae, Phleum pratense\" \/>\n<meta name=\"robots\" content=\"index, follow, max-snippet:-1, max-image-preview:large, max-video-preview:-1\" \/>\n<link rel=\"canonical\" href=\"https:\/\/lecompagnonrouge.fr\/?p=9061\" \/>\n<meta property=\"og:locale\" content=\"fr_FR\" \/>\n<meta property=\"og:type\" content=\"article\" \/>\n<meta property=\"og:title\" content=\"Phleum pratense. Fl\u00e9ole des pr\u00e9s. - Le Compagnon rouge\" \/>\n<meta property=\"og:description\" content=\"Poales, Poaceae, Phleum pratense\" \/>\n<meta property=\"og:url\" content=\"https:\/\/lecompagnonrouge.fr\/?p=9061\" \/>\n<meta property=\"og:site_name\" content=\"Le Compagnon rouge\" \/>\n<meta property=\"article:published_time\" content=\"2025-03-01T17:35:54+00:00\" \/>\n<meta property=\"article:modified_time\" content=\"2025-03-13T18:57:42+00:00\" \/>\n<meta property=\"og:image\" content=\"https:\/\/lecompagnonrouge.fr\/wp-content\/uploads\/2025\/03\/IMG_1873.jpg\" \/>\n\t<meta property=\"og:image:width\" content=\"850\" \/>\n\t<meta property=\"og:image:height\" content=\"567\" \/>\n\t<meta property=\"og:image:type\" content=\"image\/jpeg\" \/>\n<meta name=\"author\" content=\"R1\" \/>\n<meta name=\"twitter:card\" content=\"summary_large_image\" \/>\n<meta name=\"twitter:label1\" content=\"\u00c9crit par\" \/>\n\t<meta name=\"twitter:data1\" content=\"R1\" \/>\n\t<meta name=\"twitter:label2\" content=\"Dur\u00e9e de lecture est.\" \/>\n\t<meta name=\"twitter:data2\" content=\"3 minutes\" \/>\n<script type=\"application\/ld+json\" class=\"yoast-schema-graph\">{\"@context\":\"https:\\\/\\\/schema.org\",\"@graph\":[{\"@type\":\"Article\",\"@id\":\"https:\\\/\\\/lecompagnonrouge.fr\\\/?p=9061#article\",\"isPartOf\":{\"@id\":\"https:\\\/\\\/lecompagnonrouge.fr\\\/?p=9061\"},\"author\":{\"name\":\"R1\",\"@id\":\"https:\\\/\\\/lecompagnonrouge.fr\\\/#\\\/schema\\\/person\\\/0025018a342b92eacca6f1e4c968a154\"},\"headline\":\"Phleum pratense. Fl\u00e9ole des pr\u00e9s.\",\"datePublished\":\"2025-03-01T17:35:54+00:00\",\"dateModified\":\"2025-03-13T18:57:42+00:00\",\"mainEntityOfPage\":{\"@id\":\"https:\\\/\\\/lecompagnonrouge.fr\\\/?p=9061\"},\"wordCount\":337,\"publisher\":{\"@id\":\"https:\\\/\\\/lecompagnonrouge.fr\\\/#\\\/schema\\\/person\\\/0025018a342b92eacca6f1e4c968a154\"},\"image\":{\"@id\":\"https:\\\/\\\/lecompagnonrouge.fr\\\/?p=9061#primaryimage\"},\"thumbnailUrl\":\"https:\\\/\\\/lecompagnonrouge.fr\\\/wp-content\\\/uploads\\\/2025\\\/03\\\/IMG_1873.jpg\",\"keywords\":[\"Phl\u00e9ole des pr\u00e9s\"],\"articleSection\":[\"Phleum pratense\",\"Poaceae\"],\"inLanguage\":\"fr-BE\"},{\"@type\":\"WebPage\",\"@id\":\"https:\\\/\\\/lecompagnonrouge.fr\\\/?p=9061\",\"url\":\"https:\\\/\\\/lecompagnonrouge.fr\\\/?p=9061\",\"name\":\"Phleum pratense. Fl\u00e9ole des pr\u00e9s. - Le Compagnon rouge\",\"isPartOf\":{\"@id\":\"https:\\\/\\\/lecompagnonrouge.fr\\\/#website\"},\"primaryImageOfPage\":{\"@id\":\"https:\\\/\\\/lecompagnonrouge.fr\\\/?p=9061#primaryimage\"},\"image\":{\"@id\":\"https:\\\/\\\/lecompagnonrouge.fr\\\/?p=9061#primaryimage\"},\"thumbnailUrl\":\"https:\\\/\\\/lecompagnonrouge.fr\\\/wp-content\\\/uploads\\\/2025\\\/03\\\/IMG_1873.jpg\",\"datePublished\":\"2025-03-01T17:35:54+00:00\",\"dateModified\":\"2025-03-13T18:57:42+00:00\",\"description\":\"Poales, Poaceae, Phleum pratense\",\"breadcrumb\":{\"@id\":\"https:\\\/\\\/lecompagnonrouge.fr\\\/?p=9061#breadcrumb\"},\"inLanguage\":\"fr-BE\",\"potentialAction\":[{\"@type\":\"ReadAction\",\"target\":[\"https:\\\/\\\/lecompagnonrouge.fr\\\/?p=9061\"]}]},{\"@type\":\"ImageObject\",\"inLanguage\":\"fr-BE\",\"@id\":\"https:\\\/\\\/lecompagnonrouge.fr\\\/?p=9061#primaryimage\",\"url\":\"https:\\\/\\\/lecompagnonrouge.fr\\\/wp-content\\\/uploads\\\/2025\\\/03\\\/IMG_1873.jpg\",\"contentUrl\":\"https:\\\/\\\/lecompagnonrouge.fr\\\/wp-content\\\/uploads\\\/2025\\\/03\\\/IMG_1873.jpg\",\"width\":850,\"height\":567},{\"@type\":\"BreadcrumbList\",\"@id\":\"https:\\\/\\\/lecompagnonrouge.fr\\\/?p=9061#breadcrumb\",\"itemListElement\":[{\"@type\":\"ListItem\",\"position\":1,\"name\":\"Accueil\",\"item\":\"https:\\\/\\\/lecompagnonrouge.fr\\\/\"},{\"@type\":\"ListItem\",\"position\":2,\"name\":\"Phleum pratense. Fl\u00e9ole des pr\u00e9s.\"}]},{\"@type\":\"WebSite\",\"@id\":\"https:\\\/\\\/lecompagnonrouge.fr\\\/#website\",\"url\":\"https:\\\/\\\/lecompagnonrouge.fr\\\/\",\"name\":\"Le Compagnon rouge\",\"description\":\"M\u00e9morandum.\",\"publisher\":{\"@id\":\"https:\\\/\\\/lecompagnonrouge.fr\\\/#\\\/schema\\\/person\\\/0025018a342b92eacca6f1e4c968a154\"},\"potentialAction\":[{\"@type\":\"SearchAction\",\"target\":{\"@type\":\"EntryPoint\",\"urlTemplate\":\"https:\\\/\\\/lecompagnonrouge.fr\\\/?s={search_term_string}\"},\"query-input\":{\"@type\":\"PropertyValueSpecification\",\"valueRequired\":true,\"valueName\":\"search_term_string\"}}],\"inLanguage\":\"fr-BE\"},{\"@type\":[\"Person\",\"Organization\"],\"@id\":\"https:\\\/\\\/lecompagnonrouge.fr\\\/#\\\/schema\\\/person\\\/0025018a342b92eacca6f1e4c968a154\",\"name\":\"R1\",\"image\":{\"@type\":\"ImageObject\",\"inLanguage\":\"fr-BE\",\"@id\":\"https:\\\/\\\/lecompagnonrouge.fr\\\/wp-content\\\/uploads\\\/2022\\\/03\\\/identit.jpg\",\"url\":\"https:\\\/\\\/lecompagnonrouge.fr\\\/wp-content\\\/uploads\\\/2022\\\/03\\\/identit.jpg\",\"contentUrl\":\"https:\\\/\\\/lecompagnonrouge.fr\\\/wp-content\\\/uploads\\\/2022\\\/03\\\/identit.jpg\",\"width\":425,\"height\":545,\"caption\":\"R1\"},\"logo\":{\"@id\":\"https:\\\/\\\/lecompagnonrouge.fr\\\/wp-content\\\/uploads\\\/2022\\\/03\\\/identit.jpg\"},\"sameAs\":[\"http:\\\/\\\/lecompagnonrouge.fr\"],\"url\":\"https:\\\/\\\/lecompagnonrouge.fr\\\/?author=1\"}]}<\/script>\n<!-- \/ Yoast SEO plugin. -->","yoast_head_json":{"title":"Phleum pratense. Fl\u00e9ole des pr\u00e9s. - Le Compagnon rouge","description":"Poales, Poaceae, Phleum pratense","robots":{"index":"index","follow":"follow","max-snippet":"max-snippet:-1","max-image-preview":"max-image-preview:large","max-video-preview":"max-video-preview:-1"},"canonical":"https:\/\/lecompagnonrouge.fr\/?p=9061","og_locale":"fr_FR","og_type":"article","og_title":"Phleum pratense. Fl\u00e9ole des pr\u00e9s. - Le Compagnon rouge","og_description":"Poales, Poaceae, Phleum pratense","og_url":"https:\/\/lecompagnonrouge.fr\/?p=9061","og_site_name":"Le Compagnon rouge","article_published_time":"2025-03-01T17:35:54+00:00","article_modified_time":"2025-03-13T18:57:42+00:00","og_image":[{"width":850,"height":567,"url":"https:\/\/lecompagnonrouge.fr\/wp-content\/uploads\/2025\/03\/IMG_1873.jpg","type":"image\/jpeg"}],"author":"R1","twitter_card":"summary_large_image","twitter_misc":{"\u00c9crit par":"R1","Dur\u00e9e de lecture est.":"3 minutes"},"schema":{"@context":"https:\/\/schema.org","@graph":[{"@type":"Article","@id":"https:\/\/lecompagnonrouge.fr\/?p=9061#article","isPartOf":{"@id":"https:\/\/lecompagnonrouge.fr\/?p=9061"},"author":{"name":"R1","@id":"https:\/\/lecompagnonrouge.fr\/#\/schema\/person\/0025018a342b92eacca6f1e4c968a154"},"headline":"Phleum pratense. Fl\u00e9ole des pr\u00e9s.","datePublished":"2025-03-01T17:35:54+00:00","dateModified":"2025-03-13T18:57:42+00:00","mainEntityOfPage":{"@id":"https:\/\/lecompagnonrouge.fr\/?p=9061"},"wordCount":337,"publisher":{"@id":"https:\/\/lecompagnonrouge.fr\/#\/schema\/person\/0025018a342b92eacca6f1e4c968a154"},"image":{"@id":"https:\/\/lecompagnonrouge.fr\/?p=9061#primaryimage"},"thumbnailUrl":"https:\/\/lecompagnonrouge.fr\/wp-content\/uploads\/2025\/03\/IMG_1873.jpg","keywords":["Phl\u00e9ole des pr\u00e9s"],"articleSection":["Phleum pratense","Poaceae"],"inLanguage":"fr-BE"},{"@type":"WebPage","@id":"https:\/\/lecompagnonrouge.fr\/?p=9061","url":"https:\/\/lecompagnonrouge.fr\/?p=9061","name":"Phleum pratense. Fl\u00e9ole des pr\u00e9s. - Le Compagnon rouge","isPartOf":{"@id":"https:\/\/lecompagnonrouge.fr\/#website"},"primaryImageOfPage":{"@id":"https:\/\/lecompagnonrouge.fr\/?p=9061#primaryimage"},"image":{"@id":"https:\/\/lecompagnonrouge.fr\/?p=9061#primaryimage"},"thumbnailUrl":"https:\/\/lecompagnonrouge.fr\/wp-content\/uploads\/2025\/03\/IMG_1873.jpg","datePublished":"2025-03-01T17:35:54+00:00","dateModified":"2025-03-13T18:57:42+00:00","description":"Poales, Poaceae, Phleum pratense","breadcrumb":{"@id":"https:\/\/lecompagnonrouge.fr\/?p=9061#breadcrumb"},"inLanguage":"fr-BE","potentialAction":[{"@type":"ReadAction","target":["https:\/\/lecompagnonrouge.fr\/?p=9061"]}]},{"@type":"ImageObject","inLanguage":"fr-BE","@id":"https:\/\/lecompagnonrouge.fr\/?p=9061#primaryimage","url":"https:\/\/lecompagnonrouge.fr\/wp-content\/uploads\/2025\/03\/IMG_1873.jpg","contentUrl":"https:\/\/lecompagnonrouge.fr\/wp-content\/uploads\/2025\/03\/IMG_1873.jpg","width":850,"height":567},{"@type":"BreadcrumbList","@id":"https:\/\/lecompagnonrouge.fr\/?p=9061#breadcrumb","itemListElement":[{"@type":"ListItem","position":1,"name":"Accueil","item":"https:\/\/lecompagnonrouge.fr\/"},{"@type":"ListItem","position":2,"name":"Phleum pratense. Fl\u00e9ole des pr\u00e9s."}]},{"@type":"WebSite","@id":"https:\/\/lecompagnonrouge.fr\/#website","url":"https:\/\/lecompagnonrouge.fr\/","name":"Le Compagnon rouge","description":"M\u00e9morandum.","publisher":{"@id":"https:\/\/lecompagnonrouge.fr\/#\/schema\/person\/0025018a342b92eacca6f1e4c968a154"},"potentialAction":[{"@type":"SearchAction","target":{"@type":"EntryPoint","urlTemplate":"https:\/\/lecompagnonrouge.fr\/?s={search_term_string}"},"query-input":{"@type":"PropertyValueSpecification","valueRequired":true,"valueName":"search_term_string"}}],"inLanguage":"fr-BE"},{"@type":["Person","Organization"],"@id":"https:\/\/lecompagnonrouge.fr\/#\/schema\/person\/0025018a342b92eacca6f1e4c968a154","name":"R1","image":{"@type":"ImageObject","inLanguage":"fr-BE","@id":"https:\/\/lecompagnonrouge.fr\/wp-content\/uploads\/2022\/03\/identit.jpg","url":"https:\/\/lecompagnonrouge.fr\/wp-content\/uploads\/2022\/03\/identit.jpg","contentUrl":"https:\/\/lecompagnonrouge.fr\/wp-content\/uploads\/2022\/03\/identit.jpg","width":425,"height":545,"caption":"R1"},"logo":{"@id":"https:\/\/lecompagnonrouge.fr\/wp-content\/uploads\/2022\/03\/identit.jpg"},"sameAs":["http:\/\/lecompagnonrouge.fr"],"url":"https:\/\/lecompagnonrouge.fr\/?author=1"}]}},"_links":{"self":[{"href":"https:\/\/lecompagnonrouge.fr\/index.php?rest_route=\/wp\/v2\/posts\/9061","targetHints":{"allow":["GET"]}}],"collection":[{"href":"https:\/\/lecompagnonrouge.fr\/index.php?rest_route=\/wp\/v2\/posts"}],"about":[{"href":"https:\/\/lecompagnonrouge.fr\/index.php?rest_route=\/wp\/v2\/types\/post"}],"author":[{"embeddable":true,"href":"https:\/\/lecompagnonrouge.fr\/index.php?rest_route=\/wp\/v2\/users\/1"}],"replies":[{"embeddable":true,"href":"https:\/\/lecompagnonrouge.fr\/index.php?rest_route=%2Fwp%2Fv2%2Fcomments&post=9061"}],"version-history":[{"count":8,"href":"https:\/\/lecompagnonrouge.fr\/index.php?rest_route=\/wp\/v2\/posts\/9061\/revisions"}],"predecessor-version":[{"id":9182,"href":"https:\/\/lecompagnonrouge.fr\/index.php?rest_route=\/wp\/v2\/posts\/9061\/revisions\/9182"}],"wp:featuredmedia":[{"embeddable":true,"href":"https:\/\/lecompagnonrouge.fr\/index.php?rest_route=\/wp\/v2\/media\/9062"}],"wp:attachment":[{"href":"https:\/\/lecompagnonrouge.fr\/index.php?rest_route=%2Fwp%2Fv2%2Fmedia&parent=9061"}],"wp:term":[{"taxonomy":"category","embeddable":true,"href":"https:\/\/lecompagnonrouge.fr\/index.php?rest_route=%2Fwp%2Fv2%2Fcategories&post=9061"},{"taxonomy":"post_tag","embeddable":true,"href":"https:\/\/lecompagnonrouge.fr\/index.php?rest_route=%2Fwp%2Fv2%2Ftags&post=9061"}],"curies":[{"name":"wp","href":"https:\/\/api.w.org\/{rel}","templated":true}]}}