{"id":8949,"date":"2025-02-09T14:24:16","date_gmt":"2025-02-09T13:24:16","guid":{"rendered":"https:\/\/lecompagnonrouge.fr\/?p=8949"},"modified":"2025-02-24T08:52:36","modified_gmt":"2025-02-24T07:52:36","slug":"verbena-bonariensis-verveine-de-buenos-aires","status":"publish","type":"post","link":"https:\/\/lecompagnonrouge.fr\/?p=8949","title":{"rendered":"Verbena bonariensis. Verveine de Buenos Aires."},"content":{"rendered":"\n<p class=\"has-medium-font-size\">Verbena bonariensis. &lsquo;Rigolez pas trop, il y a un pi\u00e8ge &#8230;<\/p>\n\n\n\n<p class=\"has-medium-font-size\">Cette Verveine pr\u00e9sente une inflorescence dense, des feuilles toutes sessiles au dents contig\u00fces et plut\u00f4t irr\u00e9guli\u00e8res.<\/p>\n\n\n\n<p class=\"has-medium-font-size\">On voit tout de suite qu&rsquo;il ne peut pas s&rsquo;agir de Verbena brasiliensis car cette derni\u00e8re poss\u00e8de des feuilles sessiles mais dont la base est en coin. Formant un triangle assez important au d\u00e9part de la feuille.<\/p>\n\n\n\n<figure class=\"wp-block-image size-full\"><img loading=\"lazy\" decoding=\"async\" width=\"850\" height=\"567\" src=\"https:\/\/lecompagnonrouge.fr\/wp-content\/uploads\/2025\/02\/2IMG_1627.jpg\" alt=\"\" class=\"wp-image-8950\" srcset=\"https:\/\/lecompagnonrouge.fr\/wp-content\/uploads\/2025\/02\/2IMG_1627.jpg 850w, https:\/\/lecompagnonrouge.fr\/wp-content\/uploads\/2025\/02\/2IMG_1627-300x200.jpg 300w, https:\/\/lecompagnonrouge.fr\/wp-content\/uploads\/2025\/02\/2IMG_1627-768x512.jpg 768w\" sizes=\"auto, (max-width: 850px) 100vw, 850px\" \/><\/figure>\n\n\n\n<figure class=\"wp-block-image size-full\"><img loading=\"lazy\" decoding=\"async\" width=\"850\" height=\"567\" src=\"https:\/\/lecompagnonrouge.fr\/wp-content\/uploads\/2025\/02\/3IMG_1628.jpg\" alt=\"\" class=\"wp-image-8951\" srcset=\"https:\/\/lecompagnonrouge.fr\/wp-content\/uploads\/2025\/02\/3IMG_1628.jpg 850w, https:\/\/lecompagnonrouge.fr\/wp-content\/uploads\/2025\/02\/3IMG_1628-300x200.jpg 300w, https:\/\/lecompagnonrouge.fr\/wp-content\/uploads\/2025\/02\/3IMG_1628-768x512.jpg 768w\" sizes=\"auto, (max-width: 850px) 100vw, 850px\" \/><\/figure>\n\n\n\n<p><\/p>\n\n\n\n<p class=\"has-medium-font-size\">Tout comme Verbena incompta, Verbena bonariensis pr\u00e9sente des feuilles sessiles, en principe amplexicaules pour les m\u00e9dianes (sur la plante ici photographi\u00e9e, curieusement simplement embrassantes, ou alors amplexicaules mais sur doublet de feuilles un peu plus bas).<\/p>\n\n\n\n<p class=\"has-medium-font-size\">Le tube floral des fleurs de Verbena bonariensis est (\u00e0 peine) plus long que celui des fleurs de Verbena incompta. Verbena bonariensis pr\u00e9sente des fleurs un peu plus lumineuses. <strong>Son inflorescence reste courte, y compris \u00e0 maturit\u00e9.<\/strong><\/p>\n\n\n\n<p class=\"has-medium-font-size\">Verbena incompta, poss\u00e8de des bract\u00e9es au moins aussi longues que le calice. Sinon de longueurs \u00e9gales. Elles sont \u00e9gales ou plus courtes que le calice chez la Verveine de Buenos Aires. Sur la plante photographi\u00e9e, elles sont plus courtes. <\/p>\n\n\n<div class=\"wp-block-image\">\n<figure class=\"aligncenter size-full\"><img loading=\"lazy\" decoding=\"async\" width=\"494\" height=\"542\" src=\"https:\/\/lecompagnonrouge.fr\/wp-content\/uploads\/2025\/02\/7IMG_1628.jpg\" alt=\"Verbena bonariensis: bract\u00e9e et calice\" class=\"wp-image-8952\" srcset=\"https:\/\/lecompagnonrouge.fr\/wp-content\/uploads\/2025\/02\/7IMG_1628.jpg 494w, https:\/\/lecompagnonrouge.fr\/wp-content\/uploads\/2025\/02\/7IMG_1628-273x300.jpg 273w, https:\/\/lecompagnonrouge.fr\/wp-content\/uploads\/2025\/02\/7IMG_1628-300x329.jpg 300w\" sizes=\"auto, (max-width: 494px) 100vw, 494px\" \/><\/figure>\n<\/div>\n\n\n<p><\/p>\n\n\n\n<p class=\"has-small-font-size\"><a href=\"https:\/\/lecompagnonrouge.fr\/?s=Lamiales\">Lamiales<\/a>&gt;&nbsp;<a href=\"https:\/\/lecompagnonrouge.fr\/?s=Verbenaceae\">Verbenaceae<\/a>&gt;&nbsp;<a href=\"https:\/\/lecompagnonrouge.fr\/?s=Verbena\">Verbena<\/a>&nbsp;bonariensis<\/p>\n\n\n\n<p class=\"has-medium-font-size\">Simple <a href=\"https:\/\/lecompagnonrouge.fr\/?page_id=8669#occasionelle\">occasionnelle<\/a> h\u00e9micryptophyte. Ici, instaur\u00e9e. Mais curieusement, un seul plant \u2026 A la croissance un peu \u00e9tonnante \u2026 Elle s&rsquo;\u00e9chappe assez bien de cultures.<\/p>\n\n\n\n<p class=\"has-medium-font-size\">Noter que Verbena incompta est \u00e0 surveiller en raison de sa dynamique populationnelle dans le sud de la France.<\/p>\n\n\n<div class=\"wp-block-image\">\n<figure class=\"aligncenter size-large\"><img loading=\"lazy\" decoding=\"async\" width=\"683\" height=\"1024\" src=\"https:\/\/lecompagnonrouge.fr\/wp-content\/uploads\/2025\/02\/5IMG_1630-683x1024.jpg\" alt=\"\" class=\"wp-image-8953\" srcset=\"https:\/\/lecompagnonrouge.fr\/wp-content\/uploads\/2025\/02\/5IMG_1630-683x1024.jpg 683w, https:\/\/lecompagnonrouge.fr\/wp-content\/uploads\/2025\/02\/5IMG_1630-200x300.jpg 200w, https:\/\/lecompagnonrouge.fr\/wp-content\/uploads\/2025\/02\/5IMG_1630-768x1152.jpg 768w, https:\/\/lecompagnonrouge.fr\/wp-content\/uploads\/2025\/02\/5IMG_1630-300x450.jpg 300w, https:\/\/lecompagnonrouge.fr\/wp-content\/uploads\/2025\/02\/5IMG_1630.jpg 850w\" sizes=\"auto, (max-width: 683px) 100vw, 683px\" \/><\/figure>\n<\/div>","protected":false},"excerpt":{"rendered":"<p>Verbena bonariensis. &lsquo;Rigolez pas trop, il y a un pi\u00e8ge &#8230; Cette Verveine pr\u00e9sente une inflorescence dense, des feuilles toutes sessiles au dents contig\u00fces et plut\u00f4t irr\u00e9guli\u00e8res. On voit tout de suite qu&rsquo;il ne peut pas s&rsquo;agir de Verbena brasiliensis car cette derni\u00e8re poss\u00e8de des feuilles sessiles mais dont la base est en coin. Formant&#8230;<\/p>\n","protected":false},"author":1,"featured_media":8954,"comment_status":"closed","ping_status":"open","sticky":false,"template":"","format":"standard","meta":{"footnotes":""},"categories":[1108,813],"tags":[1107],"class_list":["post-8949","post","type-post","status-publish","format-standard","has-post-thumbnail","hentry","category-verbena-bonariensis","category-verbenaceae","tag-verveine-de-buenos-aires"],"yoast_head":"<!-- This site is optimized with the Yoast SEO plugin v27.4 - https:\/\/yoast.com\/product\/yoast-seo-wordpress\/ -->\n<title>Verbena bonariensis. Verveine de Buenos Aires. - Le Compagnon rouge<\/title>\n<meta name=\"description\" content=\"Lamiales, Verbenaceae, Verbena bonariensis\" \/>\n<meta name=\"robots\" content=\"index, follow, max-snippet:-1, max-image-preview:large, max-video-preview:-1\" \/>\n<link rel=\"canonical\" href=\"https:\/\/lecompagnonrouge.fr\/?p=8949\" \/>\n<meta property=\"og:locale\" content=\"fr_FR\" \/>\n<meta property=\"og:type\" content=\"article\" \/>\n<meta property=\"og:title\" content=\"Verbena bonariensis. Verveine de Buenos Aires. - Le Compagnon rouge\" \/>\n<meta property=\"og:description\" content=\"Lamiales, Verbenaceae, Verbena bonariensis\" \/>\n<meta property=\"og:url\" content=\"https:\/\/lecompagnonrouge.fr\/?p=8949\" \/>\n<meta property=\"og:site_name\" content=\"Le Compagnon rouge\" \/>\n<meta property=\"article:published_time\" content=\"2025-02-09T13:24:16+00:00\" \/>\n<meta property=\"article:modified_time\" content=\"2025-02-24T07:52:36+00:00\" \/>\n<meta property=\"og:image\" content=\"https:\/\/lecompagnonrouge.fr\/wp-content\/uploads\/2025\/02\/0IMG_1624.jpg\" \/>\n\t<meta property=\"og:image:width\" content=\"850\" \/>\n\t<meta property=\"og:image:height\" content=\"567\" \/>\n\t<meta property=\"og:image:type\" content=\"image\/jpeg\" \/>\n<meta name=\"author\" content=\"R1\" \/>\n<meta name=\"twitter:card\" content=\"summary_large_image\" \/>\n<meta name=\"twitter:label1\" content=\"\u00c9crit par\" \/>\n\t<meta name=\"twitter:data1\" content=\"R1\" \/>\n\t<meta name=\"twitter:label2\" content=\"Dur\u00e9e de lecture est.\" \/>\n\t<meta name=\"twitter:data2\" content=\"3 minutes\" \/>\n<script type=\"application\/ld+json\" class=\"yoast-schema-graph\">{\"@context\":\"https:\\\/\\\/schema.org\",\"@graph\":[{\"@type\":\"Article\",\"@id\":\"https:\\\/\\\/lecompagnonrouge.fr\\\/?p=8949#article\",\"isPartOf\":{\"@id\":\"https:\\\/\\\/lecompagnonrouge.fr\\\/?p=8949\"},\"author\":{\"name\":\"R1\",\"@id\":\"https:\\\/\\\/lecompagnonrouge.fr\\\/#\\\/schema\\\/person\\\/0025018a342b92eacca6f1e4c968a154\"},\"headline\":\"Verbena bonariensis. Verveine de Buenos Aires.\",\"datePublished\":\"2025-02-09T13:24:16+00:00\",\"dateModified\":\"2025-02-24T07:52:36+00:00\",\"mainEntityOfPage\":{\"@id\":\"https:\\\/\\\/lecompagnonrouge.fr\\\/?p=8949\"},\"wordCount\":249,\"publisher\":{\"@id\":\"https:\\\/\\\/lecompagnonrouge.fr\\\/#\\\/schema\\\/person\\\/0025018a342b92eacca6f1e4c968a154\"},\"image\":{\"@id\":\"https:\\\/\\\/lecompagnonrouge.fr\\\/?p=8949#primaryimage\"},\"thumbnailUrl\":\"https:\\\/\\\/lecompagnonrouge.fr\\\/wp-content\\\/uploads\\\/2025\\\/02\\\/0IMG_1624.jpg\",\"keywords\":[\"Verveine de Buenos-Aires\"],\"articleSection\":[\"Verbena bonariensis\",\"Verbenaceae\"],\"inLanguage\":\"fr-BE\"},{\"@type\":\"WebPage\",\"@id\":\"https:\\\/\\\/lecompagnonrouge.fr\\\/?p=8949\",\"url\":\"https:\\\/\\\/lecompagnonrouge.fr\\\/?p=8949\",\"name\":\"Verbena bonariensis. Verveine de Buenos Aires. - Le Compagnon rouge\",\"isPartOf\":{\"@id\":\"https:\\\/\\\/lecompagnonrouge.fr\\\/#website\"},\"primaryImageOfPage\":{\"@id\":\"https:\\\/\\\/lecompagnonrouge.fr\\\/?p=8949#primaryimage\"},\"image\":{\"@id\":\"https:\\\/\\\/lecompagnonrouge.fr\\\/?p=8949#primaryimage\"},\"thumbnailUrl\":\"https:\\\/\\\/lecompagnonrouge.fr\\\/wp-content\\\/uploads\\\/2025\\\/02\\\/0IMG_1624.jpg\",\"datePublished\":\"2025-02-09T13:24:16+00:00\",\"dateModified\":\"2025-02-24T07:52:36+00:00\",\"description\":\"Lamiales, Verbenaceae, Verbena bonariensis\",\"breadcrumb\":{\"@id\":\"https:\\\/\\\/lecompagnonrouge.fr\\\/?p=8949#breadcrumb\"},\"inLanguage\":\"fr-BE\",\"potentialAction\":[{\"@type\":\"ReadAction\",\"target\":[\"https:\\\/\\\/lecompagnonrouge.fr\\\/?p=8949\"]}]},{\"@type\":\"ImageObject\",\"inLanguage\":\"fr-BE\",\"@id\":\"https:\\\/\\\/lecompagnonrouge.fr\\\/?p=8949#primaryimage\",\"url\":\"https:\\\/\\\/lecompagnonrouge.fr\\\/wp-content\\\/uploads\\\/2025\\\/02\\\/0IMG_1624.jpg\",\"contentUrl\":\"https:\\\/\\\/lecompagnonrouge.fr\\\/wp-content\\\/uploads\\\/2025\\\/02\\\/0IMG_1624.jpg\",\"width\":850,\"height\":567,\"caption\":\"Verbena bonariensis\"},{\"@type\":\"BreadcrumbList\",\"@id\":\"https:\\\/\\\/lecompagnonrouge.fr\\\/?p=8949#breadcrumb\",\"itemListElement\":[{\"@type\":\"ListItem\",\"position\":1,\"name\":\"Accueil\",\"item\":\"https:\\\/\\\/lecompagnonrouge.fr\\\/\"},{\"@type\":\"ListItem\",\"position\":2,\"name\":\"Verbena bonariensis. Verveine de Buenos Aires.\"}]},{\"@type\":\"WebSite\",\"@id\":\"https:\\\/\\\/lecompagnonrouge.fr\\\/#website\",\"url\":\"https:\\\/\\\/lecompagnonrouge.fr\\\/\",\"name\":\"Le Compagnon rouge\",\"description\":\"M\u00e9morandum.\",\"publisher\":{\"@id\":\"https:\\\/\\\/lecompagnonrouge.fr\\\/#\\\/schema\\\/person\\\/0025018a342b92eacca6f1e4c968a154\"},\"potentialAction\":[{\"@type\":\"SearchAction\",\"target\":{\"@type\":\"EntryPoint\",\"urlTemplate\":\"https:\\\/\\\/lecompagnonrouge.fr\\\/?s={search_term_string}\"},\"query-input\":{\"@type\":\"PropertyValueSpecification\",\"valueRequired\":true,\"valueName\":\"search_term_string\"}}],\"inLanguage\":\"fr-BE\"},{\"@type\":[\"Person\",\"Organization\"],\"@id\":\"https:\\\/\\\/lecompagnonrouge.fr\\\/#\\\/schema\\\/person\\\/0025018a342b92eacca6f1e4c968a154\",\"name\":\"R1\",\"image\":{\"@type\":\"ImageObject\",\"inLanguage\":\"fr-BE\",\"@id\":\"https:\\\/\\\/lecompagnonrouge.fr\\\/wp-content\\\/uploads\\\/2022\\\/03\\\/identit.jpg\",\"url\":\"https:\\\/\\\/lecompagnonrouge.fr\\\/wp-content\\\/uploads\\\/2022\\\/03\\\/identit.jpg\",\"contentUrl\":\"https:\\\/\\\/lecompagnonrouge.fr\\\/wp-content\\\/uploads\\\/2022\\\/03\\\/identit.jpg\",\"width\":425,\"height\":545,\"caption\":\"R1\"},\"logo\":{\"@id\":\"https:\\\/\\\/lecompagnonrouge.fr\\\/wp-content\\\/uploads\\\/2022\\\/03\\\/identit.jpg\"},\"sameAs\":[\"http:\\\/\\\/lecompagnonrouge.fr\"],\"url\":\"https:\\\/\\\/lecompagnonrouge.fr\\\/?author=1\"}]}<\/script>\n<!-- \/ Yoast SEO plugin. -->","yoast_head_json":{"title":"Verbena bonariensis. Verveine de Buenos Aires. - Le Compagnon rouge","description":"Lamiales, Verbenaceae, Verbena bonariensis","robots":{"index":"index","follow":"follow","max-snippet":"max-snippet:-1","max-image-preview":"max-image-preview:large","max-video-preview":"max-video-preview:-1"},"canonical":"https:\/\/lecompagnonrouge.fr\/?p=8949","og_locale":"fr_FR","og_type":"article","og_title":"Verbena bonariensis. Verveine de Buenos Aires. - Le Compagnon rouge","og_description":"Lamiales, Verbenaceae, Verbena bonariensis","og_url":"https:\/\/lecompagnonrouge.fr\/?p=8949","og_site_name":"Le Compagnon rouge","article_published_time":"2025-02-09T13:24:16+00:00","article_modified_time":"2025-02-24T07:52:36+00:00","og_image":[{"width":850,"height":567,"url":"https:\/\/lecompagnonrouge.fr\/wp-content\/uploads\/2025\/02\/0IMG_1624.jpg","type":"image\/jpeg"}],"author":"R1","twitter_card":"summary_large_image","twitter_misc":{"\u00c9crit par":"R1","Dur\u00e9e de lecture est.":"3 minutes"},"schema":{"@context":"https:\/\/schema.org","@graph":[{"@type":"Article","@id":"https:\/\/lecompagnonrouge.fr\/?p=8949#article","isPartOf":{"@id":"https:\/\/lecompagnonrouge.fr\/?p=8949"},"author":{"name":"R1","@id":"https:\/\/lecompagnonrouge.fr\/#\/schema\/person\/0025018a342b92eacca6f1e4c968a154"},"headline":"Verbena bonariensis. Verveine de Buenos Aires.","datePublished":"2025-02-09T13:24:16+00:00","dateModified":"2025-02-24T07:52:36+00:00","mainEntityOfPage":{"@id":"https:\/\/lecompagnonrouge.fr\/?p=8949"},"wordCount":249,"publisher":{"@id":"https:\/\/lecompagnonrouge.fr\/#\/schema\/person\/0025018a342b92eacca6f1e4c968a154"},"image":{"@id":"https:\/\/lecompagnonrouge.fr\/?p=8949#primaryimage"},"thumbnailUrl":"https:\/\/lecompagnonrouge.fr\/wp-content\/uploads\/2025\/02\/0IMG_1624.jpg","keywords":["Verveine de Buenos-Aires"],"articleSection":["Verbena bonariensis","Verbenaceae"],"inLanguage":"fr-BE"},{"@type":"WebPage","@id":"https:\/\/lecompagnonrouge.fr\/?p=8949","url":"https:\/\/lecompagnonrouge.fr\/?p=8949","name":"Verbena bonariensis. Verveine de Buenos Aires. - Le Compagnon rouge","isPartOf":{"@id":"https:\/\/lecompagnonrouge.fr\/#website"},"primaryImageOfPage":{"@id":"https:\/\/lecompagnonrouge.fr\/?p=8949#primaryimage"},"image":{"@id":"https:\/\/lecompagnonrouge.fr\/?p=8949#primaryimage"},"thumbnailUrl":"https:\/\/lecompagnonrouge.fr\/wp-content\/uploads\/2025\/02\/0IMG_1624.jpg","datePublished":"2025-02-09T13:24:16+00:00","dateModified":"2025-02-24T07:52:36+00:00","description":"Lamiales, Verbenaceae, Verbena bonariensis","breadcrumb":{"@id":"https:\/\/lecompagnonrouge.fr\/?p=8949#breadcrumb"},"inLanguage":"fr-BE","potentialAction":[{"@type":"ReadAction","target":["https:\/\/lecompagnonrouge.fr\/?p=8949"]}]},{"@type":"ImageObject","inLanguage":"fr-BE","@id":"https:\/\/lecompagnonrouge.fr\/?p=8949#primaryimage","url":"https:\/\/lecompagnonrouge.fr\/wp-content\/uploads\/2025\/02\/0IMG_1624.jpg","contentUrl":"https:\/\/lecompagnonrouge.fr\/wp-content\/uploads\/2025\/02\/0IMG_1624.jpg","width":850,"height":567,"caption":"Verbena bonariensis"},{"@type":"BreadcrumbList","@id":"https:\/\/lecompagnonrouge.fr\/?p=8949#breadcrumb","itemListElement":[{"@type":"ListItem","position":1,"name":"Accueil","item":"https:\/\/lecompagnonrouge.fr\/"},{"@type":"ListItem","position":2,"name":"Verbena bonariensis. Verveine de Buenos Aires."}]},{"@type":"WebSite","@id":"https:\/\/lecompagnonrouge.fr\/#website","url":"https:\/\/lecompagnonrouge.fr\/","name":"Le Compagnon rouge","description":"M\u00e9morandum.","publisher":{"@id":"https:\/\/lecompagnonrouge.fr\/#\/schema\/person\/0025018a342b92eacca6f1e4c968a154"},"potentialAction":[{"@type":"SearchAction","target":{"@type":"EntryPoint","urlTemplate":"https:\/\/lecompagnonrouge.fr\/?s={search_term_string}"},"query-input":{"@type":"PropertyValueSpecification","valueRequired":true,"valueName":"search_term_string"}}],"inLanguage":"fr-BE"},{"@type":["Person","Organization"],"@id":"https:\/\/lecompagnonrouge.fr\/#\/schema\/person\/0025018a342b92eacca6f1e4c968a154","name":"R1","image":{"@type":"ImageObject","inLanguage":"fr-BE","@id":"https:\/\/lecompagnonrouge.fr\/wp-content\/uploads\/2022\/03\/identit.jpg","url":"https:\/\/lecompagnonrouge.fr\/wp-content\/uploads\/2022\/03\/identit.jpg","contentUrl":"https:\/\/lecompagnonrouge.fr\/wp-content\/uploads\/2022\/03\/identit.jpg","width":425,"height":545,"caption":"R1"},"logo":{"@id":"https:\/\/lecompagnonrouge.fr\/wp-content\/uploads\/2022\/03\/identit.jpg"},"sameAs":["http:\/\/lecompagnonrouge.fr"],"url":"https:\/\/lecompagnonrouge.fr\/?author=1"}]}},"_links":{"self":[{"href":"https:\/\/lecompagnonrouge.fr\/index.php?rest_route=\/wp\/v2\/posts\/8949","targetHints":{"allow":["GET"]}}],"collection":[{"href":"https:\/\/lecompagnonrouge.fr\/index.php?rest_route=\/wp\/v2\/posts"}],"about":[{"href":"https:\/\/lecompagnonrouge.fr\/index.php?rest_route=\/wp\/v2\/types\/post"}],"author":[{"embeddable":true,"href":"https:\/\/lecompagnonrouge.fr\/index.php?rest_route=\/wp\/v2\/users\/1"}],"replies":[{"embeddable":true,"href":"https:\/\/lecompagnonrouge.fr\/index.php?rest_route=%2Fwp%2Fv2%2Fcomments&post=8949"}],"version-history":[{"count":3,"href":"https:\/\/lecompagnonrouge.fr\/index.php?rest_route=\/wp\/v2\/posts\/8949\/revisions"}],"predecessor-version":[{"id":9042,"href":"https:\/\/lecompagnonrouge.fr\/index.php?rest_route=\/wp\/v2\/posts\/8949\/revisions\/9042"}],"wp:featuredmedia":[{"embeddable":true,"href":"https:\/\/lecompagnonrouge.fr\/index.php?rest_route=\/wp\/v2\/media\/8954"}],"wp:attachment":[{"href":"https:\/\/lecompagnonrouge.fr\/index.php?rest_route=%2Fwp%2Fv2%2Fmedia&parent=8949"}],"wp:term":[{"taxonomy":"category","embeddable":true,"href":"https:\/\/lecompagnonrouge.fr\/index.php?rest_route=%2Fwp%2Fv2%2Fcategories&post=8949"},{"taxonomy":"post_tag","embeddable":true,"href":"https:\/\/lecompagnonrouge.fr\/index.php?rest_route=%2Fwp%2Fv2%2Ftags&post=8949"}],"curies":[{"name":"wp","href":"https:\/\/api.w.org\/{rel}","templated":true}]}}