{"id":716,"date":"2022-04-04T15:04:36","date_gmt":"2022-04-04T13:04:36","guid":{"rendered":"https:\/\/lecompagnonrouge.fr\/?p=716"},"modified":"2024-11-16T11:40:38","modified_gmt":"2024-11-16T10:40:38","slug":"pastinaca-sativa-subsp-sativa-panais-cultive","status":"publish","type":"post","link":"https:\/\/lecompagnonrouge.fr\/?p=716","title":{"rendered":"Pastinaca sativa subsp. sativa. Panais cultiv\u00e9"},"content":{"rendered":"\n<p class=\"has-medium-font-size\">Pastinaca sativa est une ombellif\u00e8re \u00e0 fleurs jaunes dont les p\u00e9tales sont dispos\u00e9s comme en col roul\u00e9, et dont le fruit est large aplati (encercl\u00e9 d&rsquo;une expansion quand il est m\u00fbr)<\/p>\n\n\n\n<figure class=\"wp-block-image size-full\"><img loading=\"lazy\" decoding=\"async\" width=\"850\" height=\"567\" src=\"https:\/\/lecompagnonrouge.fr\/wp-content\/uploads\/2022\/04\/image-32.png\" alt=\"Pastinaca sativa subsp. sativa: ombelle\" class=\"wp-image-7964\" srcset=\"https:\/\/lecompagnonrouge.fr\/wp-content\/uploads\/2022\/04\/image-32.png 850w, https:\/\/lecompagnonrouge.fr\/wp-content\/uploads\/2022\/04\/image-32-300x200.png 300w, https:\/\/lecompagnonrouge.fr\/wp-content\/uploads\/2022\/04\/image-32-768x512.png 768w\" sizes=\"auto, (max-width: 850px) 100vw, 850px\" \/><\/figure>\n\n\n\n<p><\/p>\n\n\n\n<p><\/p>\n\n\n\n<p class=\"has-medium-font-size\">La feuille de Pastinaca sativa subsp. sativa pr\u00e9sente des segments larges.<\/p>\n\n\n\n<figure class=\"wp-block-image size-full\"><img loading=\"lazy\" decoding=\"async\" width=\"768\" height=\"1024\" src=\"https:\/\/lecompagnonrouge.fr\/wp-content\/uploads\/2022\/04\/image-33.png\" alt=\"\" class=\"wp-image-7966\" srcset=\"https:\/\/lecompagnonrouge.fr\/wp-content\/uploads\/2022\/04\/image-33.png 768w, https:\/\/lecompagnonrouge.fr\/wp-content\/uploads\/2022\/04\/image-33-225x300.png 225w, https:\/\/lecompagnonrouge.fr\/wp-content\/uploads\/2022\/04\/image-33-300x400.png 300w\" sizes=\"auto, (max-width: 768px) 100vw, 768px\" \/><\/figure>\n\n\n\n<p class=\"has-medium-font-size\"><\/p>\n\n\n\n<p class=\"has-medium-font-size\">Le panais cultiv\u00e9 se diff\u00e9rencie du <a href=\"https:\/\/lecompagnonrouge.fr\/?p=726\">panais br\u00fblant<\/a> par sa tige parfois plus fortement cannel\u00e9e. Canelage obsol\u00e8te superficiel ou simples stries pour le panais br\u00fblant.  Le <strong>panais cultiv\u00e9 pr\u00e9sente des rameaux plus orthotropes. <\/strong>Ses inflorescences ont plus de rayons.<\/p>\n\n\n\n<figure class=\"wp-block-image size-full\"><img loading=\"lazy\" decoding=\"async\" width=\"768\" height=\"1024\" src=\"https:\/\/lecompagnonrouge.fr\/wp-content\/uploads\/2022\/04\/image-34.png\" alt=\"\" class=\"wp-image-7967\" srcset=\"https:\/\/lecompagnonrouge.fr\/wp-content\/uploads\/2022\/04\/image-34.png 768w, https:\/\/lecompagnonrouge.fr\/wp-content\/uploads\/2022\/04\/image-34-225x300.png 225w, https:\/\/lecompagnonrouge.fr\/wp-content\/uploads\/2022\/04\/image-34-300x400.png 300w\" sizes=\"auto, (max-width: 768px) 100vw, 768px\" \/><\/figure>\n\n\n\n<p><\/p>\n\n\n\n<p class=\"has-medium-font-size\">La fructification du Panais cultiv\u00e9:<\/p>\n\n\n\n<figure class=\"wp-block-image size-large\"><img loading=\"lazy\" decoding=\"async\" width=\"768\" height=\"1024\" src=\"https:\/\/lecompagnonrouge.fr\/wp-content\/uploads\/2022\/04\/IMG_20210708_170332-768x1024.jpg\" alt=\"Pastinaca sativa subsp. sativa: fruits: Semen-Carpo\" class=\"wp-image-721\" srcset=\"https:\/\/lecompagnonrouge.fr\/wp-content\/uploads\/2022\/04\/IMG_20210708_170332-768x1024.jpg 768w, https:\/\/lecompagnonrouge.fr\/wp-content\/uploads\/2022\/04\/IMG_20210708_170332-225x300.jpg 225w, https:\/\/lecompagnonrouge.fr\/wp-content\/uploads\/2022\/04\/IMG_20210708_170332-300x400.jpg 300w, https:\/\/lecompagnonrouge.fr\/wp-content\/uploads\/2022\/04\/IMG_20210708_170332.jpg 850w\" sizes=\"auto, (max-width: 768px) 100vw, 768px\" \/><\/figure>\n\n\n\n<p><\/p>\n\n\n\n<h3 class=\"wp-block-heading has-medium-font-size\"><strong>Niveau vari\u00e9tal:<\/strong><\/h3>\n\n\n\n<ul class=\"wp-block-list\">\n<li>Pastinaca sativa subsp. var. arvensis = pastinaca sativa subsp. sylvestris pr\u00e9sente des poils longs flexueux. Regarder sous la feuille: aspect gris.<\/li>\n\n\n\n<li>Pastinaca sativa subsp. sativa var. pratensis correspond \u00e0 la forme \u00ab\u00a0sauvage\u00a0\u00bb de Pastinaca sativa subsp. var. sativa chez Reduron. La tige est sans poils longs.<\/li>\n\n\n\n<li>Pastinaca sativa subsp. sativa var. sativa correspond aux \u00e9chapp\u00e9es de culture, indiqu\u00e9e comme telles et comme plus pr\u00e9sentes en zones urbaines chez Reduron. La tige est sans poils longs. Tendance au gigantisme, ombelles \u00e0 plus nombreux rayons.<\/li>\n<\/ul>\n\n\n\n<p class=\"has-medium-font-size\">Les diff\u00e9rentes vari\u00e9t\u00e9s pr\u00e9sentent des morphologies interm\u00e9diaires.<\/p>\n\n\n\n<p class=\"has-medium-font-size\">Pour la plante photographi\u00e9e, tendance au l\u00e9g\u00e8re gigantisme et absence de poils longs sous les feuilles; le nombre de rayons par ombelles semblant toujours inf\u00e9rieur \u00e0 15 &#8230; Rapporter \u00e9ventuellement cette palnte \u00e0 Pastinaca sativa subsp. sativa var. pratensis semble tentant.<\/p>\n\n\n\n<figure class=\"wp-block-image size-full\"><img loading=\"lazy\" decoding=\"async\" width=\"850\" height=\"600\" src=\"https:\/\/lecompagnonrouge.fr\/wp-content\/uploads\/2022\/04\/IMG_20210707_164748-2.jpg\" alt=\"\" class=\"wp-image-7968\" srcset=\"https:\/\/lecompagnonrouge.fr\/wp-content\/uploads\/2022\/04\/IMG_20210707_164748-2.jpg 850w, https:\/\/lecompagnonrouge.fr\/wp-content\/uploads\/2022\/04\/IMG_20210707_164748-2-300x212.jpg 300w, https:\/\/lecompagnonrouge.fr\/wp-content\/uploads\/2022\/04\/IMG_20210707_164748-2-768x542.jpg 768w\" sizes=\"auto, (max-width: 850px) 100vw, 850px\" \/><\/figure>\n\n\n\n<p class=\"has-small-font-size\"><a href=\"https:\/\/lecompagnonrouge.fr\/?s=Apiales\">Apiales<\/a>&gt;<a href=\"https:\/\/lecompagnonrouge.fr\/?s=Apiaceae\">Apiaceae<\/a>&gt;<a href=\"https:\/\/lecompagnonrouge.fr\/?s=Apioideae\">Apioideae<\/a>&gt;<a href=\"https:\/\/lecompagnonrouge.fr\/?s=Pastinaca\">Pastinaca<\/a> sativa subsp. sativa<\/p>\n\n\n\n<p class=\"has-small-font-size\"><\/p>\n\n\n\n<p class=\"has-medium-font-size\"><strong>Ecologie:<\/strong><\/p>\n\n\n\n<p class=\"has-medium-font-size\">Friches m\u00e9sophiles, m\u00e9sohydriques de trophie moyenne. Caract\u00e8re souvent rud\u00e9ral. Egalement Prairies.<\/p>\n\n\n\n<p class=\"has-medium-font-size\">Friches vivaces m\u00e9sohydrique. Dauco carotae subsp. carotae-Melilotion albi<\/p>\n\n\n\n<p><\/p>\n\n\n\n<p class=\"has-small-font-size\">Merci de consulter <a href=\"https:\/\/lecompagnonrouge.fr\/\">la charte de navigation<\/a> (notamment droits concernant les images.<\/p>\n\n\n\n<p>Lieu(x) o\u00f9 la plante est photographi\u00e9e: Paris XIII<\/p>\n","protected":false},"excerpt":{"rendered":"<p>Pastinaca sativa est une ombellif\u00e8re \u00e0 fleurs jaunes dont les p\u00e9tales sont dispos\u00e9s comme en col roul\u00e9, et dont le fruit est large aplati (encercl\u00e9 d&rsquo;une expansion quand il est m\u00fbr) La feuille de Pastinaca sativa subsp. sativa pr\u00e9sente des segments larges. Le panais cultiv\u00e9 se diff\u00e9rencie du panais br\u00fblant par sa tige parfois plus&#8230;<\/p>\n","protected":false},"author":1,"featured_media":722,"comment_status":"closed","ping_status":"open","sticky":false,"template":"","format":"standard","meta":{"footnotes":""},"categories":[159,160,192],"tags":[190,191],"class_list":["post-716","post","type-post","status-publish","format-standard","has-post-thumbnail","hentry","category-apiaceae","category-apioideae","category-pastinaca-sativa-subsp-sativa","tag-panais","tag-panais-cultive"],"yoast_head":"<!-- This site is optimized with the Yoast SEO plugin v27.4 - https:\/\/yoast.com\/product\/yoast-seo-wordpress\/ -->\n<title>Pastinaca sativa subsp. sativa. Panais cultiv\u00e9 - Le Compagnon rouge<\/title>\n<meta name=\"description\" content=\"Apiales, Apiaceae, Apioideae, Pastinaca sativa subsp sativa\" \/>\n<meta name=\"robots\" content=\"index, follow, max-snippet:-1, max-image-preview:large, max-video-preview:-1\" \/>\n<link rel=\"canonical\" href=\"https:\/\/lecompagnonrouge.fr\/?p=716\" \/>\n<meta property=\"og:locale\" content=\"fr_FR\" \/>\n<meta property=\"og:type\" content=\"article\" \/>\n<meta property=\"og:title\" content=\"Pastinaca sativa subsp. sativa. Panais cultiv\u00e9 - Le Compagnon rouge\" \/>\n<meta property=\"og:description\" content=\"Apiales, Apiaceae, Apioideae, Pastinaca sativa subsp sativa\" \/>\n<meta property=\"og:url\" content=\"https:\/\/lecompagnonrouge.fr\/?p=716\" \/>\n<meta property=\"og:site_name\" content=\"Le Compagnon rouge\" \/>\n<meta property=\"article:published_time\" content=\"2022-04-04T13:04:36+00:00\" \/>\n<meta property=\"article:modified_time\" content=\"2024-11-16T10:40:38+00:00\" \/>\n<meta property=\"og:image\" content=\"https:\/\/lecompagnonrouge.fr\/wp-content\/uploads\/2022\/04\/IMG_20210708_170242.jpg\" \/>\n\t<meta property=\"og:image:width\" content=\"850\" \/>\n\t<meta property=\"og:image:height\" content=\"1133\" \/>\n\t<meta property=\"og:image:type\" content=\"image\/jpeg\" \/>\n<meta name=\"author\" content=\"R1\" \/>\n<meta name=\"twitter:card\" content=\"summary_large_image\" \/>\n<meta name=\"twitter:label1\" content=\"\u00c9crit par\" \/>\n\t<meta name=\"twitter:data1\" content=\"R1\" \/>\n\t<meta name=\"twitter:label2\" content=\"Dur\u00e9e de lecture est.\" \/>\n\t<meta name=\"twitter:data2\" content=\"3 minutes\" \/>\n<script type=\"application\/ld+json\" class=\"yoast-schema-graph\">{\"@context\":\"https:\\\/\\\/schema.org\",\"@graph\":[{\"@type\":\"Article\",\"@id\":\"https:\\\/\\\/lecompagnonrouge.fr\\\/?p=716#article\",\"isPartOf\":{\"@id\":\"https:\\\/\\\/lecompagnonrouge.fr\\\/?p=716\"},\"author\":{\"name\":\"R1\",\"@id\":\"https:\\\/\\\/lecompagnonrouge.fr\\\/#\\\/schema\\\/person\\\/0025018a342b92eacca6f1e4c968a154\"},\"headline\":\"Pastinaca sativa subsp. sativa. Panais cultiv\u00e9\",\"datePublished\":\"2022-04-04T13:04:36+00:00\",\"dateModified\":\"2024-11-16T10:40:38+00:00\",\"mainEntityOfPage\":{\"@id\":\"https:\\\/\\\/lecompagnonrouge.fr\\\/?p=716\"},\"wordCount\":300,\"publisher\":{\"@id\":\"https:\\\/\\\/lecompagnonrouge.fr\\\/#\\\/schema\\\/person\\\/0025018a342b92eacca6f1e4c968a154\"},\"image\":{\"@id\":\"https:\\\/\\\/lecompagnonrouge.fr\\\/?p=716#primaryimage\"},\"thumbnailUrl\":\"https:\\\/\\\/lecompagnonrouge.fr\\\/wp-content\\\/uploads\\\/2022\\\/04\\\/IMG_20210708_170242.jpg\",\"keywords\":[\"Panais\",\"Panais cultiv\u00e9\"],\"articleSection\":[\"Apiaceae\",\"Apioideae\",\"Pastinaca sativa subsp. sativa\"],\"inLanguage\":\"fr-BE\"},{\"@type\":\"WebPage\",\"@id\":\"https:\\\/\\\/lecompagnonrouge.fr\\\/?p=716\",\"url\":\"https:\\\/\\\/lecompagnonrouge.fr\\\/?p=716\",\"name\":\"Pastinaca sativa subsp. sativa. Panais cultiv\u00e9 - Le Compagnon rouge\",\"isPartOf\":{\"@id\":\"https:\\\/\\\/lecompagnonrouge.fr\\\/#website\"},\"primaryImageOfPage\":{\"@id\":\"https:\\\/\\\/lecompagnonrouge.fr\\\/?p=716#primaryimage\"},\"image\":{\"@id\":\"https:\\\/\\\/lecompagnonrouge.fr\\\/?p=716#primaryimage\"},\"thumbnailUrl\":\"https:\\\/\\\/lecompagnonrouge.fr\\\/wp-content\\\/uploads\\\/2022\\\/04\\\/IMG_20210708_170242.jpg\",\"datePublished\":\"2022-04-04T13:04:36+00:00\",\"dateModified\":\"2024-11-16T10:40:38+00:00\",\"description\":\"Apiales, Apiaceae, Apioideae, Pastinaca sativa subsp sativa\",\"breadcrumb\":{\"@id\":\"https:\\\/\\\/lecompagnonrouge.fr\\\/?p=716#breadcrumb\"},\"inLanguage\":\"fr-BE\",\"potentialAction\":[{\"@type\":\"ReadAction\",\"target\":[\"https:\\\/\\\/lecompagnonrouge.fr\\\/?p=716\"]}]},{\"@type\":\"ImageObject\",\"inLanguage\":\"fr-BE\",\"@id\":\"https:\\\/\\\/lecompagnonrouge.fr\\\/?p=716#primaryimage\",\"url\":\"https:\\\/\\\/lecompagnonrouge.fr\\\/wp-content\\\/uploads\\\/2022\\\/04\\\/IMG_20210708_170242.jpg\",\"contentUrl\":\"https:\\\/\\\/lecompagnonrouge.fr\\\/wp-content\\\/uploads\\\/2022\\\/04\\\/IMG_20210708_170242.jpg\",\"width\":850,\"height\":1133,\"caption\":\"00100000\"},{\"@type\":\"BreadcrumbList\",\"@id\":\"https:\\\/\\\/lecompagnonrouge.fr\\\/?p=716#breadcrumb\",\"itemListElement\":[{\"@type\":\"ListItem\",\"position\":1,\"name\":\"Accueil\",\"item\":\"https:\\\/\\\/lecompagnonrouge.fr\\\/\"},{\"@type\":\"ListItem\",\"position\":2,\"name\":\"Pastinaca sativa subsp. sativa. Panais cultiv\u00e9\"}]},{\"@type\":\"WebSite\",\"@id\":\"https:\\\/\\\/lecompagnonrouge.fr\\\/#website\",\"url\":\"https:\\\/\\\/lecompagnonrouge.fr\\\/\",\"name\":\"Le Compagnon rouge\",\"description\":\"M\u00e9morandum.\",\"publisher\":{\"@id\":\"https:\\\/\\\/lecompagnonrouge.fr\\\/#\\\/schema\\\/person\\\/0025018a342b92eacca6f1e4c968a154\"},\"potentialAction\":[{\"@type\":\"SearchAction\",\"target\":{\"@type\":\"EntryPoint\",\"urlTemplate\":\"https:\\\/\\\/lecompagnonrouge.fr\\\/?s={search_term_string}\"},\"query-input\":{\"@type\":\"PropertyValueSpecification\",\"valueRequired\":true,\"valueName\":\"search_term_string\"}}],\"inLanguage\":\"fr-BE\"},{\"@type\":[\"Person\",\"Organization\"],\"@id\":\"https:\\\/\\\/lecompagnonrouge.fr\\\/#\\\/schema\\\/person\\\/0025018a342b92eacca6f1e4c968a154\",\"name\":\"R1\",\"image\":{\"@type\":\"ImageObject\",\"inLanguage\":\"fr-BE\",\"@id\":\"https:\\\/\\\/lecompagnonrouge.fr\\\/wp-content\\\/uploads\\\/2022\\\/03\\\/identit.jpg\",\"url\":\"https:\\\/\\\/lecompagnonrouge.fr\\\/wp-content\\\/uploads\\\/2022\\\/03\\\/identit.jpg\",\"contentUrl\":\"https:\\\/\\\/lecompagnonrouge.fr\\\/wp-content\\\/uploads\\\/2022\\\/03\\\/identit.jpg\",\"width\":425,\"height\":545,\"caption\":\"R1\"},\"logo\":{\"@id\":\"https:\\\/\\\/lecompagnonrouge.fr\\\/wp-content\\\/uploads\\\/2022\\\/03\\\/identit.jpg\"},\"sameAs\":[\"http:\\\/\\\/lecompagnonrouge.fr\"],\"url\":\"https:\\\/\\\/lecompagnonrouge.fr\\\/?author=1\"}]}<\/script>\n<!-- \/ Yoast SEO plugin. -->","yoast_head_json":{"title":"Pastinaca sativa subsp. sativa. Panais cultiv\u00e9 - Le Compagnon rouge","description":"Apiales, Apiaceae, Apioideae, Pastinaca sativa subsp sativa","robots":{"index":"index","follow":"follow","max-snippet":"max-snippet:-1","max-image-preview":"max-image-preview:large","max-video-preview":"max-video-preview:-1"},"canonical":"https:\/\/lecompagnonrouge.fr\/?p=716","og_locale":"fr_FR","og_type":"article","og_title":"Pastinaca sativa subsp. sativa. Panais cultiv\u00e9 - Le Compagnon rouge","og_description":"Apiales, Apiaceae, Apioideae, Pastinaca sativa subsp sativa","og_url":"https:\/\/lecompagnonrouge.fr\/?p=716","og_site_name":"Le Compagnon rouge","article_published_time":"2022-04-04T13:04:36+00:00","article_modified_time":"2024-11-16T10:40:38+00:00","og_image":[{"width":850,"height":1133,"url":"https:\/\/lecompagnonrouge.fr\/wp-content\/uploads\/2022\/04\/IMG_20210708_170242.jpg","type":"image\/jpeg"}],"author":"R1","twitter_card":"summary_large_image","twitter_misc":{"\u00c9crit par":"R1","Dur\u00e9e de lecture est.":"3 minutes"},"schema":{"@context":"https:\/\/schema.org","@graph":[{"@type":"Article","@id":"https:\/\/lecompagnonrouge.fr\/?p=716#article","isPartOf":{"@id":"https:\/\/lecompagnonrouge.fr\/?p=716"},"author":{"name":"R1","@id":"https:\/\/lecompagnonrouge.fr\/#\/schema\/person\/0025018a342b92eacca6f1e4c968a154"},"headline":"Pastinaca sativa subsp. sativa. Panais cultiv\u00e9","datePublished":"2022-04-04T13:04:36+00:00","dateModified":"2024-11-16T10:40:38+00:00","mainEntityOfPage":{"@id":"https:\/\/lecompagnonrouge.fr\/?p=716"},"wordCount":300,"publisher":{"@id":"https:\/\/lecompagnonrouge.fr\/#\/schema\/person\/0025018a342b92eacca6f1e4c968a154"},"image":{"@id":"https:\/\/lecompagnonrouge.fr\/?p=716#primaryimage"},"thumbnailUrl":"https:\/\/lecompagnonrouge.fr\/wp-content\/uploads\/2022\/04\/IMG_20210708_170242.jpg","keywords":["Panais","Panais cultiv\u00e9"],"articleSection":["Apiaceae","Apioideae","Pastinaca sativa subsp. sativa"],"inLanguage":"fr-BE"},{"@type":"WebPage","@id":"https:\/\/lecompagnonrouge.fr\/?p=716","url":"https:\/\/lecompagnonrouge.fr\/?p=716","name":"Pastinaca sativa subsp. sativa. Panais cultiv\u00e9 - Le Compagnon rouge","isPartOf":{"@id":"https:\/\/lecompagnonrouge.fr\/#website"},"primaryImageOfPage":{"@id":"https:\/\/lecompagnonrouge.fr\/?p=716#primaryimage"},"image":{"@id":"https:\/\/lecompagnonrouge.fr\/?p=716#primaryimage"},"thumbnailUrl":"https:\/\/lecompagnonrouge.fr\/wp-content\/uploads\/2022\/04\/IMG_20210708_170242.jpg","datePublished":"2022-04-04T13:04:36+00:00","dateModified":"2024-11-16T10:40:38+00:00","description":"Apiales, Apiaceae, Apioideae, Pastinaca sativa subsp sativa","breadcrumb":{"@id":"https:\/\/lecompagnonrouge.fr\/?p=716#breadcrumb"},"inLanguage":"fr-BE","potentialAction":[{"@type":"ReadAction","target":["https:\/\/lecompagnonrouge.fr\/?p=716"]}]},{"@type":"ImageObject","inLanguage":"fr-BE","@id":"https:\/\/lecompagnonrouge.fr\/?p=716#primaryimage","url":"https:\/\/lecompagnonrouge.fr\/wp-content\/uploads\/2022\/04\/IMG_20210708_170242.jpg","contentUrl":"https:\/\/lecompagnonrouge.fr\/wp-content\/uploads\/2022\/04\/IMG_20210708_170242.jpg","width":850,"height":1133,"caption":"00100000"},{"@type":"BreadcrumbList","@id":"https:\/\/lecompagnonrouge.fr\/?p=716#breadcrumb","itemListElement":[{"@type":"ListItem","position":1,"name":"Accueil","item":"https:\/\/lecompagnonrouge.fr\/"},{"@type":"ListItem","position":2,"name":"Pastinaca sativa subsp. sativa. Panais cultiv\u00e9"}]},{"@type":"WebSite","@id":"https:\/\/lecompagnonrouge.fr\/#website","url":"https:\/\/lecompagnonrouge.fr\/","name":"Le Compagnon rouge","description":"M\u00e9morandum.","publisher":{"@id":"https:\/\/lecompagnonrouge.fr\/#\/schema\/person\/0025018a342b92eacca6f1e4c968a154"},"potentialAction":[{"@type":"SearchAction","target":{"@type":"EntryPoint","urlTemplate":"https:\/\/lecompagnonrouge.fr\/?s={search_term_string}"},"query-input":{"@type":"PropertyValueSpecification","valueRequired":true,"valueName":"search_term_string"}}],"inLanguage":"fr-BE"},{"@type":["Person","Organization"],"@id":"https:\/\/lecompagnonrouge.fr\/#\/schema\/person\/0025018a342b92eacca6f1e4c968a154","name":"R1","image":{"@type":"ImageObject","inLanguage":"fr-BE","@id":"https:\/\/lecompagnonrouge.fr\/wp-content\/uploads\/2022\/03\/identit.jpg","url":"https:\/\/lecompagnonrouge.fr\/wp-content\/uploads\/2022\/03\/identit.jpg","contentUrl":"https:\/\/lecompagnonrouge.fr\/wp-content\/uploads\/2022\/03\/identit.jpg","width":425,"height":545,"caption":"R1"},"logo":{"@id":"https:\/\/lecompagnonrouge.fr\/wp-content\/uploads\/2022\/03\/identit.jpg"},"sameAs":["http:\/\/lecompagnonrouge.fr"],"url":"https:\/\/lecompagnonrouge.fr\/?author=1"}]}},"_links":{"self":[{"href":"https:\/\/lecompagnonrouge.fr\/index.php?rest_route=\/wp\/v2\/posts\/716","targetHints":{"allow":["GET"]}}],"collection":[{"href":"https:\/\/lecompagnonrouge.fr\/index.php?rest_route=\/wp\/v2\/posts"}],"about":[{"href":"https:\/\/lecompagnonrouge.fr\/index.php?rest_route=\/wp\/v2\/types\/post"}],"author":[{"embeddable":true,"href":"https:\/\/lecompagnonrouge.fr\/index.php?rest_route=\/wp\/v2\/users\/1"}],"replies":[{"embeddable":true,"href":"https:\/\/lecompagnonrouge.fr\/index.php?rest_route=%2Fwp%2Fv2%2Fcomments&post=716"}],"version-history":[{"count":12,"href":"https:\/\/lecompagnonrouge.fr\/index.php?rest_route=\/wp\/v2\/posts\/716\/revisions"}],"predecessor-version":[{"id":8268,"href":"https:\/\/lecompagnonrouge.fr\/index.php?rest_route=\/wp\/v2\/posts\/716\/revisions\/8268"}],"wp:featuredmedia":[{"embeddable":true,"href":"https:\/\/lecompagnonrouge.fr\/index.php?rest_route=\/wp\/v2\/media\/722"}],"wp:attachment":[{"href":"https:\/\/lecompagnonrouge.fr\/index.php?rest_route=%2Fwp%2Fv2%2Fmedia&parent=716"}],"wp:term":[{"taxonomy":"category","embeddable":true,"href":"https:\/\/lecompagnonrouge.fr\/index.php?rest_route=%2Fwp%2Fv2%2Fcategories&post=716"},{"taxonomy":"post_tag","embeddable":true,"href":"https:\/\/lecompagnonrouge.fr\/index.php?rest_route=%2Fwp%2Fv2%2Ftags&post=716"}],"curies":[{"name":"wp","href":"https:\/\/api.w.org\/{rel}","templated":true}]}}