{"id":681,"date":"2022-04-04T09:51:05","date_gmt":"2022-04-04T07:51:05","guid":{"rendered":"https:\/\/lecompagnonrouge.fr\/?p=681"},"modified":"2024-11-10T10:03:33","modified_gmt":"2024-11-10T09:03:33","slug":"torilis-arvensis-torilis-des-champs","status":"publish","type":"post","link":"https:\/\/lecompagnonrouge.fr\/?p=681","title":{"rendered":"Torilis arvensis subsp arvensis. Torilis des champs"},"content":{"rendered":"\n<p class=\"has-medium-font-size\">Torilis arvensis est un ombellif\u00e8re \u00e0 fruits aiguillonn\u00e9s, et pr\u00e9sentant des ombelles \u00e0 peu de rayons, et peu de bract\u00e9es aux ombelles (de 0 \u00e0 2 contre 2 \u00e0 8 pour Torilis japonica)<\/p>\n\n\n\n<p class=\"has-medium-font-size\">Les 2 plantes en photos ici sont de petites tailles, l&rsquo;une en milieu plut\u00f4t sec; l&rsquo;autre en bordure d&rsquo;un pr\u00e9 bois, et donc en situation \u00e0 peine plus ombrag\u00e9e. Tr\u00e8s probablement pour les deux: Torilis arvensis subsp arvensis var arvensis (le niveau vari\u00e9tal restant tr\u00e8s ambigu pour la seconde).<\/p>\n\n\n\n<figure class=\"wp-block-image size-full\"><img loading=\"lazy\" decoding=\"async\" width=\"850\" height=\"824\" src=\"https:\/\/lecompagnonrouge.fr\/wp-content\/uploads\/2022\/04\/image-24.png\" alt=\"\" class=\"wp-image-7934\" srcset=\"https:\/\/lecompagnonrouge.fr\/wp-content\/uploads\/2022\/04\/image-24.png 850w, https:\/\/lecompagnonrouge.fr\/wp-content\/uploads\/2022\/04\/image-24-300x291.png 300w, https:\/\/lecompagnonrouge.fr\/wp-content\/uploads\/2022\/04\/image-24-768x745.png 768w\" sizes=\"auto, (max-width: 850px) 100vw, 850px\" \/><\/figure>\n\n\n\n<p><\/p>\n\n\n\n<p><\/p>\n\n\n\n<p class=\"has-medium-font-size\">Ce torilis est couvert d&rsquo;une pilosit\u00e9 courte, r\u00e9guli\u00e8re.<\/p>\n\n\n\n<figure class=\"wp-block-image size-full\"><img loading=\"lazy\" decoding=\"async\" width=\"807\" height=\"1024\" src=\"https:\/\/lecompagnonrouge.fr\/wp-content\/uploads\/2022\/04\/image-25.png\" alt=\"Torilis arvensis: tige\" class=\"wp-image-7935\" srcset=\"https:\/\/lecompagnonrouge.fr\/wp-content\/uploads\/2022\/04\/image-25.png 807w, https:\/\/lecompagnonrouge.fr\/wp-content\/uploads\/2022\/04\/image-25-236x300.png 236w, https:\/\/lecompagnonrouge.fr\/wp-content\/uploads\/2022\/04\/image-25-768x975.png 768w, https:\/\/lecompagnonrouge.fr\/wp-content\/uploads\/2022\/04\/image-25-300x381.png 300w\" sizes=\"auto, (max-width: 807px) 100vw, 807px\" \/><\/figure>\n\n\n\n<p><\/p>\n\n\n\n<p class=\"has-medium-font-size\">Et pr\u00e9sente un feuillage globalement \u00ab\u00a0classique\u00a0\u00bb en bas pour une ombellif\u00e8re (mais feuilles du haut pr\u00e9sentant un segment apical nettement plus long que les autres segments; voir photo 1)<\/p>\n\n\n\n<figure class=\"wp-block-image size-full\"><img loading=\"lazy\" decoding=\"async\" width=\"850\" height=\"820\" src=\"https:\/\/lecompagnonrouge.fr\/wp-content\/uploads\/2022\/04\/tafeuilles.jpg\" alt=\"\" class=\"wp-image-685\" srcset=\"https:\/\/lecompagnonrouge.fr\/wp-content\/uploads\/2022\/04\/tafeuilles.jpg 850w, https:\/\/lecompagnonrouge.fr\/wp-content\/uploads\/2022\/04\/tafeuilles-300x289.jpg 300w, https:\/\/lecompagnonrouge.fr\/wp-content\/uploads\/2022\/04\/tafeuilles-768x741.jpg 768w\" sizes=\"auto, (max-width: 850px) 100vw, 850px\" \/><\/figure>\n\n\n\n<p><\/p>\n\n\n\n<p class=\"has-medium-font-size\">Noter qu&rsquo;au d\u00e9but, les aiguillons encore mal d\u00e9velopp\u00e9s, ressemble alors un peu \u00e0 des poils:<\/p>\n\n\n<div class=\"wp-block-image\">\n<figure class=\"aligncenter size-full\"><img loading=\"lazy\" decoding=\"async\" width=\"744\" height=\"540\" src=\"https:\/\/lecompagnonrouge.fr\/wp-content\/uploads\/2022\/04\/image-26.png\" alt=\"\" class=\"wp-image-7936\" srcset=\"https:\/\/lecompagnonrouge.fr\/wp-content\/uploads\/2022\/04\/image-26.png 744w, https:\/\/lecompagnonrouge.fr\/wp-content\/uploads\/2022\/04\/image-26-300x218.png 300w\" sizes=\"auto, (max-width: 744px) 100vw, 744px\" \/><\/figure>\n<\/div>\n\n\n<p><\/p>\n\n\n\n<p class=\"has-medium-font-size\">Le fruit form\u00e9, ci dessous.<\/p>\n\n\n\n<p class=\"has-medium-font-size\">Noter que l&rsquo;ombelle ne comporte qu&rsquo;une seule bract\u00e9e (floue sur la photo)<\/p>\n\n\n\n<p class=\"has-medium-font-size\">Les Stylopodes (disque portant les styles) sont petits, cach\u00e9s par les aiguillons, cela permet d&rsquo;identifier la subsp. autonyme contre la subsp. neglecta:<\/p>\n\n\n\n<figure class=\"wp-block-image size-full\"><img loading=\"lazy\" decoding=\"async\" width=\"850\" height=\"565\" src=\"https:\/\/lecompagnonrouge.fr\/wp-content\/uploads\/2022\/04\/tafruit.jpg\" alt=\"Torilis arvensis subsp. arvensis: fruits. Semen-Carpo\" class=\"wp-image-687\" srcset=\"https:\/\/lecompagnonrouge.fr\/wp-content\/uploads\/2022\/04\/tafruit.jpg 850w, https:\/\/lecompagnonrouge.fr\/wp-content\/uploads\/2022\/04\/tafruit-300x199.jpg 300w, https:\/\/lecompagnonrouge.fr\/wp-content\/uploads\/2022\/04\/tafruit-768x510.jpg 768w\" sizes=\"auto, (max-width: 850px) 100vw, 850px\" \/><\/figure>\n\n\n\n<p><\/p>\n\n\n\n<p class=\"has-medium-font-size\">Concernant les Torilis, Franck Le Driant signale que les aiguillons comportent des asp\u00e9rit\u00e9s.<\/p>\n\n\n<div class=\"wp-block-image\">\n<figure class=\"aligncenter size-full\"><img loading=\"lazy\" decoding=\"async\" width=\"283\" height=\"460\" src=\"https:\/\/lecompagnonrouge.fr\/wp-content\/uploads\/2022\/04\/image-23.png\" alt=\"Torilis arvensis: aiguillons des fruits.\" class=\"wp-image-7933\" srcset=\"https:\/\/lecompagnonrouge.fr\/wp-content\/uploads\/2022\/04\/image-23.png 283w, https:\/\/lecompagnonrouge.fr\/wp-content\/uploads\/2022\/04\/image-23-185x300.png 185w\" sizes=\"auto, (max-width: 283px) 100vw, 283px\" \/><\/figure>\n<\/div>\n\n\n<p><\/p>\n\n\n\n<p class=\"has-medium-font-size\">2 vari\u00e9t\u00e9s peuvent \u00eatre cit\u00e9es: l&rsquo;une des zones fraiches et ombrag\u00e9es auraient la base des tiges glabres, et son ombelle principale d\u00e9pass\u00e9e par des ombelles lat\u00e9rales. En moyenne souvent de plus haute taille sauf autre vari\u00e9t\u00e9 sur sol riches en carbone (si j&rsquo;ai bien compris): il s&rsquo;agit de la vari\u00e9t\u00e9 anthrisco\u00efdes. Souvent plus d&rsquo;1 m jusqu&rsquo;\u00e0 1,8 m.<\/p>\n\n\n\n<p class=\"has-medium-font-size\">L&rsquo;autre, la vari\u00e9t\u00e9 autonyme, est donn\u00e9e comme plus h\u00e9liophile, en moyenne plus petite (de 0,15 \u00e0 1 m).<\/p>\n\n\n\n<p class=\"has-small-font-size\"><a href=\"https:\/\/lecompagnonrouge.fr\/?s=Apiales\">Apiales<\/a>&gt;<a href=\"https:\/\/lecompagnonrouge.fr\/?s=Apiaceae\">Apiaceae<\/a>&gt;<a href=\"https:\/\/lecompagnonrouge.fr\/?s=Apioideae\">Apioideae<\/a>&gt;<a href=\"https:\/\/lecompagnonrouge.fr\/?s=Torilis\">Torilis<\/a> arvensis subsp. arvensis<\/p>\n\n\n\n<p class=\"has-medium-font-size\">Annuelles commensales des moissons basophiles, m\u00e9sothermes. Caucalidion platycarpi: correspond \u00e0 Torilis arvensis subsp arvensis var arvensis<\/p>\n\n\n\n<p class=\"has-medium-font-size\">Pour Torilis arvensis subsp arvensis var anthrsicoides: sols plus humides. Plante m\u00e9sohygrophile sciaphile pouvant d\u00e9passer 1,5 m de hauteur.<\/p>\n\n\n\n<p><\/p>\n\n\n\n<p class=\"has-small-font-size\"><\/p>\n\n\n\n<p>Lieu(x) o\u00f9 la plante est photographi\u00e9e: Montreuil (parc des Beaumonts), Bagnolet<\/p>\n\n\n\n<p><\/p>\n\n\n\n<p>Merci de consulter <a href=\"https:\/\/lecompagnonrouge.fr\/\">la charte de navigation<\/a> (notamment droits concernant les images).<\/p>\n","protected":false},"excerpt":{"rendered":"<p>Torilis arvensis est un ombellif\u00e8re \u00e0 fruits aiguillonn\u00e9s, et pr\u00e9sentant des ombelles \u00e0 peu de rayons, et peu de bract\u00e9es aux ombelles (de 0 \u00e0 2 contre 2 \u00e0 8 pour Torilis japonica) Les 2 plantes en photos ici sont de petites tailles, l&rsquo;une en milieu plut\u00f4t sec; l&rsquo;autre en bordure d&rsquo;un pr\u00e9 bois, et&#8230;<\/p>\n","protected":false},"author":1,"featured_media":696,"comment_status":"closed","ping_status":"open","sticky":false,"template":"","format":"standard","meta":{"footnotes":""},"categories":[159,160,184],"tags":[183,182],"class_list":["post-681","post","type-post","status-publish","format-standard","has-post-thumbnail","hentry","category-apiaceae","category-apioideae","category-torilis-arvensis","tag-torilis","tag-torilis-des-champs"],"yoast_head":"<!-- This site is optimized with the Yoast SEO plugin v27.4 - https:\/\/yoast.com\/product\/yoast-seo-wordpress\/ -->\n<title>Torilis arvensis subsp arvensis. Torilis des champs - Le Compagnon rouge<\/title>\n<meta name=\"description\" content=\"Apiales, Apiaceae, Apioideae, Torilis arvensis\" \/>\n<meta name=\"robots\" content=\"index, follow, max-snippet:-1, max-image-preview:large, max-video-preview:-1\" \/>\n<link rel=\"canonical\" href=\"https:\/\/lecompagnonrouge.fr\/?p=681\" \/>\n<meta property=\"og:locale\" content=\"fr_FR\" \/>\n<meta property=\"og:type\" content=\"article\" \/>\n<meta property=\"og:title\" content=\"Torilis arvensis subsp arvensis. Torilis des champs - Le Compagnon rouge\" \/>\n<meta property=\"og:description\" content=\"Apiales, Apiaceae, Apioideae, Torilis arvensis\" \/>\n<meta property=\"og:url\" content=\"https:\/\/lecompagnonrouge.fr\/?p=681\" \/>\n<meta property=\"og:site_name\" content=\"Le Compagnon rouge\" \/>\n<meta property=\"article:published_time\" content=\"2022-04-04T07:51:05+00:00\" \/>\n<meta property=\"article:modified_time\" content=\"2024-11-10T09:03:33+00:00\" \/>\n<meta property=\"og:image\" content=\"https:\/\/lecompagnonrouge.fr\/wp-content\/uploads\/2022\/04\/taup-1.jpg\" \/>\n\t<meta property=\"og:image:width\" content=\"850\" \/>\n\t<meta property=\"og:image:height\" content=\"1134\" \/>\n\t<meta property=\"og:image:type\" content=\"image\/jpeg\" \/>\n<meta name=\"author\" content=\"R1\" \/>\n<meta name=\"twitter:card\" content=\"summary_large_image\" \/>\n<meta name=\"twitter:label1\" content=\"\u00c9crit par\" \/>\n\t<meta name=\"twitter:data1\" content=\"R1\" \/>\n\t<meta name=\"twitter:label2\" content=\"Dur\u00e9e de lecture est.\" \/>\n\t<meta name=\"twitter:data2\" content=\"4 minutes\" \/>\n<script type=\"application\/ld+json\" class=\"yoast-schema-graph\">{\"@context\":\"https:\\\/\\\/schema.org\",\"@graph\":[{\"@type\":\"Article\",\"@id\":\"https:\\\/\\\/lecompagnonrouge.fr\\\/?p=681#article\",\"isPartOf\":{\"@id\":\"https:\\\/\\\/lecompagnonrouge.fr\\\/?p=681\"},\"author\":{\"name\":\"R1\",\"@id\":\"https:\\\/\\\/lecompagnonrouge.fr\\\/#\\\/schema\\\/person\\\/0025018a342b92eacca6f1e4c968a154\"},\"headline\":\"Torilis arvensis subsp arvensis. Torilis des champs\",\"datePublished\":\"2022-04-04T07:51:05+00:00\",\"dateModified\":\"2024-11-10T09:03:33+00:00\",\"mainEntityOfPage\":{\"@id\":\"https:\\\/\\\/lecompagnonrouge.fr\\\/?p=681\"},\"wordCount\":369,\"publisher\":{\"@id\":\"https:\\\/\\\/lecompagnonrouge.fr\\\/#\\\/schema\\\/person\\\/0025018a342b92eacca6f1e4c968a154\"},\"image\":{\"@id\":\"https:\\\/\\\/lecompagnonrouge.fr\\\/?p=681#primaryimage\"},\"thumbnailUrl\":\"https:\\\/\\\/lecompagnonrouge.fr\\\/wp-content\\\/uploads\\\/2022\\\/04\\\/taup-1.jpg\",\"keywords\":[\"Torilis\",\"Torilis des champs\"],\"articleSection\":[\"Apiaceae\",\"Apioideae\",\"Torilis arvensis\"],\"inLanguage\":\"fr-BE\"},{\"@type\":\"WebPage\",\"@id\":\"https:\\\/\\\/lecompagnonrouge.fr\\\/?p=681\",\"url\":\"https:\\\/\\\/lecompagnonrouge.fr\\\/?p=681\",\"name\":\"Torilis arvensis subsp arvensis. Torilis des champs - Le Compagnon rouge\",\"isPartOf\":{\"@id\":\"https:\\\/\\\/lecompagnonrouge.fr\\\/#website\"},\"primaryImageOfPage\":{\"@id\":\"https:\\\/\\\/lecompagnonrouge.fr\\\/?p=681#primaryimage\"},\"image\":{\"@id\":\"https:\\\/\\\/lecompagnonrouge.fr\\\/?p=681#primaryimage\"},\"thumbnailUrl\":\"https:\\\/\\\/lecompagnonrouge.fr\\\/wp-content\\\/uploads\\\/2022\\\/04\\\/taup-1.jpg\",\"datePublished\":\"2022-04-04T07:51:05+00:00\",\"dateModified\":\"2024-11-10T09:03:33+00:00\",\"description\":\"Apiales, Apiaceae, Apioideae, Torilis arvensis\",\"breadcrumb\":{\"@id\":\"https:\\\/\\\/lecompagnonrouge.fr\\\/?p=681#breadcrumb\"},\"inLanguage\":\"fr-BE\",\"potentialAction\":[{\"@type\":\"ReadAction\",\"target\":[\"https:\\\/\\\/lecompagnonrouge.fr\\\/?p=681\"]}]},{\"@type\":\"ImageObject\",\"inLanguage\":\"fr-BE\",\"@id\":\"https:\\\/\\\/lecompagnonrouge.fr\\\/?p=681#primaryimage\",\"url\":\"https:\\\/\\\/lecompagnonrouge.fr\\\/wp-content\\\/uploads\\\/2022\\\/04\\\/taup-1.jpg\",\"contentUrl\":\"https:\\\/\\\/lecompagnonrouge.fr\\\/wp-content\\\/uploads\\\/2022\\\/04\\\/taup-1.jpg\",\"width\":850,\"height\":1134,\"caption\":\"Torilis arvensis subsp. arvensis\"},{\"@type\":\"BreadcrumbList\",\"@id\":\"https:\\\/\\\/lecompagnonrouge.fr\\\/?p=681#breadcrumb\",\"itemListElement\":[{\"@type\":\"ListItem\",\"position\":1,\"name\":\"Accueil\",\"item\":\"https:\\\/\\\/lecompagnonrouge.fr\\\/\"},{\"@type\":\"ListItem\",\"position\":2,\"name\":\"Torilis arvensis subsp arvensis. Torilis des champs\"}]},{\"@type\":\"WebSite\",\"@id\":\"https:\\\/\\\/lecompagnonrouge.fr\\\/#website\",\"url\":\"https:\\\/\\\/lecompagnonrouge.fr\\\/\",\"name\":\"Le Compagnon rouge\",\"description\":\"M\u00e9morandum.\",\"publisher\":{\"@id\":\"https:\\\/\\\/lecompagnonrouge.fr\\\/#\\\/schema\\\/person\\\/0025018a342b92eacca6f1e4c968a154\"},\"potentialAction\":[{\"@type\":\"SearchAction\",\"target\":{\"@type\":\"EntryPoint\",\"urlTemplate\":\"https:\\\/\\\/lecompagnonrouge.fr\\\/?s={search_term_string}\"},\"query-input\":{\"@type\":\"PropertyValueSpecification\",\"valueRequired\":true,\"valueName\":\"search_term_string\"}}],\"inLanguage\":\"fr-BE\"},{\"@type\":[\"Person\",\"Organization\"],\"@id\":\"https:\\\/\\\/lecompagnonrouge.fr\\\/#\\\/schema\\\/person\\\/0025018a342b92eacca6f1e4c968a154\",\"name\":\"R1\",\"image\":{\"@type\":\"ImageObject\",\"inLanguage\":\"fr-BE\",\"@id\":\"https:\\\/\\\/lecompagnonrouge.fr\\\/wp-content\\\/uploads\\\/2022\\\/03\\\/identit.jpg\",\"url\":\"https:\\\/\\\/lecompagnonrouge.fr\\\/wp-content\\\/uploads\\\/2022\\\/03\\\/identit.jpg\",\"contentUrl\":\"https:\\\/\\\/lecompagnonrouge.fr\\\/wp-content\\\/uploads\\\/2022\\\/03\\\/identit.jpg\",\"width\":425,\"height\":545,\"caption\":\"R1\"},\"logo\":{\"@id\":\"https:\\\/\\\/lecompagnonrouge.fr\\\/wp-content\\\/uploads\\\/2022\\\/03\\\/identit.jpg\"},\"sameAs\":[\"http:\\\/\\\/lecompagnonrouge.fr\"],\"url\":\"https:\\\/\\\/lecompagnonrouge.fr\\\/?author=1\"}]}<\/script>\n<!-- \/ Yoast SEO plugin. -->","yoast_head_json":{"title":"Torilis arvensis subsp arvensis. Torilis des champs - Le Compagnon rouge","description":"Apiales, Apiaceae, Apioideae, Torilis arvensis","robots":{"index":"index","follow":"follow","max-snippet":"max-snippet:-1","max-image-preview":"max-image-preview:large","max-video-preview":"max-video-preview:-1"},"canonical":"https:\/\/lecompagnonrouge.fr\/?p=681","og_locale":"fr_FR","og_type":"article","og_title":"Torilis arvensis subsp arvensis. Torilis des champs - Le Compagnon rouge","og_description":"Apiales, Apiaceae, Apioideae, Torilis arvensis","og_url":"https:\/\/lecompagnonrouge.fr\/?p=681","og_site_name":"Le Compagnon rouge","article_published_time":"2022-04-04T07:51:05+00:00","article_modified_time":"2024-11-10T09:03:33+00:00","og_image":[{"width":850,"height":1134,"url":"https:\/\/lecompagnonrouge.fr\/wp-content\/uploads\/2022\/04\/taup-1.jpg","type":"image\/jpeg"}],"author":"R1","twitter_card":"summary_large_image","twitter_misc":{"\u00c9crit par":"R1","Dur\u00e9e de lecture est.":"4 minutes"},"schema":{"@context":"https:\/\/schema.org","@graph":[{"@type":"Article","@id":"https:\/\/lecompagnonrouge.fr\/?p=681#article","isPartOf":{"@id":"https:\/\/lecompagnonrouge.fr\/?p=681"},"author":{"name":"R1","@id":"https:\/\/lecompagnonrouge.fr\/#\/schema\/person\/0025018a342b92eacca6f1e4c968a154"},"headline":"Torilis arvensis subsp arvensis. Torilis des champs","datePublished":"2022-04-04T07:51:05+00:00","dateModified":"2024-11-10T09:03:33+00:00","mainEntityOfPage":{"@id":"https:\/\/lecompagnonrouge.fr\/?p=681"},"wordCount":369,"publisher":{"@id":"https:\/\/lecompagnonrouge.fr\/#\/schema\/person\/0025018a342b92eacca6f1e4c968a154"},"image":{"@id":"https:\/\/lecompagnonrouge.fr\/?p=681#primaryimage"},"thumbnailUrl":"https:\/\/lecompagnonrouge.fr\/wp-content\/uploads\/2022\/04\/taup-1.jpg","keywords":["Torilis","Torilis des champs"],"articleSection":["Apiaceae","Apioideae","Torilis arvensis"],"inLanguage":"fr-BE"},{"@type":"WebPage","@id":"https:\/\/lecompagnonrouge.fr\/?p=681","url":"https:\/\/lecompagnonrouge.fr\/?p=681","name":"Torilis arvensis subsp arvensis. Torilis des champs - Le Compagnon rouge","isPartOf":{"@id":"https:\/\/lecompagnonrouge.fr\/#website"},"primaryImageOfPage":{"@id":"https:\/\/lecompagnonrouge.fr\/?p=681#primaryimage"},"image":{"@id":"https:\/\/lecompagnonrouge.fr\/?p=681#primaryimage"},"thumbnailUrl":"https:\/\/lecompagnonrouge.fr\/wp-content\/uploads\/2022\/04\/taup-1.jpg","datePublished":"2022-04-04T07:51:05+00:00","dateModified":"2024-11-10T09:03:33+00:00","description":"Apiales, Apiaceae, Apioideae, Torilis arvensis","breadcrumb":{"@id":"https:\/\/lecompagnonrouge.fr\/?p=681#breadcrumb"},"inLanguage":"fr-BE","potentialAction":[{"@type":"ReadAction","target":["https:\/\/lecompagnonrouge.fr\/?p=681"]}]},{"@type":"ImageObject","inLanguage":"fr-BE","@id":"https:\/\/lecompagnonrouge.fr\/?p=681#primaryimage","url":"https:\/\/lecompagnonrouge.fr\/wp-content\/uploads\/2022\/04\/taup-1.jpg","contentUrl":"https:\/\/lecompagnonrouge.fr\/wp-content\/uploads\/2022\/04\/taup-1.jpg","width":850,"height":1134,"caption":"Torilis arvensis subsp. arvensis"},{"@type":"BreadcrumbList","@id":"https:\/\/lecompagnonrouge.fr\/?p=681#breadcrumb","itemListElement":[{"@type":"ListItem","position":1,"name":"Accueil","item":"https:\/\/lecompagnonrouge.fr\/"},{"@type":"ListItem","position":2,"name":"Torilis arvensis subsp arvensis. Torilis des champs"}]},{"@type":"WebSite","@id":"https:\/\/lecompagnonrouge.fr\/#website","url":"https:\/\/lecompagnonrouge.fr\/","name":"Le Compagnon rouge","description":"M\u00e9morandum.","publisher":{"@id":"https:\/\/lecompagnonrouge.fr\/#\/schema\/person\/0025018a342b92eacca6f1e4c968a154"},"potentialAction":[{"@type":"SearchAction","target":{"@type":"EntryPoint","urlTemplate":"https:\/\/lecompagnonrouge.fr\/?s={search_term_string}"},"query-input":{"@type":"PropertyValueSpecification","valueRequired":true,"valueName":"search_term_string"}}],"inLanguage":"fr-BE"},{"@type":["Person","Organization"],"@id":"https:\/\/lecompagnonrouge.fr\/#\/schema\/person\/0025018a342b92eacca6f1e4c968a154","name":"R1","image":{"@type":"ImageObject","inLanguage":"fr-BE","@id":"https:\/\/lecompagnonrouge.fr\/wp-content\/uploads\/2022\/03\/identit.jpg","url":"https:\/\/lecompagnonrouge.fr\/wp-content\/uploads\/2022\/03\/identit.jpg","contentUrl":"https:\/\/lecompagnonrouge.fr\/wp-content\/uploads\/2022\/03\/identit.jpg","width":425,"height":545,"caption":"R1"},"logo":{"@id":"https:\/\/lecompagnonrouge.fr\/wp-content\/uploads\/2022\/03\/identit.jpg"},"sameAs":["http:\/\/lecompagnonrouge.fr"],"url":"https:\/\/lecompagnonrouge.fr\/?author=1"}]}},"_links":{"self":[{"href":"https:\/\/lecompagnonrouge.fr\/index.php?rest_route=\/wp\/v2\/posts\/681","targetHints":{"allow":["GET"]}}],"collection":[{"href":"https:\/\/lecompagnonrouge.fr\/index.php?rest_route=\/wp\/v2\/posts"}],"about":[{"href":"https:\/\/lecompagnonrouge.fr\/index.php?rest_route=\/wp\/v2\/types\/post"}],"author":[{"embeddable":true,"href":"https:\/\/lecompagnonrouge.fr\/index.php?rest_route=\/wp\/v2\/users\/1"}],"replies":[{"embeddable":true,"href":"https:\/\/lecompagnonrouge.fr\/index.php?rest_route=%2Fwp%2Fv2%2Fcomments&post=681"}],"version-history":[{"count":11,"href":"https:\/\/lecompagnonrouge.fr\/index.php?rest_route=\/wp\/v2\/posts\/681\/revisions"}],"predecessor-version":[{"id":7940,"href":"https:\/\/lecompagnonrouge.fr\/index.php?rest_route=\/wp\/v2\/posts\/681\/revisions\/7940"}],"wp:featuredmedia":[{"embeddable":true,"href":"https:\/\/lecompagnonrouge.fr\/index.php?rest_route=\/wp\/v2\/media\/696"}],"wp:attachment":[{"href":"https:\/\/lecompagnonrouge.fr\/index.php?rest_route=%2Fwp%2Fv2%2Fmedia&parent=681"}],"wp:term":[{"taxonomy":"category","embeddable":true,"href":"https:\/\/lecompagnonrouge.fr\/index.php?rest_route=%2Fwp%2Fv2%2Fcategories&post=681"},{"taxonomy":"post_tag","embeddable":true,"href":"https:\/\/lecompagnonrouge.fr\/index.php?rest_route=%2Fwp%2Fv2%2Ftags&post=681"}],"curies":[{"name":"wp","href":"https:\/\/api.w.org\/{rel}","templated":true}]}}