{"id":6631,"date":"2024-06-26T15:36:43","date_gmt":"2024-06-26T13:36:43","guid":{"rendered":"https:\/\/lecompagnonrouge.fr\/?p=6631"},"modified":"2025-06-14T19:10:15","modified_gmt":"2025-06-14T17:10:15","slug":"agrostemma-githago-nielle-des-bles","status":"publish","type":"post","link":"https:\/\/lecompagnonrouge.fr\/?p=6631","title":{"rendered":"Agrostemma githago. Nielle des bl\u00e9s"},"content":{"rendered":"\n<p><\/p>\n\n\n\n<p class=\"has-medium-font-size\">Agrostemma githago est velu: calice et tige. Ses s\u00e9pales sont plus longs que ses p\u00e9tales.<\/p>\n\n\n<div class=\"wp-block-image\">\n<figure class=\"aligncenter size-full\"><img loading=\"lazy\" decoding=\"async\" width=\"850\" height=\"567\" src=\"https:\/\/lecompagnonrouge.fr\/wp-content\/uploads\/2024\/06\/IMG_2532.jpg\" alt=\"\" class=\"wp-image-9639\" srcset=\"https:\/\/lecompagnonrouge.fr\/wp-content\/uploads\/2024\/06\/IMG_2532.jpg 850w, https:\/\/lecompagnonrouge.fr\/wp-content\/uploads\/2024\/06\/IMG_2532-300x200.jpg 300w, https:\/\/lecompagnonrouge.fr\/wp-content\/uploads\/2024\/06\/IMG_2532-768x512.jpg 768w\" sizes=\"auto, (max-width: 850px) 100vw, 850px\" \/><\/figure>\n<\/div>\n\n\n<p><\/p>\n\n\n\n<p><\/p>\n\n\n\n<p class=\"has-medium-font-size\">Le conservatoire botanique du nord signale que chez Agrostemma gracile, plante encore plus orientale (vendu comme Agrostemma githago), le calice est moins long. Dans ce genre, les styles comme les dents de la capsule sont faces aux p\u00e9tales.<\/p>\n\n\n<div class=\"wp-block-image\">\n<figure class=\"aligncenter size-full\"><img loading=\"lazy\" decoding=\"async\" width=\"850\" height=\"567\" src=\"https:\/\/lecompagnonrouge.fr\/wp-content\/uploads\/2024\/06\/IMG_2531.jpg\" alt=\"\" class=\"wp-image-9640\" srcset=\"https:\/\/lecompagnonrouge.fr\/wp-content\/uploads\/2024\/06\/IMG_2531.jpg 850w, https:\/\/lecompagnonrouge.fr\/wp-content\/uploads\/2024\/06\/IMG_2531-300x200.jpg 300w, https:\/\/lecompagnonrouge.fr\/wp-content\/uploads\/2024\/06\/IMG_2531-768x512.jpg 768w\" sizes=\"auto, (max-width: 850px) 100vw, 850px\" \/><\/figure>\n<\/div>\n\n\n<p><\/p>\n\n\n\n<h2 class=\"wp-block-heading has-medium-font-size\"><strong>Origine, Position taxonomique<\/strong><\/h2>\n\n\n\n<p class=\"has-medium-font-size\">Arch\u00e9ophyte d&rsquo;origine anatolienne. Et dont l&rsquo;abondance en graines polluait la farine de bl\u00e9 jusqu&rsquo;au d\u00e9but du XX \u00e8me si\u00e8cle. <\/p>\n\n\n\n<p class=\"has-small-font-size\"><a href=\"https:\/\/lecompagnonrouge.fr\/?s=Caryophyllales\">Caryophyllales<\/a>&gt;<a href=\"https:\/\/lecompagnonrouge.fr\/?s=Caryophyllaceae\">Caryophyllaceae<\/a>&gt; <a href=\"https:\/\/lecompagnonrouge.fr\/?s=Agrostemma\">Agrostemma<\/a> githago<\/p>\n\n\n\n<h2 class=\"wp-block-heading has-medium-font-size\"><strong>Ecologie<\/strong><\/h2>\n\n\n\n<p class=\"has-medium-font-size\">Plante <mark style=\"background-color:rgba(0, 0, 0, 0)\" class=\"has-inline-color has-vivid-red-color\">toxique<\/mark> \u00e0 haute dose.<\/p>\n\n\n\n<p class=\"has-medium-font-size\"><mark style=\"background-color:rgba(0, 0, 0, 0)\" class=\"has-inline-color has-vivid-red-color\">STATUTS (consult\u00e9s le 03\/05\/2025), ET DIVERSITE<\/mark><\/p>\n\n\n\n<p class=\"has-medium-font-size\">Disparue en Corse, en Franche-Comt\u00e9, en Haute et Basse Normandie.<\/p>\n\n\n\n<p class=\"has-medium-font-size\"><mark style=\"background-color:rgba(0, 0, 0, 0)\" class=\"has-inline-color has-vivid-red-color\">Probablement disparue de Lorraine (B2ab(iv) )<\/mark><\/p>\n\n\n\n<p class=\"has-medium-font-size\"><mark style=\"background-color:rgba(0, 0, 0, 0)\" class=\"has-inline-color has-vivid-red-color\">En danger critique en Champagne Ardenne (B2b(ii,iii,iv)c(ii,iv) ), en R\u00e9gion Centre (B2ab(i,ii,iii,iv,v) ), en Bretagne B2ab(ii,iii,iv,v) ), en \u00cele de France (B1B2ab(i,ii,iii,iv,v)C2a(i)D1),<\/mark> <\/p>\n\n\n\n<p class=\"has-medium-font-size\"><mark style=\"background-color:rgba(0, 0, 0, 0)\" class=\"has-inline-color has-vivid-red-color\">En danger en Poitou Charente B2ab(i,ii,iii,iv,v), en Aquitaine B2ab(iii), en Limousin B2ab(i,ii,iii,iv) D1, en Bourgogne B2ab(iii,iv,v)c(iii,iv), en Pays de la Loire B2ab(i,ii,iii,iv), en Alsace B(1+2)ab(i,ii,iii,iv)<\/mark><\/p>\n\n\n\n<p class=\"has-medium-font-size\"><mark style=\"background-color:rgba(0, 0, 0, 0)\" class=\"has-inline-color has-vivid-red-color\">Quasiment menac\u00e9 en Auvergne; crit\u00e8res pr. B2b(iii)<\/mark><\/p>\n\n\n\n<p class=\"has-medium-font-size\"><mark style=\"background-color:rgba(0, 0, 0, 0)\" class=\"has-inline-color has-vivid-red-color\">R\u00e9glement\u00e9e et prot\u00e9g\u00e9e en Alsace et Limousin<\/mark><\/p>\n\n\n\n<p><\/p>\n\n\n\n<p><mark style=\"background-color:rgba(0, 0, 0, 0)\" class=\"has-inline-color has-luminous-vivid-orange-color\">D\u00e9terminante <a href=\"https:\/\/lecompagnonrouge.fr\/?page_id=8669#znieff\">Znieff<\/a> en Champagne Ardenne, Centre val de Loire, Bourgogne Franche Comt\u00e9, Hauts de France, Lorraine, Alsace, Franche Comt\u00e9, Pays de la Loire, Bretagne, Poitou Charente, Aquitaine, Midi Pyr\u00e9n\u00e9es, Limousin, Aquitaine, Languedoc Roussillon<\/mark><\/p>\n\n\n\n<p>HABITAT: <\/p>\n\n\n\n<p class=\"has-medium-font-size\">Plante assez fortement inf\u00e9od\u00e9e aux cultures moissonn\u00e9es. Friches d\u2019annuelles eutrophes et flores annuelles commensales des cultures de c\u00e9r\u00e9ales neutro-basiphiles:&nbsp;<a href=\"https:\/\/lecompagnonrouge.fr\/?page_id=3348\/#Centaureetalia-cyani\">Centaureetalia cyani<\/a><\/p>\n\n\n\n<p class=\"has-medium-font-size\">Plante pas si \u00e9vidente \u00e0 rencontrer. Mais vue place Croix de chaveaux (93100), et donc sem\u00e9e par un po\u00e8te urbain. Egalement \u00e0 l&rsquo;\u00cele Saint-Denis. Entr\u00e9e sud de la gare. La plante est d\u00e9sormais sem\u00e9e en ornementale d&rsquo;ambiance agreste. Etant donn\u00e9e sa raret\u00e9, il faut esp\u00e9rer que de vraies mesures d&rsquo;encouragements de son maintien soient mises en \u0153uvre. La ressemer est une id\u00e9e \u00e0 \u00e9valuer avec quelques consid\u00e9rations, la plo\u00efdie des ornementales et des plantes parvenant toujours \u00e0 se ressemer dans les champs \u00e9tant susceptibles de diff\u00e9rer. <\/p>\n\n\n\n<p class=\"has-medium-font-size\">Vue \u00e9galement une fois, de mani\u00e8re apparemment spontan\u00e9e au Jardin des Couleurs, les Murs \u00e0 P\u00eaches dans la derni\u00e8re partie (au niveau de la piscine \u00e9cologique \u00e0 peu pr\u00e8s), \u00e0 Montreuil 93100<\/p>\n\n\n\n<figure class=\"wp-block-image size-full\"><img loading=\"lazy\" decoding=\"async\" width=\"850\" height=\"567\" src=\"https:\/\/lecompagnonrouge.fr\/wp-content\/uploads\/2024\/06\/IMG_2446.jpg\" alt=\"\" class=\"wp-image-9637\" srcset=\"https:\/\/lecompagnonrouge.fr\/wp-content\/uploads\/2024\/06\/IMG_2446.jpg 850w, https:\/\/lecompagnonrouge.fr\/wp-content\/uploads\/2024\/06\/IMG_2446-300x200.jpg 300w, https:\/\/lecompagnonrouge.fr\/wp-content\/uploads\/2024\/06\/IMG_2446-768x512.jpg 768w\" sizes=\"auto, (max-width: 850px) 100vw, 850px\" \/><\/figure>\n","protected":false},"excerpt":{"rendered":"<p>Agrostemma githago est velu: calice et tige. Ses s\u00e9pales sont plus longs que ses p\u00e9tales. Le conservatoire botanique du nord signale que chez Agrostemma gracile, plante encore plus orientale (vendu comme Agrostemma githago), le calice est moins long. Dans ce genre, les styles comme les dents de la capsule sont faces aux p\u00e9tales. Origine, Position&#8230;<\/p>\n","protected":false},"author":1,"featured_media":9638,"comment_status":"closed","ping_status":"open","sticky":false,"template":"","format":"standard","meta":{"footnotes":""},"categories":[1005,88],"tags":[1003,1004],"class_list":["post-6631","post","type-post","status-publish","format-standard","has-post-thumbnail","hentry","category-agrostemma-githago","category-caryophyllaceae","tag-nielle","tag-nielle-des-bles"],"yoast_head":"<!-- This site is optimized with the Yoast SEO plugin v27.4 - https:\/\/yoast.com\/product\/yoast-seo-wordpress\/ -->\n<title>Agrostemma githago. Nielle des bl\u00e9s - Le Compagnon rouge<\/title>\n<meta name=\"description\" content=\"Caryophyllales, Caryophyllaceae, Agrostemma githago\" \/>\n<meta name=\"robots\" content=\"index, follow, max-snippet:-1, max-image-preview:large, max-video-preview:-1\" \/>\n<link rel=\"canonical\" href=\"https:\/\/lecompagnonrouge.fr\/?p=6631\" \/>\n<meta property=\"og:locale\" content=\"fr_FR\" \/>\n<meta property=\"og:type\" content=\"article\" \/>\n<meta property=\"og:title\" content=\"Agrostemma githago. Nielle des bl\u00e9s - Le Compagnon rouge\" \/>\n<meta property=\"og:description\" content=\"Caryophyllales, Caryophyllaceae, Agrostemma githago\" \/>\n<meta property=\"og:url\" content=\"https:\/\/lecompagnonrouge.fr\/?p=6631\" \/>\n<meta property=\"og:site_name\" content=\"Le Compagnon rouge\" \/>\n<meta property=\"article:published_time\" content=\"2024-06-26T13:36:43+00:00\" \/>\n<meta property=\"article:modified_time\" content=\"2025-06-14T17:10:15+00:00\" \/>\n<meta property=\"og:image\" content=\"https:\/\/lecompagnonrouge.fr\/wp-content\/uploads\/2024\/06\/IMG_2534.jpg\" \/>\n\t<meta property=\"og:image:width\" content=\"850\" \/>\n\t<meta property=\"og:image:height\" content=\"567\" \/>\n\t<meta property=\"og:image:type\" content=\"image\/jpeg\" \/>\n<meta name=\"author\" content=\"R1\" \/>\n<meta name=\"twitter:card\" content=\"summary_large_image\" \/>\n<meta name=\"twitter:label1\" content=\"\u00c9crit par\" \/>\n\t<meta name=\"twitter:data1\" content=\"R1\" \/>\n\t<meta name=\"twitter:label2\" content=\"Dur\u00e9e de lecture est.\" \/>\n\t<meta name=\"twitter:data2\" content=\"3 minutes\" \/>\n<script type=\"application\/ld+json\" class=\"yoast-schema-graph\">{\"@context\":\"https:\\\/\\\/schema.org\",\"@graph\":[{\"@type\":\"Article\",\"@id\":\"https:\\\/\\\/lecompagnonrouge.fr\\\/?p=6631#article\",\"isPartOf\":{\"@id\":\"https:\\\/\\\/lecompagnonrouge.fr\\\/?p=6631\"},\"author\":{\"name\":\"R1\",\"@id\":\"https:\\\/\\\/lecompagnonrouge.fr\\\/#\\\/schema\\\/person\\\/0025018a342b92eacca6f1e4c968a154\"},\"headline\":\"Agrostemma githago. Nielle des bl\u00e9s\",\"datePublished\":\"2024-06-26T13:36:43+00:00\",\"dateModified\":\"2025-06-14T17:10:15+00:00\",\"mainEntityOfPage\":{\"@id\":\"https:\\\/\\\/lecompagnonrouge.fr\\\/?p=6631\"},\"wordCount\":442,\"publisher\":{\"@id\":\"https:\\\/\\\/lecompagnonrouge.fr\\\/#\\\/schema\\\/person\\\/0025018a342b92eacca6f1e4c968a154\"},\"image\":{\"@id\":\"https:\\\/\\\/lecompagnonrouge.fr\\\/?p=6631#primaryimage\"},\"thumbnailUrl\":\"https:\\\/\\\/lecompagnonrouge.fr\\\/wp-content\\\/uploads\\\/2024\\\/06\\\/IMG_2534.jpg\",\"keywords\":[\"Nielle\",\"Nielle des bl\u00e9s\"],\"articleSection\":[\"Agrostemma githago\",\"Caryophyllaceae\"],\"inLanguage\":\"fr-BE\"},{\"@type\":\"WebPage\",\"@id\":\"https:\\\/\\\/lecompagnonrouge.fr\\\/?p=6631\",\"url\":\"https:\\\/\\\/lecompagnonrouge.fr\\\/?p=6631\",\"name\":\"Agrostemma githago. Nielle des bl\u00e9s - Le Compagnon rouge\",\"isPartOf\":{\"@id\":\"https:\\\/\\\/lecompagnonrouge.fr\\\/#website\"},\"primaryImageOfPage\":{\"@id\":\"https:\\\/\\\/lecompagnonrouge.fr\\\/?p=6631#primaryimage\"},\"image\":{\"@id\":\"https:\\\/\\\/lecompagnonrouge.fr\\\/?p=6631#primaryimage\"},\"thumbnailUrl\":\"https:\\\/\\\/lecompagnonrouge.fr\\\/wp-content\\\/uploads\\\/2024\\\/06\\\/IMG_2534.jpg\",\"datePublished\":\"2024-06-26T13:36:43+00:00\",\"dateModified\":\"2025-06-14T17:10:15+00:00\",\"description\":\"Caryophyllales, Caryophyllaceae, Agrostemma githago\",\"breadcrumb\":{\"@id\":\"https:\\\/\\\/lecompagnonrouge.fr\\\/?p=6631#breadcrumb\"},\"inLanguage\":\"fr-BE\",\"potentialAction\":[{\"@type\":\"ReadAction\",\"target\":[\"https:\\\/\\\/lecompagnonrouge.fr\\\/?p=6631\"]}]},{\"@type\":\"ImageObject\",\"inLanguage\":\"fr-BE\",\"@id\":\"https:\\\/\\\/lecompagnonrouge.fr\\\/?p=6631#primaryimage\",\"url\":\"https:\\\/\\\/lecompagnonrouge.fr\\\/wp-content\\\/uploads\\\/2024\\\/06\\\/IMG_2534.jpg\",\"contentUrl\":\"https:\\\/\\\/lecompagnonrouge.fr\\\/wp-content\\\/uploads\\\/2024\\\/06\\\/IMG_2534.jpg\",\"width\":850,\"height\":567,\"caption\":\"Agrostemma githago\"},{\"@type\":\"BreadcrumbList\",\"@id\":\"https:\\\/\\\/lecompagnonrouge.fr\\\/?p=6631#breadcrumb\",\"itemListElement\":[{\"@type\":\"ListItem\",\"position\":1,\"name\":\"Accueil\",\"item\":\"https:\\\/\\\/lecompagnonrouge.fr\\\/\"},{\"@type\":\"ListItem\",\"position\":2,\"name\":\"Agrostemma githago. Nielle des bl\u00e9s\"}]},{\"@type\":\"WebSite\",\"@id\":\"https:\\\/\\\/lecompagnonrouge.fr\\\/#website\",\"url\":\"https:\\\/\\\/lecompagnonrouge.fr\\\/\",\"name\":\"Le Compagnon rouge\",\"description\":\"M\u00e9morandum.\",\"publisher\":{\"@id\":\"https:\\\/\\\/lecompagnonrouge.fr\\\/#\\\/schema\\\/person\\\/0025018a342b92eacca6f1e4c968a154\"},\"potentialAction\":[{\"@type\":\"SearchAction\",\"target\":{\"@type\":\"EntryPoint\",\"urlTemplate\":\"https:\\\/\\\/lecompagnonrouge.fr\\\/?s={search_term_string}\"},\"query-input\":{\"@type\":\"PropertyValueSpecification\",\"valueRequired\":true,\"valueName\":\"search_term_string\"}}],\"inLanguage\":\"fr-BE\"},{\"@type\":[\"Person\",\"Organization\"],\"@id\":\"https:\\\/\\\/lecompagnonrouge.fr\\\/#\\\/schema\\\/person\\\/0025018a342b92eacca6f1e4c968a154\",\"name\":\"R1\",\"image\":{\"@type\":\"ImageObject\",\"inLanguage\":\"fr-BE\",\"@id\":\"https:\\\/\\\/lecompagnonrouge.fr\\\/wp-content\\\/uploads\\\/2022\\\/03\\\/identit.jpg\",\"url\":\"https:\\\/\\\/lecompagnonrouge.fr\\\/wp-content\\\/uploads\\\/2022\\\/03\\\/identit.jpg\",\"contentUrl\":\"https:\\\/\\\/lecompagnonrouge.fr\\\/wp-content\\\/uploads\\\/2022\\\/03\\\/identit.jpg\",\"width\":425,\"height\":545,\"caption\":\"R1\"},\"logo\":{\"@id\":\"https:\\\/\\\/lecompagnonrouge.fr\\\/wp-content\\\/uploads\\\/2022\\\/03\\\/identit.jpg\"},\"sameAs\":[\"http:\\\/\\\/lecompagnonrouge.fr\"],\"url\":\"https:\\\/\\\/lecompagnonrouge.fr\\\/?author=1\"}]}<\/script>\n<!-- \/ Yoast SEO plugin. -->","yoast_head_json":{"title":"Agrostemma githago. Nielle des bl\u00e9s - Le Compagnon rouge","description":"Caryophyllales, Caryophyllaceae, Agrostemma githago","robots":{"index":"index","follow":"follow","max-snippet":"max-snippet:-1","max-image-preview":"max-image-preview:large","max-video-preview":"max-video-preview:-1"},"canonical":"https:\/\/lecompagnonrouge.fr\/?p=6631","og_locale":"fr_FR","og_type":"article","og_title":"Agrostemma githago. Nielle des bl\u00e9s - Le Compagnon rouge","og_description":"Caryophyllales, Caryophyllaceae, Agrostemma githago","og_url":"https:\/\/lecompagnonrouge.fr\/?p=6631","og_site_name":"Le Compagnon rouge","article_published_time":"2024-06-26T13:36:43+00:00","article_modified_time":"2025-06-14T17:10:15+00:00","og_image":[{"width":850,"height":567,"url":"https:\/\/lecompagnonrouge.fr\/wp-content\/uploads\/2024\/06\/IMG_2534.jpg","type":"image\/jpeg"}],"author":"R1","twitter_card":"summary_large_image","twitter_misc":{"\u00c9crit par":"R1","Dur\u00e9e de lecture est.":"3 minutes"},"schema":{"@context":"https:\/\/schema.org","@graph":[{"@type":"Article","@id":"https:\/\/lecompagnonrouge.fr\/?p=6631#article","isPartOf":{"@id":"https:\/\/lecompagnonrouge.fr\/?p=6631"},"author":{"name":"R1","@id":"https:\/\/lecompagnonrouge.fr\/#\/schema\/person\/0025018a342b92eacca6f1e4c968a154"},"headline":"Agrostemma githago. Nielle des bl\u00e9s","datePublished":"2024-06-26T13:36:43+00:00","dateModified":"2025-06-14T17:10:15+00:00","mainEntityOfPage":{"@id":"https:\/\/lecompagnonrouge.fr\/?p=6631"},"wordCount":442,"publisher":{"@id":"https:\/\/lecompagnonrouge.fr\/#\/schema\/person\/0025018a342b92eacca6f1e4c968a154"},"image":{"@id":"https:\/\/lecompagnonrouge.fr\/?p=6631#primaryimage"},"thumbnailUrl":"https:\/\/lecompagnonrouge.fr\/wp-content\/uploads\/2024\/06\/IMG_2534.jpg","keywords":["Nielle","Nielle des bl\u00e9s"],"articleSection":["Agrostemma githago","Caryophyllaceae"],"inLanguage":"fr-BE"},{"@type":"WebPage","@id":"https:\/\/lecompagnonrouge.fr\/?p=6631","url":"https:\/\/lecompagnonrouge.fr\/?p=6631","name":"Agrostemma githago. Nielle des bl\u00e9s - Le Compagnon rouge","isPartOf":{"@id":"https:\/\/lecompagnonrouge.fr\/#website"},"primaryImageOfPage":{"@id":"https:\/\/lecompagnonrouge.fr\/?p=6631#primaryimage"},"image":{"@id":"https:\/\/lecompagnonrouge.fr\/?p=6631#primaryimage"},"thumbnailUrl":"https:\/\/lecompagnonrouge.fr\/wp-content\/uploads\/2024\/06\/IMG_2534.jpg","datePublished":"2024-06-26T13:36:43+00:00","dateModified":"2025-06-14T17:10:15+00:00","description":"Caryophyllales, Caryophyllaceae, Agrostemma githago","breadcrumb":{"@id":"https:\/\/lecompagnonrouge.fr\/?p=6631#breadcrumb"},"inLanguage":"fr-BE","potentialAction":[{"@type":"ReadAction","target":["https:\/\/lecompagnonrouge.fr\/?p=6631"]}]},{"@type":"ImageObject","inLanguage":"fr-BE","@id":"https:\/\/lecompagnonrouge.fr\/?p=6631#primaryimage","url":"https:\/\/lecompagnonrouge.fr\/wp-content\/uploads\/2024\/06\/IMG_2534.jpg","contentUrl":"https:\/\/lecompagnonrouge.fr\/wp-content\/uploads\/2024\/06\/IMG_2534.jpg","width":850,"height":567,"caption":"Agrostemma githago"},{"@type":"BreadcrumbList","@id":"https:\/\/lecompagnonrouge.fr\/?p=6631#breadcrumb","itemListElement":[{"@type":"ListItem","position":1,"name":"Accueil","item":"https:\/\/lecompagnonrouge.fr\/"},{"@type":"ListItem","position":2,"name":"Agrostemma githago. Nielle des bl\u00e9s"}]},{"@type":"WebSite","@id":"https:\/\/lecompagnonrouge.fr\/#website","url":"https:\/\/lecompagnonrouge.fr\/","name":"Le Compagnon rouge","description":"M\u00e9morandum.","publisher":{"@id":"https:\/\/lecompagnonrouge.fr\/#\/schema\/person\/0025018a342b92eacca6f1e4c968a154"},"potentialAction":[{"@type":"SearchAction","target":{"@type":"EntryPoint","urlTemplate":"https:\/\/lecompagnonrouge.fr\/?s={search_term_string}"},"query-input":{"@type":"PropertyValueSpecification","valueRequired":true,"valueName":"search_term_string"}}],"inLanguage":"fr-BE"},{"@type":["Person","Organization"],"@id":"https:\/\/lecompagnonrouge.fr\/#\/schema\/person\/0025018a342b92eacca6f1e4c968a154","name":"R1","image":{"@type":"ImageObject","inLanguage":"fr-BE","@id":"https:\/\/lecompagnonrouge.fr\/wp-content\/uploads\/2022\/03\/identit.jpg","url":"https:\/\/lecompagnonrouge.fr\/wp-content\/uploads\/2022\/03\/identit.jpg","contentUrl":"https:\/\/lecompagnonrouge.fr\/wp-content\/uploads\/2022\/03\/identit.jpg","width":425,"height":545,"caption":"R1"},"logo":{"@id":"https:\/\/lecompagnonrouge.fr\/wp-content\/uploads\/2022\/03\/identit.jpg"},"sameAs":["http:\/\/lecompagnonrouge.fr"],"url":"https:\/\/lecompagnonrouge.fr\/?author=1"}]}},"_links":{"self":[{"href":"https:\/\/lecompagnonrouge.fr\/index.php?rest_route=\/wp\/v2\/posts\/6631","targetHints":{"allow":["GET"]}}],"collection":[{"href":"https:\/\/lecompagnonrouge.fr\/index.php?rest_route=\/wp\/v2\/posts"}],"about":[{"href":"https:\/\/lecompagnonrouge.fr\/index.php?rest_route=\/wp\/v2\/types\/post"}],"author":[{"embeddable":true,"href":"https:\/\/lecompagnonrouge.fr\/index.php?rest_route=\/wp\/v2\/users\/1"}],"replies":[{"embeddable":true,"href":"https:\/\/lecompagnonrouge.fr\/index.php?rest_route=%2Fwp%2Fv2%2Fcomments&post=6631"}],"version-history":[{"count":6,"href":"https:\/\/lecompagnonrouge.fr\/index.php?rest_route=\/wp\/v2\/posts\/6631\/revisions"}],"predecessor-version":[{"id":10141,"href":"https:\/\/lecompagnonrouge.fr\/index.php?rest_route=\/wp\/v2\/posts\/6631\/revisions\/10141"}],"wp:featuredmedia":[{"embeddable":true,"href":"https:\/\/lecompagnonrouge.fr\/index.php?rest_route=\/wp\/v2\/media\/9638"}],"wp:attachment":[{"href":"https:\/\/lecompagnonrouge.fr\/index.php?rest_route=%2Fwp%2Fv2%2Fmedia&parent=6631"}],"wp:term":[{"taxonomy":"category","embeddable":true,"href":"https:\/\/lecompagnonrouge.fr\/index.php?rest_route=%2Fwp%2Fv2%2Fcategories&post=6631"},{"taxonomy":"post_tag","embeddable":true,"href":"https:\/\/lecompagnonrouge.fr\/index.php?rest_route=%2Fwp%2Fv2%2Ftags&post=6631"}],"curies":[{"name":"wp","href":"https:\/\/api.w.org\/{rel}","templated":true}]}}