{"id":6546,"date":"2024-06-09T09:47:10","date_gmt":"2024-06-09T07:47:10","guid":{"rendered":"https:\/\/lecompagnonrouge.fr\/?p=6546"},"modified":"2024-06-09T16:35:38","modified_gmt":"2024-06-09T14:35:38","slug":"avena-sativa-subsp-fatua-folle-avoine","status":"publish","type":"post","link":"https:\/\/lecompagnonrouge.fr\/?p=6546","title":{"rendered":"Avena sativa subsp. fatua. Folle avoine."},"content":{"rendered":"\n<p>[Avena sativa subsp. fatua = Avena fatua]<\/p>\n\n\n\n<p class=\"has-medium-font-size\">Avena sativa subsp. fatua et avena sativa subsp. sterilis pr\u00e9sentent toutes les deux des poils aux fleurs.<\/p>\n\n\n<div class=\"wp-block-image\">\n<figure class=\"aligncenter size-full\"><img loading=\"lazy\" decoding=\"async\" width=\"850\" height=\"567\" src=\"https:\/\/lecompagnonrouge.fr\/wp-content\/uploads\/2024\/06\/IMG_1611.jpg\" alt=\"Avena sativa subsp. fatua\" class=\"wp-image-6549\" srcset=\"https:\/\/lecompagnonrouge.fr\/wp-content\/uploads\/2024\/06\/IMG_1611.jpg 850w, https:\/\/lecompagnonrouge.fr\/wp-content\/uploads\/2024\/06\/IMG_1611-300x200.jpg 300w, https:\/\/lecompagnonrouge.fr\/wp-content\/uploads\/2024\/06\/IMG_1611-768x512.jpg 768w\" sizes=\"auto, (max-width: 850px) 100vw, 850px\" \/><\/figure>\n<\/div>\n\n\n<p><\/p>\n\n\n\n<p><\/p>\n\n\n\n<p class=\"has-medium-font-size\">La sous esp\u00e8ce fatua se distingue parce que les semences se d\u00e9tachent par parties, quand celles de la sous esp\u00e8ces sterilis restent soud\u00e9es entre elles et se d\u00e9tachent d&rsquo;un seul bloc.<br>Cependant, il peut parfois (rarement) arriver que des semences de la sous esp\u00e8ce fatua se d\u00e9tachent de la m\u00eame mani\u00e8re que celles de la sous esp\u00e8ce sterilis. Le g\u00e8ne responsable de la chute de la graine de cette derni\u00e8re sous esp\u00e8ce est alors pr\u00e9sent chez fatua. Cela expliquant le rang de sous esp\u00e8ce choisi par Jauzein et que je suis ici.<\/p>\n\n\n<div class=\"wp-block-image\">\n<figure class=\"aligncenter size-full\"><img loading=\"lazy\" decoding=\"async\" width=\"850\" height=\"567\" src=\"https:\/\/lecompagnonrouge.fr\/wp-content\/uploads\/2024\/06\/IMG_1642.jpg\" alt=\"\" class=\"wp-image-6550\" srcset=\"https:\/\/lecompagnonrouge.fr\/wp-content\/uploads\/2024\/06\/IMG_1642.jpg 850w, https:\/\/lecompagnonrouge.fr\/wp-content\/uploads\/2024\/06\/IMG_1642-300x200.jpg 300w, https:\/\/lecompagnonrouge.fr\/wp-content\/uploads\/2024\/06\/IMG_1642-768x512.jpg 768w\" sizes=\"auto, (max-width: 850px) 100vw, 850px\" \/><\/figure>\n<\/div>\n\n\n<p><\/p>\n\n\n\n<p><\/p>\n\n\n\n<p class=\"has-medium-font-size\">La grande diff\u00e9rence entre les deux sous-esp\u00e8ce est que la <strong>cicatrice d&rsquo;attache<\/strong> de la semence est plus \u00e9troitement ovale chez Avena sativa subsp. sterilis, et qu&rsquo;elle est <strong>ovale arrondie<\/strong> comme sur la photo ci desssous chez Avena sativa subsp. fatua:<\/p>\n\n\n<div class=\"wp-block-image\">\n<figure class=\"aligncenter size-full\"><img loading=\"lazy\" decoding=\"async\" width=\"850\" height=\"567\" src=\"https:\/\/lecompagnonrouge.fr\/wp-content\/uploads\/2024\/06\/IMG_1645.jpg\" alt=\"Folle avoine: cicatrice d'attache du fleuron\" class=\"wp-image-6551\" srcset=\"https:\/\/lecompagnonrouge.fr\/wp-content\/uploads\/2024\/06\/IMG_1645.jpg 850w, https:\/\/lecompagnonrouge.fr\/wp-content\/uploads\/2024\/06\/IMG_1645-300x200.jpg 300w, https:\/\/lecompagnonrouge.fr\/wp-content\/uploads\/2024\/06\/IMG_1645-768x512.jpg 768w\" sizes=\"auto, (max-width: 850px) 100vw, 850px\" \/><\/figure>\n<\/div>\n\n\n<p><\/p>\n\n\n\n<p><\/p>\n\n\n\n<p class=\"has-medium-font-size\">Lorsque juste en fleurs, pas de poils apparents. Un peu t\u00f4t pour les poils:<\/p>\n\n\n<div class=\"wp-block-image\">\n<figure class=\"aligncenter size-full\"><img loading=\"lazy\" decoding=\"async\" width=\"850\" height=\"567\" src=\"https:\/\/lecompagnonrouge.fr\/wp-content\/uploads\/2024\/06\/IMG_1483.jpg\" alt=\"Folle avoine avant l'anth\u00e8se.\" class=\"wp-image-6548\" srcset=\"https:\/\/lecompagnonrouge.fr\/wp-content\/uploads\/2024\/06\/IMG_1483.jpg 850w, https:\/\/lecompagnonrouge.fr\/wp-content\/uploads\/2024\/06\/IMG_1483-300x200.jpg 300w, https:\/\/lecompagnonrouge.fr\/wp-content\/uploads\/2024\/06\/IMG_1483-768x512.jpg 768w\" sizes=\"auto, (max-width: 850px) 100vw, 850px\" \/><\/figure>\n<\/div>\n\n\n<p><\/p>\n\n\n\n<p><\/p>\n\n\n\n<p class=\"has-small-font-size\"><a href=\"https:\/\/lecompagnonrouge.fr\/?s=poales\">Poales<\/a>&gt;<a href=\"https:\/\/lecompagnonrouge.fr\/?s=poaceae\">Poaceae<\/a>&gt; Grappe complexe pr\u00e9sentant des \u00e9pillets \u00e0 plusieurs fleurs&gt; <a href=\"https:\/\/lecompagnonrouge.fr\/?s=avena\">Avena<\/a> sativa subsp. fatua<\/p>\n\n\n\n<p class=\"has-medium-font-size\">Dans l\u2019ensemble, les gramin\u00e9es provoqueraient des pollinoses. Les poaceae forment un groupe qui semble particuli\u00e8rement complexe en raison de la taille de ce groupe pour les allergologues. Avena sativa subsp. fatua : pollen allergisant?<\/p>\n\n\n\n<p class=\"has-medium-font-size\">Friches d&rsquo;annuelles eutrophes et flores annuelles commensales des cultures de c\u00e9r\u00e9ales neutro-basiphiles: <a href=\"https:\/\/lecompagnonrouge.fr\/?page_id=3348\/#Centaureetalia-cyani\">Centaureetalia cyani<\/a><\/p>\n\n\n\n<p><\/p>\n\n\n\n<p>Lieu o\u00f9 la plante a \u00e9t\u00e9 photographi\u00e9e: Boulevard Chanzy, Montreuil (93100)<\/p>\n","protected":false},"excerpt":{"rendered":"<p>[Avena sativa subsp. fatua = Avena fatua] Avena sativa subsp. fatua et avena sativa subsp. sterilis pr\u00e9sentent toutes les deux des poils aux fleurs. La sous esp\u00e8ce fatua se distingue parce que les semences se d\u00e9tachent par parties, quand celles de la sous esp\u00e8ces sterilis restent soud\u00e9es entre elles et se d\u00e9tachent d&rsquo;un seul bloc.Cependant,&#8230;<\/p>\n","protected":false},"author":1,"featured_media":6547,"comment_status":"closed","ping_status":"open","sticky":false,"template":"","format":"standard","meta":{"footnotes":""},"categories":[995,306],"tags":[994],"class_list":["post-6546","post","type-post","status-publish","format-standard","has-post-thumbnail","hentry","category-avena-sativa-subsp-fatua","category-poaceae","tag-folle-avoine"],"yoast_head":"<!-- This site is optimized with the Yoast SEO plugin v27.4 - https:\/\/yoast.com\/product\/yoast-seo-wordpress\/ -->\n<title>Avena sativa subsp. fatua. Folle avoine. - Le Compagnon rouge<\/title>\n<meta name=\"description\" content=\"Poales, Poaceae, Avena sativa subsp. fatua\" \/>\n<meta name=\"robots\" content=\"index, follow, max-snippet:-1, max-image-preview:large, max-video-preview:-1\" \/>\n<link rel=\"canonical\" href=\"https:\/\/lecompagnonrouge.fr\/?p=6546\" \/>\n<meta property=\"og:locale\" content=\"fr_FR\" \/>\n<meta property=\"og:type\" content=\"article\" \/>\n<meta property=\"og:title\" content=\"Avena sativa subsp. fatua. Folle avoine. - Le Compagnon rouge\" \/>\n<meta property=\"og:description\" content=\"Poales, Poaceae, Avena sativa subsp. fatua\" \/>\n<meta property=\"og:url\" content=\"https:\/\/lecompagnonrouge.fr\/?p=6546\" \/>\n<meta property=\"og:site_name\" content=\"Le Compagnon rouge\" \/>\n<meta property=\"article:published_time\" content=\"2024-06-09T07:47:10+00:00\" \/>\n<meta property=\"article:modified_time\" content=\"2024-06-09T14:35:38+00:00\" \/>\n<meta property=\"og:image\" content=\"https:\/\/lecompagnonrouge.fr\/wp-content\/uploads\/2024\/06\/IMG_1491.jpg\" \/>\n\t<meta property=\"og:image:width\" content=\"850\" \/>\n\t<meta property=\"og:image:height\" content=\"1275\" \/>\n\t<meta property=\"og:image:type\" content=\"image\/jpeg\" \/>\n<meta name=\"author\" content=\"R1\" \/>\n<meta name=\"twitter:card\" content=\"summary_large_image\" \/>\n<meta name=\"twitter:label1\" content=\"\u00c9crit par\" \/>\n\t<meta name=\"twitter:data1\" content=\"R1\" \/>\n\t<meta name=\"twitter:label2\" content=\"Dur\u00e9e de lecture est.\" \/>\n\t<meta name=\"twitter:data2\" content=\"3 minutes\" \/>\n<script type=\"application\/ld+json\" class=\"yoast-schema-graph\">{\"@context\":\"https:\\\/\\\/schema.org\",\"@graph\":[{\"@type\":\"Article\",\"@id\":\"https:\\\/\\\/lecompagnonrouge.fr\\\/?p=6546#article\",\"isPartOf\":{\"@id\":\"https:\\\/\\\/lecompagnonrouge.fr\\\/?p=6546\"},\"author\":{\"name\":\"R1\",\"@id\":\"https:\\\/\\\/lecompagnonrouge.fr\\\/#\\\/schema\\\/person\\\/0025018a342b92eacca6f1e4c968a154\"},\"headline\":\"Avena sativa subsp. fatua. Folle avoine.\",\"datePublished\":\"2024-06-09T07:47:10+00:00\",\"dateModified\":\"2024-06-09T14:35:38+00:00\",\"mainEntityOfPage\":{\"@id\":\"https:\\\/\\\/lecompagnonrouge.fr\\\/?p=6546\"},\"wordCount\":278,\"publisher\":{\"@id\":\"https:\\\/\\\/lecompagnonrouge.fr\\\/#\\\/schema\\\/person\\\/0025018a342b92eacca6f1e4c968a154\"},\"image\":{\"@id\":\"https:\\\/\\\/lecompagnonrouge.fr\\\/?p=6546#primaryimage\"},\"thumbnailUrl\":\"https:\\\/\\\/lecompagnonrouge.fr\\\/wp-content\\\/uploads\\\/2024\\\/06\\\/IMG_1491.jpg\",\"keywords\":[\"Folle avoine\"],\"articleSection\":[\"Avena sativa subsp. fatua\",\"Poaceae\"],\"inLanguage\":\"fr-BE\"},{\"@type\":\"WebPage\",\"@id\":\"https:\\\/\\\/lecompagnonrouge.fr\\\/?p=6546\",\"url\":\"https:\\\/\\\/lecompagnonrouge.fr\\\/?p=6546\",\"name\":\"Avena sativa subsp. fatua. Folle avoine. - Le Compagnon rouge\",\"isPartOf\":{\"@id\":\"https:\\\/\\\/lecompagnonrouge.fr\\\/#website\"},\"primaryImageOfPage\":{\"@id\":\"https:\\\/\\\/lecompagnonrouge.fr\\\/?p=6546#primaryimage\"},\"image\":{\"@id\":\"https:\\\/\\\/lecompagnonrouge.fr\\\/?p=6546#primaryimage\"},\"thumbnailUrl\":\"https:\\\/\\\/lecompagnonrouge.fr\\\/wp-content\\\/uploads\\\/2024\\\/06\\\/IMG_1491.jpg\",\"datePublished\":\"2024-06-09T07:47:10+00:00\",\"dateModified\":\"2024-06-09T14:35:38+00:00\",\"description\":\"Poales, Poaceae, Avena sativa subsp. fatua\",\"breadcrumb\":{\"@id\":\"https:\\\/\\\/lecompagnonrouge.fr\\\/?p=6546#breadcrumb\"},\"inLanguage\":\"fr-BE\",\"potentialAction\":[{\"@type\":\"ReadAction\",\"target\":[\"https:\\\/\\\/lecompagnonrouge.fr\\\/?p=6546\"]}]},{\"@type\":\"ImageObject\",\"inLanguage\":\"fr-BE\",\"@id\":\"https:\\\/\\\/lecompagnonrouge.fr\\\/?p=6546#primaryimage\",\"url\":\"https:\\\/\\\/lecompagnonrouge.fr\\\/wp-content\\\/uploads\\\/2024\\\/06\\\/IMG_1491.jpg\",\"contentUrl\":\"https:\\\/\\\/lecompagnonrouge.fr\\\/wp-content\\\/uploads\\\/2024\\\/06\\\/IMG_1491.jpg\",\"width\":850,\"height\":1275,\"caption\":\"binary comment\"},{\"@type\":\"BreadcrumbList\",\"@id\":\"https:\\\/\\\/lecompagnonrouge.fr\\\/?p=6546#breadcrumb\",\"itemListElement\":[{\"@type\":\"ListItem\",\"position\":1,\"name\":\"Accueil\",\"item\":\"https:\\\/\\\/lecompagnonrouge.fr\\\/\"},{\"@type\":\"ListItem\",\"position\":2,\"name\":\"Avena sativa subsp. fatua. Folle avoine.\"}]},{\"@type\":\"WebSite\",\"@id\":\"https:\\\/\\\/lecompagnonrouge.fr\\\/#website\",\"url\":\"https:\\\/\\\/lecompagnonrouge.fr\\\/\",\"name\":\"Le Compagnon rouge\",\"description\":\"M\u00e9morandum.\",\"publisher\":{\"@id\":\"https:\\\/\\\/lecompagnonrouge.fr\\\/#\\\/schema\\\/person\\\/0025018a342b92eacca6f1e4c968a154\"},\"potentialAction\":[{\"@type\":\"SearchAction\",\"target\":{\"@type\":\"EntryPoint\",\"urlTemplate\":\"https:\\\/\\\/lecompagnonrouge.fr\\\/?s={search_term_string}\"},\"query-input\":{\"@type\":\"PropertyValueSpecification\",\"valueRequired\":true,\"valueName\":\"search_term_string\"}}],\"inLanguage\":\"fr-BE\"},{\"@type\":[\"Person\",\"Organization\"],\"@id\":\"https:\\\/\\\/lecompagnonrouge.fr\\\/#\\\/schema\\\/person\\\/0025018a342b92eacca6f1e4c968a154\",\"name\":\"R1\",\"image\":{\"@type\":\"ImageObject\",\"inLanguage\":\"fr-BE\",\"@id\":\"https:\\\/\\\/lecompagnonrouge.fr\\\/wp-content\\\/uploads\\\/2022\\\/03\\\/identit.jpg\",\"url\":\"https:\\\/\\\/lecompagnonrouge.fr\\\/wp-content\\\/uploads\\\/2022\\\/03\\\/identit.jpg\",\"contentUrl\":\"https:\\\/\\\/lecompagnonrouge.fr\\\/wp-content\\\/uploads\\\/2022\\\/03\\\/identit.jpg\",\"width\":425,\"height\":545,\"caption\":\"R1\"},\"logo\":{\"@id\":\"https:\\\/\\\/lecompagnonrouge.fr\\\/wp-content\\\/uploads\\\/2022\\\/03\\\/identit.jpg\"},\"sameAs\":[\"http:\\\/\\\/lecompagnonrouge.fr\"],\"url\":\"https:\\\/\\\/lecompagnonrouge.fr\\\/?author=1\"}]}<\/script>\n<!-- \/ Yoast SEO plugin. -->","yoast_head_json":{"title":"Avena sativa subsp. fatua. Folle avoine. - Le Compagnon rouge","description":"Poales, Poaceae, Avena sativa subsp. fatua","robots":{"index":"index","follow":"follow","max-snippet":"max-snippet:-1","max-image-preview":"max-image-preview:large","max-video-preview":"max-video-preview:-1"},"canonical":"https:\/\/lecompagnonrouge.fr\/?p=6546","og_locale":"fr_FR","og_type":"article","og_title":"Avena sativa subsp. fatua. Folle avoine. - Le Compagnon rouge","og_description":"Poales, Poaceae, Avena sativa subsp. fatua","og_url":"https:\/\/lecompagnonrouge.fr\/?p=6546","og_site_name":"Le Compagnon rouge","article_published_time":"2024-06-09T07:47:10+00:00","article_modified_time":"2024-06-09T14:35:38+00:00","og_image":[{"width":850,"height":1275,"url":"https:\/\/lecompagnonrouge.fr\/wp-content\/uploads\/2024\/06\/IMG_1491.jpg","type":"image\/jpeg"}],"author":"R1","twitter_card":"summary_large_image","twitter_misc":{"\u00c9crit par":"R1","Dur\u00e9e de lecture est.":"3 minutes"},"schema":{"@context":"https:\/\/schema.org","@graph":[{"@type":"Article","@id":"https:\/\/lecompagnonrouge.fr\/?p=6546#article","isPartOf":{"@id":"https:\/\/lecompagnonrouge.fr\/?p=6546"},"author":{"name":"R1","@id":"https:\/\/lecompagnonrouge.fr\/#\/schema\/person\/0025018a342b92eacca6f1e4c968a154"},"headline":"Avena sativa subsp. fatua. Folle avoine.","datePublished":"2024-06-09T07:47:10+00:00","dateModified":"2024-06-09T14:35:38+00:00","mainEntityOfPage":{"@id":"https:\/\/lecompagnonrouge.fr\/?p=6546"},"wordCount":278,"publisher":{"@id":"https:\/\/lecompagnonrouge.fr\/#\/schema\/person\/0025018a342b92eacca6f1e4c968a154"},"image":{"@id":"https:\/\/lecompagnonrouge.fr\/?p=6546#primaryimage"},"thumbnailUrl":"https:\/\/lecompagnonrouge.fr\/wp-content\/uploads\/2024\/06\/IMG_1491.jpg","keywords":["Folle avoine"],"articleSection":["Avena sativa subsp. fatua","Poaceae"],"inLanguage":"fr-BE"},{"@type":"WebPage","@id":"https:\/\/lecompagnonrouge.fr\/?p=6546","url":"https:\/\/lecompagnonrouge.fr\/?p=6546","name":"Avena sativa subsp. fatua. Folle avoine. - Le Compagnon rouge","isPartOf":{"@id":"https:\/\/lecompagnonrouge.fr\/#website"},"primaryImageOfPage":{"@id":"https:\/\/lecompagnonrouge.fr\/?p=6546#primaryimage"},"image":{"@id":"https:\/\/lecompagnonrouge.fr\/?p=6546#primaryimage"},"thumbnailUrl":"https:\/\/lecompagnonrouge.fr\/wp-content\/uploads\/2024\/06\/IMG_1491.jpg","datePublished":"2024-06-09T07:47:10+00:00","dateModified":"2024-06-09T14:35:38+00:00","description":"Poales, Poaceae, Avena sativa subsp. fatua","breadcrumb":{"@id":"https:\/\/lecompagnonrouge.fr\/?p=6546#breadcrumb"},"inLanguage":"fr-BE","potentialAction":[{"@type":"ReadAction","target":["https:\/\/lecompagnonrouge.fr\/?p=6546"]}]},{"@type":"ImageObject","inLanguage":"fr-BE","@id":"https:\/\/lecompagnonrouge.fr\/?p=6546#primaryimage","url":"https:\/\/lecompagnonrouge.fr\/wp-content\/uploads\/2024\/06\/IMG_1491.jpg","contentUrl":"https:\/\/lecompagnonrouge.fr\/wp-content\/uploads\/2024\/06\/IMG_1491.jpg","width":850,"height":1275,"caption":"binary comment"},{"@type":"BreadcrumbList","@id":"https:\/\/lecompagnonrouge.fr\/?p=6546#breadcrumb","itemListElement":[{"@type":"ListItem","position":1,"name":"Accueil","item":"https:\/\/lecompagnonrouge.fr\/"},{"@type":"ListItem","position":2,"name":"Avena sativa subsp. fatua. Folle avoine."}]},{"@type":"WebSite","@id":"https:\/\/lecompagnonrouge.fr\/#website","url":"https:\/\/lecompagnonrouge.fr\/","name":"Le Compagnon rouge","description":"M\u00e9morandum.","publisher":{"@id":"https:\/\/lecompagnonrouge.fr\/#\/schema\/person\/0025018a342b92eacca6f1e4c968a154"},"potentialAction":[{"@type":"SearchAction","target":{"@type":"EntryPoint","urlTemplate":"https:\/\/lecompagnonrouge.fr\/?s={search_term_string}"},"query-input":{"@type":"PropertyValueSpecification","valueRequired":true,"valueName":"search_term_string"}}],"inLanguage":"fr-BE"},{"@type":["Person","Organization"],"@id":"https:\/\/lecompagnonrouge.fr\/#\/schema\/person\/0025018a342b92eacca6f1e4c968a154","name":"R1","image":{"@type":"ImageObject","inLanguage":"fr-BE","@id":"https:\/\/lecompagnonrouge.fr\/wp-content\/uploads\/2022\/03\/identit.jpg","url":"https:\/\/lecompagnonrouge.fr\/wp-content\/uploads\/2022\/03\/identit.jpg","contentUrl":"https:\/\/lecompagnonrouge.fr\/wp-content\/uploads\/2022\/03\/identit.jpg","width":425,"height":545,"caption":"R1"},"logo":{"@id":"https:\/\/lecompagnonrouge.fr\/wp-content\/uploads\/2022\/03\/identit.jpg"},"sameAs":["http:\/\/lecompagnonrouge.fr"],"url":"https:\/\/lecompagnonrouge.fr\/?author=1"}]}},"_links":{"self":[{"href":"https:\/\/lecompagnonrouge.fr\/index.php?rest_route=\/wp\/v2\/posts\/6546","targetHints":{"allow":["GET"]}}],"collection":[{"href":"https:\/\/lecompagnonrouge.fr\/index.php?rest_route=\/wp\/v2\/posts"}],"about":[{"href":"https:\/\/lecompagnonrouge.fr\/index.php?rest_route=\/wp\/v2\/types\/post"}],"author":[{"embeddable":true,"href":"https:\/\/lecompagnonrouge.fr\/index.php?rest_route=\/wp\/v2\/users\/1"}],"replies":[{"embeddable":true,"href":"https:\/\/lecompagnonrouge.fr\/index.php?rest_route=%2Fwp%2Fv2%2Fcomments&post=6546"}],"version-history":[{"count":6,"href":"https:\/\/lecompagnonrouge.fr\/index.php?rest_route=\/wp\/v2\/posts\/6546\/revisions"}],"predecessor-version":[{"id":6612,"href":"https:\/\/lecompagnonrouge.fr\/index.php?rest_route=\/wp\/v2\/posts\/6546\/revisions\/6612"}],"wp:featuredmedia":[{"embeddable":true,"href":"https:\/\/lecompagnonrouge.fr\/index.php?rest_route=\/wp\/v2\/media\/6547"}],"wp:attachment":[{"href":"https:\/\/lecompagnonrouge.fr\/index.php?rest_route=%2Fwp%2Fv2%2Fmedia&parent=6546"}],"wp:term":[{"taxonomy":"category","embeddable":true,"href":"https:\/\/lecompagnonrouge.fr\/index.php?rest_route=%2Fwp%2Fv2%2Fcategories&post=6546"},{"taxonomy":"post_tag","embeddable":true,"href":"https:\/\/lecompagnonrouge.fr\/index.php?rest_route=%2Fwp%2Fv2%2Ftags&post=6546"}],"curies":[{"name":"wp","href":"https:\/\/api.w.org\/{rel}","templated":true}]}}