{"id":652,"date":"2022-04-03T20:50:49","date_gmt":"2022-04-03T18:50:49","guid":{"rendered":"https:\/\/lecompagnonrouge.fr\/?p=652"},"modified":"2024-11-09T12:29:43","modified_gmt":"2024-11-09T11:29:43","slug":"daucus-carota-subsp-carota-var-carota-carotte","status":"publish","type":"post","link":"https:\/\/lecompagnonrouge.fr\/?p=652","title":{"rendered":"Daucus carota subsp. carota var. carota. Carotte"},"content":{"rendered":"\n<p class=\"has-medium-font-size\">Daucus carota est une ombellif\u00e8re \u00e0 fruits aiguillonn\u00e9s, enti\u00e8rement h\u00e9riss\u00e9e de poils, remarquable par ses bract\u00e9es lin\u00e9aires plusieurs fois divis\u00e9es.<\/p>\n\n\n\n<p class=\"has-medium-font-size\">Fleur st\u00e9rile au centre de l&rsquo;ombelle:<\/p>\n\n\n\n<figure class=\"wp-block-image size-full\"><img loading=\"lazy\" decoding=\"async\" width=\"768\" height=\"1024\" src=\"https:\/\/lecompagnonrouge.fr\/wp-content\/uploads\/2022\/04\/image-20.png\" alt=\"\" class=\"wp-image-7924\" srcset=\"https:\/\/lecompagnonrouge.fr\/wp-content\/uploads\/2022\/04\/image-20.png 768w, https:\/\/lecompagnonrouge.fr\/wp-content\/uploads\/2022\/04\/image-20-225x300.png 225w, https:\/\/lecompagnonrouge.fr\/wp-content\/uploads\/2022\/04\/image-20-300x400.png 300w\" sizes=\"auto, (max-width: 768px) 100vw, 768px\" \/><\/figure>\n\n\n\n<p><\/p>\n\n\n\n<p><\/p>\n\n\n\n<p class=\"has-medium-font-size\">Les carottes sauvages ont des racines peu charnues:<\/p>\n\n\n\n<figure class=\"wp-block-image size-full\"><img loading=\"lazy\" decoding=\"async\" width=\"768\" height=\"1024\" src=\"https:\/\/lecompagnonrouge.fr\/wp-content\/uploads\/2022\/04\/image-21.png\" alt=\"\" class=\"wp-image-7925\" srcset=\"https:\/\/lecompagnonrouge.fr\/wp-content\/uploads\/2022\/04\/image-21.png 768w, https:\/\/lecompagnonrouge.fr\/wp-content\/uploads\/2022\/04\/image-21-225x300.png 225w, https:\/\/lecompagnonrouge.fr\/wp-content\/uploads\/2022\/04\/image-21-300x400.png 300w\" sizes=\"auto, (max-width: 768px) 100vw, 768px\" \/><\/figure>\n\n\n\n<p><\/p>\n\n\n\n<p class=\"has-medium-font-size\"><strong>Daucus carota subsp carota var carota (ici, en photo):<\/strong><\/p>\n\n\n\n<p class=\"has-medium-font-size\">Sauf exemplaires rabougris, les rayons de l\u2019ombelle sont sup\u00e9rieurs \u00e0 2,5 cm\u00a0; p\u00e9tales ext\u00e9rieurs plut\u00f4t souvent sup\u00e9rieurs \u00e0 1, 6 mm de long.<\/p>\n\n\n\n<p class=\"has-medium-font-size\">ombelle plane ou \u00e0 peine convexe<\/p>\n\n\n\n<p class=\"has-medium-font-size\">plante glycophile<\/p>\n\n\n\n<p class=\"has-medium-font-size\"><strong>Les carottes du quadrant nord-Ouest &#8230;<\/strong><\/p>\n\n\n\n<p class=\"has-medium-font-size\"><strong>Daucus carota subsp. sativus:<\/strong><\/p>\n\n\n\n<p class=\"has-medium-font-size\">racine charnue. Certaines bract\u00e9es sup\u00e9rieures aux rayons de l\u2019ombelle&nbsp;; parfois \u00e9chapp\u00e9e de culture.<\/p>\n\n\n\n<p><\/p>\n\n\n\n<p><\/p>\n\n\n\n<p class=\"has-medium-font-size\"><strong>Daucus carota subsp. gadecaei:<\/strong><\/p>\n\n\n\n<p class=\"has-medium-font-size\">Elle fait moins d\u2019un dm de hauteur&nbsp;; pr\u00e9sente des rameaux prostr\u00e9s, et pr\u00e9sente une ombelle plane ou \u00e0 peine convexe<\/p>\n\n\n\n<p><\/p>\n\n\n\n<p><\/p>\n\n\n\n<p class=\"has-medium-font-size\"><strong>Daucus carota subsp. gummifer var. gummifer:<\/strong><\/p>\n\n\n\n<p class=\"has-medium-font-size\">Feuilles basales pr\u00e9sentant des segments de 1<sup>er<\/sup> et second ordres peu espac\u00e9s. Plante bien h\u00e9riss\u00e9e, notamment \u00e0 la base. Aspect gris.<\/p>\n\n\n\n<p class=\"has-medium-font-size\">Aiguillons des fruits antrorses, courts et \u00e9pais.<\/p>\n\n\n\n<p class=\"has-medium-font-size\">Ombelle convexe<\/p>\n\n\n\n<p class=\"has-medium-font-size\">Plante halophile<\/p>\n\n\n\n<p><\/p>\n\n\n\n<p><\/p>\n\n\n\n<p class=\"has-small-font-size\"><a href=\"https:\/\/lecompagnonrouge.fr\/?s=Apiales\">Apiales<\/a>><a href=\"https:\/\/lecompagnonrouge.fr\/?s=Apiaceae\">Apiaceae<\/a>><a href=\"https:\/\/lecompagnonrouge.fr\/?s=Apioideae\">Apioideae<\/a>><a href=\"https:\/\/lecompagnonrouge.fr\/?s=Daucus\">Daucus<\/a> carota subsp. carota var. carota<\/p>\n\n\n\n<p class=\"has-medium-font-size\">Friches vivaces m\u00e9sox\u00e9rophiles. Artemisietalia vulgaris; pour Daucus carota subsp carota var carota<\/p>\n\n\n\n<p><\/p>\n\n\n\n<p class=\"has-small-font-size\"><\/p>\n\n\n\n<p>Lieu(x) o\u00f9 la plante est photographi\u00e9e: Montreuil sous-Bois, Bagnolet<\/p>\n\n\n\n<p><\/p>\n\n\n\n<p class=\"has-small-font-size\">Merci de consulter <a href=\"https:\/\/lecompagnonrouge.fr\/\">la charte de navigation<\/a> (notamment droits concernant les images).<\/p>\n","protected":false},"excerpt":{"rendered":"<p>Daucus carota est une ombellif\u00e8re \u00e0 fruits aiguillonn\u00e9s, enti\u00e8rement h\u00e9riss\u00e9e de poils, remarquable par ses bract\u00e9es lin\u00e9aires plusieurs fois divis\u00e9es. Fleur st\u00e9rile au centre de l&rsquo;ombelle: Les carottes sauvages ont des racines peu charnues: Daucus carota subsp carota var carota (ici, en photo): Sauf exemplaires rabougris, les rayons de l\u2019ombelle sont sup\u00e9rieurs \u00e0 2,5 cm\u00a0;&#8230;<\/p>\n","protected":false},"author":1,"featured_media":654,"comment_status":"closed","ping_status":"open","sticky":false,"template":"","format":"standard","meta":{"footnotes":""},"categories":[159,160,175],"tags":[174],"class_list":["post-652","post","type-post","status-publish","format-standard","has-post-thumbnail","hentry","category-apiaceae","category-apioideae","category-daucus-carota-subsp-carota","tag-carotte"],"yoast_head":"<!-- This site is optimized with the Yoast SEO plugin v27.4 - https:\/\/yoast.com\/product\/yoast-seo-wordpress\/ -->\n<title>Daucus carota subsp. carota var. carota. Carotte - Le Compagnon rouge<\/title>\n<meta name=\"description\" content=\"Apiales, Apiaceae, Apioideae, Daucus carota subsp. carota\" \/>\n<meta name=\"robots\" content=\"index, follow, max-snippet:-1, max-image-preview:large, max-video-preview:-1\" \/>\n<link rel=\"canonical\" href=\"https:\/\/lecompagnonrouge.fr\/?p=652\" \/>\n<meta property=\"og:locale\" content=\"fr_FR\" \/>\n<meta property=\"og:type\" content=\"article\" \/>\n<meta property=\"og:title\" content=\"Daucus carota subsp. carota var. carota. Carotte - Le Compagnon rouge\" \/>\n<meta property=\"og:description\" content=\"Apiales, Apiaceae, Apioideae, Daucus carota subsp. carota\" \/>\n<meta property=\"og:url\" content=\"https:\/\/lecompagnonrouge.fr\/?p=652\" \/>\n<meta property=\"og:site_name\" content=\"Le Compagnon rouge\" \/>\n<meta property=\"article:published_time\" content=\"2022-04-03T18:50:49+00:00\" \/>\n<meta property=\"article:modified_time\" content=\"2024-11-09T11:29:43+00:00\" \/>\n<meta property=\"og:image\" content=\"https:\/\/lecompagnonrouge.fr\/wp-content\/uploads\/2022\/04\/IMG_20210619_111833up.jpg\" \/>\n\t<meta property=\"og:image:width\" content=\"850\" \/>\n\t<meta property=\"og:image:height\" content=\"1134\" \/>\n\t<meta property=\"og:image:type\" content=\"image\/jpeg\" \/>\n<meta name=\"author\" content=\"R1\" \/>\n<meta name=\"twitter:card\" content=\"summary_large_image\" \/>\n<meta name=\"twitter:label1\" content=\"\u00c9crit par\" \/>\n\t<meta name=\"twitter:data1\" content=\"R1\" \/>\n\t<meta name=\"twitter:label2\" content=\"Dur\u00e9e de lecture est.\" \/>\n\t<meta name=\"twitter:data2\" content=\"2 minutes\" \/>\n<script type=\"application\/ld+json\" class=\"yoast-schema-graph\">{\"@context\":\"https:\\\/\\\/schema.org\",\"@graph\":[{\"@type\":\"Article\",\"@id\":\"https:\\\/\\\/lecompagnonrouge.fr\\\/?p=652#article\",\"isPartOf\":{\"@id\":\"https:\\\/\\\/lecompagnonrouge.fr\\\/?p=652\"},\"author\":{\"name\":\"R1\",\"@id\":\"https:\\\/\\\/lecompagnonrouge.fr\\\/#\\\/schema\\\/person\\\/0025018a342b92eacca6f1e4c968a154\"},\"headline\":\"Daucus carota subsp. carota var. carota. Carotte\",\"datePublished\":\"2022-04-03T18:50:49+00:00\",\"dateModified\":\"2024-11-09T11:29:43+00:00\",\"mainEntityOfPage\":{\"@id\":\"https:\\\/\\\/lecompagnonrouge.fr\\\/?p=652\"},\"wordCount\":232,\"publisher\":{\"@id\":\"https:\\\/\\\/lecompagnonrouge.fr\\\/#\\\/schema\\\/person\\\/0025018a342b92eacca6f1e4c968a154\"},\"image\":{\"@id\":\"https:\\\/\\\/lecompagnonrouge.fr\\\/?p=652#primaryimage\"},\"thumbnailUrl\":\"https:\\\/\\\/lecompagnonrouge.fr\\\/wp-content\\\/uploads\\\/2022\\\/04\\\/IMG_20210619_111833up.jpg\",\"keywords\":[\"Carotte\"],\"articleSection\":[\"Apiaceae\",\"Apioideae\",\"Daucus carota subsp carota\"],\"inLanguage\":\"fr-BE\"},{\"@type\":\"WebPage\",\"@id\":\"https:\\\/\\\/lecompagnonrouge.fr\\\/?p=652\",\"url\":\"https:\\\/\\\/lecompagnonrouge.fr\\\/?p=652\",\"name\":\"Daucus carota subsp. carota var. carota. Carotte - Le Compagnon rouge\",\"isPartOf\":{\"@id\":\"https:\\\/\\\/lecompagnonrouge.fr\\\/#website\"},\"primaryImageOfPage\":{\"@id\":\"https:\\\/\\\/lecompagnonrouge.fr\\\/?p=652#primaryimage\"},\"image\":{\"@id\":\"https:\\\/\\\/lecompagnonrouge.fr\\\/?p=652#primaryimage\"},\"thumbnailUrl\":\"https:\\\/\\\/lecompagnonrouge.fr\\\/wp-content\\\/uploads\\\/2022\\\/04\\\/IMG_20210619_111833up.jpg\",\"datePublished\":\"2022-04-03T18:50:49+00:00\",\"dateModified\":\"2024-11-09T11:29:43+00:00\",\"description\":\"Apiales, Apiaceae, Apioideae, Daucus carota subsp. carota\",\"breadcrumb\":{\"@id\":\"https:\\\/\\\/lecompagnonrouge.fr\\\/?p=652#breadcrumb\"},\"inLanguage\":\"fr-BE\",\"potentialAction\":[{\"@type\":\"ReadAction\",\"target\":[\"https:\\\/\\\/lecompagnonrouge.fr\\\/?p=652\"]}]},{\"@type\":\"ImageObject\",\"inLanguage\":\"fr-BE\",\"@id\":\"https:\\\/\\\/lecompagnonrouge.fr\\\/?p=652#primaryimage\",\"url\":\"https:\\\/\\\/lecompagnonrouge.fr\\\/wp-content\\\/uploads\\\/2022\\\/04\\\/IMG_20210619_111833up.jpg\",\"contentUrl\":\"https:\\\/\\\/lecompagnonrouge.fr\\\/wp-content\\\/uploads\\\/2022\\\/04\\\/IMG_20210619_111833up.jpg\",\"width\":850,\"height\":1134,\"caption\":\"00100000\"},{\"@type\":\"BreadcrumbList\",\"@id\":\"https:\\\/\\\/lecompagnonrouge.fr\\\/?p=652#breadcrumb\",\"itemListElement\":[{\"@type\":\"ListItem\",\"position\":1,\"name\":\"Accueil\",\"item\":\"https:\\\/\\\/lecompagnonrouge.fr\\\/\"},{\"@type\":\"ListItem\",\"position\":2,\"name\":\"Daucus carota subsp. carota var. carota. Carotte\"}]},{\"@type\":\"WebSite\",\"@id\":\"https:\\\/\\\/lecompagnonrouge.fr\\\/#website\",\"url\":\"https:\\\/\\\/lecompagnonrouge.fr\\\/\",\"name\":\"Le Compagnon rouge\",\"description\":\"M\u00e9morandum.\",\"publisher\":{\"@id\":\"https:\\\/\\\/lecompagnonrouge.fr\\\/#\\\/schema\\\/person\\\/0025018a342b92eacca6f1e4c968a154\"},\"potentialAction\":[{\"@type\":\"SearchAction\",\"target\":{\"@type\":\"EntryPoint\",\"urlTemplate\":\"https:\\\/\\\/lecompagnonrouge.fr\\\/?s={search_term_string}\"},\"query-input\":{\"@type\":\"PropertyValueSpecification\",\"valueRequired\":true,\"valueName\":\"search_term_string\"}}],\"inLanguage\":\"fr-BE\"},{\"@type\":[\"Person\",\"Organization\"],\"@id\":\"https:\\\/\\\/lecompagnonrouge.fr\\\/#\\\/schema\\\/person\\\/0025018a342b92eacca6f1e4c968a154\",\"name\":\"R1\",\"image\":{\"@type\":\"ImageObject\",\"inLanguage\":\"fr-BE\",\"@id\":\"https:\\\/\\\/lecompagnonrouge.fr\\\/wp-content\\\/uploads\\\/2022\\\/03\\\/identit.jpg\",\"url\":\"https:\\\/\\\/lecompagnonrouge.fr\\\/wp-content\\\/uploads\\\/2022\\\/03\\\/identit.jpg\",\"contentUrl\":\"https:\\\/\\\/lecompagnonrouge.fr\\\/wp-content\\\/uploads\\\/2022\\\/03\\\/identit.jpg\",\"width\":425,\"height\":545,\"caption\":\"R1\"},\"logo\":{\"@id\":\"https:\\\/\\\/lecompagnonrouge.fr\\\/wp-content\\\/uploads\\\/2022\\\/03\\\/identit.jpg\"},\"sameAs\":[\"http:\\\/\\\/lecompagnonrouge.fr\"],\"url\":\"https:\\\/\\\/lecompagnonrouge.fr\\\/?author=1\"}]}<\/script>\n<!-- \/ Yoast SEO plugin. -->","yoast_head_json":{"title":"Daucus carota subsp. carota var. carota. Carotte - Le Compagnon rouge","description":"Apiales, Apiaceae, Apioideae, Daucus carota subsp. carota","robots":{"index":"index","follow":"follow","max-snippet":"max-snippet:-1","max-image-preview":"max-image-preview:large","max-video-preview":"max-video-preview:-1"},"canonical":"https:\/\/lecompagnonrouge.fr\/?p=652","og_locale":"fr_FR","og_type":"article","og_title":"Daucus carota subsp. carota var. carota. Carotte - Le Compagnon rouge","og_description":"Apiales, Apiaceae, Apioideae, Daucus carota subsp. carota","og_url":"https:\/\/lecompagnonrouge.fr\/?p=652","og_site_name":"Le Compagnon rouge","article_published_time":"2022-04-03T18:50:49+00:00","article_modified_time":"2024-11-09T11:29:43+00:00","og_image":[{"width":850,"height":1134,"url":"https:\/\/lecompagnonrouge.fr\/wp-content\/uploads\/2022\/04\/IMG_20210619_111833up.jpg","type":"image\/jpeg"}],"author":"R1","twitter_card":"summary_large_image","twitter_misc":{"\u00c9crit par":"R1","Dur\u00e9e de lecture est.":"2 minutes"},"schema":{"@context":"https:\/\/schema.org","@graph":[{"@type":"Article","@id":"https:\/\/lecompagnonrouge.fr\/?p=652#article","isPartOf":{"@id":"https:\/\/lecompagnonrouge.fr\/?p=652"},"author":{"name":"R1","@id":"https:\/\/lecompagnonrouge.fr\/#\/schema\/person\/0025018a342b92eacca6f1e4c968a154"},"headline":"Daucus carota subsp. carota var. carota. Carotte","datePublished":"2022-04-03T18:50:49+00:00","dateModified":"2024-11-09T11:29:43+00:00","mainEntityOfPage":{"@id":"https:\/\/lecompagnonrouge.fr\/?p=652"},"wordCount":232,"publisher":{"@id":"https:\/\/lecompagnonrouge.fr\/#\/schema\/person\/0025018a342b92eacca6f1e4c968a154"},"image":{"@id":"https:\/\/lecompagnonrouge.fr\/?p=652#primaryimage"},"thumbnailUrl":"https:\/\/lecompagnonrouge.fr\/wp-content\/uploads\/2022\/04\/IMG_20210619_111833up.jpg","keywords":["Carotte"],"articleSection":["Apiaceae","Apioideae","Daucus carota subsp carota"],"inLanguage":"fr-BE"},{"@type":"WebPage","@id":"https:\/\/lecompagnonrouge.fr\/?p=652","url":"https:\/\/lecompagnonrouge.fr\/?p=652","name":"Daucus carota subsp. carota var. carota. Carotte - Le Compagnon rouge","isPartOf":{"@id":"https:\/\/lecompagnonrouge.fr\/#website"},"primaryImageOfPage":{"@id":"https:\/\/lecompagnonrouge.fr\/?p=652#primaryimage"},"image":{"@id":"https:\/\/lecompagnonrouge.fr\/?p=652#primaryimage"},"thumbnailUrl":"https:\/\/lecompagnonrouge.fr\/wp-content\/uploads\/2022\/04\/IMG_20210619_111833up.jpg","datePublished":"2022-04-03T18:50:49+00:00","dateModified":"2024-11-09T11:29:43+00:00","description":"Apiales, Apiaceae, Apioideae, Daucus carota subsp. carota","breadcrumb":{"@id":"https:\/\/lecompagnonrouge.fr\/?p=652#breadcrumb"},"inLanguage":"fr-BE","potentialAction":[{"@type":"ReadAction","target":["https:\/\/lecompagnonrouge.fr\/?p=652"]}]},{"@type":"ImageObject","inLanguage":"fr-BE","@id":"https:\/\/lecompagnonrouge.fr\/?p=652#primaryimage","url":"https:\/\/lecompagnonrouge.fr\/wp-content\/uploads\/2022\/04\/IMG_20210619_111833up.jpg","contentUrl":"https:\/\/lecompagnonrouge.fr\/wp-content\/uploads\/2022\/04\/IMG_20210619_111833up.jpg","width":850,"height":1134,"caption":"00100000"},{"@type":"BreadcrumbList","@id":"https:\/\/lecompagnonrouge.fr\/?p=652#breadcrumb","itemListElement":[{"@type":"ListItem","position":1,"name":"Accueil","item":"https:\/\/lecompagnonrouge.fr\/"},{"@type":"ListItem","position":2,"name":"Daucus carota subsp. carota var. carota. Carotte"}]},{"@type":"WebSite","@id":"https:\/\/lecompagnonrouge.fr\/#website","url":"https:\/\/lecompagnonrouge.fr\/","name":"Le Compagnon rouge","description":"M\u00e9morandum.","publisher":{"@id":"https:\/\/lecompagnonrouge.fr\/#\/schema\/person\/0025018a342b92eacca6f1e4c968a154"},"potentialAction":[{"@type":"SearchAction","target":{"@type":"EntryPoint","urlTemplate":"https:\/\/lecompagnonrouge.fr\/?s={search_term_string}"},"query-input":{"@type":"PropertyValueSpecification","valueRequired":true,"valueName":"search_term_string"}}],"inLanguage":"fr-BE"},{"@type":["Person","Organization"],"@id":"https:\/\/lecompagnonrouge.fr\/#\/schema\/person\/0025018a342b92eacca6f1e4c968a154","name":"R1","image":{"@type":"ImageObject","inLanguage":"fr-BE","@id":"https:\/\/lecompagnonrouge.fr\/wp-content\/uploads\/2022\/03\/identit.jpg","url":"https:\/\/lecompagnonrouge.fr\/wp-content\/uploads\/2022\/03\/identit.jpg","contentUrl":"https:\/\/lecompagnonrouge.fr\/wp-content\/uploads\/2022\/03\/identit.jpg","width":425,"height":545,"caption":"R1"},"logo":{"@id":"https:\/\/lecompagnonrouge.fr\/wp-content\/uploads\/2022\/03\/identit.jpg"},"sameAs":["http:\/\/lecompagnonrouge.fr"],"url":"https:\/\/lecompagnonrouge.fr\/?author=1"}]}},"_links":{"self":[{"href":"https:\/\/lecompagnonrouge.fr\/index.php?rest_route=\/wp\/v2\/posts\/652","targetHints":{"allow":["GET"]}}],"collection":[{"href":"https:\/\/lecompagnonrouge.fr\/index.php?rest_route=\/wp\/v2\/posts"}],"about":[{"href":"https:\/\/lecompagnonrouge.fr\/index.php?rest_route=\/wp\/v2\/types\/post"}],"author":[{"embeddable":true,"href":"https:\/\/lecompagnonrouge.fr\/index.php?rest_route=\/wp\/v2\/users\/1"}],"replies":[{"embeddable":true,"href":"https:\/\/lecompagnonrouge.fr\/index.php?rest_route=%2Fwp%2Fv2%2Fcomments&post=652"}],"version-history":[{"count":14,"href":"https:\/\/lecompagnonrouge.fr\/index.php?rest_route=\/wp\/v2\/posts\/652\/revisions"}],"predecessor-version":[{"id":7928,"href":"https:\/\/lecompagnonrouge.fr\/index.php?rest_route=\/wp\/v2\/posts\/652\/revisions\/7928"}],"wp:featuredmedia":[{"embeddable":true,"href":"https:\/\/lecompagnonrouge.fr\/index.php?rest_route=\/wp\/v2\/media\/654"}],"wp:attachment":[{"href":"https:\/\/lecompagnonrouge.fr\/index.php?rest_route=%2Fwp%2Fv2%2Fmedia&parent=652"}],"wp:term":[{"taxonomy":"category","embeddable":true,"href":"https:\/\/lecompagnonrouge.fr\/index.php?rest_route=%2Fwp%2Fv2%2Fcategories&post=652"},{"taxonomy":"post_tag","embeddable":true,"href":"https:\/\/lecompagnonrouge.fr\/index.php?rest_route=%2Fwp%2Fv2%2Ftags&post=652"}],"curies":[{"name":"wp","href":"https:\/\/api.w.org\/{rel}","templated":true}]}}