{"id":645,"date":"2022-04-03T19:08:05","date_gmt":"2022-04-03T17:08:05","guid":{"rendered":"https:\/\/lecompagnonrouge.fr\/?p=645"},"modified":"2025-01-25T15:32:05","modified_gmt":"2025-01-25T14:32:05","slug":"foeniculum-vulgare-subsp-vulgare-fenouil-commun","status":"publish","type":"post","link":"https:\/\/lecompagnonrouge.fr\/?p=645","title":{"rendered":"Foeniculum vulgare subsp. vulgare. Fenouil commun"},"content":{"rendered":"\n<p class=\"has-medium-font-size\">Foeniculum vulgare est une plante commune \u00e0 Paris. Ici accompagn\u00e9 d&rsquo;un syrphe ceintur\u00e9.<\/p>\n\n\n\n<p class=\"has-medium-font-size\">Fleurs jaunes avec p\u00e9tales comme en col roul\u00e9.<\/p>\n\n\n<div class=\"wp-block-image\">\n<figure class=\"aligncenter size-full\"><img loading=\"lazy\" decoding=\"async\" width=\"850\" height=\"638\" src=\"https:\/\/lecompagnonrouge.fr\/wp-content\/uploads\/2022\/04\/image-18.png\" alt=\"\" class=\"wp-image-7917\" srcset=\"https:\/\/lecompagnonrouge.fr\/wp-content\/uploads\/2022\/04\/image-18.png 850w, https:\/\/lecompagnonrouge.fr\/wp-content\/uploads\/2022\/04\/image-18-300x225.png 300w, https:\/\/lecompagnonrouge.fr\/wp-content\/uploads\/2022\/04\/image-18-768x576.png 768w\" sizes=\"auto, (max-width: 850px) 100vw, 850px\" \/><\/figure>\n<\/div>\n\n\n<p><\/p>\n\n\n\n<p class=\"has-medium-font-size\">Se diff\u00e9rencie rapidement de l&rsquo;aneth (Anethum graveolens) par les manchons tr\u00e8s d\u00e9velopp\u00e9s sur les feuilles du haut.<\/p>\n\n\n\n<p class=\"has-medium-font-size\">La plante se remarque par ses feuilles \u00e0 segments tr\u00e8s \u00e9troits, lin\u00e9aires jusqu&rsquo;\u00e0 capilaires.<\/p>\n\n\n\n<p class=\"has-medium-font-size\"><\/p>\n\n\n\n<p class=\"has-medium-font-size\"><\/p>\n\n\n\n<p><\/p>\n\n\n\n<p><\/p>\n\n\n\n<p class=\"has-medium-font-size\">Pour la diff\u00e9rence avec la m\u00e9ridionale Foneniculum vulgare subsp piperitum. Remarquer que Reduron indique que l&rsquo;habitude de rencontrer les plantes, la reconnaissance sympathique, est n\u00e9cessaire pour pouvoir bien voir la diff\u00e9rence entre tous les exemplaires de chaque sous-esp\u00e8ce. Reconnaissance particuli\u00e8rement d\u00e9licate.<\/p>\n\n\n\n<p class=\"has-medium-font-size\">Le go\u00fbt finalement un peu \u00e2cre (poivr\u00e9 piment\u00e9) des graines (???), et semble t&rsquo;il chez la sous-esp\u00e8ce piperitum, et l&rsquo;allure &#8230;<\/p>\n\n\n\n<p class=\"has-medium-font-size\">Les feuilles du bas pr\u00e9sentant un angle de 0 \u00e0 30 degr\u00e9s avec la tige pour la sous esp\u00e8ce type (photo ci contre)??? et de 30 \u00e0 60 degr\u00e9s pour la sous esp\u00e8ce piperitum ??? Consutler Reduron est plus indicatif &#8230;<\/p>\n\n\n\n<figure class=\"wp-block-image size-full\"><img loading=\"lazy\" decoding=\"async\" width=\"768\" height=\"1024\" src=\"https:\/\/lecompagnonrouge.fr\/wp-content\/uploads\/2022\/04\/image-19.png\" alt=\"\" class=\"wp-image-7918\" srcset=\"https:\/\/lecompagnonrouge.fr\/wp-content\/uploads\/2022\/04\/image-19.png 768w, https:\/\/lecompagnonrouge.fr\/wp-content\/uploads\/2022\/04\/image-19-225x300.png 225w, https:\/\/lecompagnonrouge.fr\/wp-content\/uploads\/2022\/04\/image-19-300x400.png 300w\" sizes=\"auto, (max-width: 768px) 100vw, 768px\" \/><\/figure>\n\n\n\n<p><\/p>\n\n\n\n<p class=\"has-medium-font-size\">La sous esp\u00e8ce piperitum, r\u00e9put\u00e9e m\u00e9ridionale, est une plante gr\u00eale, plus glauque, pr\u00e9sentant une odeur plus forte (d\u00e9crite dans Reduron comme odeur de solvant, mais aussi indiqu\u00e9 l&rsquo;instabilit\u00e9 de cet indice), pr\u00e9sentant des ombelles faibles en rayons (3-12 et jusqu&rsquo;\u00e0 20), \u00e0 feuilles lanc\u00e9ol\u00e9s lin\u00e9aires, et \u00e0 segments rapproch\u00e9s se terminant de mani\u00e8re acumin\u00e9e. Sur certains exemplaire, l&rsquo;allure un peu dense des feuilles qu&rsquo;ils peuvent avoir rappellera un peu Asparagus officinalis. Les fleurs de cette sous esp\u00e8ce sont normalement d&rsquo;un jaune plus fonc\u00e9. Les deux sous-esp\u00e8ces sont chimiquement distinctes.<\/p>\n\n\n\n<p class=\"has-medium-font-size\">Ici, en photo, l&rsquo;ombelle faible en rayons indique la vari\u00e9t\u00e9 dulce (7 \u00e0 10 rayons en moyenne):<\/p>\n\n\n\n<p class=\"has-small-font-size\"><a href=\"https:\/\/lecompagnonrouge.fr\/?s=Apiales\">Apiales<\/a>&gt;<a href=\"https:\/\/lecompagnonrouge.fr\/?s=Apiaceae\">Apiaceae<\/a>&gt;<a href=\"https:\/\/lecompagnonrouge.fr\/?s=Apioideae\">Apioideae<\/a>&gt; <a href=\"https:\/\/lecompagnonrouge.fr\/?s=Foeniculum\">Foeniculum<\/a> vulgare subsp. vulgare var. dulce<\/p>\n\n\n\n<p class=\"has-small-font-size\"><\/p>\n\n\n\n<p><\/p>\n\n\n\n<p class=\"has-medium-font-size\">friches m\u00e9sohydriques, m\u00e9soeutrophiles, m\u00e9diterran\u00e9ennes. Hyperico perforati -Ferulion communis<\/p>\n\n\n\n<p><\/p>\n\n\n\n<p class=\"has-small-font-size\"><\/p>\n\n\n\n<p>Lieu(x) o\u00f9 la plante est photographi\u00e9e: Paris<\/p>\n","protected":false},"excerpt":{"rendered":"<p>Foeniculum vulgare est une plante commune \u00e0 Paris. Ici accompagn\u00e9 d&rsquo;un syrphe ceintur\u00e9. Fleurs jaunes avec p\u00e9tales comme en col roul\u00e9. Se diff\u00e9rencie rapidement de l&rsquo;aneth (Anethum graveolens) par les manchons tr\u00e8s d\u00e9velopp\u00e9s sur les feuilles du haut. La plante se remarque par ses feuilles \u00e0 segments tr\u00e8s \u00e9troits, lin\u00e9aires jusqu&rsquo;\u00e0 capilaires. Pour la diff\u00e9rence&#8230;<\/p>\n","protected":false},"author":1,"featured_media":646,"comment_status":"closed","ping_status":"open","sticky":false,"template":"","format":"standard","meta":{"footnotes":""},"categories":[159,160,173],"tags":[172],"class_list":["post-645","post","type-post","status-publish","format-standard","has-post-thumbnail","hentry","category-apiaceae","category-apioideae","category-foeniculum-vulgare-subsp-vulgare","tag-fenouil"],"yoast_head":"<!-- This site is optimized with the Yoast SEO plugin v27.4 - https:\/\/yoast.com\/product\/yoast-seo-wordpress\/ -->\n<title>Foeniculum vulgare subsp. vulgare. Fenouil commun - Le Compagnon rouge<\/title>\n<meta name=\"description\" content=\"Apiales, Apiaceae, Apioideae, Foeniculum vulgare\" \/>\n<meta name=\"robots\" content=\"index, follow, max-snippet:-1, max-image-preview:large, max-video-preview:-1\" \/>\n<link rel=\"canonical\" href=\"https:\/\/lecompagnonrouge.fr\/?p=645\" \/>\n<meta property=\"og:locale\" content=\"fr_FR\" \/>\n<meta property=\"og:type\" content=\"article\" \/>\n<meta property=\"og:title\" content=\"Foeniculum vulgare subsp. vulgare. Fenouil commun - Le Compagnon rouge\" \/>\n<meta property=\"og:description\" content=\"Apiales, Apiaceae, Apioideae, Foeniculum vulgare\" \/>\n<meta property=\"og:url\" content=\"https:\/\/lecompagnonrouge.fr\/?p=645\" \/>\n<meta property=\"og:site_name\" content=\"Le Compagnon rouge\" \/>\n<meta property=\"article:published_time\" content=\"2022-04-03T17:08:05+00:00\" \/>\n<meta property=\"article:modified_time\" content=\"2025-01-25T14:32:05+00:00\" \/>\n<meta property=\"og:image\" content=\"https:\/\/lecompagnonrouge.fr\/wp-content\/uploads\/2022\/04\/IMG_20210728_172338.jpg\" \/>\n\t<meta property=\"og:image:width\" content=\"850\" \/>\n\t<meta property=\"og:image:height\" content=\"1134\" \/>\n\t<meta property=\"og:image:type\" content=\"image\/jpeg\" \/>\n<meta name=\"author\" content=\"R1\" \/>\n<meta name=\"twitter:card\" content=\"summary_large_image\" \/>\n<meta name=\"twitter:label1\" content=\"\u00c9crit par\" \/>\n\t<meta name=\"twitter:data1\" content=\"R1\" \/>\n\t<meta name=\"twitter:label2\" content=\"Dur\u00e9e de lecture est.\" \/>\n\t<meta name=\"twitter:data2\" content=\"3 minutes\" \/>\n<script type=\"application\/ld+json\" class=\"yoast-schema-graph\">{\"@context\":\"https:\\\/\\\/schema.org\",\"@graph\":[{\"@type\":\"Article\",\"@id\":\"https:\\\/\\\/lecompagnonrouge.fr\\\/?p=645#article\",\"isPartOf\":{\"@id\":\"https:\\\/\\\/lecompagnonrouge.fr\\\/?p=645\"},\"author\":{\"name\":\"R1\",\"@id\":\"https:\\\/\\\/lecompagnonrouge.fr\\\/#\\\/schema\\\/person\\\/0025018a342b92eacca6f1e4c968a154\"},\"headline\":\"Foeniculum vulgare subsp. vulgare. Fenouil commun\",\"datePublished\":\"2022-04-03T17:08:05+00:00\",\"dateModified\":\"2025-01-25T14:32:05+00:00\",\"mainEntityOfPage\":{\"@id\":\"https:\\\/\\\/lecompagnonrouge.fr\\\/?p=645\"},\"wordCount\":330,\"publisher\":{\"@id\":\"https:\\\/\\\/lecompagnonrouge.fr\\\/#\\\/schema\\\/person\\\/0025018a342b92eacca6f1e4c968a154\"},\"image\":{\"@id\":\"https:\\\/\\\/lecompagnonrouge.fr\\\/?p=645#primaryimage\"},\"thumbnailUrl\":\"https:\\\/\\\/lecompagnonrouge.fr\\\/wp-content\\\/uploads\\\/2022\\\/04\\\/IMG_20210728_172338.jpg\",\"keywords\":[\"Fenouil\"],\"articleSection\":[\"Apiaceae\",\"Apioideae\",\"Foeniculum vulgare subsp vulgare\"],\"inLanguage\":\"fr-BE\"},{\"@type\":\"WebPage\",\"@id\":\"https:\\\/\\\/lecompagnonrouge.fr\\\/?p=645\",\"url\":\"https:\\\/\\\/lecompagnonrouge.fr\\\/?p=645\",\"name\":\"Foeniculum vulgare subsp. vulgare. Fenouil commun - Le Compagnon rouge\",\"isPartOf\":{\"@id\":\"https:\\\/\\\/lecompagnonrouge.fr\\\/#website\"},\"primaryImageOfPage\":{\"@id\":\"https:\\\/\\\/lecompagnonrouge.fr\\\/?p=645#primaryimage\"},\"image\":{\"@id\":\"https:\\\/\\\/lecompagnonrouge.fr\\\/?p=645#primaryimage\"},\"thumbnailUrl\":\"https:\\\/\\\/lecompagnonrouge.fr\\\/wp-content\\\/uploads\\\/2022\\\/04\\\/IMG_20210728_172338.jpg\",\"datePublished\":\"2022-04-03T17:08:05+00:00\",\"dateModified\":\"2025-01-25T14:32:05+00:00\",\"description\":\"Apiales, Apiaceae, Apioideae, Foeniculum vulgare\",\"breadcrumb\":{\"@id\":\"https:\\\/\\\/lecompagnonrouge.fr\\\/?p=645#breadcrumb\"},\"inLanguage\":\"fr-BE\",\"potentialAction\":[{\"@type\":\"ReadAction\",\"target\":[\"https:\\\/\\\/lecompagnonrouge.fr\\\/?p=645\"]}]},{\"@type\":\"ImageObject\",\"inLanguage\":\"fr-BE\",\"@id\":\"https:\\\/\\\/lecompagnonrouge.fr\\\/?p=645#primaryimage\",\"url\":\"https:\\\/\\\/lecompagnonrouge.fr\\\/wp-content\\\/uploads\\\/2022\\\/04\\\/IMG_20210728_172338.jpg\",\"contentUrl\":\"https:\\\/\\\/lecompagnonrouge.fr\\\/wp-content\\\/uploads\\\/2022\\\/04\\\/IMG_20210728_172338.jpg\",\"width\":850,\"height\":1134,\"caption\":\"00100000\"},{\"@type\":\"BreadcrumbList\",\"@id\":\"https:\\\/\\\/lecompagnonrouge.fr\\\/?p=645#breadcrumb\",\"itemListElement\":[{\"@type\":\"ListItem\",\"position\":1,\"name\":\"Accueil\",\"item\":\"https:\\\/\\\/lecompagnonrouge.fr\\\/\"},{\"@type\":\"ListItem\",\"position\":2,\"name\":\"Foeniculum vulgare subsp. vulgare. Fenouil commun\"}]},{\"@type\":\"WebSite\",\"@id\":\"https:\\\/\\\/lecompagnonrouge.fr\\\/#website\",\"url\":\"https:\\\/\\\/lecompagnonrouge.fr\\\/\",\"name\":\"Le Compagnon rouge\",\"description\":\"M\u00e9morandum.\",\"publisher\":{\"@id\":\"https:\\\/\\\/lecompagnonrouge.fr\\\/#\\\/schema\\\/person\\\/0025018a342b92eacca6f1e4c968a154\"},\"potentialAction\":[{\"@type\":\"SearchAction\",\"target\":{\"@type\":\"EntryPoint\",\"urlTemplate\":\"https:\\\/\\\/lecompagnonrouge.fr\\\/?s={search_term_string}\"},\"query-input\":{\"@type\":\"PropertyValueSpecification\",\"valueRequired\":true,\"valueName\":\"search_term_string\"}}],\"inLanguage\":\"fr-BE\"},{\"@type\":[\"Person\",\"Organization\"],\"@id\":\"https:\\\/\\\/lecompagnonrouge.fr\\\/#\\\/schema\\\/person\\\/0025018a342b92eacca6f1e4c968a154\",\"name\":\"R1\",\"image\":{\"@type\":\"ImageObject\",\"inLanguage\":\"fr-BE\",\"@id\":\"https:\\\/\\\/lecompagnonrouge.fr\\\/wp-content\\\/uploads\\\/2022\\\/03\\\/identit.jpg\",\"url\":\"https:\\\/\\\/lecompagnonrouge.fr\\\/wp-content\\\/uploads\\\/2022\\\/03\\\/identit.jpg\",\"contentUrl\":\"https:\\\/\\\/lecompagnonrouge.fr\\\/wp-content\\\/uploads\\\/2022\\\/03\\\/identit.jpg\",\"width\":425,\"height\":545,\"caption\":\"R1\"},\"logo\":{\"@id\":\"https:\\\/\\\/lecompagnonrouge.fr\\\/wp-content\\\/uploads\\\/2022\\\/03\\\/identit.jpg\"},\"sameAs\":[\"http:\\\/\\\/lecompagnonrouge.fr\"],\"url\":\"https:\\\/\\\/lecompagnonrouge.fr\\\/?author=1\"}]}<\/script>\n<!-- \/ Yoast SEO plugin. -->","yoast_head_json":{"title":"Foeniculum vulgare subsp. vulgare. Fenouil commun - Le Compagnon rouge","description":"Apiales, Apiaceae, Apioideae, Foeniculum vulgare","robots":{"index":"index","follow":"follow","max-snippet":"max-snippet:-1","max-image-preview":"max-image-preview:large","max-video-preview":"max-video-preview:-1"},"canonical":"https:\/\/lecompagnonrouge.fr\/?p=645","og_locale":"fr_FR","og_type":"article","og_title":"Foeniculum vulgare subsp. vulgare. Fenouil commun - Le Compagnon rouge","og_description":"Apiales, Apiaceae, Apioideae, Foeniculum vulgare","og_url":"https:\/\/lecompagnonrouge.fr\/?p=645","og_site_name":"Le Compagnon rouge","article_published_time":"2022-04-03T17:08:05+00:00","article_modified_time":"2025-01-25T14:32:05+00:00","og_image":[{"width":850,"height":1134,"url":"https:\/\/lecompagnonrouge.fr\/wp-content\/uploads\/2022\/04\/IMG_20210728_172338.jpg","type":"image\/jpeg"}],"author":"R1","twitter_card":"summary_large_image","twitter_misc":{"\u00c9crit par":"R1","Dur\u00e9e de lecture est.":"3 minutes"},"schema":{"@context":"https:\/\/schema.org","@graph":[{"@type":"Article","@id":"https:\/\/lecompagnonrouge.fr\/?p=645#article","isPartOf":{"@id":"https:\/\/lecompagnonrouge.fr\/?p=645"},"author":{"name":"R1","@id":"https:\/\/lecompagnonrouge.fr\/#\/schema\/person\/0025018a342b92eacca6f1e4c968a154"},"headline":"Foeniculum vulgare subsp. vulgare. Fenouil commun","datePublished":"2022-04-03T17:08:05+00:00","dateModified":"2025-01-25T14:32:05+00:00","mainEntityOfPage":{"@id":"https:\/\/lecompagnonrouge.fr\/?p=645"},"wordCount":330,"publisher":{"@id":"https:\/\/lecompagnonrouge.fr\/#\/schema\/person\/0025018a342b92eacca6f1e4c968a154"},"image":{"@id":"https:\/\/lecompagnonrouge.fr\/?p=645#primaryimage"},"thumbnailUrl":"https:\/\/lecompagnonrouge.fr\/wp-content\/uploads\/2022\/04\/IMG_20210728_172338.jpg","keywords":["Fenouil"],"articleSection":["Apiaceae","Apioideae","Foeniculum vulgare subsp vulgare"],"inLanguage":"fr-BE"},{"@type":"WebPage","@id":"https:\/\/lecompagnonrouge.fr\/?p=645","url":"https:\/\/lecompagnonrouge.fr\/?p=645","name":"Foeniculum vulgare subsp. vulgare. Fenouil commun - Le Compagnon rouge","isPartOf":{"@id":"https:\/\/lecompagnonrouge.fr\/#website"},"primaryImageOfPage":{"@id":"https:\/\/lecompagnonrouge.fr\/?p=645#primaryimage"},"image":{"@id":"https:\/\/lecompagnonrouge.fr\/?p=645#primaryimage"},"thumbnailUrl":"https:\/\/lecompagnonrouge.fr\/wp-content\/uploads\/2022\/04\/IMG_20210728_172338.jpg","datePublished":"2022-04-03T17:08:05+00:00","dateModified":"2025-01-25T14:32:05+00:00","description":"Apiales, Apiaceae, Apioideae, Foeniculum vulgare","breadcrumb":{"@id":"https:\/\/lecompagnonrouge.fr\/?p=645#breadcrumb"},"inLanguage":"fr-BE","potentialAction":[{"@type":"ReadAction","target":["https:\/\/lecompagnonrouge.fr\/?p=645"]}]},{"@type":"ImageObject","inLanguage":"fr-BE","@id":"https:\/\/lecompagnonrouge.fr\/?p=645#primaryimage","url":"https:\/\/lecompagnonrouge.fr\/wp-content\/uploads\/2022\/04\/IMG_20210728_172338.jpg","contentUrl":"https:\/\/lecompagnonrouge.fr\/wp-content\/uploads\/2022\/04\/IMG_20210728_172338.jpg","width":850,"height":1134,"caption":"00100000"},{"@type":"BreadcrumbList","@id":"https:\/\/lecompagnonrouge.fr\/?p=645#breadcrumb","itemListElement":[{"@type":"ListItem","position":1,"name":"Accueil","item":"https:\/\/lecompagnonrouge.fr\/"},{"@type":"ListItem","position":2,"name":"Foeniculum vulgare subsp. vulgare. Fenouil commun"}]},{"@type":"WebSite","@id":"https:\/\/lecompagnonrouge.fr\/#website","url":"https:\/\/lecompagnonrouge.fr\/","name":"Le Compagnon rouge","description":"M\u00e9morandum.","publisher":{"@id":"https:\/\/lecompagnonrouge.fr\/#\/schema\/person\/0025018a342b92eacca6f1e4c968a154"},"potentialAction":[{"@type":"SearchAction","target":{"@type":"EntryPoint","urlTemplate":"https:\/\/lecompagnonrouge.fr\/?s={search_term_string}"},"query-input":{"@type":"PropertyValueSpecification","valueRequired":true,"valueName":"search_term_string"}}],"inLanguage":"fr-BE"},{"@type":["Person","Organization"],"@id":"https:\/\/lecompagnonrouge.fr\/#\/schema\/person\/0025018a342b92eacca6f1e4c968a154","name":"R1","image":{"@type":"ImageObject","inLanguage":"fr-BE","@id":"https:\/\/lecompagnonrouge.fr\/wp-content\/uploads\/2022\/03\/identit.jpg","url":"https:\/\/lecompagnonrouge.fr\/wp-content\/uploads\/2022\/03\/identit.jpg","contentUrl":"https:\/\/lecompagnonrouge.fr\/wp-content\/uploads\/2022\/03\/identit.jpg","width":425,"height":545,"caption":"R1"},"logo":{"@id":"https:\/\/lecompagnonrouge.fr\/wp-content\/uploads\/2022\/03\/identit.jpg"},"sameAs":["http:\/\/lecompagnonrouge.fr"],"url":"https:\/\/lecompagnonrouge.fr\/?author=1"}]}},"_links":{"self":[{"href":"https:\/\/lecompagnonrouge.fr\/index.php?rest_route=\/wp\/v2\/posts\/645","targetHints":{"allow":["GET"]}}],"collection":[{"href":"https:\/\/lecompagnonrouge.fr\/index.php?rest_route=\/wp\/v2\/posts"}],"about":[{"href":"https:\/\/lecompagnonrouge.fr\/index.php?rest_route=\/wp\/v2\/types\/post"}],"author":[{"embeddable":true,"href":"https:\/\/lecompagnonrouge.fr\/index.php?rest_route=\/wp\/v2\/users\/1"}],"replies":[{"embeddable":true,"href":"https:\/\/lecompagnonrouge.fr\/index.php?rest_route=%2Fwp%2Fv2%2Fcomments&post=645"}],"version-history":[{"count":12,"href":"https:\/\/lecompagnonrouge.fr\/index.php?rest_route=\/wp\/v2\/posts\/645\/revisions"}],"predecessor-version":[{"id":8804,"href":"https:\/\/lecompagnonrouge.fr\/index.php?rest_route=\/wp\/v2\/posts\/645\/revisions\/8804"}],"wp:featuredmedia":[{"embeddable":true,"href":"https:\/\/lecompagnonrouge.fr\/index.php?rest_route=\/wp\/v2\/media\/646"}],"wp:attachment":[{"href":"https:\/\/lecompagnonrouge.fr\/index.php?rest_route=%2Fwp%2Fv2%2Fmedia&parent=645"}],"wp:term":[{"taxonomy":"category","embeddable":true,"href":"https:\/\/lecompagnonrouge.fr\/index.php?rest_route=%2Fwp%2Fv2%2Fcategories&post=645"},{"taxonomy":"post_tag","embeddable":true,"href":"https:\/\/lecompagnonrouge.fr\/index.php?rest_route=%2Fwp%2Fv2%2Ftags&post=645"}],"curies":[{"name":"wp","href":"https:\/\/api.w.org\/{rel}","templated":true}]}}