{"id":624,"date":"2022-04-03T15:54:20","date_gmt":"2022-04-03T13:54:20","guid":{"rendered":"https:\/\/lecompagnonrouge.fr\/?p=624"},"modified":"2026-02-21T10:14:34","modified_gmt":"2026-02-21T09:14:34","slug":"anthriscus-sylvestris-cerfeuil-des-bois","status":"publish","type":"post","link":"https:\/\/lecompagnonrouge.fr\/?p=624","title":{"rendered":"Anthriscus sylvestris subsp. sylvestris. Cerfeuil des bois."},"content":{"rendered":"\n<p class=\"has-medium-font-size\">Anthriscus sylvestris est une ombellif\u00e8re \u00e0 fruits allong\u00e9s et lisses, pr\u00e9sentant des bract\u00e9oles lanc\u00e9ol\u00e9es, cilli\u00e9es, r\u00e9vers\u00e9es. Et des feuilles complexes.<\/p>\n\n\n\n<p class=\"has-medium-font-size\">Ce cerfeuil pr\u00e9sente plusieurs <a href=\"https:\/\/lecompagnonrouge.fr\/?page_id=8669#vari\u00e9t\u00e9\">vari\u00e9t\u00e9s<\/a>. Ci-dessous, le cerfeuil trouv\u00e9 \u00e0 Montreuil pourrait peu ou prou s&rsquo;approcher d&rsquo;Anthriscus sylvestris subsp. latisecta (se r\u00e9f\u00e9rer \u00e0 la planche de Reduron et Spalik, dans le pdf disponible en ligne, indiqu\u00e9 en bibliographie. Ou mieux si possible, Reduron et Muckensturm, vol 1). Les diff\u00e9rentes vari\u00e9t\u00e9s sont distingu\u00e9es sur la feuille du bas. Ou sur une feuille caulinaire basse. Des indications vari\u00e9tales sont donn\u00e9es plus bas dans la fiche.<\/p>\n\n\n\n<p class=\"has-medium-font-size\">Sur l&rsquo;image, ci-dessous, \u00ab\u00a0naissance\u00a0\u00bb d&rsquo;une ombelle et bract\u00e9oles non encore tout \u00e0 fait positionn\u00e9es: la fl\u00e8che montre une premi\u00e8re bract\u00e9ole en cours de r\u00e9version.<\/p>\n\n\n\n<p class=\"has-medium-font-size\"><\/p>\n\n\n\n<figure class=\"wp-block-image size-full\"><img loading=\"lazy\" decoding=\"async\" width=\"850\" height=\"567\" src=\"https:\/\/lecompagnonrouge.fr\/wp-content\/uploads\/2022\/04\/image-4.png\" alt=\"\" class=\"wp-image-7870\" srcset=\"https:\/\/lecompagnonrouge.fr\/wp-content\/uploads\/2022\/04\/image-4.png 850w, https:\/\/lecompagnonrouge.fr\/wp-content\/uploads\/2022\/04\/image-4-300x200.png 300w, https:\/\/lecompagnonrouge.fr\/wp-content\/uploads\/2022\/04\/image-4-768x512.png 768w\" sizes=\"auto, (max-width: 850px) 100vw, 850px\" \/><\/figure>\n\n\n\n<p><\/p>\n\n\n\n<p class=\"has-medium-font-size\">La pilosit\u00e9 de ce cerfeuil, toutes vari\u00e9t\u00e9s confondues, a beaucoup lieu sur le \u00ab\u00a0d\u00e9part\u00a0\u00bb des feuilles. <\/p>\n\n\n\n<p class=\"has-medium-font-size\">Cet indice permet la distinction avec <a href=\"https:\/\/lecompagnonrouge.fr\/?p=617\">Chaerophyllum temulum<\/a>:<\/p>\n\n\n\n<figure class=\"wp-block-image size-full\"><img loading=\"lazy\" decoding=\"async\" width=\"779\" height=\"1024\" src=\"https:\/\/lecompagnonrouge.fr\/wp-content\/uploads\/2022\/04\/image-6.png\" alt=\"\" class=\"wp-image-7872\" srcset=\"https:\/\/lecompagnonrouge.fr\/wp-content\/uploads\/2022\/04\/image-6.png 779w, https:\/\/lecompagnonrouge.fr\/wp-content\/uploads\/2022\/04\/image-6-228x300.png 228w, https:\/\/lecompagnonrouge.fr\/wp-content\/uploads\/2022\/04\/image-6-768x1010.png 768w, https:\/\/lecompagnonrouge.fr\/wp-content\/uploads\/2022\/04\/image-6-300x394.png 300w\" sizes=\"auto, (max-width: 779px) 100vw, 779px\" \/><\/figure>\n\n\n\n<p><\/p>\n\n\n\n<p class=\"has-medium-font-size\">Antrhriscus sylvestris subsp. sylvestris var. latisecta, pr\u00e9sente des segments de feuilles d&rsquo;une taille assez larges. Ils se touchent, se recouvrent parfois. <\/p>\n\n\n\n<figure class=\"wp-block-image size-full\"><img loading=\"lazy\" decoding=\"async\" width=\"850\" height=\"539\" src=\"https:\/\/lecompagnonrouge.fr\/wp-content\/uploads\/2022\/04\/image-7.png\" alt=\"\" class=\"wp-image-7873\" srcset=\"https:\/\/lecompagnonrouge.fr\/wp-content\/uploads\/2022\/04\/image-7.png 850w, https:\/\/lecompagnonrouge.fr\/wp-content\/uploads\/2022\/04\/image-7-300x190.png 300w, https:\/\/lecompagnonrouge.fr\/wp-content\/uploads\/2022\/04\/image-7-768x487.png 768w\" sizes=\"auto, (max-width: 850px) 100vw, 850px\" \/><\/figure>\n\n\n\n<p><\/p>\n\n\n\n<p class=\"has-medium-font-size\">Reduron et Spalik indiquent que Druce l&rsquo;a tout d&rsquo;abord d\u00e9crit comme beaucoup plus pileux que les autres cerfeuils des bois. Y compris sur les feuilles. Ce cerfeuil de Montreuil me semble effectivement plus pileux. Mais pas franchement sur les feuilles, sauf \u00e9ventuellement aux revers de celles-ci, sur le p\u00e9tiole.<\/p>\n\n\n\n<figure class=\"wp-block-image size-full\"><img loading=\"lazy\" decoding=\"async\" width=\"850\" height=\"745\" src=\"https:\/\/lecompagnonrouge.fr\/wp-content\/uploads\/2022\/04\/Chaerophyllum-sylvestre-1.jpg\" alt=\"\" class=\"wp-image-7874\" srcset=\"https:\/\/lecompagnonrouge.fr\/wp-content\/uploads\/2022\/04\/Chaerophyllum-sylvestre-1.jpg 850w, https:\/\/lecompagnonrouge.fr\/wp-content\/uploads\/2022\/04\/Chaerophyllum-sylvestre-1-300x263.jpg 300w, https:\/\/lecompagnonrouge.fr\/wp-content\/uploads\/2022\/04\/Chaerophyllum-sylvestre-1-768x673.jpg 768w\" sizes=\"auto, (max-width: 850px) 100vw, 850px\" \/><\/figure>\n\n\n\n<figure class=\"wp-block-gallery has-nested-images columns-default is-cropped wp-block-gallery-1 is-layout-flex wp-block-gallery-is-layout-flex\">\n<figure class=\"wp-block-image size-large\"><img loading=\"lazy\" decoding=\"async\" width=\"567\" height=\"394\" data-id=\"628\" src=\"https:\/\/lecompagnonrouge.fr\/wp-content\/uploads\/2022\/04\/Chaerophyllum-sylvestre-5a.jpg\" alt=\"\" class=\"wp-image-628\" srcset=\"https:\/\/lecompagnonrouge.fr\/wp-content\/uploads\/2022\/04\/Chaerophyllum-sylvestre-5a.jpg 567w, https:\/\/lecompagnonrouge.fr\/wp-content\/uploads\/2022\/04\/Chaerophyllum-sylvestre-5a-300x208.jpg 300w\" sizes=\"auto, (max-width: 567px) 100vw, 567px\" \/><\/figure>\n\n\n\n<figure class=\"wp-block-image size-large\"><img loading=\"lazy\" decoding=\"async\" width=\"567\" height=\"378\" data-id=\"629\" src=\"https:\/\/lecompagnonrouge.fr\/wp-content\/uploads\/2022\/04\/Chaerophyllum-sylvestre-7.jpg\" alt=\"\" class=\"wp-image-629\" srcset=\"https:\/\/lecompagnonrouge.fr\/wp-content\/uploads\/2022\/04\/Chaerophyllum-sylvestre-7.jpg 567w, https:\/\/lecompagnonrouge.fr\/wp-content\/uploads\/2022\/04\/Chaerophyllum-sylvestre-7-300x200.jpg 300w\" sizes=\"auto, (max-width: 567px) 100vw, 567px\" \/><\/figure>\n<\/figure>\n\n\n\n<p><\/p>\n\n\n\n<p class=\"has-medium-font-size\">Du reste cette vari\u00e9t\u00e9 est sciaphile, elle aime l&rsquo;ombre. Et les Cerfeuils des bois du Parc des Beaumonts sont clairement des populations d&rsquo;ourlets, jusqu&rsquo;entre les arbres. Dans le boisement donc.<\/p>\n\n\n\n<p class=\"has-medium-font-size\">Cette vari\u00e9t\u00e9 de cerfeuil des bois se distingue d&rsquo;Anthriscus nitida parce que le profil de sa feuille est nettement tiangle, plus allong\u00e9.<\/p>\n\n\n\n<p class=\"has-medium-font-size\"><strong>Anthriscus sylvestris subsp. sylvestris var. sylvestris:<\/strong><\/p>\n\n\n\n<p class=\"has-medium-font-size\">Une autre vari\u00e9t\u00e9 de cerfeuil des bois, est la vari\u00e9t\u00e9 autonyme, Anthriscus sylvestris subsp. sylvestris var. sylvestris. Ses feuilles sont moins finement d\u00e9coup\u00e9es que celles de la vari\u00e9t\u00e9 angustisecta, mais tout de m\u00eame beaucoup plus fines que celles de la vari\u00e9t\u00e9 latisecta.<\/p>\n\n\n\n<p class=\"has-medium-font-size\">Ces deux derni\u00e8res vari\u00e9t\u00e9s \u00e0 feuilles fines se distinguent d&rsquo;Anthriscus sylvestris subsp. alpina, car cette derni\u00e8re pr\u00e9sente des plantes plus petites \u00e0 feuilles encore plus fines.<\/p>\n\n\n\n<p class=\"has-medium-font-size\">Ici photographi\u00e9 au PNR de Millevaches:<\/p>\n\n\n\n<figure class=\"wp-block-image size-full\"><img loading=\"lazy\" decoding=\"async\" width=\"850\" height=\"638\" src=\"https:\/\/lecompagnonrouge.fr\/wp-content\/uploads\/2024\/01\/IMG_20210526_082919-Copie.jpg\" alt=\"\" class=\"wp-image-5428\" srcset=\"https:\/\/lecompagnonrouge.fr\/wp-content\/uploads\/2024\/01\/IMG_20210526_082919-Copie.jpg 850w, https:\/\/lecompagnonrouge.fr\/wp-content\/uploads\/2024\/01\/IMG_20210526_082919-Copie-300x225.jpg 300w, https:\/\/lecompagnonrouge.fr\/wp-content\/uploads\/2024\/01\/IMG_20210526_082919-Copie-768x576.jpg 768w\" sizes=\"auto, (max-width: 850px) 100vw, 850px\" \/><\/figure>\n\n\n\n<p class=\"has-medium-font-size\"><\/p>\n\n\n\n<p class=\"has-medium-font-size\"><strong>Risque de confusions:<\/strong><\/p>\n\n\n\n<p class=\"has-medium-font-size\">Les risques de confusions s&rsquo;\u00e9tablissent avec les cerfeuils au sens large. En particulier, avec Anthriscus sylvestris subsp. alpina (et sa d\u00e9clinaison vari\u00e9tale), et avec Anthriscus Nitida.<\/p>\n\n\n\n<p class=\"has-medium-font-size\"><strong>Vocabulo: <\/strong><\/p>\n\n\n\n<p class=\"has-medium-font-size\">Les feuilles de ces cerfeuils sont 2 fois pennatis\u00e9qu\u00e9es. La grande nervure centrale axile des segments complexes. Il s&rsquo;agit des segments d&rsquo;ordre 1. Ces segments complexes d&rsquo;ordre 1 pr\u00e9sentent des feuilles comme compos\u00e9es. Il s&rsquo;agit des segments d&rsquo;ordre 2. Ces segments pr\u00e9sente des sortes de petits limbes terminaux. Il s&rsquo;agit des segments d&rsquo;ordre 3.<\/p>\n\n\n\n<p class=\"has-medium-font-size\">Chez Anthriscus nitida, les segments d&rsquo;ordre 1 sont \u00e0 peu pr\u00e8s de la m\u00eame taille. Chez Anthriscus sylvestris la diff\u00e9rence de taille est beaucoup plus importante. Ceux proche de la tige \u00e9tant nettement plus grand que ceux au bout de la feuille: La feuille en son entier est beaucoup plus triangulaire chez le cerfeuil des bois. En comparaison, la feuille d&rsquo;Anthriscus nitida parait moins triangulaire. Elle parait aussi plus tern\u00e9e. Et elle est plus molle.<\/p>\n\n\n\n<p class=\"has-small-font-size\"><a href=\"https:\/\/lecompagnonrouge.fr\/?s=Apiales\">Apiales<\/a>&gt;<a href=\"https:\/\/lecompagnonrouge.fr\/?s=Apiaceae\">Apiaceae<\/a>&gt;<a href=\"https:\/\/lecompagnonrouge.fr\/?s=Apioideae\">Apioideae<\/a>&gt;<a href=\"https:\/\/lecompagnonrouge.fr\/?s=Anthriscus\">Anthriscus<\/a> sylvestris subsp. sylvestris<\/p>\n\n\n\n<p class=\"has-medium-font-size\">Ourlets externes. <a href=\"https:\/\/lecompagnonrouge.fr\/?page_id=3348#aegopodion\">Aegopodion podagrariae<\/a><\/p>\n\n\n\n<p class=\"has-medium-font-size\">Friches eutrophiles, m\u00e9sohydriques \u00e0 m\u00e9so hygrophiles. <\/p>\n\n\n\n<p class=\"has-medium-font-size\">Egalement, prairies: <a href=\"https:\/\/lecompagnonrouge.fr\/?page_id=3348\/#Arrhenatherion-eliatoris\">Arrhenatherion elatioris subsp. elatioris<\/a><\/p>\n\n\n\n<p class=\"has-small-font-size\"><\/p>\n\n\n\n<p>Lieu(x) o\u00f9 la plante est photographi\u00e9e: Montreuil (parc des Beaumonts), Parc Naturel R\u00e9gional De Millevaches (PNRM).<\/p>\n\n\n\n<p><\/p>\n","protected":false},"excerpt":{"rendered":"<p>Anthriscus sylvestris est une ombellif\u00e8re \u00e0 fruits allong\u00e9s et lisses, pr\u00e9sentant des bract\u00e9oles lanc\u00e9ol\u00e9es, cilli\u00e9es, r\u00e9vers\u00e9es. Et des feuilles complexes. Ce cerfeuil pr\u00e9sente plusieurs vari\u00e9t\u00e9s. Ci-dessous, le cerfeuil trouv\u00e9 \u00e0 Montreuil pourrait peu ou prou s&rsquo;approcher d&rsquo;Anthriscus sylvestris subsp. latisecta (se r\u00e9f\u00e9rer \u00e0 la planche de Reduron et Spalik, dans le pdf disponible en ligne,&#8230;<\/p>\n","protected":false},"author":1,"featured_media":625,"comment_status":"closed","ping_status":"open","sticky":false,"template":"","format":"standard","meta":{"footnotes":""},"categories":[169,159,160],"tags":[166,168],"class_list":["post-624","post","type-post","status-publish","format-standard","has-post-thumbnail","hentry","category-anthriscus-sylvestris","category-apiaceae","category-apioideae","tag-cerfeuil","tag-cerfeuil-des-bois"],"yoast_head":"<!-- This site is optimized with the Yoast SEO plugin v27.4 - https:\/\/yoast.com\/product\/yoast-seo-wordpress\/ -->\n<title>Anthriscus sylvestris subsp. sylvestris. Cerfeuil des bois. - Le Compagnon rouge<\/title>\n<meta name=\"description\" content=\"Apiales, Apiaceae, Apioideae, Anthriscus sylvestris\" \/>\n<meta name=\"robots\" content=\"index, follow, max-snippet:-1, max-image-preview:large, max-video-preview:-1\" \/>\n<link rel=\"canonical\" href=\"https:\/\/lecompagnonrouge.fr\/?p=624\" \/>\n<meta property=\"og:locale\" content=\"fr_FR\" \/>\n<meta property=\"og:type\" content=\"article\" \/>\n<meta property=\"og:title\" content=\"Anthriscus sylvestris subsp. sylvestris. Cerfeuil des bois. - Le Compagnon rouge\" \/>\n<meta property=\"og:description\" content=\"Apiales, Apiaceae, Apioideae, Anthriscus sylvestris\" \/>\n<meta property=\"og:url\" content=\"https:\/\/lecompagnonrouge.fr\/?p=624\" \/>\n<meta property=\"og:site_name\" content=\"Le Compagnon rouge\" \/>\n<meta property=\"article:published_time\" content=\"2022-04-03T13:54:20+00:00\" \/>\n<meta property=\"article:modified_time\" content=\"2026-02-21T09:14:34+00:00\" \/>\n<meta property=\"og:image\" content=\"https:\/\/lecompagnonrouge.fr\/wp-content\/uploads\/2022\/04\/Chaerophyllum-sylvestre-up.jpg\" \/>\n\t<meta property=\"og:image:width\" content=\"850\" \/>\n\t<meta property=\"og:image:height\" content=\"567\" \/>\n\t<meta property=\"og:image:type\" content=\"image\/jpeg\" \/>\n<meta name=\"author\" content=\"R1\" \/>\n<meta name=\"twitter:card\" content=\"summary_large_image\" \/>\n<meta name=\"twitter:label1\" content=\"\u00c9crit par\" \/>\n\t<meta name=\"twitter:data1\" content=\"R1\" \/>\n\t<meta name=\"twitter:label2\" content=\"Dur\u00e9e de lecture est.\" \/>\n\t<meta name=\"twitter:data2\" content=\"5 minutes\" \/>\n<script type=\"application\/ld+json\" class=\"yoast-schema-graph\">{\"@context\":\"https:\\\/\\\/schema.org\",\"@graph\":[{\"@type\":\"Article\",\"@id\":\"https:\\\/\\\/lecompagnonrouge.fr\\\/?p=624#article\",\"isPartOf\":{\"@id\":\"https:\\\/\\\/lecompagnonrouge.fr\\\/?p=624\"},\"author\":{\"name\":\"R1\",\"@id\":\"https:\\\/\\\/lecompagnonrouge.fr\\\/#\\\/schema\\\/person\\\/0025018a342b92eacca6f1e4c968a154\"},\"headline\":\"Anthriscus sylvestris subsp. sylvestris. Cerfeuil des bois.\",\"datePublished\":\"2022-04-03T13:54:20+00:00\",\"dateModified\":\"2026-02-21T09:14:34+00:00\",\"mainEntityOfPage\":{\"@id\":\"https:\\\/\\\/lecompagnonrouge.fr\\\/?p=624\"},\"wordCount\":620,\"publisher\":{\"@id\":\"https:\\\/\\\/lecompagnonrouge.fr\\\/#\\\/schema\\\/person\\\/0025018a342b92eacca6f1e4c968a154\"},\"image\":{\"@id\":\"https:\\\/\\\/lecompagnonrouge.fr\\\/?p=624#primaryimage\"},\"thumbnailUrl\":\"https:\\\/\\\/lecompagnonrouge.fr\\\/wp-content\\\/uploads\\\/2022\\\/04\\\/Chaerophyllum-sylvestre-up.jpg\",\"keywords\":[\"Cerfeuil\",\"Cerfeuil des bois\"],\"articleSection\":[\"Anthriscus sylvestris\",\"Apiaceae\",\"Apioideae\"],\"inLanguage\":\"fr-BE\"},{\"@type\":\"WebPage\",\"@id\":\"https:\\\/\\\/lecompagnonrouge.fr\\\/?p=624\",\"url\":\"https:\\\/\\\/lecompagnonrouge.fr\\\/?p=624\",\"name\":\"Anthriscus sylvestris subsp. sylvestris. Cerfeuil des bois. - Le Compagnon rouge\",\"isPartOf\":{\"@id\":\"https:\\\/\\\/lecompagnonrouge.fr\\\/#website\"},\"primaryImageOfPage\":{\"@id\":\"https:\\\/\\\/lecompagnonrouge.fr\\\/?p=624#primaryimage\"},\"image\":{\"@id\":\"https:\\\/\\\/lecompagnonrouge.fr\\\/?p=624#primaryimage\"},\"thumbnailUrl\":\"https:\\\/\\\/lecompagnonrouge.fr\\\/wp-content\\\/uploads\\\/2022\\\/04\\\/Chaerophyllum-sylvestre-up.jpg\",\"datePublished\":\"2022-04-03T13:54:20+00:00\",\"dateModified\":\"2026-02-21T09:14:34+00:00\",\"description\":\"Apiales, Apiaceae, Apioideae, Anthriscus sylvestris\",\"breadcrumb\":{\"@id\":\"https:\\\/\\\/lecompagnonrouge.fr\\\/?p=624#breadcrumb\"},\"inLanguage\":\"fr-BE\",\"potentialAction\":[{\"@type\":\"ReadAction\",\"target\":[\"https:\\\/\\\/lecompagnonrouge.fr\\\/?p=624\"]}]},{\"@type\":\"ImageObject\",\"inLanguage\":\"fr-BE\",\"@id\":\"https:\\\/\\\/lecompagnonrouge.fr\\\/?p=624#primaryimage\",\"url\":\"https:\\\/\\\/lecompagnonrouge.fr\\\/wp-content\\\/uploads\\\/2022\\\/04\\\/Chaerophyllum-sylvestre-up.jpg\",\"contentUrl\":\"https:\\\/\\\/lecompagnonrouge.fr\\\/wp-content\\\/uploads\\\/2022\\\/04\\\/Chaerophyllum-sylvestre-up.jpg\",\"width\":850,\"height\":567,\"caption\":\"binary comment\"},{\"@type\":\"BreadcrumbList\",\"@id\":\"https:\\\/\\\/lecompagnonrouge.fr\\\/?p=624#breadcrumb\",\"itemListElement\":[{\"@type\":\"ListItem\",\"position\":1,\"name\":\"Accueil\",\"item\":\"https:\\\/\\\/lecompagnonrouge.fr\\\/\"},{\"@type\":\"ListItem\",\"position\":2,\"name\":\"Anthriscus sylvestris subsp. sylvestris. Cerfeuil des bois.\"}]},{\"@type\":\"WebSite\",\"@id\":\"https:\\\/\\\/lecompagnonrouge.fr\\\/#website\",\"url\":\"https:\\\/\\\/lecompagnonrouge.fr\\\/\",\"name\":\"Le Compagnon rouge\",\"description\":\"M\u00e9morandum.\",\"publisher\":{\"@id\":\"https:\\\/\\\/lecompagnonrouge.fr\\\/#\\\/schema\\\/person\\\/0025018a342b92eacca6f1e4c968a154\"},\"potentialAction\":[{\"@type\":\"SearchAction\",\"target\":{\"@type\":\"EntryPoint\",\"urlTemplate\":\"https:\\\/\\\/lecompagnonrouge.fr\\\/?s={search_term_string}\"},\"query-input\":{\"@type\":\"PropertyValueSpecification\",\"valueRequired\":true,\"valueName\":\"search_term_string\"}}],\"inLanguage\":\"fr-BE\"},{\"@type\":[\"Person\",\"Organization\"],\"@id\":\"https:\\\/\\\/lecompagnonrouge.fr\\\/#\\\/schema\\\/person\\\/0025018a342b92eacca6f1e4c968a154\",\"name\":\"R1\",\"image\":{\"@type\":\"ImageObject\",\"inLanguage\":\"fr-BE\",\"@id\":\"https:\\\/\\\/lecompagnonrouge.fr\\\/wp-content\\\/uploads\\\/2022\\\/03\\\/identit.jpg\",\"url\":\"https:\\\/\\\/lecompagnonrouge.fr\\\/wp-content\\\/uploads\\\/2022\\\/03\\\/identit.jpg\",\"contentUrl\":\"https:\\\/\\\/lecompagnonrouge.fr\\\/wp-content\\\/uploads\\\/2022\\\/03\\\/identit.jpg\",\"width\":425,\"height\":545,\"caption\":\"R1\"},\"logo\":{\"@id\":\"https:\\\/\\\/lecompagnonrouge.fr\\\/wp-content\\\/uploads\\\/2022\\\/03\\\/identit.jpg\"},\"sameAs\":[\"http:\\\/\\\/lecompagnonrouge.fr\"],\"url\":\"https:\\\/\\\/lecompagnonrouge.fr\\\/?author=1\"}]}<\/script>\n<!-- \/ Yoast SEO plugin. -->","yoast_head_json":{"title":"Anthriscus sylvestris subsp. sylvestris. Cerfeuil des bois. - Le Compagnon rouge","description":"Apiales, Apiaceae, Apioideae, Anthriscus sylvestris","robots":{"index":"index","follow":"follow","max-snippet":"max-snippet:-1","max-image-preview":"max-image-preview:large","max-video-preview":"max-video-preview:-1"},"canonical":"https:\/\/lecompagnonrouge.fr\/?p=624","og_locale":"fr_FR","og_type":"article","og_title":"Anthriscus sylvestris subsp. sylvestris. Cerfeuil des bois. - Le Compagnon rouge","og_description":"Apiales, Apiaceae, Apioideae, Anthriscus sylvestris","og_url":"https:\/\/lecompagnonrouge.fr\/?p=624","og_site_name":"Le Compagnon rouge","article_published_time":"2022-04-03T13:54:20+00:00","article_modified_time":"2026-02-21T09:14:34+00:00","og_image":[{"width":850,"height":567,"url":"https:\/\/lecompagnonrouge.fr\/wp-content\/uploads\/2022\/04\/Chaerophyllum-sylvestre-up.jpg","type":"image\/jpeg"}],"author":"R1","twitter_card":"summary_large_image","twitter_misc":{"\u00c9crit par":"R1","Dur\u00e9e de lecture est.":"5 minutes"},"schema":{"@context":"https:\/\/schema.org","@graph":[{"@type":"Article","@id":"https:\/\/lecompagnonrouge.fr\/?p=624#article","isPartOf":{"@id":"https:\/\/lecompagnonrouge.fr\/?p=624"},"author":{"name":"R1","@id":"https:\/\/lecompagnonrouge.fr\/#\/schema\/person\/0025018a342b92eacca6f1e4c968a154"},"headline":"Anthriscus sylvestris subsp. sylvestris. Cerfeuil des bois.","datePublished":"2022-04-03T13:54:20+00:00","dateModified":"2026-02-21T09:14:34+00:00","mainEntityOfPage":{"@id":"https:\/\/lecompagnonrouge.fr\/?p=624"},"wordCount":620,"publisher":{"@id":"https:\/\/lecompagnonrouge.fr\/#\/schema\/person\/0025018a342b92eacca6f1e4c968a154"},"image":{"@id":"https:\/\/lecompagnonrouge.fr\/?p=624#primaryimage"},"thumbnailUrl":"https:\/\/lecompagnonrouge.fr\/wp-content\/uploads\/2022\/04\/Chaerophyllum-sylvestre-up.jpg","keywords":["Cerfeuil","Cerfeuil des bois"],"articleSection":["Anthriscus sylvestris","Apiaceae","Apioideae"],"inLanguage":"fr-BE"},{"@type":"WebPage","@id":"https:\/\/lecompagnonrouge.fr\/?p=624","url":"https:\/\/lecompagnonrouge.fr\/?p=624","name":"Anthriscus sylvestris subsp. sylvestris. Cerfeuil des bois. - Le Compagnon rouge","isPartOf":{"@id":"https:\/\/lecompagnonrouge.fr\/#website"},"primaryImageOfPage":{"@id":"https:\/\/lecompagnonrouge.fr\/?p=624#primaryimage"},"image":{"@id":"https:\/\/lecompagnonrouge.fr\/?p=624#primaryimage"},"thumbnailUrl":"https:\/\/lecompagnonrouge.fr\/wp-content\/uploads\/2022\/04\/Chaerophyllum-sylvestre-up.jpg","datePublished":"2022-04-03T13:54:20+00:00","dateModified":"2026-02-21T09:14:34+00:00","description":"Apiales, Apiaceae, Apioideae, Anthriscus sylvestris","breadcrumb":{"@id":"https:\/\/lecompagnonrouge.fr\/?p=624#breadcrumb"},"inLanguage":"fr-BE","potentialAction":[{"@type":"ReadAction","target":["https:\/\/lecompagnonrouge.fr\/?p=624"]}]},{"@type":"ImageObject","inLanguage":"fr-BE","@id":"https:\/\/lecompagnonrouge.fr\/?p=624#primaryimage","url":"https:\/\/lecompagnonrouge.fr\/wp-content\/uploads\/2022\/04\/Chaerophyllum-sylvestre-up.jpg","contentUrl":"https:\/\/lecompagnonrouge.fr\/wp-content\/uploads\/2022\/04\/Chaerophyllum-sylvestre-up.jpg","width":850,"height":567,"caption":"binary comment"},{"@type":"BreadcrumbList","@id":"https:\/\/lecompagnonrouge.fr\/?p=624#breadcrumb","itemListElement":[{"@type":"ListItem","position":1,"name":"Accueil","item":"https:\/\/lecompagnonrouge.fr\/"},{"@type":"ListItem","position":2,"name":"Anthriscus sylvestris subsp. sylvestris. Cerfeuil des bois."}]},{"@type":"WebSite","@id":"https:\/\/lecompagnonrouge.fr\/#website","url":"https:\/\/lecompagnonrouge.fr\/","name":"Le Compagnon rouge","description":"M\u00e9morandum.","publisher":{"@id":"https:\/\/lecompagnonrouge.fr\/#\/schema\/person\/0025018a342b92eacca6f1e4c968a154"},"potentialAction":[{"@type":"SearchAction","target":{"@type":"EntryPoint","urlTemplate":"https:\/\/lecompagnonrouge.fr\/?s={search_term_string}"},"query-input":{"@type":"PropertyValueSpecification","valueRequired":true,"valueName":"search_term_string"}}],"inLanguage":"fr-BE"},{"@type":["Person","Organization"],"@id":"https:\/\/lecompagnonrouge.fr\/#\/schema\/person\/0025018a342b92eacca6f1e4c968a154","name":"R1","image":{"@type":"ImageObject","inLanguage":"fr-BE","@id":"https:\/\/lecompagnonrouge.fr\/wp-content\/uploads\/2022\/03\/identit.jpg","url":"https:\/\/lecompagnonrouge.fr\/wp-content\/uploads\/2022\/03\/identit.jpg","contentUrl":"https:\/\/lecompagnonrouge.fr\/wp-content\/uploads\/2022\/03\/identit.jpg","width":425,"height":545,"caption":"R1"},"logo":{"@id":"https:\/\/lecompagnonrouge.fr\/wp-content\/uploads\/2022\/03\/identit.jpg"},"sameAs":["http:\/\/lecompagnonrouge.fr"],"url":"https:\/\/lecompagnonrouge.fr\/?author=1"}]}},"_links":{"self":[{"href":"https:\/\/lecompagnonrouge.fr\/index.php?rest_route=\/wp\/v2\/posts\/624","targetHints":{"allow":["GET"]}}],"collection":[{"href":"https:\/\/lecompagnonrouge.fr\/index.php?rest_route=\/wp\/v2\/posts"}],"about":[{"href":"https:\/\/lecompagnonrouge.fr\/index.php?rest_route=\/wp\/v2\/types\/post"}],"author":[{"embeddable":true,"href":"https:\/\/lecompagnonrouge.fr\/index.php?rest_route=\/wp\/v2\/users\/1"}],"replies":[{"embeddable":true,"href":"https:\/\/lecompagnonrouge.fr\/index.php?rest_route=%2Fwp%2Fv2%2Fcomments&post=624"}],"version-history":[{"count":19,"href":"https:\/\/lecompagnonrouge.fr\/index.php?rest_route=\/wp\/v2\/posts\/624\/revisions"}],"predecessor-version":[{"id":11717,"href":"https:\/\/lecompagnonrouge.fr\/index.php?rest_route=\/wp\/v2\/posts\/624\/revisions\/11717"}],"wp:featuredmedia":[{"embeddable":true,"href":"https:\/\/lecompagnonrouge.fr\/index.php?rest_route=\/wp\/v2\/media\/625"}],"wp:attachment":[{"href":"https:\/\/lecompagnonrouge.fr\/index.php?rest_route=%2Fwp%2Fv2%2Fmedia&parent=624"}],"wp:term":[{"taxonomy":"category","embeddable":true,"href":"https:\/\/lecompagnonrouge.fr\/index.php?rest_route=%2Fwp%2Fv2%2Fcategories&post=624"},{"taxonomy":"post_tag","embeddable":true,"href":"https:\/\/lecompagnonrouge.fr\/index.php?rest_route=%2Fwp%2Fv2%2Ftags&post=624"}],"curies":[{"name":"wp","href":"https:\/\/api.w.org\/{rel}","templated":true}]}}