{"id":5896,"date":"2024-03-31T17:38:33","date_gmt":"2024-03-31T15:38:33","guid":{"rendered":"https:\/\/lecompagnonrouge.fr\/?p=5896"},"modified":"2025-03-09T10:58:52","modified_gmt":"2025-03-09T09:58:52","slug":"amandinea-punctata-lichen-petits-boutons","status":"publish","type":"post","link":"https:\/\/lecompagnonrouge.fr\/?p=5896","title":{"rendered":"Amandinea punctata. Lichen petits boutons"},"content":{"rendered":"\n<p>-&gt; Amandinea punctata: lichen crustac\u00e9e blanc gris verd\u00e2tre avec apoth\u00e9cies noires. R\u00e9sultant de l\u2019association d\u2019un ascomyc\u00e8te et d\u2019un organisme algal, chloroccoide (identification sous r\u00e9serve).<\/p>\n\n\n\n<p class=\"has-medium-font-size\">Les risques de confusions s&rsquo;exercent notamment avec Lecidella elaeochroma. Ce dernier est noir dessous. Mais parfois non.<\/p>\n\n\n\n<p class=\"has-medium-font-size\">Dans le cas pr\u00e9sent, le dessous du lichen est blanc\/gris.<\/p>\n\n\n\n<p>Identification sous r\u00e9serve. Mon eau de javel semble p\u00e9rim\u00e9e. Pour r\u00e9v\u00e9ler soit en orange: lecidella elaeochroma, soit aucune r\u00e9action: amandinea punctata.<\/p>\n\n\n\n<p class=\"has-medium-font-size\"><\/p>\n\n\n\n<p class=\"has-medium-font-size\">Les apoth\u00e9cies les plus m\u00fbres sont gonfl\u00e9es \u00e0 ne plus laisser voir le bord du disque mais cela ne semble pas \u00eatre un indice int\u00e9ressant.<\/p>\n\n\n\n<figure class=\"wp-block-image size-full\"><img loading=\"lazy\" decoding=\"async\" width=\"850\" height=\"598\" src=\"https:\/\/lecompagnonrouge.fr\/wp-content\/uploads\/2024\/03\/IMG_0663.jpg\" alt=\"\" class=\"wp-image-5897\" srcset=\"https:\/\/lecompagnonrouge.fr\/wp-content\/uploads\/2024\/03\/IMG_0663.jpg 850w, https:\/\/lecompagnonrouge.fr\/wp-content\/uploads\/2024\/03\/IMG_0663-300x211.jpg 300w, https:\/\/lecompagnonrouge.fr\/wp-content\/uploads\/2024\/03\/IMG_0663-768x540.jpg 768w\" sizes=\"auto, (max-width: 850px) 100vw, 850px\" \/><\/figure>\n\n\n\n<p class=\"has-medium-font-size\">Le Thalle est granuleux. Il semble retenir un peu plus de lumi\u00e8re que Lecidella elaeochroma.<\/p>\n\n\n\n<figure class=\"wp-block-image size-full\"><img loading=\"lazy\" decoding=\"async\" width=\"850\" height=\"573\" src=\"https:\/\/lecompagnonrouge.fr\/wp-content\/uploads\/2024\/03\/IMG_0691.jpg\" alt=\"\" class=\"wp-image-5898\" srcset=\"https:\/\/lecompagnonrouge.fr\/wp-content\/uploads\/2024\/03\/IMG_0691.jpg 850w, https:\/\/lecompagnonrouge.fr\/wp-content\/uploads\/2024\/03\/IMG_0691-300x202.jpg 300w, https:\/\/lecompagnonrouge.fr\/wp-content\/uploads\/2024\/03\/IMG_0691-768x518.jpg 768w\" sizes=\"auto, (max-width: 850px) 100vw, 850px\" \/><\/figure>\n\n\n\n<p><\/p>\n\n\n\n<p class=\"has-medium-font-size\">J&rsquo;ai eu quelques difficult\u00e9s \u00e0 couper l&rsquo;apoth\u00e9cie en tranches. Beaucoup trop \u00e9paisses. De plus mon microscope n&rsquo;est pas puissant. Identification restant sous r\u00e9serve.<\/p>\n\n\n\n<p class=\"has-medium-font-size\">Ci dessous la zone d&rsquo;asques (les asques r\u00e9servent les spores):<\/p>\n\n\n\n<figure class=\"wp-block-image size-large\"><img loading=\"lazy\" decoding=\"async\" width=\"1024\" height=\"576\" src=\"https:\/\/lecompagnonrouge.fr\/wp-content\/uploads\/2024\/03\/amandinea-ou-lecidelle-asque-1024x576.jpg\" alt=\"\" class=\"wp-image-5899\" srcset=\"https:\/\/lecompagnonrouge.fr\/wp-content\/uploads\/2024\/03\/amandinea-ou-lecidelle-asque-1024x576.jpg 1024w, https:\/\/lecompagnonrouge.fr\/wp-content\/uploads\/2024\/03\/amandinea-ou-lecidelle-asque-300x169.jpg 300w, https:\/\/lecompagnonrouge.fr\/wp-content\/uploads\/2024\/03\/amandinea-ou-lecidelle-asque-768x432.jpg 768w, https:\/\/lecompagnonrouge.fr\/wp-content\/uploads\/2024\/03\/amandinea-ou-lecidelle-asque-850x478.jpg 850w, https:\/\/lecompagnonrouge.fr\/wp-content\/uploads\/2024\/03\/amandinea-ou-lecidelle-asque.jpg 1280w\" sizes=\"auto, (max-width: 1024px) 100vw, 1024px\" \/><\/figure>\n\n\n\n<p class=\"has-medium-font-size\">De mani\u00e8re libre, et proche des zones o\u00f9 se trouvent les asques, j&rsquo;ai fini par trouver des petites formations plus ou moins ovales, mais parfois simples. Parfois, comme ici, semblant cloisonn\u00e9es. Peut-\u00eatre des spores.<\/p>\n\n\n\n<p class=\"has-medium-font-size\">Les spores d&rsquo;Amandinea punctata sont cloisonn\u00e9s alors que ceux de Lecidella elaeochroma ne le sont pas (ils sont simples).<\/p>\n\n\n\n<figure class=\"wp-block-image size-large\"><img loading=\"lazy\" decoding=\"async\" width=\"1024\" height=\"576\" src=\"https:\/\/lecompagnonrouge.fr\/wp-content\/uploads\/2024\/03\/amandinea-punctata-1024x576.jpg\" alt=\"\" class=\"wp-image-5900\" srcset=\"https:\/\/lecompagnonrouge.fr\/wp-content\/uploads\/2024\/03\/amandinea-punctata-1024x576.jpg 1024w, https:\/\/lecompagnonrouge.fr\/wp-content\/uploads\/2024\/03\/amandinea-punctata-300x169.jpg 300w, https:\/\/lecompagnonrouge.fr\/wp-content\/uploads\/2024\/03\/amandinea-punctata-768x432.jpg 768w, https:\/\/lecompagnonrouge.fr\/wp-content\/uploads\/2024\/03\/amandinea-punctata-850x478.jpg 850w, https:\/\/lecompagnonrouge.fr\/wp-content\/uploads\/2024\/03\/amandinea-punctata.jpg 1280w\" sizes=\"auto, (max-width: 1024px) 100vw, 1024px\" \/><\/figure>\n\n\n\n<p class=\"has-small-font-size\">(SYMBIOTE)&nbsp;<a href=\"https:\/\/lecompagnonrouge.fr\/?s=Teloschistales\">Teloschistales<\/a>&gt;<a href=\"https:\/\/lecompagnonrouge.fr\/?s=Physciaceae\">Physciaceae<\/a>&gt;<a href=\"https:\/\/lecompagnonrouge.fr\/?s=Amandinea\">Amandinea<\/a> punctata<\/p>\n\n\n\n<p class=\"has-medium-font-size\">Ce lichen trouv\u00e9 au Beaumonts sur l&rsquo;\u00e9corce d&rsquo;un <a href=\"https:\/\/lecompagnonrouge.fr\/?p=6162\">Acer pseudoplatanus<\/a> supporte tr\u00e8s bien la pollut!on. Il est par ailleurs plut\u00f4t nitrophile. D&rsquo;autres lichens sont sur le m\u00eame tronc.<\/p>\n\n\n\n<p class=\"has-medium-font-size\">Lorsque seuls des lichens ayant une pareille r\u00e9sistance \u00e0 la pollut!on sont pr\u00e9sent, la qualit\u00e9 de l&rsquo;air doit \u00eatre consid\u00e9r\u00e9e comme mauvaise.<\/p>\n\n\n\n<p class=\"has-medium-font-size\">Xanthorion parietinae senso lato<\/p>\n","protected":false},"excerpt":{"rendered":"<p>-&gt; Amandinea punctata: lichen crustac\u00e9e blanc gris verd\u00e2tre avec apoth\u00e9cies noires. R\u00e9sultant de l\u2019association d\u2019un ascomyc\u00e8te et d\u2019un organisme algal, chloroccoide (identification sous r\u00e9serve). Les risques de confusions s&rsquo;exercent notamment avec Lecidella elaeochroma. Ce dernier est noir dessous. Mais parfois non. Dans le cas pr\u00e9sent, le dessous du lichen est blanc\/gris. Identification sous r\u00e9serve. Mon&#8230;<\/p>\n","protected":false},"author":1,"featured_media":5901,"comment_status":"closed","ping_status":"open","sticky":false,"template":"","format":"standard","meta":{"footnotes":""},"categories":[940,939],"tags":[937,938],"class_list":["post-5896","post","type-post","status-publish","format-standard","has-post-thumbnail","hentry","category-amandinea-punctata","category-physciaceae","tag-amandinea-punctata","tag-lichen-petits-boutons"],"yoast_head":"<!-- This site is optimized with the Yoast SEO plugin v27.4 - https:\/\/yoast.com\/product\/yoast-seo-wordpress\/ -->\n<title>Amandinea punctata. Lichen petits boutons - Le Compagnon rouge<\/title>\n<meta name=\"robots\" content=\"index, follow, max-snippet:-1, max-image-preview:large, max-video-preview:-1\" \/>\n<link rel=\"canonical\" href=\"https:\/\/lecompagnonrouge.fr\/?p=5896\" \/>\n<meta property=\"og:locale\" content=\"fr_FR\" \/>\n<meta property=\"og:type\" content=\"article\" \/>\n<meta property=\"og:title\" content=\"Amandinea punctata. Lichen petits boutons - Le Compagnon rouge\" \/>\n<meta property=\"og:description\" content=\"-&gt; Amandinea punctata: lichen crustac\u00e9e blanc gris verd\u00e2tre avec apoth\u00e9cies noires. R\u00e9sultant de l\u2019association d\u2019un ascomyc\u00e8te et d\u2019un organisme algal, chloroccoide (identification sous r\u00e9serve). Les risques de confusions s&rsquo;exercent notamment avec Lecidella elaeochroma. Ce dernier est noir dessous. Mais parfois non. Dans le cas pr\u00e9sent, le dessous du lichen est blanc\/gris. Identification sous r\u00e9serve. Mon...\" \/>\n<meta property=\"og:url\" content=\"https:\/\/lecompagnonrouge.fr\/?p=5896\" \/>\n<meta property=\"og:site_name\" content=\"Le Compagnon rouge\" \/>\n<meta property=\"article:published_time\" content=\"2024-03-31T15:38:33+00:00\" \/>\n<meta property=\"article:modified_time\" content=\"2025-03-09T09:58:52+00:00\" \/>\n<meta property=\"og:image\" content=\"https:\/\/lecompagnonrouge.fr\/wp-content\/uploads\/2024\/03\/IMG_0661.jpg\" \/>\n\t<meta property=\"og:image:width\" content=\"850\" \/>\n\t<meta property=\"og:image:height\" content=\"681\" \/>\n\t<meta property=\"og:image:type\" content=\"image\/jpeg\" \/>\n<meta name=\"author\" content=\"R1\" \/>\n<meta name=\"twitter:card\" content=\"summary_large_image\" \/>\n<meta name=\"twitter:label1\" content=\"\u00c9crit par\" \/>\n\t<meta name=\"twitter:data1\" content=\"R1\" \/>\n\t<meta name=\"twitter:label2\" content=\"Dur\u00e9e de lecture est.\" \/>\n\t<meta name=\"twitter:data2\" content=\"3 minutes\" \/>\n<script type=\"application\/ld+json\" class=\"yoast-schema-graph\">{\"@context\":\"https:\\\/\\\/schema.org\",\"@graph\":[{\"@type\":\"Article\",\"@id\":\"https:\\\/\\\/lecompagnonrouge.fr\\\/?p=5896#article\",\"isPartOf\":{\"@id\":\"https:\\\/\\\/lecompagnonrouge.fr\\\/?p=5896\"},\"author\":{\"name\":\"R1\",\"@id\":\"https:\\\/\\\/lecompagnonrouge.fr\\\/#\\\/schema\\\/person\\\/0025018a342b92eacca6f1e4c968a154\"},\"headline\":\"Amandinea punctata. Lichen petits boutons\",\"datePublished\":\"2024-03-31T15:38:33+00:00\",\"dateModified\":\"2025-03-09T09:58:52+00:00\",\"mainEntityOfPage\":{\"@id\":\"https:\\\/\\\/lecompagnonrouge.fr\\\/?p=5896\"},\"wordCount\":313,\"publisher\":{\"@id\":\"https:\\\/\\\/lecompagnonrouge.fr\\\/#\\\/schema\\\/person\\\/0025018a342b92eacca6f1e4c968a154\"},\"image\":{\"@id\":\"https:\\\/\\\/lecompagnonrouge.fr\\\/?p=5896#primaryimage\"},\"thumbnailUrl\":\"https:\\\/\\\/lecompagnonrouge.fr\\\/wp-content\\\/uploads\\\/2024\\\/03\\\/IMG_0661.jpg\",\"keywords\":[\"Amandinea punctata\",\"Lichen petits boutons\"],\"articleSection\":[\"Amandinea punctata\",\"Physciaceae\"],\"inLanguage\":\"fr-BE\"},{\"@type\":\"WebPage\",\"@id\":\"https:\\\/\\\/lecompagnonrouge.fr\\\/?p=5896\",\"url\":\"https:\\\/\\\/lecompagnonrouge.fr\\\/?p=5896\",\"name\":\"Amandinea punctata. Lichen petits boutons - Le Compagnon rouge\",\"isPartOf\":{\"@id\":\"https:\\\/\\\/lecompagnonrouge.fr\\\/#website\"},\"primaryImageOfPage\":{\"@id\":\"https:\\\/\\\/lecompagnonrouge.fr\\\/?p=5896#primaryimage\"},\"image\":{\"@id\":\"https:\\\/\\\/lecompagnonrouge.fr\\\/?p=5896#primaryimage\"},\"thumbnailUrl\":\"https:\\\/\\\/lecompagnonrouge.fr\\\/wp-content\\\/uploads\\\/2024\\\/03\\\/IMG_0661.jpg\",\"datePublished\":\"2024-03-31T15:38:33+00:00\",\"dateModified\":\"2025-03-09T09:58:52+00:00\",\"breadcrumb\":{\"@id\":\"https:\\\/\\\/lecompagnonrouge.fr\\\/?p=5896#breadcrumb\"},\"inLanguage\":\"fr-BE\",\"potentialAction\":[{\"@type\":\"ReadAction\",\"target\":[\"https:\\\/\\\/lecompagnonrouge.fr\\\/?p=5896\"]}]},{\"@type\":\"ImageObject\",\"inLanguage\":\"fr-BE\",\"@id\":\"https:\\\/\\\/lecompagnonrouge.fr\\\/?p=5896#primaryimage\",\"url\":\"https:\\\/\\\/lecompagnonrouge.fr\\\/wp-content\\\/uploads\\\/2024\\\/03\\\/IMG_0661.jpg\",\"contentUrl\":\"https:\\\/\\\/lecompagnonrouge.fr\\\/wp-content\\\/uploads\\\/2024\\\/03\\\/IMG_0661.jpg\",\"width\":850,\"height\":681,\"caption\":\"binary comment\"},{\"@type\":\"BreadcrumbList\",\"@id\":\"https:\\\/\\\/lecompagnonrouge.fr\\\/?p=5896#breadcrumb\",\"itemListElement\":[{\"@type\":\"ListItem\",\"position\":1,\"name\":\"Accueil\",\"item\":\"https:\\\/\\\/lecompagnonrouge.fr\\\/\"},{\"@type\":\"ListItem\",\"position\":2,\"name\":\"Amandinea punctata. Lichen petits boutons\"}]},{\"@type\":\"WebSite\",\"@id\":\"https:\\\/\\\/lecompagnonrouge.fr\\\/#website\",\"url\":\"https:\\\/\\\/lecompagnonrouge.fr\\\/\",\"name\":\"Le Compagnon rouge\",\"description\":\"M\u00e9morandum.\",\"publisher\":{\"@id\":\"https:\\\/\\\/lecompagnonrouge.fr\\\/#\\\/schema\\\/person\\\/0025018a342b92eacca6f1e4c968a154\"},\"potentialAction\":[{\"@type\":\"SearchAction\",\"target\":{\"@type\":\"EntryPoint\",\"urlTemplate\":\"https:\\\/\\\/lecompagnonrouge.fr\\\/?s={search_term_string}\"},\"query-input\":{\"@type\":\"PropertyValueSpecification\",\"valueRequired\":true,\"valueName\":\"search_term_string\"}}],\"inLanguage\":\"fr-BE\"},{\"@type\":[\"Person\",\"Organization\"],\"@id\":\"https:\\\/\\\/lecompagnonrouge.fr\\\/#\\\/schema\\\/person\\\/0025018a342b92eacca6f1e4c968a154\",\"name\":\"R1\",\"image\":{\"@type\":\"ImageObject\",\"inLanguage\":\"fr-BE\",\"@id\":\"https:\\\/\\\/lecompagnonrouge.fr\\\/wp-content\\\/uploads\\\/2022\\\/03\\\/identit.jpg\",\"url\":\"https:\\\/\\\/lecompagnonrouge.fr\\\/wp-content\\\/uploads\\\/2022\\\/03\\\/identit.jpg\",\"contentUrl\":\"https:\\\/\\\/lecompagnonrouge.fr\\\/wp-content\\\/uploads\\\/2022\\\/03\\\/identit.jpg\",\"width\":425,\"height\":545,\"caption\":\"R1\"},\"logo\":{\"@id\":\"https:\\\/\\\/lecompagnonrouge.fr\\\/wp-content\\\/uploads\\\/2022\\\/03\\\/identit.jpg\"},\"sameAs\":[\"http:\\\/\\\/lecompagnonrouge.fr\"],\"url\":\"https:\\\/\\\/lecompagnonrouge.fr\\\/?author=1\"}]}<\/script>\n<!-- \/ Yoast SEO plugin. -->","yoast_head_json":{"title":"Amandinea punctata. Lichen petits boutons - Le Compagnon rouge","robots":{"index":"index","follow":"follow","max-snippet":"max-snippet:-1","max-image-preview":"max-image-preview:large","max-video-preview":"max-video-preview:-1"},"canonical":"https:\/\/lecompagnonrouge.fr\/?p=5896","og_locale":"fr_FR","og_type":"article","og_title":"Amandinea punctata. Lichen petits boutons - Le Compagnon rouge","og_description":"-&gt; Amandinea punctata: lichen crustac\u00e9e blanc gris verd\u00e2tre avec apoth\u00e9cies noires. R\u00e9sultant de l\u2019association d\u2019un ascomyc\u00e8te et d\u2019un organisme algal, chloroccoide (identification sous r\u00e9serve). Les risques de confusions s&rsquo;exercent notamment avec Lecidella elaeochroma. Ce dernier est noir dessous. Mais parfois non. Dans le cas pr\u00e9sent, le dessous du lichen est blanc\/gris. Identification sous r\u00e9serve. Mon...","og_url":"https:\/\/lecompagnonrouge.fr\/?p=5896","og_site_name":"Le Compagnon rouge","article_published_time":"2024-03-31T15:38:33+00:00","article_modified_time":"2025-03-09T09:58:52+00:00","og_image":[{"width":850,"height":681,"url":"https:\/\/lecompagnonrouge.fr\/wp-content\/uploads\/2024\/03\/IMG_0661.jpg","type":"image\/jpeg"}],"author":"R1","twitter_card":"summary_large_image","twitter_misc":{"\u00c9crit par":"R1","Dur\u00e9e de lecture est.":"3 minutes"},"schema":{"@context":"https:\/\/schema.org","@graph":[{"@type":"Article","@id":"https:\/\/lecompagnonrouge.fr\/?p=5896#article","isPartOf":{"@id":"https:\/\/lecompagnonrouge.fr\/?p=5896"},"author":{"name":"R1","@id":"https:\/\/lecompagnonrouge.fr\/#\/schema\/person\/0025018a342b92eacca6f1e4c968a154"},"headline":"Amandinea punctata. Lichen petits boutons","datePublished":"2024-03-31T15:38:33+00:00","dateModified":"2025-03-09T09:58:52+00:00","mainEntityOfPage":{"@id":"https:\/\/lecompagnonrouge.fr\/?p=5896"},"wordCount":313,"publisher":{"@id":"https:\/\/lecompagnonrouge.fr\/#\/schema\/person\/0025018a342b92eacca6f1e4c968a154"},"image":{"@id":"https:\/\/lecompagnonrouge.fr\/?p=5896#primaryimage"},"thumbnailUrl":"https:\/\/lecompagnonrouge.fr\/wp-content\/uploads\/2024\/03\/IMG_0661.jpg","keywords":["Amandinea punctata","Lichen petits boutons"],"articleSection":["Amandinea punctata","Physciaceae"],"inLanguage":"fr-BE"},{"@type":"WebPage","@id":"https:\/\/lecompagnonrouge.fr\/?p=5896","url":"https:\/\/lecompagnonrouge.fr\/?p=5896","name":"Amandinea punctata. Lichen petits boutons - Le Compagnon rouge","isPartOf":{"@id":"https:\/\/lecompagnonrouge.fr\/#website"},"primaryImageOfPage":{"@id":"https:\/\/lecompagnonrouge.fr\/?p=5896#primaryimage"},"image":{"@id":"https:\/\/lecompagnonrouge.fr\/?p=5896#primaryimage"},"thumbnailUrl":"https:\/\/lecompagnonrouge.fr\/wp-content\/uploads\/2024\/03\/IMG_0661.jpg","datePublished":"2024-03-31T15:38:33+00:00","dateModified":"2025-03-09T09:58:52+00:00","breadcrumb":{"@id":"https:\/\/lecompagnonrouge.fr\/?p=5896#breadcrumb"},"inLanguage":"fr-BE","potentialAction":[{"@type":"ReadAction","target":["https:\/\/lecompagnonrouge.fr\/?p=5896"]}]},{"@type":"ImageObject","inLanguage":"fr-BE","@id":"https:\/\/lecompagnonrouge.fr\/?p=5896#primaryimage","url":"https:\/\/lecompagnonrouge.fr\/wp-content\/uploads\/2024\/03\/IMG_0661.jpg","contentUrl":"https:\/\/lecompagnonrouge.fr\/wp-content\/uploads\/2024\/03\/IMG_0661.jpg","width":850,"height":681,"caption":"binary comment"},{"@type":"BreadcrumbList","@id":"https:\/\/lecompagnonrouge.fr\/?p=5896#breadcrumb","itemListElement":[{"@type":"ListItem","position":1,"name":"Accueil","item":"https:\/\/lecompagnonrouge.fr\/"},{"@type":"ListItem","position":2,"name":"Amandinea punctata. Lichen petits boutons"}]},{"@type":"WebSite","@id":"https:\/\/lecompagnonrouge.fr\/#website","url":"https:\/\/lecompagnonrouge.fr\/","name":"Le Compagnon rouge","description":"M\u00e9morandum.","publisher":{"@id":"https:\/\/lecompagnonrouge.fr\/#\/schema\/person\/0025018a342b92eacca6f1e4c968a154"},"potentialAction":[{"@type":"SearchAction","target":{"@type":"EntryPoint","urlTemplate":"https:\/\/lecompagnonrouge.fr\/?s={search_term_string}"},"query-input":{"@type":"PropertyValueSpecification","valueRequired":true,"valueName":"search_term_string"}}],"inLanguage":"fr-BE"},{"@type":["Person","Organization"],"@id":"https:\/\/lecompagnonrouge.fr\/#\/schema\/person\/0025018a342b92eacca6f1e4c968a154","name":"R1","image":{"@type":"ImageObject","inLanguage":"fr-BE","@id":"https:\/\/lecompagnonrouge.fr\/wp-content\/uploads\/2022\/03\/identit.jpg","url":"https:\/\/lecompagnonrouge.fr\/wp-content\/uploads\/2022\/03\/identit.jpg","contentUrl":"https:\/\/lecompagnonrouge.fr\/wp-content\/uploads\/2022\/03\/identit.jpg","width":425,"height":545,"caption":"R1"},"logo":{"@id":"https:\/\/lecompagnonrouge.fr\/wp-content\/uploads\/2022\/03\/identit.jpg"},"sameAs":["http:\/\/lecompagnonrouge.fr"],"url":"https:\/\/lecompagnonrouge.fr\/?author=1"}]}},"_links":{"self":[{"href":"https:\/\/lecompagnonrouge.fr\/index.php?rest_route=\/wp\/v2\/posts\/5896","targetHints":{"allow":["GET"]}}],"collection":[{"href":"https:\/\/lecompagnonrouge.fr\/index.php?rest_route=\/wp\/v2\/posts"}],"about":[{"href":"https:\/\/lecompagnonrouge.fr\/index.php?rest_route=\/wp\/v2\/types\/post"}],"author":[{"embeddable":true,"href":"https:\/\/lecompagnonrouge.fr\/index.php?rest_route=\/wp\/v2\/users\/1"}],"replies":[{"embeddable":true,"href":"https:\/\/lecompagnonrouge.fr\/index.php?rest_route=%2Fwp%2Fv2%2Fcomments&post=5896"}],"version-history":[{"count":6,"href":"https:\/\/lecompagnonrouge.fr\/index.php?rest_route=\/wp\/v2\/posts\/5896\/revisions"}],"predecessor-version":[{"id":9152,"href":"https:\/\/lecompagnonrouge.fr\/index.php?rest_route=\/wp\/v2\/posts\/5896\/revisions\/9152"}],"wp:featuredmedia":[{"embeddable":true,"href":"https:\/\/lecompagnonrouge.fr\/index.php?rest_route=\/wp\/v2\/media\/5901"}],"wp:attachment":[{"href":"https:\/\/lecompagnonrouge.fr\/index.php?rest_route=%2Fwp%2Fv2%2Fmedia&parent=5896"}],"wp:term":[{"taxonomy":"category","embeddable":true,"href":"https:\/\/lecompagnonrouge.fr\/index.php?rest_route=%2Fwp%2Fv2%2Fcategories&post=5896"},{"taxonomy":"post_tag","embeddable":true,"href":"https:\/\/lecompagnonrouge.fr\/index.php?rest_route=%2Fwp%2Fv2%2Ftags&post=5896"}],"curies":[{"name":"wp","href":"https:\/\/api.w.org\/{rel}","templated":true}]}}