{"id":5831,"date":"2024-03-17T11:58:51","date_gmt":"2024-03-17T10:58:51","guid":{"rendered":"https:\/\/lecompagnonrouge.fr\/?p=5831"},"modified":"2025-04-20T15:16:18","modified_gmt":"2025-04-20T13:16:18","slug":"ficaria-verna-2-cytotypes-ficaire","status":"publish","type":"post","link":"https:\/\/lecompagnonrouge.fr\/?p=5831","title":{"rendered":"Ficaria verna (2 cytotypes). Ficaire"},"content":{"rendered":"\n<p class=\"has-medium-font-size\">Les 2 cytotypes de Ficaria verna, normalement d\u00e9sign\u00e9s comme subsp. verna d&rsquo;une part, et subsp. ficariiformis (= f. verna subsp. fertilis) d&rsquo;autre part sont pr\u00e9sents en Ile de France. Et donc par principe assez logiquement au parc des Beaumonts (93100). Le cytotype \u00e0 bulbilles semblant a priori dominer (F. verna subsp. verna).<\/p>\n\n\n\n<p class=\"has-medium-font-size\">Les d\u00e9nominations sont rapport\u00e9es de Flora gallica. Ficaria verna subsp. ficariiformis comprend ici \u00e9ventuellement Ficaria verna subsp. grandiflora (= F. verna subsp. calthifolia). De fait, les exemplaires hexagonaux identifi\u00e9s comme de la ficaire \u00e0 grande fleur et la ficaire fertile ne pr\u00e9senteraient plus de diff\u00e9rences lorsque mis en culture (voir Flore de la France m\u00e9diterran\u00e9enne continentale). Les d\u00e9nominations ne sont pas toujours identiques partout.<\/p>\n\n\n\n<p class=\"has-medium-font-size\">On comprend ma difficult\u00e9 \u00e0 utiliser la terminologie en sous-esp\u00e8ce d\u00e8s lors mon constat d&rsquo;une plante connaissant la fronti\u00e8re Franco-Belge. Les noms de sous esp\u00e8ces diff\u00e9rant d&rsquo;un bord et de l&rsquo;autre de cette fronti\u00e8re.<\/p>\n\n\n\n<p class=\"has-medium-font-size\">Le cytotype autot\u00e9traploide correspond \u00e0 Ficaria verna subsp. verna (= F. subsp. bulbifera) de la flore fran\u00e7aise Flora Gallica. Il se distingue par sa capacit\u00e9 \u00e0 la multiplication v\u00e9g\u00e9tative, en produisant \u00e0 l&rsquo;aisselle des feuilles des bulbilles normalement nombreuses.<\/p>\n\n\n\n<h4 class=\"wp-block-heading\"><strong>El\u00e9ments de description:<\/strong><\/h4>\n\n\n\n<p class=\"has-medium-font-size\">Ses feuilles sont donn\u00e9es comme plus lob\u00e9es, ses p\u00e9tales donn\u00e9s comme plus \u00e9troits.<\/p>\n\n\n<div class=\"wp-block-image\">\n<figure class=\"aligncenter size-full\"><img loading=\"lazy\" decoding=\"async\" width=\"850\" height=\"684\" src=\"https:\/\/lecompagnonrouge.fr\/wp-content\/uploads\/2024\/03\/IMG_0635.jpg\" alt=\"Ficaria verna autot\u00e9traplo\u00efde: bulbille\n\" class=\"wp-image-5832\" srcset=\"https:\/\/lecompagnonrouge.fr\/wp-content\/uploads\/2024\/03\/IMG_0635.jpg 850w, https:\/\/lecompagnonrouge.fr\/wp-content\/uploads\/2024\/03\/IMG_0635-300x241.jpg 300w, https:\/\/lecompagnonrouge.fr\/wp-content\/uploads\/2024\/03\/IMG_0635-768x618.jpg 768w\" sizes=\"auto, (max-width: 850px) 100vw, 850px\" \/><\/figure>\n<\/div>\n\n\n<figure class=\"wp-block-image size-full\"><img loading=\"lazy\" decoding=\"async\" width=\"850\" height=\"567\" src=\"https:\/\/lecompagnonrouge.fr\/wp-content\/uploads\/2024\/03\/IMG_0636.jpg\" alt=\"\" class=\"wp-image-5833\" srcset=\"https:\/\/lecompagnonrouge.fr\/wp-content\/uploads\/2024\/03\/IMG_0636.jpg 850w, https:\/\/lecompagnonrouge.fr\/wp-content\/uploads\/2024\/03\/IMG_0636-300x200.jpg 300w, https:\/\/lecompagnonrouge.fr\/wp-content\/uploads\/2024\/03\/IMG_0636-768x512.jpg 768w\" sizes=\"auto, (max-width: 850px) 100vw, 850px\" \/><\/figure>\n\n\n\n<p class=\"has-medium-font-size\">L&rsquo;autre Ficaire, fertile, ne pr\u00e9sente que rarement des bulbilles. Ses ak\u00e8nes ne sont g\u00e9n\u00e9ralement pas avort\u00e9s. Il s&rsquo;agit du cytotype diplo\u00efde. Les deux types poussent potentiellement de mani\u00e8re plus ou moins imbriqu\u00e9e. Il peut en ressortir quelque chose d&rsquo;un peu inextricable. D&rsquo;autant que dans le rapprochement entre les 2 types de ficaires, apparaissent des formes interm\u00e9diaires (ou des hybrides).<\/p>\n\n\n\n<p class=\"has-medium-font-size\">Il en ressort que Jauzein n&rsquo;admet pas pour l&rsquo;Ile de France, le rang de sous esp\u00e8ce. En conservant l&rsquo;id\u00e9e d&rsquo;\u00e9cotype.<\/p>\n\n\n\n<p><\/p>\n\n\n\n<ul class=\"wp-block-list\">\n<li>La bulbif\u00e8re est plut\u00f4t infertile (produit rarement des fruits) et produit plut\u00f4t de nombreuses bulbilles (p\u00e9tales plut\u00f4t \u00e9troits); cette derni\u00e8re est sciaphile.<\/li>\n\n\n\n<li>La fructif\u00e8re ne pr\u00e9sente pas de probl\u00e8me pour la fructification, produit plut\u00f4t peu de bulbilles (p\u00e9tales plus larges); cette derni\u00e8re est plus h\u00e9liophile.<\/li>\n<\/ul>\n\n\n\n<p class=\"has-medium-font-size\">En principe, en ce qui concerne les conflits sur les noms (si cela ne peut ou n&rsquo;est pas r\u00e9solu) &#8230; Ici, si l&rsquo;on prend le nom Ficaria verna subsp. verna pour la bulbif\u00e8re \u00e0 l&rsquo;ouest et le m\u00eame nom pour la fructif\u00e8re \u00e0 l&rsquo;est de la fronti\u00e8re franco-belge &#8230; En cas de conflit donc, le nom le plus ancien l&#8217;emporte. Petit casse-t\u00eate.<\/p>\n\n\n\n<p><\/p>\n\n\n\n<p class=\"has-small-font-size\"><a href=\"https:\/\/lecompagnonrouge.fr\/?s=Ranunculales\">Ranunculales<\/a>&gt;<a href=\"https:\/\/lecompagnonrouge.fr\/?s=Ranunculaceae\">Ranunculaceae<\/a>&gt;<a href=\"https:\/\/lecompagnonrouge.fr\/?s=ficaria\">Ficaria<\/a> verna<\/p>\n\n\n\n<h4 class=\"wp-block-heading has-medium-font-size\">Ecologie:<\/h4>\n\n\n\n<p class=\"has-medium-font-size\">Type bulbif\u00e8re: Plante d&rsquo;ourlets et de boisements.<\/p>\n\n\n\n<p class=\"has-medium-font-size\">Sous-bois herbac\u00e9s m\u00e9dio-europ\u00e9ens, basophiles, m\u00e9sohygrophiles \u00e0 m\u00e9sohygroclines. Ficarion vernae<\/p>\n\n\n\n<p class=\"has-medium-font-size\">Esp\u00e8ce dispers\u00e9e par les fourmis.<\/p>\n\n\n\n<h4 class=\"wp-block-heading has-medium-font-size\">Economie: <\/h4>\n\n\n\n<p class=\"has-medium-font-size\">Lieutaghi a rapport\u00e9 de ces bulbilles qu&rsquo;elles \u00e9taient parfois consomm\u00e9es comme aliments de disette. Cuite rapidement \u00e0 l&rsquo;eau, et proposition surtout corse, pr\u00e9cise Couplan. Toxicit\u00e9???????<\/p>\n\n\n\n<p><\/p>\n\n\n\n<p class=\"has-medium-font-size\">Photographies prises aux Parc des Beaumonts 93100 Montreuil. Les ficaires rencontr\u00e9s semblent majoritairement appartenir au type bulbif\u00e8re, ainsi qu&rsquo;\u00e0 apriori \u00e0 la forme interm\u00e9diaire (l&rsquo;hybride triploide). Ci-dessous, possiblement, l&rsquo;un des hybrides entre les 2 types (?): p\u00e9tales plus large, mais fleur de taille mod\u00e9r\u00e9e, ainsi que pr\u00e9sence d&rsquo;une bulbille; Exposition mi-ombre claire:<\/p>\n\n\n<div class=\"wp-block-image\">\n<figure class=\"aligncenter size-full\"><img loading=\"lazy\" decoding=\"async\" width=\"850\" height=\"567\" src=\"https:\/\/lecompagnonrouge.fr\/wp-content\/uploads\/2024\/04\/IMG_0746.jpg\" alt=\"\" class=\"wp-image-5913\" srcset=\"https:\/\/lecompagnonrouge.fr\/wp-content\/uploads\/2024\/04\/IMG_0746.jpg 850w, https:\/\/lecompagnonrouge.fr\/wp-content\/uploads\/2024\/04\/IMG_0746-300x200.jpg 300w, https:\/\/lecompagnonrouge.fr\/wp-content\/uploads\/2024\/04\/IMG_0746-768x512.jpg 768w\" sizes=\"auto, (max-width: 850px) 100vw, 850px\" \/><\/figure>\n<\/div>\n\n\n<p><\/p>\n","protected":false},"excerpt":{"rendered":"<p>Les 2 cytotypes de Ficaria verna, normalement d\u00e9sign\u00e9s comme subsp. verna d&rsquo;une part, et subsp. ficariiformis (= f. verna subsp. fertilis) d&rsquo;autre part sont pr\u00e9sents en Ile de France. Et donc par principe assez logiquement au parc des Beaumonts (93100). Le cytotype \u00e0 bulbilles semblant a priori dominer (F. verna subsp. verna). Les d\u00e9nominations sont&#8230;<\/p>\n","protected":false},"author":1,"featured_media":5834,"comment_status":"closed","ping_status":"open","sticky":false,"template":"","format":"standard","meta":{"footnotes":""},"categories":[934,529],"tags":[933],"class_list":["post-5831","post","type-post","status-publish","format-standard","has-post-thumbnail","hentry","category-ficaria-verna","category-ranunculaceae","tag-ficaire"],"yoast_head":"<!-- This site is optimized with the Yoast SEO plugin v27.4 - https:\/\/yoast.com\/product\/yoast-seo-wordpress\/ -->\n<title>Ficaria verna (2 cytotypes). Ficaire - Le Compagnon rouge<\/title>\n<meta name=\"description\" content=\"Ranunculales, Ranunculaceae, Ficaria verna\" \/>\n<meta name=\"robots\" content=\"index, follow, max-snippet:-1, max-image-preview:large, max-video-preview:-1\" \/>\n<link rel=\"canonical\" href=\"https:\/\/lecompagnonrouge.fr\/?p=5831\" \/>\n<meta property=\"og:locale\" content=\"fr_FR\" \/>\n<meta property=\"og:type\" content=\"article\" \/>\n<meta property=\"og:title\" content=\"Ficaria verna (2 cytotypes). Ficaire - Le Compagnon rouge\" \/>\n<meta property=\"og:description\" content=\"Ranunculales, Ranunculaceae, Ficaria verna\" \/>\n<meta property=\"og:url\" content=\"https:\/\/lecompagnonrouge.fr\/?p=5831\" \/>\n<meta property=\"og:site_name\" content=\"Le Compagnon rouge\" \/>\n<meta property=\"article:published_time\" content=\"2024-03-17T10:58:51+00:00\" \/>\n<meta property=\"article:modified_time\" content=\"2025-04-20T13:16:18+00:00\" \/>\n<meta property=\"og:image\" content=\"https:\/\/lecompagnonrouge.fr\/wp-content\/uploads\/2024\/03\/IMG_0637.jpg\" \/>\n\t<meta property=\"og:image:width\" content=\"850\" \/>\n\t<meta property=\"og:image:height\" content=\"567\" \/>\n\t<meta property=\"og:image:type\" content=\"image\/jpeg\" \/>\n<meta name=\"author\" content=\"R1\" \/>\n<meta name=\"twitter:card\" content=\"summary_large_image\" \/>\n<meta name=\"twitter:label1\" content=\"\u00c9crit par\" \/>\n\t<meta name=\"twitter:data1\" content=\"R1\" \/>\n\t<meta name=\"twitter:label2\" content=\"Dur\u00e9e de lecture est.\" \/>\n\t<meta name=\"twitter:data2\" content=\"4 minutes\" \/>\n<script type=\"application\/ld+json\" class=\"yoast-schema-graph\">{\"@context\":\"https:\\\/\\\/schema.org\",\"@graph\":[{\"@type\":\"Article\",\"@id\":\"https:\\\/\\\/lecompagnonrouge.fr\\\/?p=5831#article\",\"isPartOf\":{\"@id\":\"https:\\\/\\\/lecompagnonrouge.fr\\\/?p=5831\"},\"author\":{\"name\":\"R1\",\"@id\":\"https:\\\/\\\/lecompagnonrouge.fr\\\/#\\\/schema\\\/person\\\/0025018a342b92eacca6f1e4c968a154\"},\"headline\":\"Ficaria verna (2 cytotypes). Ficaire\",\"datePublished\":\"2024-03-17T10:58:51+00:00\",\"dateModified\":\"2025-04-20T13:16:18+00:00\",\"mainEntityOfPage\":{\"@id\":\"https:\\\/\\\/lecompagnonrouge.fr\\\/?p=5831\"},\"wordCount\":577,\"publisher\":{\"@id\":\"https:\\\/\\\/lecompagnonrouge.fr\\\/#\\\/schema\\\/person\\\/0025018a342b92eacca6f1e4c968a154\"},\"image\":{\"@id\":\"https:\\\/\\\/lecompagnonrouge.fr\\\/?p=5831#primaryimage\"},\"thumbnailUrl\":\"https:\\\/\\\/lecompagnonrouge.fr\\\/wp-content\\\/uploads\\\/2024\\\/03\\\/IMG_0637.jpg\",\"keywords\":[\"Ficaire\"],\"articleSection\":[\"Ficaria verna\",\"Ranunculaceae\"],\"inLanguage\":\"fr-BE\"},{\"@type\":\"WebPage\",\"@id\":\"https:\\\/\\\/lecompagnonrouge.fr\\\/?p=5831\",\"url\":\"https:\\\/\\\/lecompagnonrouge.fr\\\/?p=5831\",\"name\":\"Ficaria verna (2 cytotypes). Ficaire - Le Compagnon rouge\",\"isPartOf\":{\"@id\":\"https:\\\/\\\/lecompagnonrouge.fr\\\/#website\"},\"primaryImageOfPage\":{\"@id\":\"https:\\\/\\\/lecompagnonrouge.fr\\\/?p=5831#primaryimage\"},\"image\":{\"@id\":\"https:\\\/\\\/lecompagnonrouge.fr\\\/?p=5831#primaryimage\"},\"thumbnailUrl\":\"https:\\\/\\\/lecompagnonrouge.fr\\\/wp-content\\\/uploads\\\/2024\\\/03\\\/IMG_0637.jpg\",\"datePublished\":\"2024-03-17T10:58:51+00:00\",\"dateModified\":\"2025-04-20T13:16:18+00:00\",\"description\":\"Ranunculales, Ranunculaceae, Ficaria verna\",\"breadcrumb\":{\"@id\":\"https:\\\/\\\/lecompagnonrouge.fr\\\/?p=5831#breadcrumb\"},\"inLanguage\":\"fr-BE\",\"potentialAction\":[{\"@type\":\"ReadAction\",\"target\":[\"https:\\\/\\\/lecompagnonrouge.fr\\\/?p=5831\"]}]},{\"@type\":\"ImageObject\",\"inLanguage\":\"fr-BE\",\"@id\":\"https:\\\/\\\/lecompagnonrouge.fr\\\/?p=5831#primaryimage\",\"url\":\"https:\\\/\\\/lecompagnonrouge.fr\\\/wp-content\\\/uploads\\\/2024\\\/03\\\/IMG_0637.jpg\",\"contentUrl\":\"https:\\\/\\\/lecompagnonrouge.fr\\\/wp-content\\\/uploads\\\/2024\\\/03\\\/IMG_0637.jpg\",\"width\":850,\"height\":567,\"caption\":\"binary comment\"},{\"@type\":\"BreadcrumbList\",\"@id\":\"https:\\\/\\\/lecompagnonrouge.fr\\\/?p=5831#breadcrumb\",\"itemListElement\":[{\"@type\":\"ListItem\",\"position\":1,\"name\":\"Accueil\",\"item\":\"https:\\\/\\\/lecompagnonrouge.fr\\\/\"},{\"@type\":\"ListItem\",\"position\":2,\"name\":\"Ficaria verna (2 cytotypes). Ficaire\"}]},{\"@type\":\"WebSite\",\"@id\":\"https:\\\/\\\/lecompagnonrouge.fr\\\/#website\",\"url\":\"https:\\\/\\\/lecompagnonrouge.fr\\\/\",\"name\":\"Le Compagnon rouge\",\"description\":\"M\u00e9morandum.\",\"publisher\":{\"@id\":\"https:\\\/\\\/lecompagnonrouge.fr\\\/#\\\/schema\\\/person\\\/0025018a342b92eacca6f1e4c968a154\"},\"potentialAction\":[{\"@type\":\"SearchAction\",\"target\":{\"@type\":\"EntryPoint\",\"urlTemplate\":\"https:\\\/\\\/lecompagnonrouge.fr\\\/?s={search_term_string}\"},\"query-input\":{\"@type\":\"PropertyValueSpecification\",\"valueRequired\":true,\"valueName\":\"search_term_string\"}}],\"inLanguage\":\"fr-BE\"},{\"@type\":[\"Person\",\"Organization\"],\"@id\":\"https:\\\/\\\/lecompagnonrouge.fr\\\/#\\\/schema\\\/person\\\/0025018a342b92eacca6f1e4c968a154\",\"name\":\"R1\",\"image\":{\"@type\":\"ImageObject\",\"inLanguage\":\"fr-BE\",\"@id\":\"https:\\\/\\\/lecompagnonrouge.fr\\\/wp-content\\\/uploads\\\/2022\\\/03\\\/identit.jpg\",\"url\":\"https:\\\/\\\/lecompagnonrouge.fr\\\/wp-content\\\/uploads\\\/2022\\\/03\\\/identit.jpg\",\"contentUrl\":\"https:\\\/\\\/lecompagnonrouge.fr\\\/wp-content\\\/uploads\\\/2022\\\/03\\\/identit.jpg\",\"width\":425,\"height\":545,\"caption\":\"R1\"},\"logo\":{\"@id\":\"https:\\\/\\\/lecompagnonrouge.fr\\\/wp-content\\\/uploads\\\/2022\\\/03\\\/identit.jpg\"},\"sameAs\":[\"http:\\\/\\\/lecompagnonrouge.fr\"],\"url\":\"https:\\\/\\\/lecompagnonrouge.fr\\\/?author=1\"}]}<\/script>\n<!-- \/ Yoast SEO plugin. -->","yoast_head_json":{"title":"Ficaria verna (2 cytotypes). Ficaire - Le Compagnon rouge","description":"Ranunculales, Ranunculaceae, Ficaria verna","robots":{"index":"index","follow":"follow","max-snippet":"max-snippet:-1","max-image-preview":"max-image-preview:large","max-video-preview":"max-video-preview:-1"},"canonical":"https:\/\/lecompagnonrouge.fr\/?p=5831","og_locale":"fr_FR","og_type":"article","og_title":"Ficaria verna (2 cytotypes). Ficaire - Le Compagnon rouge","og_description":"Ranunculales, Ranunculaceae, Ficaria verna","og_url":"https:\/\/lecompagnonrouge.fr\/?p=5831","og_site_name":"Le Compagnon rouge","article_published_time":"2024-03-17T10:58:51+00:00","article_modified_time":"2025-04-20T13:16:18+00:00","og_image":[{"width":850,"height":567,"url":"https:\/\/lecompagnonrouge.fr\/wp-content\/uploads\/2024\/03\/IMG_0637.jpg","type":"image\/jpeg"}],"author":"R1","twitter_card":"summary_large_image","twitter_misc":{"\u00c9crit par":"R1","Dur\u00e9e de lecture est.":"4 minutes"},"schema":{"@context":"https:\/\/schema.org","@graph":[{"@type":"Article","@id":"https:\/\/lecompagnonrouge.fr\/?p=5831#article","isPartOf":{"@id":"https:\/\/lecompagnonrouge.fr\/?p=5831"},"author":{"name":"R1","@id":"https:\/\/lecompagnonrouge.fr\/#\/schema\/person\/0025018a342b92eacca6f1e4c968a154"},"headline":"Ficaria verna (2 cytotypes). Ficaire","datePublished":"2024-03-17T10:58:51+00:00","dateModified":"2025-04-20T13:16:18+00:00","mainEntityOfPage":{"@id":"https:\/\/lecompagnonrouge.fr\/?p=5831"},"wordCount":577,"publisher":{"@id":"https:\/\/lecompagnonrouge.fr\/#\/schema\/person\/0025018a342b92eacca6f1e4c968a154"},"image":{"@id":"https:\/\/lecompagnonrouge.fr\/?p=5831#primaryimage"},"thumbnailUrl":"https:\/\/lecompagnonrouge.fr\/wp-content\/uploads\/2024\/03\/IMG_0637.jpg","keywords":["Ficaire"],"articleSection":["Ficaria verna","Ranunculaceae"],"inLanguage":"fr-BE"},{"@type":"WebPage","@id":"https:\/\/lecompagnonrouge.fr\/?p=5831","url":"https:\/\/lecompagnonrouge.fr\/?p=5831","name":"Ficaria verna (2 cytotypes). Ficaire - Le Compagnon rouge","isPartOf":{"@id":"https:\/\/lecompagnonrouge.fr\/#website"},"primaryImageOfPage":{"@id":"https:\/\/lecompagnonrouge.fr\/?p=5831#primaryimage"},"image":{"@id":"https:\/\/lecompagnonrouge.fr\/?p=5831#primaryimage"},"thumbnailUrl":"https:\/\/lecompagnonrouge.fr\/wp-content\/uploads\/2024\/03\/IMG_0637.jpg","datePublished":"2024-03-17T10:58:51+00:00","dateModified":"2025-04-20T13:16:18+00:00","description":"Ranunculales, Ranunculaceae, Ficaria verna","breadcrumb":{"@id":"https:\/\/lecompagnonrouge.fr\/?p=5831#breadcrumb"},"inLanguage":"fr-BE","potentialAction":[{"@type":"ReadAction","target":["https:\/\/lecompagnonrouge.fr\/?p=5831"]}]},{"@type":"ImageObject","inLanguage":"fr-BE","@id":"https:\/\/lecompagnonrouge.fr\/?p=5831#primaryimage","url":"https:\/\/lecompagnonrouge.fr\/wp-content\/uploads\/2024\/03\/IMG_0637.jpg","contentUrl":"https:\/\/lecompagnonrouge.fr\/wp-content\/uploads\/2024\/03\/IMG_0637.jpg","width":850,"height":567,"caption":"binary comment"},{"@type":"BreadcrumbList","@id":"https:\/\/lecompagnonrouge.fr\/?p=5831#breadcrumb","itemListElement":[{"@type":"ListItem","position":1,"name":"Accueil","item":"https:\/\/lecompagnonrouge.fr\/"},{"@type":"ListItem","position":2,"name":"Ficaria verna (2 cytotypes). Ficaire"}]},{"@type":"WebSite","@id":"https:\/\/lecompagnonrouge.fr\/#website","url":"https:\/\/lecompagnonrouge.fr\/","name":"Le Compagnon rouge","description":"M\u00e9morandum.","publisher":{"@id":"https:\/\/lecompagnonrouge.fr\/#\/schema\/person\/0025018a342b92eacca6f1e4c968a154"},"potentialAction":[{"@type":"SearchAction","target":{"@type":"EntryPoint","urlTemplate":"https:\/\/lecompagnonrouge.fr\/?s={search_term_string}"},"query-input":{"@type":"PropertyValueSpecification","valueRequired":true,"valueName":"search_term_string"}}],"inLanguage":"fr-BE"},{"@type":["Person","Organization"],"@id":"https:\/\/lecompagnonrouge.fr\/#\/schema\/person\/0025018a342b92eacca6f1e4c968a154","name":"R1","image":{"@type":"ImageObject","inLanguage":"fr-BE","@id":"https:\/\/lecompagnonrouge.fr\/wp-content\/uploads\/2022\/03\/identit.jpg","url":"https:\/\/lecompagnonrouge.fr\/wp-content\/uploads\/2022\/03\/identit.jpg","contentUrl":"https:\/\/lecompagnonrouge.fr\/wp-content\/uploads\/2022\/03\/identit.jpg","width":425,"height":545,"caption":"R1"},"logo":{"@id":"https:\/\/lecompagnonrouge.fr\/wp-content\/uploads\/2022\/03\/identit.jpg"},"sameAs":["http:\/\/lecompagnonrouge.fr"],"url":"https:\/\/lecompagnonrouge.fr\/?author=1"}]}},"_links":{"self":[{"href":"https:\/\/lecompagnonrouge.fr\/index.php?rest_route=\/wp\/v2\/posts\/5831","targetHints":{"allow":["GET"]}}],"collection":[{"href":"https:\/\/lecompagnonrouge.fr\/index.php?rest_route=\/wp\/v2\/posts"}],"about":[{"href":"https:\/\/lecompagnonrouge.fr\/index.php?rest_route=\/wp\/v2\/types\/post"}],"author":[{"embeddable":true,"href":"https:\/\/lecompagnonrouge.fr\/index.php?rest_route=\/wp\/v2\/users\/1"}],"replies":[{"embeddable":true,"href":"https:\/\/lecompagnonrouge.fr\/index.php?rest_route=%2Fwp%2Fv2%2Fcomments&post=5831"}],"version-history":[{"count":19,"href":"https:\/\/lecompagnonrouge.fr\/index.php?rest_route=\/wp\/v2\/posts\/5831\/revisions"}],"predecessor-version":[{"id":9527,"href":"https:\/\/lecompagnonrouge.fr\/index.php?rest_route=\/wp\/v2\/posts\/5831\/revisions\/9527"}],"wp:featuredmedia":[{"embeddable":true,"href":"https:\/\/lecompagnonrouge.fr\/index.php?rest_route=\/wp\/v2\/media\/5834"}],"wp:attachment":[{"href":"https:\/\/lecompagnonrouge.fr\/index.php?rest_route=%2Fwp%2Fv2%2Fmedia&parent=5831"}],"wp:term":[{"taxonomy":"category","embeddable":true,"href":"https:\/\/lecompagnonrouge.fr\/index.php?rest_route=%2Fwp%2Fv2%2Fcategories&post=5831"},{"taxonomy":"post_tag","embeddable":true,"href":"https:\/\/lecompagnonrouge.fr\/index.php?rest_route=%2Fwp%2Fv2%2Ftags&post=5831"}],"curies":[{"name":"wp","href":"https:\/\/api.w.org\/{rel}","templated":true}]}}