{"id":563,"date":"2022-03-31T17:29:50","date_gmt":"2022-03-31T15:29:50","guid":{"rendered":"https:\/\/lecompagnonrouge.fr\/?p=563"},"modified":"2025-04-20T15:35:36","modified_gmt":"2025-04-20T13:35:36","slug":"viola-arvensis-subsp-arvensis-pensee-des-champs","status":"publish","type":"post","link":"https:\/\/lecompagnonrouge.fr\/?p=563","title":{"rendered":"Viola arvensis subsp. arvensis. Pens\u00e9e des champs"},"content":{"rendered":"\n<ul class=\"wp-block-list\">\n<li>Violette caract\u00e9ris\u00e9e rapidement par: les lignes au nombres de 0 \u00e0 2 sur les p\u00e9tales lat\u00e9raux (diam\u00e8tre de la corolle pris dans la plus grande largeur: inf\u00e9rieur \u00e0 15 mm).<\/li>\n\n\n\n<li>Diff\u00e9rentiel avec Viola Kinkelabia: les feuilles basales de V. Kinkelabia sont rondes; toutes feuilles de Viola arvensis sont lanc\u00e9ol\u00e9es.<\/li>\n<\/ul>\n\n\n\n<p><\/p>\n\n\n\n<figure class=\"wp-block-image size-full\"><img loading=\"lazy\" decoding=\"async\" width=\"888\" height=\"706\" src=\"https:\/\/lecompagnonrouge.fr\/wp-content\/uploads\/2022\/03\/image-15.png\" alt=\"\" class=\"wp-image-7856\" srcset=\"https:\/\/lecompagnonrouge.fr\/wp-content\/uploads\/2022\/03\/image-15.png 888w, https:\/\/lecompagnonrouge.fr\/wp-content\/uploads\/2022\/03\/image-15-300x239.png 300w, https:\/\/lecompagnonrouge.fr\/wp-content\/uploads\/2022\/03\/image-15-768x611.png 768w, https:\/\/lecompagnonrouge.fr\/wp-content\/uploads\/2022\/03\/image-15-850x676.png 850w\" sizes=\"auto, (max-width: 888px) 100vw, 888px\" \/><\/figure>\n\n\n\n<ul class=\"wp-block-list\">\n<li>Diff\u00e9rentiel avec <a href=\"https:\/\/lecompagnonrouge.fr\/?p=6761\">Viola tricolor<\/a> : V. tricolor a 1-2 (3) stries sur les p\u00e9tales lat\u00e9raux; <strong>les stipules des feuilles m\u00e9dianes sont un peu plus nombreusement (\u00e0 peine) dent\u00e9es chez la violette des champs<\/strong>; (la base jaune du p\u00e9tale central est quelquefois plus longue ou ce dernier est enti\u00e8rement jaune chez Viola tricolor). L&rsquo;\u00e9peron est blanc, mais jusqu&rsquo;\u00e0 violet. <strong>Le rapport de longueur s\u00e9pale\/p\u00e9tale fait que l&rsquo;on voit nettement les s\u00e9pales entre les p\u00e9tales chez la violette des champs, ce qui n&rsquo;est pas le cas chez la <a href=\"https:\/\/lecompagnonrouge.fr\/?p=6761\">pens\u00e9e sauvage<\/a> (sauf chez Viola arvensis var. contempta qui a des fleurs plus grandes). <\/strong>L&rsquo;ornement en forme de l\u00e8vre de l&rsquo;ouverture stigmatique est toujours saillant chez Viola tricolor, souvent un peu plus que chez les exemplaires de violettes des champs ayant un labelle stigmatique saillant. Viola arvensis: lorsqu&rsquo;il y a des t\u00e2ches violettes, elles apparaissent le plus souvent sur les p\u00e9tales du haut. Le plus souvent, la plante est blanc jaun\u00e2tre \u00e0 gorge jaune comme sur les photos. <strong>Pollens pentagonaux contre carr\u00e9s chez Viola tricolor.<\/strong><\/li>\n<\/ul>\n\n\n\n<p class=\"has-small-font-size\"><a href=\"https:\/\/lecompagnonrouge.fr\/?s=malpighiales\">Malpighiales<\/a>&gt;<a href=\"https:\/\/lecompagnonrouge.fr\/?s=Violaceae\">Violaceae<\/a>&gt;<a href=\"https:\/\/lecompagnonrouge.fr\/?s=Viola\">Viola<\/a>&nbsp;arvensis subsp. arvensis var. arvensis<\/p>\n\n\n\n<p class=\"has-medium-font-size\">Annuelle commensale des cultures. Stellarietea mediae<\/p>\n\n\n\n<p class=\"has-medium-font-size\">Esp\u00e8ce dispers\u00e9e par les fourmis.<\/p>\n\n\n\n<p class=\"has-small-font-size\"><\/p>\n\n\n\n<p>Lieu(x) o\u00f9 la plante est photographi\u00e9e: Sud de la Creuse.<\/p>\n","protected":false},"excerpt":{"rendered":"<p>Malpighiales&gt;Violaceae&gt;Viola&nbsp;arvensis subsp. arvensis var. arvensis Annuelle commensale des cultures. Stellarietea mediae Esp\u00e8ce dispers\u00e9e par les fourmis. Lieu(x) o\u00f9 la plante est photographi\u00e9e: Sud de la Creuse.<\/p>\n","protected":false},"author":1,"featured_media":565,"comment_status":"closed","ping_status":"open","sticky":false,"template":"","format":"standard","meta":{"footnotes":""},"categories":[146,151,147],"tags":[145,150],"class_list":["post-563","post","type-post","status-publish","format-standard","has-post-thumbnail","hentry","category-malpighiales","category-viola-arvensis-subsp-arvensis","category-violaceae","tag-violette","tag-violette-des-champs"],"yoast_head":"<!-- This site is optimized with the Yoast SEO plugin v27.4 - https:\/\/yoast.com\/product\/yoast-seo-wordpress\/ -->\n<title>Viola arvensis subsp. arvensis. Pens\u00e9e des champs - Le Compagnon rouge<\/title>\n<meta name=\"description\" content=\"Malpighiales, Violaceae, Viola arvensis subsp. arvensis\" \/>\n<meta name=\"robots\" content=\"index, follow, max-snippet:-1, max-image-preview:large, max-video-preview:-1\" \/>\n<link rel=\"canonical\" href=\"https:\/\/lecompagnonrouge.fr\/?p=563\" \/>\n<meta property=\"og:locale\" content=\"fr_FR\" \/>\n<meta property=\"og:type\" content=\"article\" \/>\n<meta property=\"og:title\" content=\"Viola arvensis subsp. arvensis. Pens\u00e9e des champs - Le Compagnon rouge\" \/>\n<meta property=\"og:description\" content=\"Malpighiales, Violaceae, Viola arvensis subsp. arvensis\" \/>\n<meta property=\"og:url\" content=\"https:\/\/lecompagnonrouge.fr\/?p=563\" \/>\n<meta property=\"og:site_name\" content=\"Le Compagnon rouge\" \/>\n<meta property=\"article:published_time\" content=\"2022-03-31T15:29:50+00:00\" \/>\n<meta property=\"article:modified_time\" content=\"2025-04-20T13:35:36+00:00\" \/>\n<meta property=\"og:image\" content=\"https:\/\/lecompagnonrouge.fr\/wp-content\/uploads\/2022\/03\/20201024_155750-Copie-scaled.jpg\" \/>\n\t<meta property=\"og:image:width\" content=\"1920\" \/>\n\t<meta property=\"og:image:height\" content=\"2560\" \/>\n\t<meta property=\"og:image:type\" content=\"image\/jpeg\" \/>\n<meta name=\"author\" content=\"R1\" \/>\n<meta name=\"twitter:card\" content=\"summary_large_image\" \/>\n<meta name=\"twitter:label1\" content=\"\u00c9crit par\" \/>\n\t<meta name=\"twitter:data1\" content=\"R1\" \/>\n\t<meta name=\"twitter:label2\" content=\"Dur\u00e9e de lecture est.\" \/>\n\t<meta name=\"twitter:data2\" content=\"2 minutes\" \/>\n<script type=\"application\/ld+json\" class=\"yoast-schema-graph\">{\"@context\":\"https:\\\/\\\/schema.org\",\"@graph\":[{\"@type\":\"Article\",\"@id\":\"https:\\\/\\\/lecompagnonrouge.fr\\\/?p=563#article\",\"isPartOf\":{\"@id\":\"https:\\\/\\\/lecompagnonrouge.fr\\\/?p=563\"},\"author\":{\"name\":\"R1\",\"@id\":\"https:\\\/\\\/lecompagnonrouge.fr\\\/#\\\/schema\\\/person\\\/0025018a342b92eacca6f1e4c968a154\"},\"headline\":\"Viola arvensis subsp. arvensis. Pens\u00e9e des champs\",\"datePublished\":\"2022-03-31T15:29:50+00:00\",\"dateModified\":\"2025-04-20T13:35:36+00:00\",\"mainEntityOfPage\":{\"@id\":\"https:\\\/\\\/lecompagnonrouge.fr\\\/?p=563\"},\"wordCount\":288,\"publisher\":{\"@id\":\"https:\\\/\\\/lecompagnonrouge.fr\\\/#\\\/schema\\\/person\\\/0025018a342b92eacca6f1e4c968a154\"},\"image\":{\"@id\":\"https:\\\/\\\/lecompagnonrouge.fr\\\/?p=563#primaryimage\"},\"thumbnailUrl\":\"https:\\\/\\\/lecompagnonrouge.fr\\\/wp-content\\\/uploads\\\/2022\\\/03\\\/20201024_155750-Copie-scaled.jpg\",\"keywords\":[\"Violette\",\"Violette des champs\"],\"articleSection\":[\"Malpighiales\",\"Viola arvensis subsp arvensis\",\"Violaceae\"],\"inLanguage\":\"fr-BE\"},{\"@type\":\"WebPage\",\"@id\":\"https:\\\/\\\/lecompagnonrouge.fr\\\/?p=563\",\"url\":\"https:\\\/\\\/lecompagnonrouge.fr\\\/?p=563\",\"name\":\"Viola arvensis subsp. arvensis. Pens\u00e9e des champs - Le Compagnon rouge\",\"isPartOf\":{\"@id\":\"https:\\\/\\\/lecompagnonrouge.fr\\\/#website\"},\"primaryImageOfPage\":{\"@id\":\"https:\\\/\\\/lecompagnonrouge.fr\\\/?p=563#primaryimage\"},\"image\":{\"@id\":\"https:\\\/\\\/lecompagnonrouge.fr\\\/?p=563#primaryimage\"},\"thumbnailUrl\":\"https:\\\/\\\/lecompagnonrouge.fr\\\/wp-content\\\/uploads\\\/2022\\\/03\\\/20201024_155750-Copie-scaled.jpg\",\"datePublished\":\"2022-03-31T15:29:50+00:00\",\"dateModified\":\"2025-04-20T13:35:36+00:00\",\"description\":\"Malpighiales, Violaceae, Viola arvensis subsp. arvensis\",\"breadcrumb\":{\"@id\":\"https:\\\/\\\/lecompagnonrouge.fr\\\/?p=563#breadcrumb\"},\"inLanguage\":\"fr-BE\",\"potentialAction\":[{\"@type\":\"ReadAction\",\"target\":[\"https:\\\/\\\/lecompagnonrouge.fr\\\/?p=563\"]}]},{\"@type\":\"ImageObject\",\"inLanguage\":\"fr-BE\",\"@id\":\"https:\\\/\\\/lecompagnonrouge.fr\\\/?p=563#primaryimage\",\"url\":\"https:\\\/\\\/lecompagnonrouge.fr\\\/wp-content\\\/uploads\\\/2022\\\/03\\\/20201024_155750-Copie-scaled.jpg\",\"contentUrl\":\"https:\\\/\\\/lecompagnonrouge.fr\\\/wp-content\\\/uploads\\\/2022\\\/03\\\/20201024_155750-Copie-scaled.jpg\",\"width\":1920,\"height\":2560},{\"@type\":\"BreadcrumbList\",\"@id\":\"https:\\\/\\\/lecompagnonrouge.fr\\\/?p=563#breadcrumb\",\"itemListElement\":[{\"@type\":\"ListItem\",\"position\":1,\"name\":\"Accueil\",\"item\":\"https:\\\/\\\/lecompagnonrouge.fr\\\/\"},{\"@type\":\"ListItem\",\"position\":2,\"name\":\"Viola arvensis subsp. arvensis. Pens\u00e9e des champs\"}]},{\"@type\":\"WebSite\",\"@id\":\"https:\\\/\\\/lecompagnonrouge.fr\\\/#website\",\"url\":\"https:\\\/\\\/lecompagnonrouge.fr\\\/\",\"name\":\"Le Compagnon rouge\",\"description\":\"M\u00e9morandum.\",\"publisher\":{\"@id\":\"https:\\\/\\\/lecompagnonrouge.fr\\\/#\\\/schema\\\/person\\\/0025018a342b92eacca6f1e4c968a154\"},\"potentialAction\":[{\"@type\":\"SearchAction\",\"target\":{\"@type\":\"EntryPoint\",\"urlTemplate\":\"https:\\\/\\\/lecompagnonrouge.fr\\\/?s={search_term_string}\"},\"query-input\":{\"@type\":\"PropertyValueSpecification\",\"valueRequired\":true,\"valueName\":\"search_term_string\"}}],\"inLanguage\":\"fr-BE\"},{\"@type\":[\"Person\",\"Organization\"],\"@id\":\"https:\\\/\\\/lecompagnonrouge.fr\\\/#\\\/schema\\\/person\\\/0025018a342b92eacca6f1e4c968a154\",\"name\":\"R1\",\"image\":{\"@type\":\"ImageObject\",\"inLanguage\":\"fr-BE\",\"@id\":\"https:\\\/\\\/lecompagnonrouge.fr\\\/wp-content\\\/uploads\\\/2022\\\/03\\\/identit.jpg\",\"url\":\"https:\\\/\\\/lecompagnonrouge.fr\\\/wp-content\\\/uploads\\\/2022\\\/03\\\/identit.jpg\",\"contentUrl\":\"https:\\\/\\\/lecompagnonrouge.fr\\\/wp-content\\\/uploads\\\/2022\\\/03\\\/identit.jpg\",\"width\":425,\"height\":545,\"caption\":\"R1\"},\"logo\":{\"@id\":\"https:\\\/\\\/lecompagnonrouge.fr\\\/wp-content\\\/uploads\\\/2022\\\/03\\\/identit.jpg\"},\"sameAs\":[\"http:\\\/\\\/lecompagnonrouge.fr\"],\"url\":\"https:\\\/\\\/lecompagnonrouge.fr\\\/?author=1\"}]}<\/script>\n<!-- \/ Yoast SEO plugin. -->","yoast_head_json":{"title":"Viola arvensis subsp. arvensis. Pens\u00e9e des champs - Le Compagnon rouge","description":"Malpighiales, Violaceae, Viola arvensis subsp. arvensis","robots":{"index":"index","follow":"follow","max-snippet":"max-snippet:-1","max-image-preview":"max-image-preview:large","max-video-preview":"max-video-preview:-1"},"canonical":"https:\/\/lecompagnonrouge.fr\/?p=563","og_locale":"fr_FR","og_type":"article","og_title":"Viola arvensis subsp. arvensis. Pens\u00e9e des champs - Le Compagnon rouge","og_description":"Malpighiales, Violaceae, Viola arvensis subsp. arvensis","og_url":"https:\/\/lecompagnonrouge.fr\/?p=563","og_site_name":"Le Compagnon rouge","article_published_time":"2022-03-31T15:29:50+00:00","article_modified_time":"2025-04-20T13:35:36+00:00","og_image":[{"width":1920,"height":2560,"url":"https:\/\/lecompagnonrouge.fr\/wp-content\/uploads\/2022\/03\/20201024_155750-Copie-scaled.jpg","type":"image\/jpeg"}],"author":"R1","twitter_card":"summary_large_image","twitter_misc":{"\u00c9crit par":"R1","Dur\u00e9e de lecture est.":"2 minutes"},"schema":{"@context":"https:\/\/schema.org","@graph":[{"@type":"Article","@id":"https:\/\/lecompagnonrouge.fr\/?p=563#article","isPartOf":{"@id":"https:\/\/lecompagnonrouge.fr\/?p=563"},"author":{"name":"R1","@id":"https:\/\/lecompagnonrouge.fr\/#\/schema\/person\/0025018a342b92eacca6f1e4c968a154"},"headline":"Viola arvensis subsp. arvensis. Pens\u00e9e des champs","datePublished":"2022-03-31T15:29:50+00:00","dateModified":"2025-04-20T13:35:36+00:00","mainEntityOfPage":{"@id":"https:\/\/lecompagnonrouge.fr\/?p=563"},"wordCount":288,"publisher":{"@id":"https:\/\/lecompagnonrouge.fr\/#\/schema\/person\/0025018a342b92eacca6f1e4c968a154"},"image":{"@id":"https:\/\/lecompagnonrouge.fr\/?p=563#primaryimage"},"thumbnailUrl":"https:\/\/lecompagnonrouge.fr\/wp-content\/uploads\/2022\/03\/20201024_155750-Copie-scaled.jpg","keywords":["Violette","Violette des champs"],"articleSection":["Malpighiales","Viola arvensis subsp arvensis","Violaceae"],"inLanguage":"fr-BE"},{"@type":"WebPage","@id":"https:\/\/lecompagnonrouge.fr\/?p=563","url":"https:\/\/lecompagnonrouge.fr\/?p=563","name":"Viola arvensis subsp. arvensis. Pens\u00e9e des champs - Le Compagnon rouge","isPartOf":{"@id":"https:\/\/lecompagnonrouge.fr\/#website"},"primaryImageOfPage":{"@id":"https:\/\/lecompagnonrouge.fr\/?p=563#primaryimage"},"image":{"@id":"https:\/\/lecompagnonrouge.fr\/?p=563#primaryimage"},"thumbnailUrl":"https:\/\/lecompagnonrouge.fr\/wp-content\/uploads\/2022\/03\/20201024_155750-Copie-scaled.jpg","datePublished":"2022-03-31T15:29:50+00:00","dateModified":"2025-04-20T13:35:36+00:00","description":"Malpighiales, Violaceae, Viola arvensis subsp. arvensis","breadcrumb":{"@id":"https:\/\/lecompagnonrouge.fr\/?p=563#breadcrumb"},"inLanguage":"fr-BE","potentialAction":[{"@type":"ReadAction","target":["https:\/\/lecompagnonrouge.fr\/?p=563"]}]},{"@type":"ImageObject","inLanguage":"fr-BE","@id":"https:\/\/lecompagnonrouge.fr\/?p=563#primaryimage","url":"https:\/\/lecompagnonrouge.fr\/wp-content\/uploads\/2022\/03\/20201024_155750-Copie-scaled.jpg","contentUrl":"https:\/\/lecompagnonrouge.fr\/wp-content\/uploads\/2022\/03\/20201024_155750-Copie-scaled.jpg","width":1920,"height":2560},{"@type":"BreadcrumbList","@id":"https:\/\/lecompagnonrouge.fr\/?p=563#breadcrumb","itemListElement":[{"@type":"ListItem","position":1,"name":"Accueil","item":"https:\/\/lecompagnonrouge.fr\/"},{"@type":"ListItem","position":2,"name":"Viola arvensis subsp. arvensis. Pens\u00e9e des champs"}]},{"@type":"WebSite","@id":"https:\/\/lecompagnonrouge.fr\/#website","url":"https:\/\/lecompagnonrouge.fr\/","name":"Le Compagnon rouge","description":"M\u00e9morandum.","publisher":{"@id":"https:\/\/lecompagnonrouge.fr\/#\/schema\/person\/0025018a342b92eacca6f1e4c968a154"},"potentialAction":[{"@type":"SearchAction","target":{"@type":"EntryPoint","urlTemplate":"https:\/\/lecompagnonrouge.fr\/?s={search_term_string}"},"query-input":{"@type":"PropertyValueSpecification","valueRequired":true,"valueName":"search_term_string"}}],"inLanguage":"fr-BE"},{"@type":["Person","Organization"],"@id":"https:\/\/lecompagnonrouge.fr\/#\/schema\/person\/0025018a342b92eacca6f1e4c968a154","name":"R1","image":{"@type":"ImageObject","inLanguage":"fr-BE","@id":"https:\/\/lecompagnonrouge.fr\/wp-content\/uploads\/2022\/03\/identit.jpg","url":"https:\/\/lecompagnonrouge.fr\/wp-content\/uploads\/2022\/03\/identit.jpg","contentUrl":"https:\/\/lecompagnonrouge.fr\/wp-content\/uploads\/2022\/03\/identit.jpg","width":425,"height":545,"caption":"R1"},"logo":{"@id":"https:\/\/lecompagnonrouge.fr\/wp-content\/uploads\/2022\/03\/identit.jpg"},"sameAs":["http:\/\/lecompagnonrouge.fr"],"url":"https:\/\/lecompagnonrouge.fr\/?author=1"}]}},"_links":{"self":[{"href":"https:\/\/lecompagnonrouge.fr\/index.php?rest_route=\/wp\/v2\/posts\/563","targetHints":{"allow":["GET"]}}],"collection":[{"href":"https:\/\/lecompagnonrouge.fr\/index.php?rest_route=\/wp\/v2\/posts"}],"about":[{"href":"https:\/\/lecompagnonrouge.fr\/index.php?rest_route=\/wp\/v2\/types\/post"}],"author":[{"embeddable":true,"href":"https:\/\/lecompagnonrouge.fr\/index.php?rest_route=\/wp\/v2\/users\/1"}],"replies":[{"embeddable":true,"href":"https:\/\/lecompagnonrouge.fr\/index.php?rest_route=%2Fwp%2Fv2%2Fcomments&post=563"}],"version-history":[{"count":15,"href":"https:\/\/lecompagnonrouge.fr\/index.php?rest_route=\/wp\/v2\/posts\/563\/revisions"}],"predecessor-version":[{"id":9537,"href":"https:\/\/lecompagnonrouge.fr\/index.php?rest_route=\/wp\/v2\/posts\/563\/revisions\/9537"}],"wp:featuredmedia":[{"embeddable":true,"href":"https:\/\/lecompagnonrouge.fr\/index.php?rest_route=\/wp\/v2\/media\/565"}],"wp:attachment":[{"href":"https:\/\/lecompagnonrouge.fr\/index.php?rest_route=%2Fwp%2Fv2%2Fmedia&parent=563"}],"wp:term":[{"taxonomy":"category","embeddable":true,"href":"https:\/\/lecompagnonrouge.fr\/index.php?rest_route=%2Fwp%2Fv2%2Fcategories&post=563"},{"taxonomy":"post_tag","embeddable":true,"href":"https:\/\/lecompagnonrouge.fr\/index.php?rest_route=%2Fwp%2Fv2%2Ftags&post=563"}],"curies":[{"name":"wp","href":"https:\/\/api.w.org\/{rel}","templated":true}]}}