{"id":5576,"date":"2024-02-11T16:17:21","date_gmt":"2024-02-11T15:17:21","guid":{"rendered":"https:\/\/lecompagnonrouge.fr\/?p=5576"},"modified":"2024-02-11T16:22:19","modified_gmt":"2024-02-11T15:22:19","slug":"olea-europea-subsp-europea-olivier","status":"publish","type":"post","link":"https:\/\/lecompagnonrouge.fr\/?p=5576","title":{"rendered":"Olea europea subsp. europea. Olivier."},"content":{"rendered":"\n<p class=\"has-medium-font-size\">Arbre est-m\u00e9diterran\u00e9en \u00e0 feuilles coriaces et \u00e9troites, essentiellement pr\u00e9sent en raison de la culture de ses drupes, et secondairement de son bois. <\/p>\n\n\n\n<p class=\"has-medium-font-size\">Il vit cependant sa vie dans les matorrals du sud-est de la France.<\/p>\n\n\n\n<p class=\"has-medium-font-size\">La photo prise au parc Carol de Roumanie, \u00e0 Nice, montre le collet d&rsquo;un olivier. Hall\u00e9, dans <em>Plaidoirie pour l&rsquo;arbre<\/em>, indique un effet de plateau chez les vieux sujets d&rsquo;o\u00f9 s&rsquo;enfoncent les racines.<\/p>\n\n\n\n<p class=\"has-small-font-size\"><a href=\"https:\/\/lecompagnonrouge.fr\/?s=lamiales\">Lamiales<\/a>&gt;<a href=\"https:\/\/lecompagnonrouge.fr\/?s=Oleaceae\">Oleaceae<\/a>&gt;<a href=\"https:\/\/lecompagnonrouge.fr\/?s=Olea\">Olea<\/a> europea subsp. europea<\/p>\n\n\n\n<p class=\"has-medium-font-size\">Fourr\u00e9s et matorrals m\u00e9dit\u00e9rran\u00e9ns.<\/p>\n","protected":false},"excerpt":{"rendered":"<p>Arbre est-m\u00e9diterran\u00e9en \u00e0 feuilles coriaces et \u00e9troites, essentiellement pr\u00e9sent en raison de la culture de ses drupes, et secondairement de son bois. Il vit cependant sa vie dans les matorrals du sud-est de la France. La photo prise au parc Carol de Roumanie, \u00e0 Nice, montre le collet d&rsquo;un olivier. Hall\u00e9, dans Plaidoirie pour l&rsquo;arbre,&#8230;<\/p>\n","protected":false},"author":1,"featured_media":5577,"comment_status":"closed","ping_status":"open","sticky":false,"template":"","format":"standard","meta":{"footnotes":""},"categories":[893,892],"tags":[891],"class_list":["post-5576","post","type-post","status-publish","format-standard","has-post-thumbnail","hentry","category-olea-europea-subsp-europea","category-oleaceae","tag-olivier"],"yoast_head":"<!-- This site is optimized with the Yoast SEO plugin v27.4 - https:\/\/yoast.com\/product\/yoast-seo-wordpress\/ -->\n<title>Olea europea subsp. europea. Olivier. - Le Compagnon rouge<\/title>\n<meta name=\"description\" content=\"Lamiales, Oleaceae, Olea europea subsp. europea\" \/>\n<meta name=\"robots\" content=\"index, follow, max-snippet:-1, max-image-preview:large, max-video-preview:-1\" \/>\n<link rel=\"canonical\" href=\"https:\/\/lecompagnonrouge.fr\/?p=5576\" \/>\n<meta property=\"og:locale\" content=\"fr_FR\" \/>\n<meta property=\"og:type\" content=\"article\" \/>\n<meta property=\"og:title\" content=\"Olea europea subsp. europea. Olivier. - Le Compagnon rouge\" \/>\n<meta property=\"og:description\" content=\"Lamiales, Oleaceae, Olea europea subsp. europea\" \/>\n<meta property=\"og:url\" content=\"https:\/\/lecompagnonrouge.fr\/?p=5576\" \/>\n<meta property=\"og:site_name\" content=\"Le Compagnon rouge\" \/>\n<meta property=\"article:published_time\" content=\"2024-02-11T15:17:21+00:00\" \/>\n<meta property=\"article:modified_time\" content=\"2024-02-11T15:22:19+00:00\" \/>\n<meta property=\"og:image\" content=\"https:\/\/lecompagnonrouge.fr\/wp-content\/uploads\/2024\/02\/olivier-collet-parc-carol-de-roumanie-Nice.jpg\" \/>\n\t<meta property=\"og:image:width\" content=\"850\" \/>\n\t<meta property=\"og:image:height\" content=\"567\" \/>\n\t<meta property=\"og:image:type\" content=\"image\/jpeg\" \/>\n<meta name=\"author\" content=\"R1\" \/>\n<meta name=\"twitter:card\" content=\"summary_large_image\" \/>\n<meta name=\"twitter:label1\" content=\"\u00c9crit par\" \/>\n\t<meta name=\"twitter:data1\" content=\"R1\" \/>\n\t<meta name=\"twitter:label2\" content=\"Dur\u00e9e de lecture est.\" \/>\n\t<meta name=\"twitter:data2\" content=\"1 minute\" \/>\n<script type=\"application\/ld+json\" class=\"yoast-schema-graph\">{\"@context\":\"https:\\\/\\\/schema.org\",\"@graph\":[{\"@type\":\"Article\",\"@id\":\"https:\\\/\\\/lecompagnonrouge.fr\\\/?p=5576#article\",\"isPartOf\":{\"@id\":\"https:\\\/\\\/lecompagnonrouge.fr\\\/?p=5576\"},\"author\":{\"name\":\"R1\",\"@id\":\"https:\\\/\\\/lecompagnonrouge.fr\\\/#\\\/schema\\\/person\\\/0025018a342b92eacca6f1e4c968a154\"},\"headline\":\"Olea europea subsp. europea. Olivier.\",\"datePublished\":\"2024-02-11T15:17:21+00:00\",\"dateModified\":\"2024-02-11T15:22:19+00:00\",\"mainEntityOfPage\":{\"@id\":\"https:\\\/\\\/lecompagnonrouge.fr\\\/?p=5576\"},\"wordCount\":94,\"publisher\":{\"@id\":\"https:\\\/\\\/lecompagnonrouge.fr\\\/#\\\/schema\\\/person\\\/0025018a342b92eacca6f1e4c968a154\"},\"image\":{\"@id\":\"https:\\\/\\\/lecompagnonrouge.fr\\\/?p=5576#primaryimage\"},\"thumbnailUrl\":\"https:\\\/\\\/lecompagnonrouge.fr\\\/wp-content\\\/uploads\\\/2024\\\/02\\\/olivier-collet-parc-carol-de-roumanie-Nice.jpg\",\"keywords\":[\"Olivier\"],\"articleSection\":[\"Olea europea subsp. europea\",\"Oleaceae\"],\"inLanguage\":\"fr-BE\"},{\"@type\":\"WebPage\",\"@id\":\"https:\\\/\\\/lecompagnonrouge.fr\\\/?p=5576\",\"url\":\"https:\\\/\\\/lecompagnonrouge.fr\\\/?p=5576\",\"name\":\"Olea europea subsp. europea. Olivier. - Le Compagnon rouge\",\"isPartOf\":{\"@id\":\"https:\\\/\\\/lecompagnonrouge.fr\\\/#website\"},\"primaryImageOfPage\":{\"@id\":\"https:\\\/\\\/lecompagnonrouge.fr\\\/?p=5576#primaryimage\"},\"image\":{\"@id\":\"https:\\\/\\\/lecompagnonrouge.fr\\\/?p=5576#primaryimage\"},\"thumbnailUrl\":\"https:\\\/\\\/lecompagnonrouge.fr\\\/wp-content\\\/uploads\\\/2024\\\/02\\\/olivier-collet-parc-carol-de-roumanie-Nice.jpg\",\"datePublished\":\"2024-02-11T15:17:21+00:00\",\"dateModified\":\"2024-02-11T15:22:19+00:00\",\"description\":\"Lamiales, Oleaceae, Olea europea subsp. europea\",\"breadcrumb\":{\"@id\":\"https:\\\/\\\/lecompagnonrouge.fr\\\/?p=5576#breadcrumb\"},\"inLanguage\":\"fr-BE\",\"potentialAction\":[{\"@type\":\"ReadAction\",\"target\":[\"https:\\\/\\\/lecompagnonrouge.fr\\\/?p=5576\"]}]},{\"@type\":\"ImageObject\",\"inLanguage\":\"fr-BE\",\"@id\":\"https:\\\/\\\/lecompagnonrouge.fr\\\/?p=5576#primaryimage\",\"url\":\"https:\\\/\\\/lecompagnonrouge.fr\\\/wp-content\\\/uploads\\\/2024\\\/02\\\/olivier-collet-parc-carol-de-roumanie-Nice.jpg\",\"contentUrl\":\"https:\\\/\\\/lecompagnonrouge.fr\\\/wp-content\\\/uploads\\\/2024\\\/02\\\/olivier-collet-parc-carol-de-roumanie-Nice.jpg\",\"width\":850,\"height\":567},{\"@type\":\"BreadcrumbList\",\"@id\":\"https:\\\/\\\/lecompagnonrouge.fr\\\/?p=5576#breadcrumb\",\"itemListElement\":[{\"@type\":\"ListItem\",\"position\":1,\"name\":\"Accueil\",\"item\":\"https:\\\/\\\/lecompagnonrouge.fr\\\/\"},{\"@type\":\"ListItem\",\"position\":2,\"name\":\"Olea europea subsp. europea. Olivier.\"}]},{\"@type\":\"WebSite\",\"@id\":\"https:\\\/\\\/lecompagnonrouge.fr\\\/#website\",\"url\":\"https:\\\/\\\/lecompagnonrouge.fr\\\/\",\"name\":\"Le Compagnon rouge\",\"description\":\"M\u00e9morandum.\",\"publisher\":{\"@id\":\"https:\\\/\\\/lecompagnonrouge.fr\\\/#\\\/schema\\\/person\\\/0025018a342b92eacca6f1e4c968a154\"},\"potentialAction\":[{\"@type\":\"SearchAction\",\"target\":{\"@type\":\"EntryPoint\",\"urlTemplate\":\"https:\\\/\\\/lecompagnonrouge.fr\\\/?s={search_term_string}\"},\"query-input\":{\"@type\":\"PropertyValueSpecification\",\"valueRequired\":true,\"valueName\":\"search_term_string\"}}],\"inLanguage\":\"fr-BE\"},{\"@type\":[\"Person\",\"Organization\"],\"@id\":\"https:\\\/\\\/lecompagnonrouge.fr\\\/#\\\/schema\\\/person\\\/0025018a342b92eacca6f1e4c968a154\",\"name\":\"R1\",\"image\":{\"@type\":\"ImageObject\",\"inLanguage\":\"fr-BE\",\"@id\":\"https:\\\/\\\/lecompagnonrouge.fr\\\/wp-content\\\/uploads\\\/2022\\\/03\\\/identit.jpg\",\"url\":\"https:\\\/\\\/lecompagnonrouge.fr\\\/wp-content\\\/uploads\\\/2022\\\/03\\\/identit.jpg\",\"contentUrl\":\"https:\\\/\\\/lecompagnonrouge.fr\\\/wp-content\\\/uploads\\\/2022\\\/03\\\/identit.jpg\",\"width\":425,\"height\":545,\"caption\":\"R1\"},\"logo\":{\"@id\":\"https:\\\/\\\/lecompagnonrouge.fr\\\/wp-content\\\/uploads\\\/2022\\\/03\\\/identit.jpg\"},\"sameAs\":[\"http:\\\/\\\/lecompagnonrouge.fr\"],\"url\":\"https:\\\/\\\/lecompagnonrouge.fr\\\/?author=1\"}]}<\/script>\n<!-- \/ Yoast SEO plugin. -->","yoast_head_json":{"title":"Olea europea subsp. europea. Olivier. - Le Compagnon rouge","description":"Lamiales, Oleaceae, Olea europea subsp. europea","robots":{"index":"index","follow":"follow","max-snippet":"max-snippet:-1","max-image-preview":"max-image-preview:large","max-video-preview":"max-video-preview:-1"},"canonical":"https:\/\/lecompagnonrouge.fr\/?p=5576","og_locale":"fr_FR","og_type":"article","og_title":"Olea europea subsp. europea. Olivier. - Le Compagnon rouge","og_description":"Lamiales, Oleaceae, Olea europea subsp. europea","og_url":"https:\/\/lecompagnonrouge.fr\/?p=5576","og_site_name":"Le Compagnon rouge","article_published_time":"2024-02-11T15:17:21+00:00","article_modified_time":"2024-02-11T15:22:19+00:00","og_image":[{"width":850,"height":567,"url":"https:\/\/lecompagnonrouge.fr\/wp-content\/uploads\/2024\/02\/olivier-collet-parc-carol-de-roumanie-Nice.jpg","type":"image\/jpeg"}],"author":"R1","twitter_card":"summary_large_image","twitter_misc":{"\u00c9crit par":"R1","Dur\u00e9e de lecture est.":"1 minute"},"schema":{"@context":"https:\/\/schema.org","@graph":[{"@type":"Article","@id":"https:\/\/lecompagnonrouge.fr\/?p=5576#article","isPartOf":{"@id":"https:\/\/lecompagnonrouge.fr\/?p=5576"},"author":{"name":"R1","@id":"https:\/\/lecompagnonrouge.fr\/#\/schema\/person\/0025018a342b92eacca6f1e4c968a154"},"headline":"Olea europea subsp. europea. Olivier.","datePublished":"2024-02-11T15:17:21+00:00","dateModified":"2024-02-11T15:22:19+00:00","mainEntityOfPage":{"@id":"https:\/\/lecompagnonrouge.fr\/?p=5576"},"wordCount":94,"publisher":{"@id":"https:\/\/lecompagnonrouge.fr\/#\/schema\/person\/0025018a342b92eacca6f1e4c968a154"},"image":{"@id":"https:\/\/lecompagnonrouge.fr\/?p=5576#primaryimage"},"thumbnailUrl":"https:\/\/lecompagnonrouge.fr\/wp-content\/uploads\/2024\/02\/olivier-collet-parc-carol-de-roumanie-Nice.jpg","keywords":["Olivier"],"articleSection":["Olea europea subsp. europea","Oleaceae"],"inLanguage":"fr-BE"},{"@type":"WebPage","@id":"https:\/\/lecompagnonrouge.fr\/?p=5576","url":"https:\/\/lecompagnonrouge.fr\/?p=5576","name":"Olea europea subsp. europea. Olivier. - Le Compagnon rouge","isPartOf":{"@id":"https:\/\/lecompagnonrouge.fr\/#website"},"primaryImageOfPage":{"@id":"https:\/\/lecompagnonrouge.fr\/?p=5576#primaryimage"},"image":{"@id":"https:\/\/lecompagnonrouge.fr\/?p=5576#primaryimage"},"thumbnailUrl":"https:\/\/lecompagnonrouge.fr\/wp-content\/uploads\/2024\/02\/olivier-collet-parc-carol-de-roumanie-Nice.jpg","datePublished":"2024-02-11T15:17:21+00:00","dateModified":"2024-02-11T15:22:19+00:00","description":"Lamiales, Oleaceae, Olea europea subsp. europea","breadcrumb":{"@id":"https:\/\/lecompagnonrouge.fr\/?p=5576#breadcrumb"},"inLanguage":"fr-BE","potentialAction":[{"@type":"ReadAction","target":["https:\/\/lecompagnonrouge.fr\/?p=5576"]}]},{"@type":"ImageObject","inLanguage":"fr-BE","@id":"https:\/\/lecompagnonrouge.fr\/?p=5576#primaryimage","url":"https:\/\/lecompagnonrouge.fr\/wp-content\/uploads\/2024\/02\/olivier-collet-parc-carol-de-roumanie-Nice.jpg","contentUrl":"https:\/\/lecompagnonrouge.fr\/wp-content\/uploads\/2024\/02\/olivier-collet-parc-carol-de-roumanie-Nice.jpg","width":850,"height":567},{"@type":"BreadcrumbList","@id":"https:\/\/lecompagnonrouge.fr\/?p=5576#breadcrumb","itemListElement":[{"@type":"ListItem","position":1,"name":"Accueil","item":"https:\/\/lecompagnonrouge.fr\/"},{"@type":"ListItem","position":2,"name":"Olea europea subsp. europea. Olivier."}]},{"@type":"WebSite","@id":"https:\/\/lecompagnonrouge.fr\/#website","url":"https:\/\/lecompagnonrouge.fr\/","name":"Le Compagnon rouge","description":"M\u00e9morandum.","publisher":{"@id":"https:\/\/lecompagnonrouge.fr\/#\/schema\/person\/0025018a342b92eacca6f1e4c968a154"},"potentialAction":[{"@type":"SearchAction","target":{"@type":"EntryPoint","urlTemplate":"https:\/\/lecompagnonrouge.fr\/?s={search_term_string}"},"query-input":{"@type":"PropertyValueSpecification","valueRequired":true,"valueName":"search_term_string"}}],"inLanguage":"fr-BE"},{"@type":["Person","Organization"],"@id":"https:\/\/lecompagnonrouge.fr\/#\/schema\/person\/0025018a342b92eacca6f1e4c968a154","name":"R1","image":{"@type":"ImageObject","inLanguage":"fr-BE","@id":"https:\/\/lecompagnonrouge.fr\/wp-content\/uploads\/2022\/03\/identit.jpg","url":"https:\/\/lecompagnonrouge.fr\/wp-content\/uploads\/2022\/03\/identit.jpg","contentUrl":"https:\/\/lecompagnonrouge.fr\/wp-content\/uploads\/2022\/03\/identit.jpg","width":425,"height":545,"caption":"R1"},"logo":{"@id":"https:\/\/lecompagnonrouge.fr\/wp-content\/uploads\/2022\/03\/identit.jpg"},"sameAs":["http:\/\/lecompagnonrouge.fr"],"url":"https:\/\/lecompagnonrouge.fr\/?author=1"}]}},"_links":{"self":[{"href":"https:\/\/lecompagnonrouge.fr\/index.php?rest_route=\/wp\/v2\/posts\/5576","targetHints":{"allow":["GET"]}}],"collection":[{"href":"https:\/\/lecompagnonrouge.fr\/index.php?rest_route=\/wp\/v2\/posts"}],"about":[{"href":"https:\/\/lecompagnonrouge.fr\/index.php?rest_route=\/wp\/v2\/types\/post"}],"author":[{"embeddable":true,"href":"https:\/\/lecompagnonrouge.fr\/index.php?rest_route=\/wp\/v2\/users\/1"}],"replies":[{"embeddable":true,"href":"https:\/\/lecompagnonrouge.fr\/index.php?rest_route=%2Fwp%2Fv2%2Fcomments&post=5576"}],"version-history":[{"count":3,"href":"https:\/\/lecompagnonrouge.fr\/index.php?rest_route=\/wp\/v2\/posts\/5576\/revisions"}],"predecessor-version":[{"id":5582,"href":"https:\/\/lecompagnonrouge.fr\/index.php?rest_route=\/wp\/v2\/posts\/5576\/revisions\/5582"}],"wp:featuredmedia":[{"embeddable":true,"href":"https:\/\/lecompagnonrouge.fr\/index.php?rest_route=\/wp\/v2\/media\/5577"}],"wp:attachment":[{"href":"https:\/\/lecompagnonrouge.fr\/index.php?rest_route=%2Fwp%2Fv2%2Fmedia&parent=5576"}],"wp:term":[{"taxonomy":"category","embeddable":true,"href":"https:\/\/lecompagnonrouge.fr\/index.php?rest_route=%2Fwp%2Fv2%2Fcategories&post=5576"},{"taxonomy":"post_tag","embeddable":true,"href":"https:\/\/lecompagnonrouge.fr\/index.php?rest_route=%2Fwp%2Fv2%2Ftags&post=5576"}],"curies":[{"name":"wp","href":"https:\/\/api.w.org\/{rel}","templated":true}]}}