{"id":5052,"date":"2023-12-10T11:43:41","date_gmt":"2023-12-10T10:43:41","guid":{"rendered":"https:\/\/lecompagnonrouge.fr\/?p=5052"},"modified":"2024-12-15T18:02:32","modified_gmt":"2024-12-15T17:02:32","slug":"reseda-lutea-reseda-jaune","status":"publish","type":"post","link":"https:\/\/lecompagnonrouge.fr\/?p=5052","title":{"rendered":"Reseda lutea subsp. lutea. R\u00e9s\u00e9da jaune."},"content":{"rendered":"\n<p class=\"has-medium-font-size\">Se reconna\u00eet beaucoup \u00e0 ses feuilles, lesquelles pr\u00e9sentent 1 \u00e0 5 paires de segments &#8230; Et \u00e0 ses fleurs jaunes. <\/p>\n\n\n\n<p class=\"has-medium-font-size\">(fleurs: (5-)6(-7) p\u00e9tales et s\u00e9pales)<\/p>\n\n\n\n<p class=\"has-medium-font-size\">Une sous esp\u00e8ce vivantii existerait en Catalogne.<\/p>\n\n\n\n<p class=\"has-small-font-size\"><a href=\"https:\/\/lecompagnonrouge.fr\/?s=brassicales\">Brassicales<\/a>&gt;<a href=\"https:\/\/lecompagnonrouge.fr\/?s=resedaceae\">Resedaceae<\/a>&gt;<a href=\"https:\/\/lecompagnonrouge.fr\/?s=reseda\">Reseda<\/a> lutea subsp. lutea<\/p>\n\n\n\n<p class=\"has-medium-font-size\">Auto-\u00e9cologie: Friches vivaces eutrophiles, pelouses ouvertes s\u00e8ches sur sable<\/p>\n\n\n\n<p class=\"has-medium-font-size\">Friches vivaces m\u00e9sox\u00e9rophiles europ\u00e9ennes. Artemisietalia vulgaris Lohmeyer in T\u00fcxen 1947<\/p>\n\n\n\n<p>Lieu o\u00f9 la plante a \u00e9t\u00e9 photographi\u00e9: Montreuil, 93100<\/p>\n\n\n\t\t<div\n            id=\"wpmapblock_d4fb0869\"\n            data-settings='{&quot;map_marker&quot;:[{&quot;lat&quot;:&quot;48.859894018827&quot;,&quot;lng&quot;:&quot;2.4273240566254&quot;,&quot;title&quot;:&quot;Reseda lutea&quot;,&quot;content&quot;:&quot;Altitude: 72 m&quot;,&quot;iconType&quot;:&quot;default&quot;,&quot;customIconUrl&quot;:&quot;&quot;,&quot;customIconWidth&quot;:&quot;25&quot;,&quot;customIconHeight&quot;:&quot;40&quot;}],&quot;map_zoom&quot;:&quot;18&quot;,&quot;scroll_wheel_zoom&quot;:false,&quot;map_type&quot;:&quot;OSM&quot;,&quot;center_index&quot;:0}'\n            class=\"wpmapblockrender\"\n            style=\"\n\t\t\twidth: 100%;\n\t\t\theight: 500px;\n\t\t\"\n            >\n        <\/div>\n        ","protected":false},"excerpt":{"rendered":"<p>Se reconna\u00eet beaucoup \u00e0 ses feuilles, lesquelles pr\u00e9sentent 1 \u00e0 5 paires de segments &#8230; Et \u00e0 ses fleurs jaunes. (fleurs: (5-)6(-7) p\u00e9tales et s\u00e9pales) Une sous esp\u00e8ce vivantii existerait en Catalogne. Brassicales&gt;Resedaceae&gt;Reseda lutea subsp. lutea Auto-\u00e9cologie: Friches vivaces eutrophiles, pelouses ouvertes s\u00e8ches sur sable Friches vivaces m\u00e9sox\u00e9rophiles europ\u00e9ennes. Artemisietalia vulgaris Lohmeyer in T\u00fcxen 1947&#8230;<\/p>\n","protected":false},"author":1,"featured_media":5053,"comment_status":"closed","ping_status":"open","sticky":false,"template":"","format":"standard","meta":{"footnotes":""},"categories":[824,823],"tags":[822],"class_list":["post-5052","post","type-post","status-publish","format-standard","has-post-thumbnail","hentry","category-reseda-lutea","category-resedaceae","tag-reseda-jaune"],"yoast_head":"<!-- This site is optimized with the Yoast SEO plugin v27.4 - https:\/\/yoast.com\/product\/yoast-seo-wordpress\/ -->\n<title>Reseda lutea subsp. lutea. R\u00e9s\u00e9da jaune. - Le Compagnon rouge<\/title>\n<meta name=\"description\" content=\"Brassicales, Resedaceae, Reseda lutea\" \/>\n<meta name=\"robots\" content=\"index, follow, max-snippet:-1, max-image-preview:large, max-video-preview:-1\" \/>\n<link rel=\"canonical\" href=\"https:\/\/lecompagnonrouge.fr\/?p=5052\" \/>\n<meta property=\"og:locale\" content=\"fr_FR\" \/>\n<meta property=\"og:type\" content=\"article\" \/>\n<meta property=\"og:title\" content=\"Reseda lutea subsp. lutea. R\u00e9s\u00e9da jaune. - Le Compagnon rouge\" \/>\n<meta property=\"og:description\" content=\"Brassicales, Resedaceae, Reseda lutea\" \/>\n<meta property=\"og:url\" content=\"https:\/\/lecompagnonrouge.fr\/?p=5052\" \/>\n<meta property=\"og:site_name\" content=\"Le Compagnon rouge\" \/>\n<meta property=\"article:published_time\" content=\"2023-12-10T10:43:41+00:00\" \/>\n<meta property=\"article:modified_time\" content=\"2024-12-15T17:02:32+00:00\" \/>\n<meta property=\"og:image\" content=\"https:\/\/lecompagnonrouge.fr\/wp-content\/uploads\/2023\/12\/reseda-lutea1.jpg\" \/>\n\t<meta property=\"og:image:width\" content=\"850\" \/>\n\t<meta property=\"og:image:height\" content=\"1133\" \/>\n\t<meta property=\"og:image:type\" content=\"image\/jpeg\" \/>\n<meta name=\"author\" content=\"R1\" \/>\n<meta name=\"twitter:card\" content=\"summary_large_image\" \/>\n<meta name=\"twitter:label1\" content=\"\u00c9crit par\" \/>\n\t<meta name=\"twitter:data1\" content=\"R1\" \/>\n\t<meta name=\"twitter:label2\" content=\"Dur\u00e9e de lecture est.\" \/>\n\t<meta name=\"twitter:data2\" content=\"1 minute\" \/>\n<script type=\"application\/ld+json\" class=\"yoast-schema-graph\">{\"@context\":\"https:\\\/\\\/schema.org\",\"@graph\":[{\"@type\":\"Article\",\"@id\":\"https:\\\/\\\/lecompagnonrouge.fr\\\/?p=5052#article\",\"isPartOf\":{\"@id\":\"https:\\\/\\\/lecompagnonrouge.fr\\\/?p=5052\"},\"author\":{\"name\":\"R1\",\"@id\":\"https:\\\/\\\/lecompagnonrouge.fr\\\/#\\\/schema\\\/person\\\/0025018a342b92eacca6f1e4c968a154\"},\"headline\":\"Reseda lutea subsp. lutea. R\u00e9s\u00e9da jaune.\",\"datePublished\":\"2023-12-10T10:43:41+00:00\",\"dateModified\":\"2024-12-15T17:02:32+00:00\",\"mainEntityOfPage\":{\"@id\":\"https:\\\/\\\/lecompagnonrouge.fr\\\/?p=5052\"},\"wordCount\":80,\"publisher\":{\"@id\":\"https:\\\/\\\/lecompagnonrouge.fr\\\/#\\\/schema\\\/person\\\/0025018a342b92eacca6f1e4c968a154\"},\"image\":{\"@id\":\"https:\\\/\\\/lecompagnonrouge.fr\\\/?p=5052#primaryimage\"},\"thumbnailUrl\":\"https:\\\/\\\/lecompagnonrouge.fr\\\/wp-content\\\/uploads\\\/2023\\\/12\\\/reseda-lutea1.jpg\",\"keywords\":[\"R\u00e9s\u00e9da jaune\"],\"articleSection\":[\"Reseda lutea\",\"Resedaceae\"],\"inLanguage\":\"fr-BE\"},{\"@type\":\"WebPage\",\"@id\":\"https:\\\/\\\/lecompagnonrouge.fr\\\/?p=5052\",\"url\":\"https:\\\/\\\/lecompagnonrouge.fr\\\/?p=5052\",\"name\":\"Reseda lutea subsp. lutea. R\u00e9s\u00e9da jaune. - Le Compagnon rouge\",\"isPartOf\":{\"@id\":\"https:\\\/\\\/lecompagnonrouge.fr\\\/#website\"},\"primaryImageOfPage\":{\"@id\":\"https:\\\/\\\/lecompagnonrouge.fr\\\/?p=5052#primaryimage\"},\"image\":{\"@id\":\"https:\\\/\\\/lecompagnonrouge.fr\\\/?p=5052#primaryimage\"},\"thumbnailUrl\":\"https:\\\/\\\/lecompagnonrouge.fr\\\/wp-content\\\/uploads\\\/2023\\\/12\\\/reseda-lutea1.jpg\",\"datePublished\":\"2023-12-10T10:43:41+00:00\",\"dateModified\":\"2024-12-15T17:02:32+00:00\",\"description\":\"Brassicales, Resedaceae, Reseda lutea\",\"breadcrumb\":{\"@id\":\"https:\\\/\\\/lecompagnonrouge.fr\\\/?p=5052#breadcrumb\"},\"inLanguage\":\"fr-BE\",\"potentialAction\":[{\"@type\":\"ReadAction\",\"target\":[\"https:\\\/\\\/lecompagnonrouge.fr\\\/?p=5052\"]}]},{\"@type\":\"ImageObject\",\"inLanguage\":\"fr-BE\",\"@id\":\"https:\\\/\\\/lecompagnonrouge.fr\\\/?p=5052#primaryimage\",\"url\":\"https:\\\/\\\/lecompagnonrouge.fr\\\/wp-content\\\/uploads\\\/2023\\\/12\\\/reseda-lutea1.jpg\",\"contentUrl\":\"https:\\\/\\\/lecompagnonrouge.fr\\\/wp-content\\\/uploads\\\/2023\\\/12\\\/reseda-lutea1.jpg\",\"width\":850,\"height\":1133,\"caption\":\"00100000\"},{\"@type\":\"BreadcrumbList\",\"@id\":\"https:\\\/\\\/lecompagnonrouge.fr\\\/?p=5052#breadcrumb\",\"itemListElement\":[{\"@type\":\"ListItem\",\"position\":1,\"name\":\"Accueil\",\"item\":\"https:\\\/\\\/lecompagnonrouge.fr\\\/\"},{\"@type\":\"ListItem\",\"position\":2,\"name\":\"Reseda lutea subsp. lutea. R\u00e9s\u00e9da jaune.\"}]},{\"@type\":\"WebSite\",\"@id\":\"https:\\\/\\\/lecompagnonrouge.fr\\\/#website\",\"url\":\"https:\\\/\\\/lecompagnonrouge.fr\\\/\",\"name\":\"Le Compagnon rouge\",\"description\":\"M\u00e9morandum.\",\"publisher\":{\"@id\":\"https:\\\/\\\/lecompagnonrouge.fr\\\/#\\\/schema\\\/person\\\/0025018a342b92eacca6f1e4c968a154\"},\"potentialAction\":[{\"@type\":\"SearchAction\",\"target\":{\"@type\":\"EntryPoint\",\"urlTemplate\":\"https:\\\/\\\/lecompagnonrouge.fr\\\/?s={search_term_string}\"},\"query-input\":{\"@type\":\"PropertyValueSpecification\",\"valueRequired\":true,\"valueName\":\"search_term_string\"}}],\"inLanguage\":\"fr-BE\"},{\"@type\":[\"Person\",\"Organization\"],\"@id\":\"https:\\\/\\\/lecompagnonrouge.fr\\\/#\\\/schema\\\/person\\\/0025018a342b92eacca6f1e4c968a154\",\"name\":\"R1\",\"image\":{\"@type\":\"ImageObject\",\"inLanguage\":\"fr-BE\",\"@id\":\"https:\\\/\\\/lecompagnonrouge.fr\\\/wp-content\\\/uploads\\\/2022\\\/03\\\/identit.jpg\",\"url\":\"https:\\\/\\\/lecompagnonrouge.fr\\\/wp-content\\\/uploads\\\/2022\\\/03\\\/identit.jpg\",\"contentUrl\":\"https:\\\/\\\/lecompagnonrouge.fr\\\/wp-content\\\/uploads\\\/2022\\\/03\\\/identit.jpg\",\"width\":425,\"height\":545,\"caption\":\"R1\"},\"logo\":{\"@id\":\"https:\\\/\\\/lecompagnonrouge.fr\\\/wp-content\\\/uploads\\\/2022\\\/03\\\/identit.jpg\"},\"sameAs\":[\"http:\\\/\\\/lecompagnonrouge.fr\"],\"url\":\"https:\\\/\\\/lecompagnonrouge.fr\\\/?author=1\"}]}<\/script>\n<!-- \/ Yoast SEO plugin. -->","yoast_head_json":{"title":"Reseda lutea subsp. lutea. R\u00e9s\u00e9da jaune. - Le Compagnon rouge","description":"Brassicales, Resedaceae, Reseda lutea","robots":{"index":"index","follow":"follow","max-snippet":"max-snippet:-1","max-image-preview":"max-image-preview:large","max-video-preview":"max-video-preview:-1"},"canonical":"https:\/\/lecompagnonrouge.fr\/?p=5052","og_locale":"fr_FR","og_type":"article","og_title":"Reseda lutea subsp. lutea. R\u00e9s\u00e9da jaune. - Le Compagnon rouge","og_description":"Brassicales, Resedaceae, Reseda lutea","og_url":"https:\/\/lecompagnonrouge.fr\/?p=5052","og_site_name":"Le Compagnon rouge","article_published_time":"2023-12-10T10:43:41+00:00","article_modified_time":"2024-12-15T17:02:32+00:00","og_image":[{"width":850,"height":1133,"url":"https:\/\/lecompagnonrouge.fr\/wp-content\/uploads\/2023\/12\/reseda-lutea1.jpg","type":"image\/jpeg"}],"author":"R1","twitter_card":"summary_large_image","twitter_misc":{"\u00c9crit par":"R1","Dur\u00e9e de lecture est.":"1 minute"},"schema":{"@context":"https:\/\/schema.org","@graph":[{"@type":"Article","@id":"https:\/\/lecompagnonrouge.fr\/?p=5052#article","isPartOf":{"@id":"https:\/\/lecompagnonrouge.fr\/?p=5052"},"author":{"name":"R1","@id":"https:\/\/lecompagnonrouge.fr\/#\/schema\/person\/0025018a342b92eacca6f1e4c968a154"},"headline":"Reseda lutea subsp. lutea. R\u00e9s\u00e9da jaune.","datePublished":"2023-12-10T10:43:41+00:00","dateModified":"2024-12-15T17:02:32+00:00","mainEntityOfPage":{"@id":"https:\/\/lecompagnonrouge.fr\/?p=5052"},"wordCount":80,"publisher":{"@id":"https:\/\/lecompagnonrouge.fr\/#\/schema\/person\/0025018a342b92eacca6f1e4c968a154"},"image":{"@id":"https:\/\/lecompagnonrouge.fr\/?p=5052#primaryimage"},"thumbnailUrl":"https:\/\/lecompagnonrouge.fr\/wp-content\/uploads\/2023\/12\/reseda-lutea1.jpg","keywords":["R\u00e9s\u00e9da jaune"],"articleSection":["Reseda lutea","Resedaceae"],"inLanguage":"fr-BE"},{"@type":"WebPage","@id":"https:\/\/lecompagnonrouge.fr\/?p=5052","url":"https:\/\/lecompagnonrouge.fr\/?p=5052","name":"Reseda lutea subsp. lutea. R\u00e9s\u00e9da jaune. - Le Compagnon rouge","isPartOf":{"@id":"https:\/\/lecompagnonrouge.fr\/#website"},"primaryImageOfPage":{"@id":"https:\/\/lecompagnonrouge.fr\/?p=5052#primaryimage"},"image":{"@id":"https:\/\/lecompagnonrouge.fr\/?p=5052#primaryimage"},"thumbnailUrl":"https:\/\/lecompagnonrouge.fr\/wp-content\/uploads\/2023\/12\/reseda-lutea1.jpg","datePublished":"2023-12-10T10:43:41+00:00","dateModified":"2024-12-15T17:02:32+00:00","description":"Brassicales, Resedaceae, Reseda lutea","breadcrumb":{"@id":"https:\/\/lecompagnonrouge.fr\/?p=5052#breadcrumb"},"inLanguage":"fr-BE","potentialAction":[{"@type":"ReadAction","target":["https:\/\/lecompagnonrouge.fr\/?p=5052"]}]},{"@type":"ImageObject","inLanguage":"fr-BE","@id":"https:\/\/lecompagnonrouge.fr\/?p=5052#primaryimage","url":"https:\/\/lecompagnonrouge.fr\/wp-content\/uploads\/2023\/12\/reseda-lutea1.jpg","contentUrl":"https:\/\/lecompagnonrouge.fr\/wp-content\/uploads\/2023\/12\/reseda-lutea1.jpg","width":850,"height":1133,"caption":"00100000"},{"@type":"BreadcrumbList","@id":"https:\/\/lecompagnonrouge.fr\/?p=5052#breadcrumb","itemListElement":[{"@type":"ListItem","position":1,"name":"Accueil","item":"https:\/\/lecompagnonrouge.fr\/"},{"@type":"ListItem","position":2,"name":"Reseda lutea subsp. lutea. R\u00e9s\u00e9da jaune."}]},{"@type":"WebSite","@id":"https:\/\/lecompagnonrouge.fr\/#website","url":"https:\/\/lecompagnonrouge.fr\/","name":"Le Compagnon rouge","description":"M\u00e9morandum.","publisher":{"@id":"https:\/\/lecompagnonrouge.fr\/#\/schema\/person\/0025018a342b92eacca6f1e4c968a154"},"potentialAction":[{"@type":"SearchAction","target":{"@type":"EntryPoint","urlTemplate":"https:\/\/lecompagnonrouge.fr\/?s={search_term_string}"},"query-input":{"@type":"PropertyValueSpecification","valueRequired":true,"valueName":"search_term_string"}}],"inLanguage":"fr-BE"},{"@type":["Person","Organization"],"@id":"https:\/\/lecompagnonrouge.fr\/#\/schema\/person\/0025018a342b92eacca6f1e4c968a154","name":"R1","image":{"@type":"ImageObject","inLanguage":"fr-BE","@id":"https:\/\/lecompagnonrouge.fr\/wp-content\/uploads\/2022\/03\/identit.jpg","url":"https:\/\/lecompagnonrouge.fr\/wp-content\/uploads\/2022\/03\/identit.jpg","contentUrl":"https:\/\/lecompagnonrouge.fr\/wp-content\/uploads\/2022\/03\/identit.jpg","width":425,"height":545,"caption":"R1"},"logo":{"@id":"https:\/\/lecompagnonrouge.fr\/wp-content\/uploads\/2022\/03\/identit.jpg"},"sameAs":["http:\/\/lecompagnonrouge.fr"],"url":"https:\/\/lecompagnonrouge.fr\/?author=1"}]}},"_links":{"self":[{"href":"https:\/\/lecompagnonrouge.fr\/index.php?rest_route=\/wp\/v2\/posts\/5052","targetHints":{"allow":["GET"]}}],"collection":[{"href":"https:\/\/lecompagnonrouge.fr\/index.php?rest_route=\/wp\/v2\/posts"}],"about":[{"href":"https:\/\/lecompagnonrouge.fr\/index.php?rest_route=\/wp\/v2\/types\/post"}],"author":[{"embeddable":true,"href":"https:\/\/lecompagnonrouge.fr\/index.php?rest_route=\/wp\/v2\/users\/1"}],"replies":[{"embeddable":true,"href":"https:\/\/lecompagnonrouge.fr\/index.php?rest_route=%2Fwp%2Fv2%2Fcomments&post=5052"}],"version-history":[{"count":5,"href":"https:\/\/lecompagnonrouge.fr\/index.php?rest_route=\/wp\/v2\/posts\/5052\/revisions"}],"predecessor-version":[{"id":8546,"href":"https:\/\/lecompagnonrouge.fr\/index.php?rest_route=\/wp\/v2\/posts\/5052\/revisions\/8546"}],"wp:featuredmedia":[{"embeddable":true,"href":"https:\/\/lecompagnonrouge.fr\/index.php?rest_route=\/wp\/v2\/media\/5053"}],"wp:attachment":[{"href":"https:\/\/lecompagnonrouge.fr\/index.php?rest_route=%2Fwp%2Fv2%2Fmedia&parent=5052"}],"wp:term":[{"taxonomy":"category","embeddable":true,"href":"https:\/\/lecompagnonrouge.fr\/index.php?rest_route=%2Fwp%2Fv2%2Fcategories&post=5052"},{"taxonomy":"post_tag","embeddable":true,"href":"https:\/\/lecompagnonrouge.fr\/index.php?rest_route=%2Fwp%2Fv2%2Ftags&post=5052"}],"curies":[{"name":"wp","href":"https:\/\/api.w.org\/{rel}","templated":true}]}}