{"id":4888,"date":"2023-11-01T18:26:37","date_gmt":"2023-11-01T17:26:37","guid":{"rendered":"https:\/\/lecompagnonrouge.fr\/?p=4888"},"modified":"2024-12-15T17:20:48","modified_gmt":"2024-12-15T16:20:48","slug":"verbena-officinalis-verveine-officinale","status":"publish","type":"post","link":"https:\/\/lecompagnonrouge.fr\/?p=4888","title":{"rendered":"Verbena officinalis. Verveine Officinale"},"content":{"rendered":"\n<p class=\"has-medium-font-size\">Verveine herbac\u00e9e \u00e0 l&rsquo;inflorescence l\u00e2che, et aux bract\u00e9es non accrescentes (elle ne grandissent pas durant la floraison).<\/p>\n\n\n\n<p class=\"has-medium-font-size\">Le rameau central et les lat\u00e9raux fleurissent simultan\u00e9ment. Les<strong> rameaux du haut<\/strong> <strong>ne sont pas feuill\u00e9s.<\/strong><\/p>\n\n\n\n<figure class=\"wp-block-image size-large\"><img loading=\"lazy\" decoding=\"async\" width=\"768\" height=\"1024\" src=\"https:\/\/lecompagnonrouge.fr\/wp-content\/uploads\/2023\/11\/IMG_20210711_122637-768x1024.jpg\" alt=\"\" class=\"wp-image-4890\" srcset=\"https:\/\/lecompagnonrouge.fr\/wp-content\/uploads\/2023\/11\/IMG_20210711_122637-768x1024.jpg 768w, https:\/\/lecompagnonrouge.fr\/wp-content\/uploads\/2023\/11\/IMG_20210711_122637-225x300.jpg 225w, https:\/\/lecompagnonrouge.fr\/wp-content\/uploads\/2023\/11\/IMG_20210711_122637-300x400.jpg 300w, https:\/\/lecompagnonrouge.fr\/wp-content\/uploads\/2023\/11\/IMG_20210711_122637.jpg 850w\" sizes=\"auto, (max-width: 768px) 100vw, 768px\" \/><\/figure>\n\n\n\n<p class=\"has-small-font-size\"><a href=\"https:\/\/lecompagnonrouge.fr\/?s=Lamiales\">Lamiales<\/a>&gt; <a href=\"https:\/\/lecompagnonrouge.fr\/?s=Verbenaceae\">Verbenaceae<\/a>&gt; <a href=\"https:\/\/lecompagnonrouge.fr\/?s=Verbena\">Verbena<\/a> officinalis<\/p>\n\n\n\n<p class=\"has-medium-font-size\">Plantes de friches eutrophiles, plut\u00f4t r\u00e9guli\u00e8rement pi\u00e9tin\u00e9es.<\/p>\n\n\n\n<p class=\"has-medium-font-size\">H\u00e9micryptophyte cosmopolite des friches vivaces m\u00e9sohydriques, m\u00e9dio-europ\u00e9ennes, du Dauco carotae subsp. carotae &#8211; Melilotion albi G\u00f6rs 1966<\/p>\n\n\n\n<p><\/p>\n\n\n\n<p class=\"has-medium-font-size\">Caract\u00e8res \u00e9conomiques: <\/p>\n\n\n\n<p class=\"has-medium-font-size\">Au Moyen-\u00c2ge, il semble qu&rsquo;elle se cueillait \u00e0 reculons, avait pouvoir contre les plaies ouverte ou encore formait soit Philtre d&rsquo;amour ou ayant pouvoir de rendre chaste &#8230; Nous informe Lieutaghi, notamment dans <em>La plante compagne<\/em>.<\/p>\n\n\n\n<p class=\"has-medium-font-size\">Diverses qualit\u00e9s lui sont pr\u00eat\u00e9es. Diur\u00e9tique, et f\u00e9brifuge principalement &#8230; De go\u00fbt insipide contrairement \u00e0 la tisane (Aloysia citradora) qui donne aussi le soda p\u00e9ruvien ( Inca Kola); pour ce dernier faire un sirop de verveine assez fort et le m\u00e9langer avec de la limonade. L&rsquo;historique Inca Kola ne comprenant plus son d\u00e9licieux parfum.<\/p>\n\n\n<div class=\"wp-block-image\">\n<figure class=\"aligncenter size-large\"><img loading=\"lazy\" decoding=\"async\" width=\"768\" height=\"1024\" src=\"https:\/\/lecompagnonrouge.fr\/wp-content\/uploads\/2024\/03\/IMG_20210927_180120-768x1024.jpg\" alt=\"\" class=\"wp-image-5776\" srcset=\"https:\/\/lecompagnonrouge.fr\/wp-content\/uploads\/2024\/03\/IMG_20210927_180120-768x1024.jpg 768w, https:\/\/lecompagnonrouge.fr\/wp-content\/uploads\/2024\/03\/IMG_20210927_180120-225x300.jpg 225w, https:\/\/lecompagnonrouge.fr\/wp-content\/uploads\/2024\/03\/IMG_20210927_180120-300x400.jpg 300w, https:\/\/lecompagnonrouge.fr\/wp-content\/uploads\/2024\/03\/IMG_20210927_180120.jpg 850w\" sizes=\"auto, (max-width: 768px) 100vw, 768px\" \/><\/figure>\n<\/div>\n\n\n<p><\/p>\n\n\n\n<p>Lieu(x) o\u00f9 la plante a \u00e9t\u00e9 photographi\u00e9e. Montreuil, Parc des Beaumonts compris.<\/p>\n\n\n\t\t<div\n            id=\"wpmapblock_3f35ee34\"\n            data-settings='{&quot;map_marker&quot;:[{&quot;lat&quot;:&quot;48.854144&quot;,&quot;lng&quot;:&quot;2.450455&quot;,&quot;title&quot;:&quot;Verbena officinalis&quot;,&quot;content&quot;:&quot;Altitude: 84 m&quot;,&quot;iconType&quot;:&quot;default&quot;,&quot;customIconUrl&quot;:&quot;&quot;,&quot;customIconWidth&quot;:&quot;25&quot;,&quot;customIconHeight&quot;:&quot;40&quot;},{&quot;lat&quot;:&quot;48.857756&quot;,&quot;lng&quot;:&quot;2.45112&quot;,&quot;title&quot;:&quot;Verbena officinalis&quot;,&quot;content&quot;:&quot;Altitude: 98 m&quot;,&quot;iconType&quot;:&quot;default&quot;,&quot;customIconUrl&quot;:&quot;&quot;,&quot;customIconWidth&quot;:&quot;25&quot;,&quot;customIconHeight&quot;:&quot;40&quot;}],&quot;map_zoom&quot;:&quot;16&quot;,&quot;scroll_wheel_zoom&quot;:&quot;1&quot;,&quot;map_type&quot;:&quot;OSM&quot;,&quot;center_index&quot;:0}'\n            class=\"wpmapblockrender\"\n            style=\"\n\t\t\twidth: 100%;\n\t\t\theight: 500px;\n\t\t\"\n            >\n        <\/div>\n        ","protected":false},"excerpt":{"rendered":"<p>Verveine herbac\u00e9e \u00e0 l&rsquo;inflorescence l\u00e2che, et aux bract\u00e9es non accrescentes (elle ne grandissent pas durant la floraison). Le rameau central et les lat\u00e9raux fleurissent simultan\u00e9ment. Les rameaux du haut ne sont pas feuill\u00e9s. Lamiales&gt; Verbenaceae&gt; Verbena officinalis Plantes de friches eutrophiles, plut\u00f4t r\u00e9guli\u00e8rement pi\u00e9tin\u00e9es. H\u00e9micryptophyte cosmopolite des friches vivaces m\u00e9sohydriques, m\u00e9dio-europ\u00e9ennes, du Dauco carotae subsp&#8230;.<\/p>\n","protected":false},"author":1,"featured_media":4889,"comment_status":"closed","ping_status":"open","sticky":false,"template":"","format":"standard","meta":{"footnotes":""},"categories":[814,813],"tags":[812],"class_list":["post-4888","post","type-post","status-publish","format-standard","has-post-thumbnail","hentry","category-verbena-officinalis","category-verbenaceae","tag-verveine-officinale"],"yoast_head":"<!-- This site is optimized with the Yoast SEO plugin v27.4 - https:\/\/yoast.com\/product\/yoast-seo-wordpress\/ -->\n<title>Verbena officinalis. Verveine Officinale - Le Compagnon rouge<\/title>\n<meta name=\"description\" content=\"Lamiales, Verbenaceae, Verbena officinalis\" \/>\n<meta name=\"robots\" content=\"index, follow, max-snippet:-1, max-image-preview:large, max-video-preview:-1\" \/>\n<link rel=\"canonical\" href=\"https:\/\/lecompagnonrouge.fr\/?p=4888\" \/>\n<meta property=\"og:locale\" content=\"fr_FR\" \/>\n<meta property=\"og:type\" content=\"article\" \/>\n<meta property=\"og:title\" content=\"Verbena officinalis. Verveine Officinale - Le Compagnon rouge\" \/>\n<meta property=\"og:description\" content=\"Lamiales, Verbenaceae, Verbena officinalis\" \/>\n<meta property=\"og:url\" content=\"https:\/\/lecompagnonrouge.fr\/?p=4888\" \/>\n<meta property=\"og:site_name\" content=\"Le Compagnon rouge\" \/>\n<meta property=\"article:published_time\" content=\"2023-11-01T17:26:37+00:00\" \/>\n<meta property=\"article:modified_time\" content=\"2024-12-15T16:20:48+00:00\" \/>\n<meta property=\"og:image\" content=\"https:\/\/lecompagnonrouge.fr\/wp-content\/uploads\/2023\/11\/IMG_20210619_110826.jpg\" \/>\n\t<meta property=\"og:image:width\" content=\"850\" \/>\n\t<meta property=\"og:image:height\" content=\"1133\" \/>\n\t<meta property=\"og:image:type\" content=\"image\/jpeg\" \/>\n<meta name=\"author\" content=\"R1\" \/>\n<meta name=\"twitter:card\" content=\"summary_large_image\" \/>\n<meta name=\"twitter:label1\" content=\"\u00c9crit par\" \/>\n\t<meta name=\"twitter:data1\" content=\"R1\" \/>\n\t<meta name=\"twitter:label2\" content=\"Dur\u00e9e de lecture est.\" \/>\n\t<meta name=\"twitter:data2\" content=\"2 minutes\" \/>\n<script type=\"application\/ld+json\" class=\"yoast-schema-graph\">{\"@context\":\"https:\\\/\\\/schema.org\",\"@graph\":[{\"@type\":\"Article\",\"@id\":\"https:\\\/\\\/lecompagnonrouge.fr\\\/?p=4888#article\",\"isPartOf\":{\"@id\":\"https:\\\/\\\/lecompagnonrouge.fr\\\/?p=4888\"},\"author\":{\"name\":\"R1\",\"@id\":\"https:\\\/\\\/lecompagnonrouge.fr\\\/#\\\/schema\\\/person\\\/0025018a342b92eacca6f1e4c968a154\"},\"headline\":\"Verbena officinalis. Verveine Officinale\",\"datePublished\":\"2023-11-01T17:26:37+00:00\",\"dateModified\":\"2024-12-15T16:20:48+00:00\",\"mainEntityOfPage\":{\"@id\":\"https:\\\/\\\/lecompagnonrouge.fr\\\/?p=4888\"},\"wordCount\":197,\"publisher\":{\"@id\":\"https:\\\/\\\/lecompagnonrouge.fr\\\/#\\\/schema\\\/person\\\/0025018a342b92eacca6f1e4c968a154\"},\"image\":{\"@id\":\"https:\\\/\\\/lecompagnonrouge.fr\\\/?p=4888#primaryimage\"},\"thumbnailUrl\":\"https:\\\/\\\/lecompagnonrouge.fr\\\/wp-content\\\/uploads\\\/2023\\\/11\\\/IMG_20210619_110826.jpg\",\"keywords\":[\"Verveine officinale\"],\"articleSection\":[\"Verbena officinalis\",\"Verbenaceae\"],\"inLanguage\":\"fr-BE\"},{\"@type\":\"WebPage\",\"@id\":\"https:\\\/\\\/lecompagnonrouge.fr\\\/?p=4888\",\"url\":\"https:\\\/\\\/lecompagnonrouge.fr\\\/?p=4888\",\"name\":\"Verbena officinalis. Verveine Officinale - Le Compagnon rouge\",\"isPartOf\":{\"@id\":\"https:\\\/\\\/lecompagnonrouge.fr\\\/#website\"},\"primaryImageOfPage\":{\"@id\":\"https:\\\/\\\/lecompagnonrouge.fr\\\/?p=4888#primaryimage\"},\"image\":{\"@id\":\"https:\\\/\\\/lecompagnonrouge.fr\\\/?p=4888#primaryimage\"},\"thumbnailUrl\":\"https:\\\/\\\/lecompagnonrouge.fr\\\/wp-content\\\/uploads\\\/2023\\\/11\\\/IMG_20210619_110826.jpg\",\"datePublished\":\"2023-11-01T17:26:37+00:00\",\"dateModified\":\"2024-12-15T16:20:48+00:00\",\"description\":\"Lamiales, Verbenaceae, Verbena officinalis\",\"breadcrumb\":{\"@id\":\"https:\\\/\\\/lecompagnonrouge.fr\\\/?p=4888#breadcrumb\"},\"inLanguage\":\"fr-BE\",\"potentialAction\":[{\"@type\":\"ReadAction\",\"target\":[\"https:\\\/\\\/lecompagnonrouge.fr\\\/?p=4888\"]}]},{\"@type\":\"ImageObject\",\"inLanguage\":\"fr-BE\",\"@id\":\"https:\\\/\\\/lecompagnonrouge.fr\\\/?p=4888#primaryimage\",\"url\":\"https:\\\/\\\/lecompagnonrouge.fr\\\/wp-content\\\/uploads\\\/2023\\\/11\\\/IMG_20210619_110826.jpg\",\"contentUrl\":\"https:\\\/\\\/lecompagnonrouge.fr\\\/wp-content\\\/uploads\\\/2023\\\/11\\\/IMG_20210619_110826.jpg\",\"width\":850,\"height\":1133,\"caption\":\"00100000\"},{\"@type\":\"BreadcrumbList\",\"@id\":\"https:\\\/\\\/lecompagnonrouge.fr\\\/?p=4888#breadcrumb\",\"itemListElement\":[{\"@type\":\"ListItem\",\"position\":1,\"name\":\"Accueil\",\"item\":\"https:\\\/\\\/lecompagnonrouge.fr\\\/\"},{\"@type\":\"ListItem\",\"position\":2,\"name\":\"Verbena officinalis. Verveine Officinale\"}]},{\"@type\":\"WebSite\",\"@id\":\"https:\\\/\\\/lecompagnonrouge.fr\\\/#website\",\"url\":\"https:\\\/\\\/lecompagnonrouge.fr\\\/\",\"name\":\"Le Compagnon rouge\",\"description\":\"M\u00e9morandum.\",\"publisher\":{\"@id\":\"https:\\\/\\\/lecompagnonrouge.fr\\\/#\\\/schema\\\/person\\\/0025018a342b92eacca6f1e4c968a154\"},\"potentialAction\":[{\"@type\":\"SearchAction\",\"target\":{\"@type\":\"EntryPoint\",\"urlTemplate\":\"https:\\\/\\\/lecompagnonrouge.fr\\\/?s={search_term_string}\"},\"query-input\":{\"@type\":\"PropertyValueSpecification\",\"valueRequired\":true,\"valueName\":\"search_term_string\"}}],\"inLanguage\":\"fr-BE\"},{\"@type\":[\"Person\",\"Organization\"],\"@id\":\"https:\\\/\\\/lecompagnonrouge.fr\\\/#\\\/schema\\\/person\\\/0025018a342b92eacca6f1e4c968a154\",\"name\":\"R1\",\"image\":{\"@type\":\"ImageObject\",\"inLanguage\":\"fr-BE\",\"@id\":\"https:\\\/\\\/lecompagnonrouge.fr\\\/wp-content\\\/uploads\\\/2022\\\/03\\\/identit.jpg\",\"url\":\"https:\\\/\\\/lecompagnonrouge.fr\\\/wp-content\\\/uploads\\\/2022\\\/03\\\/identit.jpg\",\"contentUrl\":\"https:\\\/\\\/lecompagnonrouge.fr\\\/wp-content\\\/uploads\\\/2022\\\/03\\\/identit.jpg\",\"width\":425,\"height\":545,\"caption\":\"R1\"},\"logo\":{\"@id\":\"https:\\\/\\\/lecompagnonrouge.fr\\\/wp-content\\\/uploads\\\/2022\\\/03\\\/identit.jpg\"},\"sameAs\":[\"http:\\\/\\\/lecompagnonrouge.fr\"],\"url\":\"https:\\\/\\\/lecompagnonrouge.fr\\\/?author=1\"}]}<\/script>\n<!-- \/ Yoast SEO plugin. -->","yoast_head_json":{"title":"Verbena officinalis. Verveine Officinale - Le Compagnon rouge","description":"Lamiales, Verbenaceae, Verbena officinalis","robots":{"index":"index","follow":"follow","max-snippet":"max-snippet:-1","max-image-preview":"max-image-preview:large","max-video-preview":"max-video-preview:-1"},"canonical":"https:\/\/lecompagnonrouge.fr\/?p=4888","og_locale":"fr_FR","og_type":"article","og_title":"Verbena officinalis. Verveine Officinale - Le Compagnon rouge","og_description":"Lamiales, Verbenaceae, Verbena officinalis","og_url":"https:\/\/lecompagnonrouge.fr\/?p=4888","og_site_name":"Le Compagnon rouge","article_published_time":"2023-11-01T17:26:37+00:00","article_modified_time":"2024-12-15T16:20:48+00:00","og_image":[{"width":850,"height":1133,"url":"https:\/\/lecompagnonrouge.fr\/wp-content\/uploads\/2023\/11\/IMG_20210619_110826.jpg","type":"image\/jpeg"}],"author":"R1","twitter_card":"summary_large_image","twitter_misc":{"\u00c9crit par":"R1","Dur\u00e9e de lecture est.":"2 minutes"},"schema":{"@context":"https:\/\/schema.org","@graph":[{"@type":"Article","@id":"https:\/\/lecompagnonrouge.fr\/?p=4888#article","isPartOf":{"@id":"https:\/\/lecompagnonrouge.fr\/?p=4888"},"author":{"name":"R1","@id":"https:\/\/lecompagnonrouge.fr\/#\/schema\/person\/0025018a342b92eacca6f1e4c968a154"},"headline":"Verbena officinalis. Verveine Officinale","datePublished":"2023-11-01T17:26:37+00:00","dateModified":"2024-12-15T16:20:48+00:00","mainEntityOfPage":{"@id":"https:\/\/lecompagnonrouge.fr\/?p=4888"},"wordCount":197,"publisher":{"@id":"https:\/\/lecompagnonrouge.fr\/#\/schema\/person\/0025018a342b92eacca6f1e4c968a154"},"image":{"@id":"https:\/\/lecompagnonrouge.fr\/?p=4888#primaryimage"},"thumbnailUrl":"https:\/\/lecompagnonrouge.fr\/wp-content\/uploads\/2023\/11\/IMG_20210619_110826.jpg","keywords":["Verveine officinale"],"articleSection":["Verbena officinalis","Verbenaceae"],"inLanguage":"fr-BE"},{"@type":"WebPage","@id":"https:\/\/lecompagnonrouge.fr\/?p=4888","url":"https:\/\/lecompagnonrouge.fr\/?p=4888","name":"Verbena officinalis. Verveine Officinale - Le Compagnon rouge","isPartOf":{"@id":"https:\/\/lecompagnonrouge.fr\/#website"},"primaryImageOfPage":{"@id":"https:\/\/lecompagnonrouge.fr\/?p=4888#primaryimage"},"image":{"@id":"https:\/\/lecompagnonrouge.fr\/?p=4888#primaryimage"},"thumbnailUrl":"https:\/\/lecompagnonrouge.fr\/wp-content\/uploads\/2023\/11\/IMG_20210619_110826.jpg","datePublished":"2023-11-01T17:26:37+00:00","dateModified":"2024-12-15T16:20:48+00:00","description":"Lamiales, Verbenaceae, Verbena officinalis","breadcrumb":{"@id":"https:\/\/lecompagnonrouge.fr\/?p=4888#breadcrumb"},"inLanguage":"fr-BE","potentialAction":[{"@type":"ReadAction","target":["https:\/\/lecompagnonrouge.fr\/?p=4888"]}]},{"@type":"ImageObject","inLanguage":"fr-BE","@id":"https:\/\/lecompagnonrouge.fr\/?p=4888#primaryimage","url":"https:\/\/lecompagnonrouge.fr\/wp-content\/uploads\/2023\/11\/IMG_20210619_110826.jpg","contentUrl":"https:\/\/lecompagnonrouge.fr\/wp-content\/uploads\/2023\/11\/IMG_20210619_110826.jpg","width":850,"height":1133,"caption":"00100000"},{"@type":"BreadcrumbList","@id":"https:\/\/lecompagnonrouge.fr\/?p=4888#breadcrumb","itemListElement":[{"@type":"ListItem","position":1,"name":"Accueil","item":"https:\/\/lecompagnonrouge.fr\/"},{"@type":"ListItem","position":2,"name":"Verbena officinalis. Verveine Officinale"}]},{"@type":"WebSite","@id":"https:\/\/lecompagnonrouge.fr\/#website","url":"https:\/\/lecompagnonrouge.fr\/","name":"Le Compagnon rouge","description":"M\u00e9morandum.","publisher":{"@id":"https:\/\/lecompagnonrouge.fr\/#\/schema\/person\/0025018a342b92eacca6f1e4c968a154"},"potentialAction":[{"@type":"SearchAction","target":{"@type":"EntryPoint","urlTemplate":"https:\/\/lecompagnonrouge.fr\/?s={search_term_string}"},"query-input":{"@type":"PropertyValueSpecification","valueRequired":true,"valueName":"search_term_string"}}],"inLanguage":"fr-BE"},{"@type":["Person","Organization"],"@id":"https:\/\/lecompagnonrouge.fr\/#\/schema\/person\/0025018a342b92eacca6f1e4c968a154","name":"R1","image":{"@type":"ImageObject","inLanguage":"fr-BE","@id":"https:\/\/lecompagnonrouge.fr\/wp-content\/uploads\/2022\/03\/identit.jpg","url":"https:\/\/lecompagnonrouge.fr\/wp-content\/uploads\/2022\/03\/identit.jpg","contentUrl":"https:\/\/lecompagnonrouge.fr\/wp-content\/uploads\/2022\/03\/identit.jpg","width":425,"height":545,"caption":"R1"},"logo":{"@id":"https:\/\/lecompagnonrouge.fr\/wp-content\/uploads\/2022\/03\/identit.jpg"},"sameAs":["http:\/\/lecompagnonrouge.fr"],"url":"https:\/\/lecompagnonrouge.fr\/?author=1"}]}},"_links":{"self":[{"href":"https:\/\/lecompagnonrouge.fr\/index.php?rest_route=\/wp\/v2\/posts\/4888","targetHints":{"allow":["GET"]}}],"collection":[{"href":"https:\/\/lecompagnonrouge.fr\/index.php?rest_route=\/wp\/v2\/posts"}],"about":[{"href":"https:\/\/lecompagnonrouge.fr\/index.php?rest_route=\/wp\/v2\/types\/post"}],"author":[{"embeddable":true,"href":"https:\/\/lecompagnonrouge.fr\/index.php?rest_route=\/wp\/v2\/users\/1"}],"replies":[{"embeddable":true,"href":"https:\/\/lecompagnonrouge.fr\/index.php?rest_route=%2Fwp%2Fv2%2Fcomments&post=4888"}],"version-history":[{"count":5,"href":"https:\/\/lecompagnonrouge.fr\/index.php?rest_route=\/wp\/v2\/posts\/4888\/revisions"}],"predecessor-version":[{"id":8545,"href":"https:\/\/lecompagnonrouge.fr\/index.php?rest_route=\/wp\/v2\/posts\/4888\/revisions\/8545"}],"wp:featuredmedia":[{"embeddable":true,"href":"https:\/\/lecompagnonrouge.fr\/index.php?rest_route=\/wp\/v2\/media\/4889"}],"wp:attachment":[{"href":"https:\/\/lecompagnonrouge.fr\/index.php?rest_route=%2Fwp%2Fv2%2Fmedia&parent=4888"}],"wp:term":[{"taxonomy":"category","embeddable":true,"href":"https:\/\/lecompagnonrouge.fr\/index.php?rest_route=%2Fwp%2Fv2%2Fcategories&post=4888"},{"taxonomy":"post_tag","embeddable":true,"href":"https:\/\/lecompagnonrouge.fr\/index.php?rest_route=%2Fwp%2Fv2%2Ftags&post=4888"}],"curies":[{"name":"wp","href":"https:\/\/api.w.org\/{rel}","templated":true}]}}