{"id":4289,"date":"2023-06-27T18:19:15","date_gmt":"2023-06-27T16:19:15","guid":{"rendered":"https:\/\/lecompagnonrouge.fr\/?p=4289"},"modified":"2024-04-18T07:39:21","modified_gmt":"2024-04-18T05:39:21","slug":"allium-vineale-ail-des-vignes-2","status":"publish","type":"post","link":"https:\/\/lecompagnonrouge.fr\/?p=4289","title":{"rendered":"Allium vineale. Ail des vignes."},"content":{"rendered":"\n<p class=\"has-medium-font-size\">Allium vineale pr\u00e9sente des <strong>t\u00eates \u00e0 (nombreuses) bulbilles<\/strong>. Pour l&rsquo;ail des vignes, la <strong>spathe unique se d\u00e9chire au niveau de l&rsquo;insertion<\/strong>. Et est <strong>le plus souvent caduque<\/strong>. Il arrive qu&rsquo;elle soit pr\u00e9sent\u00e9e un peu comme A. sphaerocephalon sur un des c\u00f4t\u00e9s de la t\u00eate. Mais la spathe est alors sans doute bien plus curieusement d\u00e9chir\u00e9e. Le point de faiblesse du spathe est lat\u00e9rale chez A. Sphaerocephalon et au niveau de l&rsquo;insertion sur la tige chez A. vineale. <\/p>\n\n\n\n<p class=\"has-medium-font-size\">D&rsquo;entre les bulbilles peuvent \u00e9merger des fleurs roses ou blanches. Apparemment pas en IDF.<\/p>\n\n\n\n<figure class=\"wp-block-image size-full\"><img loading=\"lazy\" decoding=\"async\" width=\"850\" height=\"567\" src=\"https:\/\/lecompagnonrouge.fr\/wp-content\/uploads\/2023\/06\/IMG_0230.jpg\" alt=\"\" class=\"wp-image-4293\" srcset=\"https:\/\/lecompagnonrouge.fr\/wp-content\/uploads\/2023\/06\/IMG_0230.jpg 850w, https:\/\/lecompagnonrouge.fr\/wp-content\/uploads\/2023\/06\/IMG_0230-300x200.jpg 300w, https:\/\/lecompagnonrouge.fr\/wp-content\/uploads\/2023\/06\/IMG_0230-768x512.jpg 768w\" sizes=\"auto, (max-width: 850px) 100vw, 850px\" \/><\/figure>\n\n\n\n<p><\/p>\n\n\n\n<p class=\"has-medium-font-size\">Les feuilles sont demi-cylindriques, canalicul\u00e9es. Elles le sont un peu plus profond\u00e9ment que chez <a href=\"https:\/\/lecompagnonrouge.fr\/?p=3642\">Allium oleracum<\/a>.<\/p>\n\n\n\n<figure class=\"wp-block-image size-full\"><img loading=\"lazy\" decoding=\"async\" width=\"850\" height=\"567\" src=\"https:\/\/lecompagnonrouge.fr\/wp-content\/uploads\/2023\/05\/IMG_9660.jpg\" alt=\"\" class=\"wp-image-4014\" srcset=\"https:\/\/lecompagnonrouge.fr\/wp-content\/uploads\/2023\/05\/IMG_9660.jpg 850w, https:\/\/lecompagnonrouge.fr\/wp-content\/uploads\/2023\/05\/IMG_9660-300x200.jpg 300w, https:\/\/lecompagnonrouge.fr\/wp-content\/uploads\/2023\/05\/IMG_9660-768x512.jpg 768w\" sizes=\"auto, (max-width: 850px) 100vw, 850px\" \/><\/figure>\n\n\n\n<p class=\"has-medium-font-size\">Feuilles toujours:<\/p>\n\n\n\n<figure class=\"wp-block-image size-full\"><img loading=\"lazy\" decoding=\"async\" width=\"850\" height=\"567\" src=\"https:\/\/lecompagnonrouge.fr\/wp-content\/uploads\/2023\/05\/IMG_9659.jpg\" alt=\"\" class=\"wp-image-4015\" srcset=\"https:\/\/lecompagnonrouge.fr\/wp-content\/uploads\/2023\/05\/IMG_9659.jpg 850w, https:\/\/lecompagnonrouge.fr\/wp-content\/uploads\/2023\/05\/IMG_9659-300x200.jpg 300w, https:\/\/lecompagnonrouge.fr\/wp-content\/uploads\/2023\/05\/IMG_9659-768x512.jpg 768w\" sizes=\"auto, (max-width: 850px) 100vw, 850px\" \/><\/figure>\n\n\n\n<p class=\"has-medium-font-size\">La feuille est <strong>creuse \u00e0 nervures r\u00eache<\/strong>s, demi-cylindirique (\u00e9viter ce geste au parc des Beaumonts, car l&rsquo;esp\u00e8ce y est curieusement peu signal\u00e9e):<\/p>\n\n\n<div class=\"wp-block-image\">\n<figure class=\"aligncenter size-full\"><img loading=\"lazy\" decoding=\"async\" width=\"850\" height=\"590\" src=\"https:\/\/lecompagnonrouge.fr\/wp-content\/uploads\/2024\/03\/IMG_0614.jpg\" alt=\"Allium vineale, coupe de la feuille\" class=\"wp-image-5826\" srcset=\"https:\/\/lecompagnonrouge.fr\/wp-content\/uploads\/2024\/03\/IMG_0614.jpg 850w, https:\/\/lecompagnonrouge.fr\/wp-content\/uploads\/2024\/03\/IMG_0614-300x208.jpg 300w, https:\/\/lecompagnonrouge.fr\/wp-content\/uploads\/2024\/03\/IMG_0614-768x533.jpg 768w\" sizes=\"auto, (max-width: 850px) 100vw, 850px\" \/><\/figure>\n<\/div>\n\n\n<h3 class=\"wp-block-heading has-medium-font-size\"><strong>R\u00e9capitule:<\/strong><\/h3>\n\n\n\n<p><\/p>\n\n\n\n<p class=\"has-medium-font-size\">Noter qu&rsquo;ici, le spathe reste \u00ab\u00a0coinc\u00e9\u00a0\u00bb sur les bulbilles (il n&rsquo;est pas tomb\u00e9), les bulbilles de cet ail sont souvent repr\u00e9sent\u00e9es en \u00ab\u00a0germination\u00a0\u00bb:<\/p>\n\n\n\n<figure class=\"wp-block-image size-full\"><img loading=\"lazy\" decoding=\"async\" width=\"850\" height=\"605\" src=\"https:\/\/lecompagnonrouge.fr\/wp-content\/uploads\/2024\/03\/IMG_0231.jpg\" alt=\"\" class=\"wp-image-5779\" srcset=\"https:\/\/lecompagnonrouge.fr\/wp-content\/uploads\/2024\/03\/IMG_0231.jpg 850w, https:\/\/lecompagnonrouge.fr\/wp-content\/uploads\/2024\/03\/IMG_0231-300x214.jpg 300w, https:\/\/lecompagnonrouge.fr\/wp-content\/uploads\/2024\/03\/IMG_0231-768x547.jpg 768w\" sizes=\"auto, (max-width: 850px) 100vw, 850px\" \/><\/figure>\n\n\n\n<p><\/p>\n\n\n\n<p class=\"has-medium-font-size\">Noter la feuille stri\u00e9e, laquelle est scabre:<\/p>\n\n\n\n<figure class=\"wp-block-image size-full\"><img loading=\"lazy\" decoding=\"async\" width=\"850\" height=\"595\" src=\"https:\/\/lecompagnonrouge.fr\/wp-content\/uploads\/2024\/03\/IMG_9661.jpg\" alt=\"\" class=\"wp-image-5780\" srcset=\"https:\/\/lecompagnonrouge.fr\/wp-content\/uploads\/2024\/03\/IMG_9661.jpg 850w, https:\/\/lecompagnonrouge.fr\/wp-content\/uploads\/2024\/03\/IMG_9661-300x210.jpg 300w, https:\/\/lecompagnonrouge.fr\/wp-content\/uploads\/2024\/03\/IMG_9661-768x538.jpg 768w\" sizes=\"auto, (max-width: 850px) 100vw, 850px\" \/><\/figure>\n\n\n\n<p><\/p>\n\n\n\n<p class=\"has-small-font-size\"><a href=\"https:\/\/lecompagnonrouge.fr\/?s=Asparagales\">Asparagales<\/a>&gt;<a href=\"https:\/\/lecompagnonrouge.fr\/?s=Amaryllidaceae\">Amaryllidaceae<\/a>&gt;<a href=\"https:\/\/lecompagnonrouge.fr\/?s=Allium\">Allium<\/a>&nbsp;vineale<\/p>\n\n\n\n<p class=\"has-medium-font-size\">Friche plus ou moins x\u00e9rophiles.<\/p>\n\n\n\n<figure class=\"wp-block-image size-large\"><img loading=\"lazy\" decoding=\"async\" width=\"768\" height=\"1024\" src=\"https:\/\/lecompagnonrouge.fr\/wp-content\/uploads\/2023\/02\/IMG_20210718_150047-768x1024.jpg\" alt=\"\" class=\"wp-image-3643\" srcset=\"https:\/\/lecompagnonrouge.fr\/wp-content\/uploads\/2023\/02\/IMG_20210718_150047-768x1024.jpg 768w, https:\/\/lecompagnonrouge.fr\/wp-content\/uploads\/2023\/02\/IMG_20210718_150047-225x300.jpg 225w, https:\/\/lecompagnonrouge.fr\/wp-content\/uploads\/2023\/02\/IMG_20210718_150047-300x400.jpg 300w, https:\/\/lecompagnonrouge.fr\/wp-content\/uploads\/2023\/02\/IMG_20210718_150047.jpg 850w\" sizes=\"auto, (max-width: 768px) 100vw, 768px\" \/><\/figure>\n\n\n\n<p><a href=\"https:\/\/lecompagnonrouge.fr\/?s=Asparagales\">Asparagales<\/a>&gt;<a href=\"https:\/\/lecompagnonrouge.fr\/?s=Amaryllidaceae\">Amaryllidaceae<\/a>&gt;<a href=\"https:\/\/lecompagnonrouge.fr\/?s=Allium\">Allium<\/a>&nbsp;vineale<\/p>\n\n\n\n<p>Lieu(x) o\u00f9 la plante est photographi\u00e9e: Montreuil (parc des Beaumonts)<\/p>\n\n\n\t\t<div\n            id=\"wpmapblock_62d713d9\"\n            data-settings='{&quot;map_marker&quot;:[{&quot;lat&quot;:&quot;48.858189&quot;,&quot;lng&quot;:&quot;2.454466&quot;,&quot;title&quot;:&quot;Allium vineale&quot;,&quot;content&quot;:&quot;Altitude: 115 m; espace enti\\u00e8rement remani\\u00e9 en 2024&quot;,&quot;iconType&quot;:&quot;default&quot;,&quot;customIconUrl&quot;:&quot;&quot;,&quot;customIconWidth&quot;:&quot;25&quot;,&quot;customIconHeight&quot;:&quot;40&quot;},{&quot;lat&quot;:&quot;48.858341118411&quot;,&quot;lng&quot;:&quot;2.4540656805038&quot;,&quot;title&quot;:&quot;Allium vineale&quot;,&quot;content&quot;:&quot;On trouve des touffes de feuilles (en 2024 en tous cas), en esp\\u00e9rant que l\\u0026#039;ail parviennent \\u00e0 maturit\\u00e9 \\u00e0 cet endroit&quot;,&quot;iconType&quot;:&quot;default&quot;,&quot;customIconUrl&quot;:&quot;&quot;,&quot;customIconWidth&quot;:&quot;25&quot;,&quot;customIconHeight&quot;:&quot;40&quot;}],&quot;map_zoom&quot;:&quot;18&quot;,&quot;scroll_wheel_zoom&quot;:&quot;1&quot;,&quot;map_type&quot;:&quot;OSM&quot;,&quot;center_index&quot;:0}'\n            class=\"wpmapblockrender\"\n            style=\"\n\t\t\twidth: 100%;\n\t\t\theight: 500px;\n\t\t\"\n            >\n        <\/div>\n        ","protected":false},"excerpt":{"rendered":"<p>Allium vineale pr\u00e9sente des t\u00eates \u00e0 (nombreuses) bulbilles. Pour l&rsquo;ail des vignes, la spathe unique se d\u00e9chire au niveau de l&rsquo;insertion. Et est le plus souvent caduque. Il arrive qu&rsquo;elle soit pr\u00e9sent\u00e9e un peu comme A. sphaerocephalon sur un des c\u00f4t\u00e9s de la t\u00eate. Mais la spathe est alors sans doute bien plus curieusement d\u00e9chir\u00e9e&#8230;.<\/p>\n","protected":false},"author":1,"featured_media":4292,"comment_status":"closed","ping_status":"open","sticky":false,"template":"","format":"standard","meta":{"footnotes":""},"categories":[676,268],"tags":[675],"class_list":["post-4289","post","type-post","status-publish","format-standard","has-post-thumbnail","hentry","category-allium-vineale","category-amaryllidaceae","tag-ail-des-vignes"],"yoast_head":"<!-- This site is optimized with the Yoast SEO plugin v27.4 - https:\/\/yoast.com\/product\/yoast-seo-wordpress\/ -->\n<title>Allium vineale. Ail des vignes. - Le Compagnon rouge<\/title>\n<meta name=\"description\" content=\"Asparagales, Amaryllidaceae, Allium vineale\" \/>\n<meta name=\"robots\" content=\"index, follow, max-snippet:-1, max-image-preview:large, max-video-preview:-1\" \/>\n<link rel=\"canonical\" href=\"https:\/\/lecompagnonrouge.fr\/?p=4289\" \/>\n<meta property=\"og:locale\" content=\"fr_FR\" \/>\n<meta property=\"og:type\" content=\"article\" \/>\n<meta property=\"og:title\" content=\"Allium vineale. Ail des vignes. - Le Compagnon rouge\" \/>\n<meta property=\"og:description\" content=\"Asparagales, Amaryllidaceae, Allium vineale\" \/>\n<meta property=\"og:url\" content=\"https:\/\/lecompagnonrouge.fr\/?p=4289\" \/>\n<meta property=\"og:site_name\" content=\"Le Compagnon rouge\" \/>\n<meta property=\"article:published_time\" content=\"2023-06-27T16:19:15+00:00\" \/>\n<meta property=\"article:modified_time\" content=\"2024-04-18T05:39:21+00:00\" \/>\n<meta property=\"og:image\" content=\"https:\/\/lecompagnonrouge.fr\/wp-content\/uploads\/2023\/06\/IMG_0229.jpg\" \/>\n\t<meta property=\"og:image:width\" content=\"850\" \/>\n\t<meta property=\"og:image:height\" content=\"567\" \/>\n\t<meta property=\"og:image:type\" content=\"image\/jpeg\" \/>\n<meta name=\"author\" content=\"R1\" \/>\n<meta name=\"twitter:card\" content=\"summary_large_image\" \/>\n<meta name=\"twitter:label1\" content=\"\u00c9crit par\" \/>\n\t<meta name=\"twitter:data1\" content=\"R1\" \/>\n\t<meta name=\"twitter:label2\" content=\"Dur\u00e9e de lecture est.\" \/>\n\t<meta name=\"twitter:data2\" content=\"3 minutes\" \/>\n<script type=\"application\/ld+json\" class=\"yoast-schema-graph\">{\"@context\":\"https:\\\/\\\/schema.org\",\"@graph\":[{\"@type\":\"Article\",\"@id\":\"https:\\\/\\\/lecompagnonrouge.fr\\\/?p=4289#article\",\"isPartOf\":{\"@id\":\"https:\\\/\\\/lecompagnonrouge.fr\\\/?p=4289\"},\"author\":{\"name\":\"R1\",\"@id\":\"https:\\\/\\\/lecompagnonrouge.fr\\\/#\\\/schema\\\/person\\\/0025018a342b92eacca6f1e4c968a154\"},\"headline\":\"Allium vineale. Ail des vignes.\",\"datePublished\":\"2023-06-27T16:19:15+00:00\",\"dateModified\":\"2024-04-18T05:39:21+00:00\",\"mainEntityOfPage\":{\"@id\":\"https:\\\/\\\/lecompagnonrouge.fr\\\/?p=4289\"},\"wordCount\":225,\"publisher\":{\"@id\":\"https:\\\/\\\/lecompagnonrouge.fr\\\/#\\\/schema\\\/person\\\/0025018a342b92eacca6f1e4c968a154\"},\"image\":{\"@id\":\"https:\\\/\\\/lecompagnonrouge.fr\\\/?p=4289#primaryimage\"},\"thumbnailUrl\":\"https:\\\/\\\/lecompagnonrouge.fr\\\/wp-content\\\/uploads\\\/2023\\\/06\\\/IMG_0229.jpg\",\"keywords\":[\"Ail des vignes\"],\"articleSection\":[\"Allium vineale\",\"Amaryllidaceae\"],\"inLanguage\":\"fr-BE\"},{\"@type\":\"WebPage\",\"@id\":\"https:\\\/\\\/lecompagnonrouge.fr\\\/?p=4289\",\"url\":\"https:\\\/\\\/lecompagnonrouge.fr\\\/?p=4289\",\"name\":\"Allium vineale. Ail des vignes. - Le Compagnon rouge\",\"isPartOf\":{\"@id\":\"https:\\\/\\\/lecompagnonrouge.fr\\\/#website\"},\"primaryImageOfPage\":{\"@id\":\"https:\\\/\\\/lecompagnonrouge.fr\\\/?p=4289#primaryimage\"},\"image\":{\"@id\":\"https:\\\/\\\/lecompagnonrouge.fr\\\/?p=4289#primaryimage\"},\"thumbnailUrl\":\"https:\\\/\\\/lecompagnonrouge.fr\\\/wp-content\\\/uploads\\\/2023\\\/06\\\/IMG_0229.jpg\",\"datePublished\":\"2023-06-27T16:19:15+00:00\",\"dateModified\":\"2024-04-18T05:39:21+00:00\",\"description\":\"Asparagales, Amaryllidaceae, Allium vineale\",\"breadcrumb\":{\"@id\":\"https:\\\/\\\/lecompagnonrouge.fr\\\/?p=4289#breadcrumb\"},\"inLanguage\":\"fr-BE\",\"potentialAction\":[{\"@type\":\"ReadAction\",\"target\":[\"https:\\\/\\\/lecompagnonrouge.fr\\\/?p=4289\"]}]},{\"@type\":\"ImageObject\",\"inLanguage\":\"fr-BE\",\"@id\":\"https:\\\/\\\/lecompagnonrouge.fr\\\/?p=4289#primaryimage\",\"url\":\"https:\\\/\\\/lecompagnonrouge.fr\\\/wp-content\\\/uploads\\\/2023\\\/06\\\/IMG_0229.jpg\",\"contentUrl\":\"https:\\\/\\\/lecompagnonrouge.fr\\\/wp-content\\\/uploads\\\/2023\\\/06\\\/IMG_0229.jpg\",\"width\":850,\"height\":567,\"caption\":\"binary comment\"},{\"@type\":\"BreadcrumbList\",\"@id\":\"https:\\\/\\\/lecompagnonrouge.fr\\\/?p=4289#breadcrumb\",\"itemListElement\":[{\"@type\":\"ListItem\",\"position\":1,\"name\":\"Accueil\",\"item\":\"https:\\\/\\\/lecompagnonrouge.fr\\\/\"},{\"@type\":\"ListItem\",\"position\":2,\"name\":\"Allium vineale. Ail des vignes.\"}]},{\"@type\":\"WebSite\",\"@id\":\"https:\\\/\\\/lecompagnonrouge.fr\\\/#website\",\"url\":\"https:\\\/\\\/lecompagnonrouge.fr\\\/\",\"name\":\"Le Compagnon rouge\",\"description\":\"M\u00e9morandum.\",\"publisher\":{\"@id\":\"https:\\\/\\\/lecompagnonrouge.fr\\\/#\\\/schema\\\/person\\\/0025018a342b92eacca6f1e4c968a154\"},\"potentialAction\":[{\"@type\":\"SearchAction\",\"target\":{\"@type\":\"EntryPoint\",\"urlTemplate\":\"https:\\\/\\\/lecompagnonrouge.fr\\\/?s={search_term_string}\"},\"query-input\":{\"@type\":\"PropertyValueSpecification\",\"valueRequired\":true,\"valueName\":\"search_term_string\"}}],\"inLanguage\":\"fr-BE\"},{\"@type\":[\"Person\",\"Organization\"],\"@id\":\"https:\\\/\\\/lecompagnonrouge.fr\\\/#\\\/schema\\\/person\\\/0025018a342b92eacca6f1e4c968a154\",\"name\":\"R1\",\"image\":{\"@type\":\"ImageObject\",\"inLanguage\":\"fr-BE\",\"@id\":\"https:\\\/\\\/lecompagnonrouge.fr\\\/wp-content\\\/uploads\\\/2022\\\/03\\\/identit.jpg\",\"url\":\"https:\\\/\\\/lecompagnonrouge.fr\\\/wp-content\\\/uploads\\\/2022\\\/03\\\/identit.jpg\",\"contentUrl\":\"https:\\\/\\\/lecompagnonrouge.fr\\\/wp-content\\\/uploads\\\/2022\\\/03\\\/identit.jpg\",\"width\":425,\"height\":545,\"caption\":\"R1\"},\"logo\":{\"@id\":\"https:\\\/\\\/lecompagnonrouge.fr\\\/wp-content\\\/uploads\\\/2022\\\/03\\\/identit.jpg\"},\"sameAs\":[\"http:\\\/\\\/lecompagnonrouge.fr\"],\"url\":\"https:\\\/\\\/lecompagnonrouge.fr\\\/?author=1\"}]}<\/script>\n<!-- \/ Yoast SEO plugin. -->","yoast_head_json":{"title":"Allium vineale. Ail des vignes. - Le Compagnon rouge","description":"Asparagales, Amaryllidaceae, Allium vineale","robots":{"index":"index","follow":"follow","max-snippet":"max-snippet:-1","max-image-preview":"max-image-preview:large","max-video-preview":"max-video-preview:-1"},"canonical":"https:\/\/lecompagnonrouge.fr\/?p=4289","og_locale":"fr_FR","og_type":"article","og_title":"Allium vineale. Ail des vignes. - Le Compagnon rouge","og_description":"Asparagales, Amaryllidaceae, Allium vineale","og_url":"https:\/\/lecompagnonrouge.fr\/?p=4289","og_site_name":"Le Compagnon rouge","article_published_time":"2023-06-27T16:19:15+00:00","article_modified_time":"2024-04-18T05:39:21+00:00","og_image":[{"width":850,"height":567,"url":"https:\/\/lecompagnonrouge.fr\/wp-content\/uploads\/2023\/06\/IMG_0229.jpg","type":"image\/jpeg"}],"author":"R1","twitter_card":"summary_large_image","twitter_misc":{"\u00c9crit par":"R1","Dur\u00e9e de lecture est.":"3 minutes"},"schema":{"@context":"https:\/\/schema.org","@graph":[{"@type":"Article","@id":"https:\/\/lecompagnonrouge.fr\/?p=4289#article","isPartOf":{"@id":"https:\/\/lecompagnonrouge.fr\/?p=4289"},"author":{"name":"R1","@id":"https:\/\/lecompagnonrouge.fr\/#\/schema\/person\/0025018a342b92eacca6f1e4c968a154"},"headline":"Allium vineale. Ail des vignes.","datePublished":"2023-06-27T16:19:15+00:00","dateModified":"2024-04-18T05:39:21+00:00","mainEntityOfPage":{"@id":"https:\/\/lecompagnonrouge.fr\/?p=4289"},"wordCount":225,"publisher":{"@id":"https:\/\/lecompagnonrouge.fr\/#\/schema\/person\/0025018a342b92eacca6f1e4c968a154"},"image":{"@id":"https:\/\/lecompagnonrouge.fr\/?p=4289#primaryimage"},"thumbnailUrl":"https:\/\/lecompagnonrouge.fr\/wp-content\/uploads\/2023\/06\/IMG_0229.jpg","keywords":["Ail des vignes"],"articleSection":["Allium vineale","Amaryllidaceae"],"inLanguage":"fr-BE"},{"@type":"WebPage","@id":"https:\/\/lecompagnonrouge.fr\/?p=4289","url":"https:\/\/lecompagnonrouge.fr\/?p=4289","name":"Allium vineale. Ail des vignes. - Le Compagnon rouge","isPartOf":{"@id":"https:\/\/lecompagnonrouge.fr\/#website"},"primaryImageOfPage":{"@id":"https:\/\/lecompagnonrouge.fr\/?p=4289#primaryimage"},"image":{"@id":"https:\/\/lecompagnonrouge.fr\/?p=4289#primaryimage"},"thumbnailUrl":"https:\/\/lecompagnonrouge.fr\/wp-content\/uploads\/2023\/06\/IMG_0229.jpg","datePublished":"2023-06-27T16:19:15+00:00","dateModified":"2024-04-18T05:39:21+00:00","description":"Asparagales, Amaryllidaceae, Allium vineale","breadcrumb":{"@id":"https:\/\/lecompagnonrouge.fr\/?p=4289#breadcrumb"},"inLanguage":"fr-BE","potentialAction":[{"@type":"ReadAction","target":["https:\/\/lecompagnonrouge.fr\/?p=4289"]}]},{"@type":"ImageObject","inLanguage":"fr-BE","@id":"https:\/\/lecompagnonrouge.fr\/?p=4289#primaryimage","url":"https:\/\/lecompagnonrouge.fr\/wp-content\/uploads\/2023\/06\/IMG_0229.jpg","contentUrl":"https:\/\/lecompagnonrouge.fr\/wp-content\/uploads\/2023\/06\/IMG_0229.jpg","width":850,"height":567,"caption":"binary comment"},{"@type":"BreadcrumbList","@id":"https:\/\/lecompagnonrouge.fr\/?p=4289#breadcrumb","itemListElement":[{"@type":"ListItem","position":1,"name":"Accueil","item":"https:\/\/lecompagnonrouge.fr\/"},{"@type":"ListItem","position":2,"name":"Allium vineale. Ail des vignes."}]},{"@type":"WebSite","@id":"https:\/\/lecompagnonrouge.fr\/#website","url":"https:\/\/lecompagnonrouge.fr\/","name":"Le Compagnon rouge","description":"M\u00e9morandum.","publisher":{"@id":"https:\/\/lecompagnonrouge.fr\/#\/schema\/person\/0025018a342b92eacca6f1e4c968a154"},"potentialAction":[{"@type":"SearchAction","target":{"@type":"EntryPoint","urlTemplate":"https:\/\/lecompagnonrouge.fr\/?s={search_term_string}"},"query-input":{"@type":"PropertyValueSpecification","valueRequired":true,"valueName":"search_term_string"}}],"inLanguage":"fr-BE"},{"@type":["Person","Organization"],"@id":"https:\/\/lecompagnonrouge.fr\/#\/schema\/person\/0025018a342b92eacca6f1e4c968a154","name":"R1","image":{"@type":"ImageObject","inLanguage":"fr-BE","@id":"https:\/\/lecompagnonrouge.fr\/wp-content\/uploads\/2022\/03\/identit.jpg","url":"https:\/\/lecompagnonrouge.fr\/wp-content\/uploads\/2022\/03\/identit.jpg","contentUrl":"https:\/\/lecompagnonrouge.fr\/wp-content\/uploads\/2022\/03\/identit.jpg","width":425,"height":545,"caption":"R1"},"logo":{"@id":"https:\/\/lecompagnonrouge.fr\/wp-content\/uploads\/2022\/03\/identit.jpg"},"sameAs":["http:\/\/lecompagnonrouge.fr"],"url":"https:\/\/lecompagnonrouge.fr\/?author=1"}]}},"_links":{"self":[{"href":"https:\/\/lecompagnonrouge.fr\/index.php?rest_route=\/wp\/v2\/posts\/4289","targetHints":{"allow":["GET"]}}],"collection":[{"href":"https:\/\/lecompagnonrouge.fr\/index.php?rest_route=\/wp\/v2\/posts"}],"about":[{"href":"https:\/\/lecompagnonrouge.fr\/index.php?rest_route=\/wp\/v2\/types\/post"}],"author":[{"embeddable":true,"href":"https:\/\/lecompagnonrouge.fr\/index.php?rest_route=\/wp\/v2\/users\/1"}],"replies":[{"embeddable":true,"href":"https:\/\/lecompagnonrouge.fr\/index.php?rest_route=%2Fwp%2Fv2%2Fcomments&post=4289"}],"version-history":[{"count":12,"href":"https:\/\/lecompagnonrouge.fr\/index.php?rest_route=\/wp\/v2\/posts\/4289\/revisions"}],"predecessor-version":[{"id":6057,"href":"https:\/\/lecompagnonrouge.fr\/index.php?rest_route=\/wp\/v2\/posts\/4289\/revisions\/6057"}],"wp:featuredmedia":[{"embeddable":true,"href":"https:\/\/lecompagnonrouge.fr\/index.php?rest_route=\/wp\/v2\/media\/4292"}],"wp:attachment":[{"href":"https:\/\/lecompagnonrouge.fr\/index.php?rest_route=%2Fwp%2Fv2%2Fmedia&parent=4289"}],"wp:term":[{"taxonomy":"category","embeddable":true,"href":"https:\/\/lecompagnonrouge.fr\/index.php?rest_route=%2Fwp%2Fv2%2Fcategories&post=4289"},{"taxonomy":"post_tag","embeddable":true,"href":"https:\/\/lecompagnonrouge.fr\/index.php?rest_route=%2Fwp%2Fv2%2Ftags&post=4289"}],"curies":[{"name":"wp","href":"https:\/\/api.w.org\/{rel}","templated":true}]}}