{"id":404,"date":"2022-03-20T14:19:33","date_gmt":"2022-03-20T13:19:33","guid":{"rendered":"https:\/\/lecompagnonrouge.fr\/?p=404"},"modified":"2025-01-23T18:04:01","modified_gmt":"2025-01-23T17:04:01","slug":"cerastium-semidecandrum-ceraiste-a-5-etamines","status":"publish","type":"post","link":"https:\/\/lecompagnonrouge.fr\/?p=404","title":{"rendered":"Cerastium semidecandrum. C\u00e9raiste \u00e0 5 \u00e9tamines."},"content":{"rendered":"\n<p class=\"has-medium-font-size\">On rep\u00e8re, Cerastium semidecandrum, le c\u00e9raiste scarieux ou \u00e0 5 \u00e9tamines au fait que le p\u00e9dicelle de la fleur va \u00eatre nettement pench\u00e9e d\u00e8s son d\u00e9part, d\u00e8s sa base.<\/p>\n\n\n\n<p class=\"has-medium-font-size\">Risque de confusion avec Cerastium pumilum, et ici en particulier avec <a href=\"https:\/\/lecompagnonrouge.fr\/?p=1638\">Cerastium fontanum<\/a> plus courant dans l&rsquo;agglom\u00e9ration parisienne.<\/p>\n\n\n\n<p class=\"has-medium-font-size\">L&rsquo;identification a de plus lieu un peu t\u00f4t dans la saison. Il s&rsquo;agit d&rsquo;une annuelle \u00e0 germination automnale.<\/p>\n\n\n\n<p class=\"has-medium-font-size\">Et il s&rsquo;agit d&rsquo;une forme prostr\u00e9e.<\/p>\n\n\n\n<figure class=\"wp-block-image size-full\"><img loading=\"lazy\" decoding=\"async\" width=\"1024\" height=\"689\" src=\"https:\/\/lecompagnonrouge.fr\/wp-content\/uploads\/2022\/03\/image-26.png\" alt=\"\" class=\"wp-image-8752\" srcset=\"https:\/\/lecompagnonrouge.fr\/wp-content\/uploads\/2022\/03\/image-26.png 1024w, https:\/\/lecompagnonrouge.fr\/wp-content\/uploads\/2022\/03\/image-26-300x202.png 300w, https:\/\/lecompagnonrouge.fr\/wp-content\/uploads\/2022\/03\/image-26-768x517.png 768w, https:\/\/lecompagnonrouge.fr\/wp-content\/uploads\/2022\/03\/image-26-850x572.png 850w\" sizes=\"auto, (max-width: 1024px) 100vw, 1024px\" \/><\/figure>\n\n\n\n<p><\/p>\n\n\n\n<p class=\"has-medium-font-size\">Regarder donc la fleur de plus pr\u00e8s &#8230;<\/p>\n\n\n\n<ul style=\"font-size:17px\" class=\"wp-block-list\">\n<li>En principe les s\u00e9pales sont plus longs que les p\u00e9tales chez Cerastium semidecandrum. Ici, \u00e0 peu pr\u00e8s \u00e9gaux.<\/li>\n\n\n\n<li>Poils glanduleux sur la moiti\u00e9 inf\u00e9rieure des s\u00e9pales, mais aussi sur le p\u00e9dicelle (les poils ne me semble pas assez long pour d\u00e9signer <a href=\"https:\/\/lecompagnonrouge.fr\/?p=1638\">Cerastium fontanum<\/a>). Poils glanduleux \u00e9galement sur la tige.<\/li>\n\n\n\n<li>La partie scarieuse (membraneuse) des s\u00e9pales me semble tr\u00e8s importante.<\/li>\n<\/ul>\n\n\n\n<figure class=\"wp-block-image size-full\"><img loading=\"lazy\" decoding=\"async\" width=\"973\" height=\"726\" src=\"https:\/\/lecompagnonrouge.fr\/wp-content\/uploads\/2022\/03\/image-27.png\" alt=\"\" class=\"wp-image-8754\" srcset=\"https:\/\/lecompagnonrouge.fr\/wp-content\/uploads\/2022\/03\/image-27.png 973w, https:\/\/lecompagnonrouge.fr\/wp-content\/uploads\/2022\/03\/image-27-300x224.png 300w, https:\/\/lecompagnonrouge.fr\/wp-content\/uploads\/2022\/03\/image-27-768x573.png 768w, https:\/\/lecompagnonrouge.fr\/wp-content\/uploads\/2022\/03\/image-27-850x634.png 850w\" sizes=\"auto, (max-width: 973px) 100vw, 973px\" \/><\/figure>\n\n\n\n<p><\/p>\n\n\n\n<p class=\"has-medium-font-size\">Toujours la fleur<\/p>\n\n\n\n<ul class=\"wp-block-list\">\n<li>Importance de la partie membraneuse sur les bouton floraux<\/li>\n\n\n\n<li>Sous cet angle de vue, les s\u00e9pales sont plus grands que les p\u00e9tales.<\/li>\n\n\n\n<li>les p\u00e9tales de <a href=\"https:\/\/lecompagnonrouge.fr\/?p=1638\">Cerastium fontanum<\/a> me paraissent en g\u00e9n\u00e9ral \u00e0 lobes beaucoup plus profond\u00e9ment \u00e9chancr\u00e9s.<\/li>\n<\/ul>\n\n\n\n<figure class=\"wp-block-image size-full\"><img loading=\"lazy\" decoding=\"async\" width=\"1020\" height=\"701\" src=\"https:\/\/lecompagnonrouge.fr\/wp-content\/uploads\/2022\/03\/image-28.png\" alt=\"\" class=\"wp-image-8755\" srcset=\"https:\/\/lecompagnonrouge.fr\/wp-content\/uploads\/2022\/03\/image-28.png 1020w, https:\/\/lecompagnonrouge.fr\/wp-content\/uploads\/2022\/03\/image-28-300x206.png 300w, https:\/\/lecompagnonrouge.fr\/wp-content\/uploads\/2022\/03\/image-28-768x528.png 768w, https:\/\/lecompagnonrouge.fr\/wp-content\/uploads\/2022\/03\/image-28-850x584.png 850w\" sizes=\"auto, (max-width: 1020px) 100vw, 1020px\" \/><\/figure>\n\n\n\n<p><\/p>\n\n\n\n<p class=\"has-medium-font-size\">Sur une autre fleur, un d\u00e9tail ne fait plus doute:<\/p>\n\n\n\n<p class=\"has-medium-font-size\">Ici, l&rsquo;un des p\u00e9tales n&rsquo;est pas lob\u00e9, mais seulement dent\u00e9.<\/p>\n\n\n\n<p class=\"has-medium-font-size\">Il s&rsquo;agit du C\u00e9raiste \u00e0 5 \u00e9tamines.<\/p>\n\n\n\n<figure class=\"wp-block-image size-full\"><img loading=\"lazy\" decoding=\"async\" width=\"935\" height=\"704\" src=\"https:\/\/lecompagnonrouge.fr\/wp-content\/uploads\/2022\/03\/image-29.png\" alt=\"\" class=\"wp-image-8756\" srcset=\"https:\/\/lecompagnonrouge.fr\/wp-content\/uploads\/2022\/03\/image-29.png 935w, https:\/\/lecompagnonrouge.fr\/wp-content\/uploads\/2022\/03\/image-29-300x226.png 300w, https:\/\/lecompagnonrouge.fr\/wp-content\/uploads\/2022\/03\/image-29-768x578.png 768w, https:\/\/lecompagnonrouge.fr\/wp-content\/uploads\/2022\/03\/image-29-850x640.png 850w\" sizes=\"auto, (max-width: 935px) 100vw, 935px\" \/><\/figure>\n\n\n\n<p><\/p>\n\n\n\n<p class=\"has-medium-font-size\">L&rsquo;indice num\u00e9ro 1 finit par appara\u00eetre &#8230; Avec le temps &#8230;<\/p>\n\n\n\n<p class=\"has-medium-font-size\">La fleur tout d&rsquo;abord t\u00eate en bas, se rel\u00e8ve \u00e0 l&rsquo;anth\u00e8se.<\/p>\n\n\n\n<p class=\"has-medium-font-size\">L&rsquo;indice num\u00e9ro 1 finit par appara\u00eetre &#8230; Avec le temps &#8230;<\/p>\n\n\n\n<p class=\"has-medium-font-size\"><\/p>\n\n\n\n<figure class=\"wp-block-image size-full\"><img loading=\"lazy\" decoding=\"async\" width=\"850\" height=\"1002\" src=\"https:\/\/lecompagnonrouge.fr\/wp-content\/uploads\/2022\/03\/image-30.png\" alt=\"\" class=\"wp-image-8757\" srcset=\"https:\/\/lecompagnonrouge.fr\/wp-content\/uploads\/2022\/03\/image-30.png 850w, https:\/\/lecompagnonrouge.fr\/wp-content\/uploads\/2022\/03\/image-30-254x300.png 254w, https:\/\/lecompagnonrouge.fr\/wp-content\/uploads\/2022\/03\/image-30-768x905.png 768w, https:\/\/lecompagnonrouge.fr\/wp-content\/uploads\/2022\/03\/image-30-300x354.png 300w\" sizes=\"auto, (max-width: 850px) 100vw, 850px\" \/><\/figure>\n\n\n\n<p class=\"has-medium-font-size\"><\/p>\n\n\n\n<p class=\"has-small-font-size\"><a href=\"https:\/\/lecompagnonrouge.fr\/?s=Caryophyllales\">Caryophyllales<\/a>&gt;<a href=\"https:\/\/lecompagnonrouge.fr\/?s=Caryophyllaceae\">Caryophyllaceae<\/a>&gt;<a href=\"https:\/\/lecompagnonrouge.fr\/?s=Cerastium\">Cerastium<\/a> semidecandrum<\/p>\n\n\n\n<p><\/p>\n\n\n\n<p class=\"has-medium-font-size\">Annuelles des tonsures basophiles, sabulicoles, m\u00e9sohydriques. Phleo arenarii &#8211; Cerastietalia semidecandri (Glowacki 1988) de Foucault 1999<\/p>\n\n\n\n<p>Lieu(x) o\u00f9 la plante est photographi\u00e9e: Paris XIII<\/p>\n","protected":false},"excerpt":{"rendered":"<p>On rep\u00e8re, Cerastium semidecandrum, le c\u00e9raiste scarieux ou \u00e0 5 \u00e9tamines au fait que le p\u00e9dicelle de la fleur va \u00eatre nettement pench\u00e9e d\u00e8s son d\u00e9part, d\u00e8s sa base. Risque de confusion avec Cerastium pumilum, et ici en particulier avec Cerastium fontanum plus courant dans l&rsquo;agglom\u00e9ration parisienne. L&rsquo;identification a de plus lieu un peu t\u00f4t&#8230;<\/p>\n","protected":false},"author":1,"featured_media":406,"comment_status":"closed","ping_status":"open","sticky":false,"template":"","format":"standard","meta":{"footnotes":""},"categories":[88,89,93],"tags":[98,91,92],"class_list":["post-404","post","type-post","status-publish","format-standard","has-post-thumbnail","hentry","category-caryophyllaceae","category-cerastium","category-cerastium-semidecandrum","tag-ceraiste","tag-ceraiste-a-5-etamines","tag-ceraiste-scarieux"],"yoast_head":"<!-- This site is optimized with the Yoast SEO plugin v27.4 - https:\/\/yoast.com\/product\/yoast-seo-wordpress\/ -->\n<title>Cerastium semidecandrum. C\u00e9raiste \u00e0 5 \u00e9tamines. - Le Compagnon rouge<\/title>\n<meta name=\"description\" content=\"Caryophyllales, Caryophyllaceae, Cerastium semidecandrum\" \/>\n<meta name=\"robots\" content=\"index, follow, max-snippet:-1, max-image-preview:large, max-video-preview:-1\" \/>\n<link rel=\"canonical\" href=\"https:\/\/lecompagnonrouge.fr\/?p=404\" \/>\n<meta property=\"og:locale\" content=\"fr_FR\" \/>\n<meta property=\"og:type\" content=\"article\" \/>\n<meta property=\"og:title\" content=\"Cerastium semidecandrum. C\u00e9raiste \u00e0 5 \u00e9tamines. - Le Compagnon rouge\" \/>\n<meta property=\"og:description\" content=\"Caryophyllales, Caryophyllaceae, Cerastium semidecandrum\" \/>\n<meta property=\"og:url\" content=\"https:\/\/lecompagnonrouge.fr\/?p=404\" \/>\n<meta property=\"og:site_name\" content=\"Le Compagnon rouge\" \/>\n<meta property=\"article:published_time\" content=\"2022-03-20T13:19:33+00:00\" \/>\n<meta property=\"article:modified_time\" content=\"2025-01-23T17:04:01+00:00\" \/>\n<meta property=\"og:image\" content=\"https:\/\/lecompagnonrouge.fr\/wp-content\/uploads\/2022\/03\/cerastiumsemidecup.jpg\" \/>\n\t<meta property=\"og:image:width\" content=\"850\" \/>\n\t<meta property=\"og:image:height\" content=\"638\" \/>\n\t<meta property=\"og:image:type\" content=\"image\/jpeg\" \/>\n<meta name=\"author\" content=\"R1\" \/>\n<meta name=\"twitter:card\" content=\"summary_large_image\" \/>\n<meta name=\"twitter:label1\" content=\"\u00c9crit par\" \/>\n\t<meta name=\"twitter:data1\" content=\"R1\" \/>\n\t<meta name=\"twitter:label2\" content=\"Dur\u00e9e de lecture est.\" \/>\n\t<meta name=\"twitter:data2\" content=\"3 minutes\" \/>\n<script type=\"application\/ld+json\" class=\"yoast-schema-graph\">{\"@context\":\"https:\\\/\\\/schema.org\",\"@graph\":[{\"@type\":\"Article\",\"@id\":\"https:\\\/\\\/lecompagnonrouge.fr\\\/?p=404#article\",\"isPartOf\":{\"@id\":\"https:\\\/\\\/lecompagnonrouge.fr\\\/?p=404\"},\"author\":{\"name\":\"R1\",\"@id\":\"https:\\\/\\\/lecompagnonrouge.fr\\\/#\\\/schema\\\/person\\\/0025018a342b92eacca6f1e4c968a154\"},\"headline\":\"Cerastium semidecandrum. C\u00e9raiste \u00e0 5 \u00e9tamines.\",\"datePublished\":\"2022-03-20T13:19:33+00:00\",\"dateModified\":\"2025-01-23T17:04:01+00:00\",\"mainEntityOfPage\":{\"@id\":\"https:\\\/\\\/lecompagnonrouge.fr\\\/?p=404\"},\"wordCount\":309,\"publisher\":{\"@id\":\"https:\\\/\\\/lecompagnonrouge.fr\\\/#\\\/schema\\\/person\\\/0025018a342b92eacca6f1e4c968a154\"},\"image\":{\"@id\":\"https:\\\/\\\/lecompagnonrouge.fr\\\/?p=404#primaryimage\"},\"thumbnailUrl\":\"https:\\\/\\\/lecompagnonrouge.fr\\\/wp-content\\\/uploads\\\/2022\\\/03\\\/cerastiumsemidecup.jpg\",\"keywords\":[\"C\u00e9raiste\",\"C\u00e9raiste \u00e0 5 \u00e9tamines\",\"C\u00e9raiste scarieux\"],\"articleSection\":[\"Caryophyllaceae\",\"Cerastium\",\"Cerastium semidecandrum\"],\"inLanguage\":\"fr-BE\"},{\"@type\":\"WebPage\",\"@id\":\"https:\\\/\\\/lecompagnonrouge.fr\\\/?p=404\",\"url\":\"https:\\\/\\\/lecompagnonrouge.fr\\\/?p=404\",\"name\":\"Cerastium semidecandrum. C\u00e9raiste \u00e0 5 \u00e9tamines. - Le Compagnon rouge\",\"isPartOf\":{\"@id\":\"https:\\\/\\\/lecompagnonrouge.fr\\\/#website\"},\"primaryImageOfPage\":{\"@id\":\"https:\\\/\\\/lecompagnonrouge.fr\\\/?p=404#primaryimage\"},\"image\":{\"@id\":\"https:\\\/\\\/lecompagnonrouge.fr\\\/?p=404#primaryimage\"},\"thumbnailUrl\":\"https:\\\/\\\/lecompagnonrouge.fr\\\/wp-content\\\/uploads\\\/2022\\\/03\\\/cerastiumsemidecup.jpg\",\"datePublished\":\"2022-03-20T13:19:33+00:00\",\"dateModified\":\"2025-01-23T17:04:01+00:00\",\"description\":\"Caryophyllales, Caryophyllaceae, Cerastium semidecandrum\",\"breadcrumb\":{\"@id\":\"https:\\\/\\\/lecompagnonrouge.fr\\\/?p=404#breadcrumb\"},\"inLanguage\":\"fr-BE\",\"potentialAction\":[{\"@type\":\"ReadAction\",\"target\":[\"https:\\\/\\\/lecompagnonrouge.fr\\\/?p=404\"]}]},{\"@type\":\"ImageObject\",\"inLanguage\":\"fr-BE\",\"@id\":\"https:\\\/\\\/lecompagnonrouge.fr\\\/?p=404#primaryimage\",\"url\":\"https:\\\/\\\/lecompagnonrouge.fr\\\/wp-content\\\/uploads\\\/2022\\\/03\\\/cerastiumsemidecup.jpg\",\"contentUrl\":\"https:\\\/\\\/lecompagnonrouge.fr\\\/wp-content\\\/uploads\\\/2022\\\/03\\\/cerastiumsemidecup.jpg\",\"width\":850,\"height\":638,\"caption\":\"00100000\"},{\"@type\":\"BreadcrumbList\",\"@id\":\"https:\\\/\\\/lecompagnonrouge.fr\\\/?p=404#breadcrumb\",\"itemListElement\":[{\"@type\":\"ListItem\",\"position\":1,\"name\":\"Accueil\",\"item\":\"https:\\\/\\\/lecompagnonrouge.fr\\\/\"},{\"@type\":\"ListItem\",\"position\":2,\"name\":\"Cerastium semidecandrum. C\u00e9raiste \u00e0 5 \u00e9tamines.\"}]},{\"@type\":\"WebSite\",\"@id\":\"https:\\\/\\\/lecompagnonrouge.fr\\\/#website\",\"url\":\"https:\\\/\\\/lecompagnonrouge.fr\\\/\",\"name\":\"Le Compagnon rouge\",\"description\":\"M\u00e9morandum.\",\"publisher\":{\"@id\":\"https:\\\/\\\/lecompagnonrouge.fr\\\/#\\\/schema\\\/person\\\/0025018a342b92eacca6f1e4c968a154\"},\"potentialAction\":[{\"@type\":\"SearchAction\",\"target\":{\"@type\":\"EntryPoint\",\"urlTemplate\":\"https:\\\/\\\/lecompagnonrouge.fr\\\/?s={search_term_string}\"},\"query-input\":{\"@type\":\"PropertyValueSpecification\",\"valueRequired\":true,\"valueName\":\"search_term_string\"}}],\"inLanguage\":\"fr-BE\"},{\"@type\":[\"Person\",\"Organization\"],\"@id\":\"https:\\\/\\\/lecompagnonrouge.fr\\\/#\\\/schema\\\/person\\\/0025018a342b92eacca6f1e4c968a154\",\"name\":\"R1\",\"image\":{\"@type\":\"ImageObject\",\"inLanguage\":\"fr-BE\",\"@id\":\"https:\\\/\\\/lecompagnonrouge.fr\\\/wp-content\\\/uploads\\\/2022\\\/03\\\/identit.jpg\",\"url\":\"https:\\\/\\\/lecompagnonrouge.fr\\\/wp-content\\\/uploads\\\/2022\\\/03\\\/identit.jpg\",\"contentUrl\":\"https:\\\/\\\/lecompagnonrouge.fr\\\/wp-content\\\/uploads\\\/2022\\\/03\\\/identit.jpg\",\"width\":425,\"height\":545,\"caption\":\"R1\"},\"logo\":{\"@id\":\"https:\\\/\\\/lecompagnonrouge.fr\\\/wp-content\\\/uploads\\\/2022\\\/03\\\/identit.jpg\"},\"sameAs\":[\"http:\\\/\\\/lecompagnonrouge.fr\"],\"url\":\"https:\\\/\\\/lecompagnonrouge.fr\\\/?author=1\"}]}<\/script>\n<!-- \/ Yoast SEO plugin. -->","yoast_head_json":{"title":"Cerastium semidecandrum. C\u00e9raiste \u00e0 5 \u00e9tamines. - Le Compagnon rouge","description":"Caryophyllales, Caryophyllaceae, Cerastium semidecandrum","robots":{"index":"index","follow":"follow","max-snippet":"max-snippet:-1","max-image-preview":"max-image-preview:large","max-video-preview":"max-video-preview:-1"},"canonical":"https:\/\/lecompagnonrouge.fr\/?p=404","og_locale":"fr_FR","og_type":"article","og_title":"Cerastium semidecandrum. C\u00e9raiste \u00e0 5 \u00e9tamines. - Le Compagnon rouge","og_description":"Caryophyllales, Caryophyllaceae, Cerastium semidecandrum","og_url":"https:\/\/lecompagnonrouge.fr\/?p=404","og_site_name":"Le Compagnon rouge","article_published_time":"2022-03-20T13:19:33+00:00","article_modified_time":"2025-01-23T17:04:01+00:00","og_image":[{"width":850,"height":638,"url":"https:\/\/lecompagnonrouge.fr\/wp-content\/uploads\/2022\/03\/cerastiumsemidecup.jpg","type":"image\/jpeg"}],"author":"R1","twitter_card":"summary_large_image","twitter_misc":{"\u00c9crit par":"R1","Dur\u00e9e de lecture est.":"3 minutes"},"schema":{"@context":"https:\/\/schema.org","@graph":[{"@type":"Article","@id":"https:\/\/lecompagnonrouge.fr\/?p=404#article","isPartOf":{"@id":"https:\/\/lecompagnonrouge.fr\/?p=404"},"author":{"name":"R1","@id":"https:\/\/lecompagnonrouge.fr\/#\/schema\/person\/0025018a342b92eacca6f1e4c968a154"},"headline":"Cerastium semidecandrum. C\u00e9raiste \u00e0 5 \u00e9tamines.","datePublished":"2022-03-20T13:19:33+00:00","dateModified":"2025-01-23T17:04:01+00:00","mainEntityOfPage":{"@id":"https:\/\/lecompagnonrouge.fr\/?p=404"},"wordCount":309,"publisher":{"@id":"https:\/\/lecompagnonrouge.fr\/#\/schema\/person\/0025018a342b92eacca6f1e4c968a154"},"image":{"@id":"https:\/\/lecompagnonrouge.fr\/?p=404#primaryimage"},"thumbnailUrl":"https:\/\/lecompagnonrouge.fr\/wp-content\/uploads\/2022\/03\/cerastiumsemidecup.jpg","keywords":["C\u00e9raiste","C\u00e9raiste \u00e0 5 \u00e9tamines","C\u00e9raiste scarieux"],"articleSection":["Caryophyllaceae","Cerastium","Cerastium semidecandrum"],"inLanguage":"fr-BE"},{"@type":"WebPage","@id":"https:\/\/lecompagnonrouge.fr\/?p=404","url":"https:\/\/lecompagnonrouge.fr\/?p=404","name":"Cerastium semidecandrum. C\u00e9raiste \u00e0 5 \u00e9tamines. - Le Compagnon rouge","isPartOf":{"@id":"https:\/\/lecompagnonrouge.fr\/#website"},"primaryImageOfPage":{"@id":"https:\/\/lecompagnonrouge.fr\/?p=404#primaryimage"},"image":{"@id":"https:\/\/lecompagnonrouge.fr\/?p=404#primaryimage"},"thumbnailUrl":"https:\/\/lecompagnonrouge.fr\/wp-content\/uploads\/2022\/03\/cerastiumsemidecup.jpg","datePublished":"2022-03-20T13:19:33+00:00","dateModified":"2025-01-23T17:04:01+00:00","description":"Caryophyllales, Caryophyllaceae, Cerastium semidecandrum","breadcrumb":{"@id":"https:\/\/lecompagnonrouge.fr\/?p=404#breadcrumb"},"inLanguage":"fr-BE","potentialAction":[{"@type":"ReadAction","target":["https:\/\/lecompagnonrouge.fr\/?p=404"]}]},{"@type":"ImageObject","inLanguage":"fr-BE","@id":"https:\/\/lecompagnonrouge.fr\/?p=404#primaryimage","url":"https:\/\/lecompagnonrouge.fr\/wp-content\/uploads\/2022\/03\/cerastiumsemidecup.jpg","contentUrl":"https:\/\/lecompagnonrouge.fr\/wp-content\/uploads\/2022\/03\/cerastiumsemidecup.jpg","width":850,"height":638,"caption":"00100000"},{"@type":"BreadcrumbList","@id":"https:\/\/lecompagnonrouge.fr\/?p=404#breadcrumb","itemListElement":[{"@type":"ListItem","position":1,"name":"Accueil","item":"https:\/\/lecompagnonrouge.fr\/"},{"@type":"ListItem","position":2,"name":"Cerastium semidecandrum. C\u00e9raiste \u00e0 5 \u00e9tamines."}]},{"@type":"WebSite","@id":"https:\/\/lecompagnonrouge.fr\/#website","url":"https:\/\/lecompagnonrouge.fr\/","name":"Le Compagnon rouge","description":"M\u00e9morandum.","publisher":{"@id":"https:\/\/lecompagnonrouge.fr\/#\/schema\/person\/0025018a342b92eacca6f1e4c968a154"},"potentialAction":[{"@type":"SearchAction","target":{"@type":"EntryPoint","urlTemplate":"https:\/\/lecompagnonrouge.fr\/?s={search_term_string}"},"query-input":{"@type":"PropertyValueSpecification","valueRequired":true,"valueName":"search_term_string"}}],"inLanguage":"fr-BE"},{"@type":["Person","Organization"],"@id":"https:\/\/lecompagnonrouge.fr\/#\/schema\/person\/0025018a342b92eacca6f1e4c968a154","name":"R1","image":{"@type":"ImageObject","inLanguage":"fr-BE","@id":"https:\/\/lecompagnonrouge.fr\/wp-content\/uploads\/2022\/03\/identit.jpg","url":"https:\/\/lecompagnonrouge.fr\/wp-content\/uploads\/2022\/03\/identit.jpg","contentUrl":"https:\/\/lecompagnonrouge.fr\/wp-content\/uploads\/2022\/03\/identit.jpg","width":425,"height":545,"caption":"R1"},"logo":{"@id":"https:\/\/lecompagnonrouge.fr\/wp-content\/uploads\/2022\/03\/identit.jpg"},"sameAs":["http:\/\/lecompagnonrouge.fr"],"url":"https:\/\/lecompagnonrouge.fr\/?author=1"}]}},"_links":{"self":[{"href":"https:\/\/lecompagnonrouge.fr\/index.php?rest_route=\/wp\/v2\/posts\/404","targetHints":{"allow":["GET"]}}],"collection":[{"href":"https:\/\/lecompagnonrouge.fr\/index.php?rest_route=\/wp\/v2\/posts"}],"about":[{"href":"https:\/\/lecompagnonrouge.fr\/index.php?rest_route=\/wp\/v2\/types\/post"}],"author":[{"embeddable":true,"href":"https:\/\/lecompagnonrouge.fr\/index.php?rest_route=\/wp\/v2\/users\/1"}],"replies":[{"embeddable":true,"href":"https:\/\/lecompagnonrouge.fr\/index.php?rest_route=%2Fwp%2Fv2%2Fcomments&post=404"}],"version-history":[{"count":12,"href":"https:\/\/lecompagnonrouge.fr\/index.php?rest_route=\/wp\/v2\/posts\/404\/revisions"}],"predecessor-version":[{"id":8758,"href":"https:\/\/lecompagnonrouge.fr\/index.php?rest_route=\/wp\/v2\/posts\/404\/revisions\/8758"}],"wp:featuredmedia":[{"embeddable":true,"href":"https:\/\/lecompagnonrouge.fr\/index.php?rest_route=\/wp\/v2\/media\/406"}],"wp:attachment":[{"href":"https:\/\/lecompagnonrouge.fr\/index.php?rest_route=%2Fwp%2Fv2%2Fmedia&parent=404"}],"wp:term":[{"taxonomy":"category","embeddable":true,"href":"https:\/\/lecompagnonrouge.fr\/index.php?rest_route=%2Fwp%2Fv2%2Fcategories&post=404"},{"taxonomy":"post_tag","embeddable":true,"href":"https:\/\/lecompagnonrouge.fr\/index.php?rest_route=%2Fwp%2Fv2%2Ftags&post=404"}],"curies":[{"name":"wp","href":"https:\/\/api.w.org\/{rel}","templated":true}]}}