{"id":3490,"date":"2023-02-05T11:54:34","date_gmt":"2023-02-05T10:54:34","guid":{"rendered":"https:\/\/lecompagnonrouge.fr\/?p=3490"},"modified":"2025-07-08T06:21:16","modified_gmt":"2025-07-08T04:21:16","slug":"corylus-avellana-noisetier-commun","status":"publish","type":"post","link":"https:\/\/lecompagnonrouge.fr\/?p=3490","title":{"rendered":"Corylus avellana. Noisetier commun."},"content":{"rendered":"\n<p class=\"has-medium-font-size\">Lorsque j&rsquo;\u00e9tais pas grand, j&rsquo;habitais une  maison, situ\u00e9e sur un parcellaire accueillant un jardin largement nourricier appartenant \u00e0 l&rsquo;autre maison. Celle des propri\u00e9taires. Adorables. Le jardin descendait lentement vers une haie, un talus, un boisement hygrophile, et le ruisseau. A l&rsquo;ouest du parcellaire, la haie \u00e9tait de noisetiers. J&rsquo;y allais inlassablement. grimper dedans regarder de loin (de plus haut) la nature jouxtant le cours d&rsquo;eau, et inlassablement je me faisais souffler les poumons, que ce soit par mon p\u00e8re, par ma m\u00e8re ou par les propri\u00e9taires: \u00ab\u00a0Il y a des serpents, ici! Des vip\u00e8res!!\u00a0\u00bb<\/p>\n\n\n\n<p class=\"has-medium-font-size\">Aujourd&rsquo;hui, je me demande surtout quel \u00e2ge je pouvais alors avoir pour \u00eatre assez l\u00e9ger pour gravir les branches cassantes d&rsquo;un noisetier.<\/p>\n\n\n\n<p class=\"has-medium-font-size\">C&rsquo;est \u00e0 mon fr\u00e8re que je d\u00e9die ce billet. Car mon fr\u00e8re, il est super!<\/p>\n\n\n\n<p class=\"has-medium-font-size\">Le noisetier commun pousse en c\u00e9p\u00e9e. C&rsquo;est donc un arbrisseau. Chacune sait reconna\u00eetre un noisetier. L&rsquo;aspect morphologique pose cependant question. Tr\u00e8s orthotrope, avec une floraison grandement lat\u00e9ral. Cependant, pour les jardiniers, sa taille d\u00e9pendra beaucoup de son racinaire d&rsquo;une part, et de ses bourgeons assez souvent nettement visibles. <\/p>\n\n\n\n<p>MORPHOGENESE:<\/p>\n\n\n\n<p class=\"has-medium-font-size\">Sa Morphog\u00e9n\u00e8se est vraiment un peu difficile d&rsquo;appr\u00e9hension. Pafois donn\u00e9 en Troll. Mais je ne parviens pas. D\u00e9sol\u00e9. Pour moi &#8230; Enfin ce que je vois c&rsquo;est que les axes lat\u00e9raux secondaires sont pour beaucoup issus de bourgeons. Autrement dit le tronc n&rsquo;est pas un axe secondaire prenant naissance au sommet d&rsquo;un axe primaire courb\u00e9 car le bourrelet d&rsquo;insertion concerne la branche visible (si il s&rsquo;agissait d&rsquo;un troll, la branche visible serait partie ancienne de l&rsquo;axe principal et le bourrelet d&rsquo;insertion de la branche du dessus devenant tronc par la suite serait effac\u00e9 par le grossissement de ce dernier axe): c&rsquo;est pour \u00e7\u00e0 que je n&rsquo;arrive pas \u00e0 le voir comme \u00e7\u00e0. Cependant qu&rsquo;il y a quelques chances que je n&rsquo;ai r\u00e9ussi \u00e0 voir correctement que des branches apparaissant dans un second temps, apr\u00e8s la morphog\u00e9n\u00e8se.<\/p>\n\n\n\n<p class=\"has-medium-font-size\">La plus grosse difficult\u00e9 vient du fait que la plante soit un arbrisseau. Mais en plus un arbrisseau! Je l&rsquo;interpr\u00e8te comme un souche, mais en plus une souche: il est cespiteux. Cela nous renvoie donc tranquillement un mod\u00e8le en Tomlinson.<\/p>\n\n\n\n<p class=\"has-medium-font-size\">La seconde difficult\u00e9 est sa verticalit\u00e9. L&rsquo;approche premi\u00e8re serait de le renvoyer vers un mod\u00e8le en Rauh (axe principale vertical, axes secondaires se verticalisant, et donc axes tertiaires prenant naissances sur le dessous des axes secondaires et se verticalisant + fleurs sur le c\u00f4t\u00e9 des rameaux). Sauf que &#8230;<\/p>\n\n\n\n<p class=\"has-medium-font-size\">Le probl\u00e8me c&rsquo;est son d\u00e9veloppement manifestement sympodial: La forme du tronc, surtout au d\u00e9but. je s\u00e8che.<\/p>\n\n\n\n<p class=\"has-medium-font-size\">D&rsquo;autres mod\u00e8les sont sympodiaux. Et Troll pourrait globalement convenir mais si c&rsquo;est le cas se poser en tension avec le mod\u00e8le de Tomlinson.<\/p>\n\n\n\n<p>ECONOMIE ET ECOLOGIE:<\/p>\n\n\n\n<p class=\"has-medium-font-size\">Ici (Photo 1),une pratique originale dans un d\u00e9partement, o\u00f9 son fruit rev\u00eat une importance un peu particuli\u00e8re (plut\u00f4t depuis l&rsquo;est du d\u00e9partement).<\/p>\n\n\n\n<p class=\"has-medium-font-size\"><\/p>\n\n\n\n<figure class=\"wp-block-image size-full\"><img loading=\"lazy\" decoding=\"async\" width=\"850\" height=\"699\" src=\"https:\/\/lecompagnonrouge.fr\/wp-content\/uploads\/2023\/02\/oneIMG_20220115_135241-Copie.jpg\" alt=\"\" class=\"wp-image-3492\" srcset=\"https:\/\/lecompagnonrouge.fr\/wp-content\/uploads\/2023\/02\/oneIMG_20220115_135241-Copie.jpg 850w, https:\/\/lecompagnonrouge.fr\/wp-content\/uploads\/2023\/02\/oneIMG_20220115_135241-Copie-300x247.jpg 300w, https:\/\/lecompagnonrouge.fr\/wp-content\/uploads\/2023\/02\/oneIMG_20220115_135241-Copie-768x632.jpg 768w\" sizes=\"auto, (max-width: 850px) 100vw, 850px\" \/><\/figure>\n\n\n\n<p class=\"has-medium-font-size\">Il est tr\u00e8s ais\u00e9 de le rencontrer dans les lisi\u00e8res ou bordant les clairi\u00e8res. La lumi\u00e8re lui est pourtant n\u00e9cessaire pour pouvoir fructifier correctement, puisqu&rsquo;il ne fleurit pas \u00e0 l&rsquo;ombre.<\/p>\n\n\n\n<p class=\"has-medium-font-size\">Julve et Rameau diff\u00e8re l\u00e9g\u00e8rement sur son optimum de pH*. Globalement, c&rsquo;est une neutrophile \u00e0 large amplitude.<\/p>\n\n\n\n<p>*Consid\u00e9rer leurs accords, mais en prolongeant la question de la lecture du diagramme de Rameau avec une \u00e9tude de Sylvain Gaudin, et concernant l&rsquo;optimum, il peut appara\u00eetre une l\u00e9g\u00e8re inclination pour le 7+ chez Rameau, et une l\u00e9g\u00e8re inclination pour le 7- chez Julve (interm\u00e9diaire entre acidocline et neutrophile). Mais sachant que le neutre p\u00e9dologique est \u00e0 5, 5 (5, 47 et des poussi\u00e8res) &#8230;<\/p>\n\n\n\n<p class=\"has-medium-font-size\">Quoiqu&rsquo;il en soit, on le trouve en bords de boisements. Souvent, les pal\u00e9o-\u00e9cologues, ou pal\u00e9o-anthropologues vont s&rsquo;int\u00e9resser d&rsquo;assez pr\u00e8s au Ch\u00eanes et H\u00eatres (2 bois denses favorables aux feux des foyers, 2 bois durs permettant les constructions). J&rsquo;aimerai en voir plus \u00e0 propos du noisetier &#8230; En ce qu&rsquo;il peut se plaire lors de l&rsquo;ouverture de milieu. De certaines ouvertures de milieu. Certainement n&rsquo;ai-je pas port\u00e9 attention suffisante.<\/p>\n\n\n\n<p class=\"has-medium-font-size\">Cet arbrisseau est d&rsquo;un grand int\u00e9r\u00eat comme indicateur. Surtout en ce qu&rsquo;il amuse. Rameau le d\u00e9crit comme une plante nomade. Je suis d&rsquo;accord. Comment pourrai je ne pas l&rsquo;\u00eatre? Cependant, \u00e0 contrario des photos montr\u00e9es ici, sa position en pleine lumi\u00e8re n&rsquo;est pas \u00e9vidente ou en tous cas pas naturelle. Sa position en sous-bois me semble, peut-\u00eatre avec un peu trop d&rsquo;a priori moins importante que sa position en pr\u00e9-manteaux.<\/p>\n\n\n\n<p class=\"has-medium-font-size\">De fait Julve l&rsquo;int\u00e8gre \u00e0 une communaut\u00e9 de plantes pionni\u00e8res.<\/p>\n\n\n\n<p class=\"has-medium-font-size\">C&rsquo;est incontestablement un indicateur d&rsquo;ouverture de milieu, mais avec lequel une grande prudence est n\u00e9cessaire. La plante est ubiquiste.<\/p>\n\n\n\n<p class=\"has-medium-font-size\">Pour d\u00e9montrer que sa pr\u00e9sence indique une ouverture de milieu, il faut pouvoir garder en t\u00eate son comportement de pionni\u00e8re\/post-pionni\u00e8re lors des abandons de cultures. Il faut encore garder en t\u00eate que l&rsquo;on peut en trouver en sous-bois, mais sans capacit\u00e9 de floraison.<\/p>\n\n\n\n<p class=\"has-medium-font-size\">Si la structure du paysage indique assez bien o\u00f9 l&rsquo;on trouve les noisetiers (pr\u00e9-manteau des lisi\u00e8res, clairi\u00e8res, sous bois). La perception de sa position apr\u00e8s une longue p\u00e9riode de temps va \u00eatre plus complexe \u00e0 obtenir. P\u00e9riode parfois moins longue: Les prairies en d\u00e9prises c\u00e8dent tr\u00e8s vite aux ourlets en nappe, puis aux pr\u00e9-manteaux, et boisements. Sur une temporalit\u00e9 de vie humaine, la structure paysag\u00e8re restant toutefois normalement facilement lisible. D&rsquo;apr\u00e8s Carole B\u00e9geot, une augmentation brutale de la pluie pollinique indique bien plut\u00f4t une ouverture du milieu: plut\u00f4t de taille modeste ou encore plus petite (seules les traces de fleurs peuvent \u00eatre utilis\u00e9es). <\/p>\n\n\n\n<p class=\"has-medium-font-size\">Les pionni\u00e8res \u00ab\u00a0pures\u00a0\u00bb sont alors des indicateurs plus certains de l&rsquo;ouverture de milieux (bouleaux, trembles, peupliers, saules, aulnes &#8230; ); ouvertures sans doute plus larges que celles qui favorisent le noisetier, sauf peut-\u00eatre Alnus  <\/p>\n\n\n\n<p class=\"has-medium-font-size\">Anecdotiquement, la r\u00e9gion o\u00f9 sont prises les photos se sont plut\u00f4t ferm\u00e9es depuis la fin du XIX \u00e8me (avec tout d&rsquo;abord l&rsquo;instauration de bocages tr\u00e8s partiels, l&rsquo;industrie du bois, abandon des cultures), et le noisetier est ici beaucoup utilis\u00e9e en haies, produisant alors de tr\u00e8s petits fruits. Pommier (Malus domestica r\u00e9gressifs) peut \u00e9galement s&rsquo;y trouver, ainsi que sans surprise, les 2 ch\u00eanes inlassablement promeneurs: Quercus robur et Quercus petraea.<\/p>\n\n\n\n<figure class=\"wp-block-image size-large\"><img loading=\"lazy\" decoding=\"async\" width=\"768\" height=\"1024\" src=\"https:\/\/lecompagnonrouge.fr\/wp-content\/uploads\/2023\/02\/two-IMG_20220115_135137-Copie-768x1024.jpg\" alt=\"\" class=\"wp-image-3493\" srcset=\"https:\/\/lecompagnonrouge.fr\/wp-content\/uploads\/2023\/02\/two-IMG_20220115_135137-Copie-768x1024.jpg 768w, https:\/\/lecompagnonrouge.fr\/wp-content\/uploads\/2023\/02\/two-IMG_20220115_135137-Copie-225x300.jpg 225w, https:\/\/lecompagnonrouge.fr\/wp-content\/uploads\/2023\/02\/two-IMG_20220115_135137-Copie-300x400.jpg 300w, https:\/\/lecompagnonrouge.fr\/wp-content\/uploads\/2023\/02\/two-IMG_20220115_135137-Copie.jpg 850w\" sizes=\"auto, (max-width: 768px) 100vw, 768px\" \/><\/figure>\n\n\n\n<p><\/p>\n\n\n\n<p class=\"has-medium-font-size\">Son bois \u00e0 pu fournir des hampes \u00e0 fl\u00e8ches aux humains pr\u00e9historiques, \u00e0 partir du m\u00e9solithique.<\/p>\n\n\n\n<p class=\"has-medium-font-size\">Fait partie des ligneux fourragers.<\/p>\n\n\n\n<p class=\"has-medium-font-size\">Arbrisseau \u00e0 fruits comestibles, attirant Sciurus vulagaris, un petit gibier (non chass\u00e9, non mang\u00e9 et non autoris\u00e9 \u00e0 la chasse en France) parfois porteur de la rage. Son fruit est g\u00e9n\u00e9ralement recherch\u00e9 des rongeurs.<\/p>\n\n\n\n<p class=\"has-medium-font-size\">Le noisetier a un pollen allergisant.<\/p>\n\n\n\n<p class=\"has-small-font-size\"><a href=\"https:\/\/lecompagnonrouge.fr\/?s=fagales\">Fagales<\/a>&gt;<a href=\"https:\/\/lecompagnonrouge.fr\/?s=Betulaceae\">Betulaceae<\/a>&gt;<a href=\"https:\/\/lecompagnonrouge.fr\/?s=Corylus\">Corylus<\/a> avellana<\/p>\n\n\n\n<p class=\"has-medium-font-size\">Indications phytosociologiques de Julve: associations arborescentes pionni\u00e8res des contextes forestiers m\u00e9sotrophes. Corylo avellanae &#8211; Populion tremulae Braun-Blanquet 1961 ex Rivas-Mart\u00ednez &amp; Costa 1998<\/p>\n\n\n\n<p>Lieu(x) o\u00f9 la plante est photographi\u00e9e: sud de la Creuse <\/p>\n\n\n<div class=\"wp-block-image\">\n<figure class=\"aligncenter size-full\"><img loading=\"lazy\" decoding=\"async\" width=\"850\" height=\"916\" src=\"https:\/\/lecompagnonrouge.fr\/wp-content\/uploads\/2023\/02\/IMG_20240807_102201-Copie.jpg\" alt=\"\" class=\"wp-image-6998\" srcset=\"https:\/\/lecompagnonrouge.fr\/wp-content\/uploads\/2023\/02\/IMG_20240807_102201-Copie.jpg 850w, https:\/\/lecompagnonrouge.fr\/wp-content\/uploads\/2023\/02\/IMG_20240807_102201-Copie-278x300.jpg 278w, https:\/\/lecompagnonrouge.fr\/wp-content\/uploads\/2023\/02\/IMG_20240807_102201-Copie-768x828.jpg 768w, https:\/\/lecompagnonrouge.fr\/wp-content\/uploads\/2023\/02\/IMG_20240807_102201-Copie-300x323.jpg 300w\" sizes=\"auto, (max-width: 850px) 100vw, 850px\" \/><\/figure>\n<\/div>","protected":false},"excerpt":{"rendered":"<p>Lorsque j&rsquo;\u00e9tais pas grand, j&rsquo;habitais une maison, situ\u00e9e sur un parcellaire accueillant un jardin largement nourricier appartenant \u00e0 l&rsquo;autre maison. Celle des propri\u00e9taires. Adorables. Le jardin descendait lentement vers une haie, un talus, un boisement hygrophile, et le ruisseau. A l&rsquo;ouest du parcellaire, la haie \u00e9tait de noisetiers. J&rsquo;y allais inlassablement. grimper dedans regarder de&#8230;<\/p>\n","protected":false},"author":1,"featured_media":3491,"comment_status":"closed","ping_status":"open","sticky":false,"template":"","format":"standard","meta":{"footnotes":""},"categories":[652,653],"tags":[651],"class_list":["post-3490","post","type-post","status-publish","format-standard","has-post-thumbnail","hentry","category-betulaceae","category-corylus-avellana","tag-noisetier"],"yoast_head":"<!-- This site is optimized with the Yoast SEO plugin v27.4 - https:\/\/yoast.com\/product\/yoast-seo-wordpress\/ -->\n<title>Corylus avellana. Noisetier commun. - Le Compagnon rouge<\/title>\n<meta name=\"description\" content=\"Fagales, Betulaceae, Corylus avellana\" \/>\n<meta name=\"robots\" content=\"index, follow, max-snippet:-1, max-image-preview:large, max-video-preview:-1\" \/>\n<link rel=\"canonical\" href=\"https:\/\/lecompagnonrouge.fr\/?p=3490\" \/>\n<meta property=\"og:locale\" content=\"fr_FR\" \/>\n<meta property=\"og:type\" content=\"article\" \/>\n<meta property=\"og:title\" content=\"Corylus avellana. Noisetier commun. - Le Compagnon rouge\" \/>\n<meta property=\"og:description\" content=\"Fagales, Betulaceae, Corylus avellana\" \/>\n<meta property=\"og:url\" content=\"https:\/\/lecompagnonrouge.fr\/?p=3490\" \/>\n<meta property=\"og:site_name\" content=\"Le Compagnon rouge\" \/>\n<meta property=\"article:published_time\" content=\"2023-02-05T10:54:34+00:00\" \/>\n<meta property=\"article:modified_time\" content=\"2025-07-08T04:21:16+00:00\" \/>\n<meta property=\"og:image\" content=\"https:\/\/lecompagnonrouge.fr\/wp-content\/uploads\/2023\/02\/upIMG_20220115_135050-Copie.jpg\" \/>\n\t<meta property=\"og:image:width\" content=\"850\" \/>\n\t<meta property=\"og:image:height\" content=\"524\" \/>\n\t<meta property=\"og:image:type\" content=\"image\/jpeg\" \/>\n<meta name=\"author\" content=\"R1\" \/>\n<meta name=\"twitter:card\" content=\"summary_large_image\" \/>\n<meta name=\"twitter:label1\" content=\"\u00c9crit par\" \/>\n\t<meta name=\"twitter:data1\" content=\"R1\" \/>\n\t<meta name=\"twitter:label2\" content=\"Dur\u00e9e de lecture est.\" \/>\n\t<meta name=\"twitter:data2\" content=\"7 minutes\" \/>\n<script type=\"application\/ld+json\" class=\"yoast-schema-graph\">{\"@context\":\"https:\\\/\\\/schema.org\",\"@graph\":[{\"@type\":\"Article\",\"@id\":\"https:\\\/\\\/lecompagnonrouge.fr\\\/?p=3490#article\",\"isPartOf\":{\"@id\":\"https:\\\/\\\/lecompagnonrouge.fr\\\/?p=3490\"},\"author\":{\"name\":\"R1\",\"@id\":\"https:\\\/\\\/lecompagnonrouge.fr\\\/#\\\/schema\\\/person\\\/0025018a342b92eacca6f1e4c968a154\"},\"headline\":\"Corylus avellana. Noisetier commun.\",\"datePublished\":\"2023-02-05T10:54:34+00:00\",\"dateModified\":\"2025-07-08T04:21:16+00:00\",\"mainEntityOfPage\":{\"@id\":\"https:\\\/\\\/lecompagnonrouge.fr\\\/?p=3490\"},\"wordCount\":1243,\"publisher\":{\"@id\":\"https:\\\/\\\/lecompagnonrouge.fr\\\/#\\\/schema\\\/person\\\/0025018a342b92eacca6f1e4c968a154\"},\"image\":{\"@id\":\"https:\\\/\\\/lecompagnonrouge.fr\\\/?p=3490#primaryimage\"},\"thumbnailUrl\":\"https:\\\/\\\/lecompagnonrouge.fr\\\/wp-content\\\/uploads\\\/2023\\\/02\\\/upIMG_20220115_135050-Copie.jpg\",\"keywords\":[\"noisetier\"],\"articleSection\":[\"Betulaceae\",\"Corylus avellana\"],\"inLanguage\":\"fr-BE\"},{\"@type\":\"WebPage\",\"@id\":\"https:\\\/\\\/lecompagnonrouge.fr\\\/?p=3490\",\"url\":\"https:\\\/\\\/lecompagnonrouge.fr\\\/?p=3490\",\"name\":\"Corylus avellana. Noisetier commun. - Le Compagnon rouge\",\"isPartOf\":{\"@id\":\"https:\\\/\\\/lecompagnonrouge.fr\\\/#website\"},\"primaryImageOfPage\":{\"@id\":\"https:\\\/\\\/lecompagnonrouge.fr\\\/?p=3490#primaryimage\"},\"image\":{\"@id\":\"https:\\\/\\\/lecompagnonrouge.fr\\\/?p=3490#primaryimage\"},\"thumbnailUrl\":\"https:\\\/\\\/lecompagnonrouge.fr\\\/wp-content\\\/uploads\\\/2023\\\/02\\\/upIMG_20220115_135050-Copie.jpg\",\"datePublished\":\"2023-02-05T10:54:34+00:00\",\"dateModified\":\"2025-07-08T04:21:16+00:00\",\"description\":\"Fagales, Betulaceae, Corylus avellana\",\"breadcrumb\":{\"@id\":\"https:\\\/\\\/lecompagnonrouge.fr\\\/?p=3490#breadcrumb\"},\"inLanguage\":\"fr-BE\",\"potentialAction\":[{\"@type\":\"ReadAction\",\"target\":[\"https:\\\/\\\/lecompagnonrouge.fr\\\/?p=3490\"]}]},{\"@type\":\"ImageObject\",\"inLanguage\":\"fr-BE\",\"@id\":\"https:\\\/\\\/lecompagnonrouge.fr\\\/?p=3490#primaryimage\",\"url\":\"https:\\\/\\\/lecompagnonrouge.fr\\\/wp-content\\\/uploads\\\/2023\\\/02\\\/upIMG_20220115_135050-Copie.jpg\",\"contentUrl\":\"https:\\\/\\\/lecompagnonrouge.fr\\\/wp-content\\\/uploads\\\/2023\\\/02\\\/upIMG_20220115_135050-Copie.jpg\",\"width\":850,\"height\":524},{\"@type\":\"BreadcrumbList\",\"@id\":\"https:\\\/\\\/lecompagnonrouge.fr\\\/?p=3490#breadcrumb\",\"itemListElement\":[{\"@type\":\"ListItem\",\"position\":1,\"name\":\"Accueil\",\"item\":\"https:\\\/\\\/lecompagnonrouge.fr\\\/\"},{\"@type\":\"ListItem\",\"position\":2,\"name\":\"Corylus avellana. Noisetier commun.\"}]},{\"@type\":\"WebSite\",\"@id\":\"https:\\\/\\\/lecompagnonrouge.fr\\\/#website\",\"url\":\"https:\\\/\\\/lecompagnonrouge.fr\\\/\",\"name\":\"Le Compagnon rouge\",\"description\":\"M\u00e9morandum.\",\"publisher\":{\"@id\":\"https:\\\/\\\/lecompagnonrouge.fr\\\/#\\\/schema\\\/person\\\/0025018a342b92eacca6f1e4c968a154\"},\"potentialAction\":[{\"@type\":\"SearchAction\",\"target\":{\"@type\":\"EntryPoint\",\"urlTemplate\":\"https:\\\/\\\/lecompagnonrouge.fr\\\/?s={search_term_string}\"},\"query-input\":{\"@type\":\"PropertyValueSpecification\",\"valueRequired\":true,\"valueName\":\"search_term_string\"}}],\"inLanguage\":\"fr-BE\"},{\"@type\":[\"Person\",\"Organization\"],\"@id\":\"https:\\\/\\\/lecompagnonrouge.fr\\\/#\\\/schema\\\/person\\\/0025018a342b92eacca6f1e4c968a154\",\"name\":\"R1\",\"image\":{\"@type\":\"ImageObject\",\"inLanguage\":\"fr-BE\",\"@id\":\"https:\\\/\\\/lecompagnonrouge.fr\\\/wp-content\\\/uploads\\\/2022\\\/03\\\/identit.jpg\",\"url\":\"https:\\\/\\\/lecompagnonrouge.fr\\\/wp-content\\\/uploads\\\/2022\\\/03\\\/identit.jpg\",\"contentUrl\":\"https:\\\/\\\/lecompagnonrouge.fr\\\/wp-content\\\/uploads\\\/2022\\\/03\\\/identit.jpg\",\"width\":425,\"height\":545,\"caption\":\"R1\"},\"logo\":{\"@id\":\"https:\\\/\\\/lecompagnonrouge.fr\\\/wp-content\\\/uploads\\\/2022\\\/03\\\/identit.jpg\"},\"sameAs\":[\"http:\\\/\\\/lecompagnonrouge.fr\"],\"url\":\"https:\\\/\\\/lecompagnonrouge.fr\\\/?author=1\"}]}<\/script>\n<!-- \/ Yoast SEO plugin. -->","yoast_head_json":{"title":"Corylus avellana. Noisetier commun. - Le Compagnon rouge","description":"Fagales, Betulaceae, Corylus avellana","robots":{"index":"index","follow":"follow","max-snippet":"max-snippet:-1","max-image-preview":"max-image-preview:large","max-video-preview":"max-video-preview:-1"},"canonical":"https:\/\/lecompagnonrouge.fr\/?p=3490","og_locale":"fr_FR","og_type":"article","og_title":"Corylus avellana. Noisetier commun. - Le Compagnon rouge","og_description":"Fagales, Betulaceae, Corylus avellana","og_url":"https:\/\/lecompagnonrouge.fr\/?p=3490","og_site_name":"Le Compagnon rouge","article_published_time":"2023-02-05T10:54:34+00:00","article_modified_time":"2025-07-08T04:21:16+00:00","og_image":[{"width":850,"height":524,"url":"https:\/\/lecompagnonrouge.fr\/wp-content\/uploads\/2023\/02\/upIMG_20220115_135050-Copie.jpg","type":"image\/jpeg"}],"author":"R1","twitter_card":"summary_large_image","twitter_misc":{"\u00c9crit par":"R1","Dur\u00e9e de lecture est.":"7 minutes"},"schema":{"@context":"https:\/\/schema.org","@graph":[{"@type":"Article","@id":"https:\/\/lecompagnonrouge.fr\/?p=3490#article","isPartOf":{"@id":"https:\/\/lecompagnonrouge.fr\/?p=3490"},"author":{"name":"R1","@id":"https:\/\/lecompagnonrouge.fr\/#\/schema\/person\/0025018a342b92eacca6f1e4c968a154"},"headline":"Corylus avellana. Noisetier commun.","datePublished":"2023-02-05T10:54:34+00:00","dateModified":"2025-07-08T04:21:16+00:00","mainEntityOfPage":{"@id":"https:\/\/lecompagnonrouge.fr\/?p=3490"},"wordCount":1243,"publisher":{"@id":"https:\/\/lecompagnonrouge.fr\/#\/schema\/person\/0025018a342b92eacca6f1e4c968a154"},"image":{"@id":"https:\/\/lecompagnonrouge.fr\/?p=3490#primaryimage"},"thumbnailUrl":"https:\/\/lecompagnonrouge.fr\/wp-content\/uploads\/2023\/02\/upIMG_20220115_135050-Copie.jpg","keywords":["noisetier"],"articleSection":["Betulaceae","Corylus avellana"],"inLanguage":"fr-BE"},{"@type":"WebPage","@id":"https:\/\/lecompagnonrouge.fr\/?p=3490","url":"https:\/\/lecompagnonrouge.fr\/?p=3490","name":"Corylus avellana. Noisetier commun. - Le Compagnon rouge","isPartOf":{"@id":"https:\/\/lecompagnonrouge.fr\/#website"},"primaryImageOfPage":{"@id":"https:\/\/lecompagnonrouge.fr\/?p=3490#primaryimage"},"image":{"@id":"https:\/\/lecompagnonrouge.fr\/?p=3490#primaryimage"},"thumbnailUrl":"https:\/\/lecompagnonrouge.fr\/wp-content\/uploads\/2023\/02\/upIMG_20220115_135050-Copie.jpg","datePublished":"2023-02-05T10:54:34+00:00","dateModified":"2025-07-08T04:21:16+00:00","description":"Fagales, Betulaceae, Corylus avellana","breadcrumb":{"@id":"https:\/\/lecompagnonrouge.fr\/?p=3490#breadcrumb"},"inLanguage":"fr-BE","potentialAction":[{"@type":"ReadAction","target":["https:\/\/lecompagnonrouge.fr\/?p=3490"]}]},{"@type":"ImageObject","inLanguage":"fr-BE","@id":"https:\/\/lecompagnonrouge.fr\/?p=3490#primaryimage","url":"https:\/\/lecompagnonrouge.fr\/wp-content\/uploads\/2023\/02\/upIMG_20220115_135050-Copie.jpg","contentUrl":"https:\/\/lecompagnonrouge.fr\/wp-content\/uploads\/2023\/02\/upIMG_20220115_135050-Copie.jpg","width":850,"height":524},{"@type":"BreadcrumbList","@id":"https:\/\/lecompagnonrouge.fr\/?p=3490#breadcrumb","itemListElement":[{"@type":"ListItem","position":1,"name":"Accueil","item":"https:\/\/lecompagnonrouge.fr\/"},{"@type":"ListItem","position":2,"name":"Corylus avellana. Noisetier commun."}]},{"@type":"WebSite","@id":"https:\/\/lecompagnonrouge.fr\/#website","url":"https:\/\/lecompagnonrouge.fr\/","name":"Le Compagnon rouge","description":"M\u00e9morandum.","publisher":{"@id":"https:\/\/lecompagnonrouge.fr\/#\/schema\/person\/0025018a342b92eacca6f1e4c968a154"},"potentialAction":[{"@type":"SearchAction","target":{"@type":"EntryPoint","urlTemplate":"https:\/\/lecompagnonrouge.fr\/?s={search_term_string}"},"query-input":{"@type":"PropertyValueSpecification","valueRequired":true,"valueName":"search_term_string"}}],"inLanguage":"fr-BE"},{"@type":["Person","Organization"],"@id":"https:\/\/lecompagnonrouge.fr\/#\/schema\/person\/0025018a342b92eacca6f1e4c968a154","name":"R1","image":{"@type":"ImageObject","inLanguage":"fr-BE","@id":"https:\/\/lecompagnonrouge.fr\/wp-content\/uploads\/2022\/03\/identit.jpg","url":"https:\/\/lecompagnonrouge.fr\/wp-content\/uploads\/2022\/03\/identit.jpg","contentUrl":"https:\/\/lecompagnonrouge.fr\/wp-content\/uploads\/2022\/03\/identit.jpg","width":425,"height":545,"caption":"R1"},"logo":{"@id":"https:\/\/lecompagnonrouge.fr\/wp-content\/uploads\/2022\/03\/identit.jpg"},"sameAs":["http:\/\/lecompagnonrouge.fr"],"url":"https:\/\/lecompagnonrouge.fr\/?author=1"}]}},"_links":{"self":[{"href":"https:\/\/lecompagnonrouge.fr\/index.php?rest_route=\/wp\/v2\/posts\/3490","targetHints":{"allow":["GET"]}}],"collection":[{"href":"https:\/\/lecompagnonrouge.fr\/index.php?rest_route=\/wp\/v2\/posts"}],"about":[{"href":"https:\/\/lecompagnonrouge.fr\/index.php?rest_route=\/wp\/v2\/types\/post"}],"author":[{"embeddable":true,"href":"https:\/\/lecompagnonrouge.fr\/index.php?rest_route=\/wp\/v2\/users\/1"}],"replies":[{"embeddable":true,"href":"https:\/\/lecompagnonrouge.fr\/index.php?rest_route=%2Fwp%2Fv2%2Fcomments&post=3490"}],"version-history":[{"count":28,"href":"https:\/\/lecompagnonrouge.fr\/index.php?rest_route=\/wp\/v2\/posts\/3490\/revisions"}],"predecessor-version":[{"id":10420,"href":"https:\/\/lecompagnonrouge.fr\/index.php?rest_route=\/wp\/v2\/posts\/3490\/revisions\/10420"}],"wp:featuredmedia":[{"embeddable":true,"href":"https:\/\/lecompagnonrouge.fr\/index.php?rest_route=\/wp\/v2\/media\/3491"}],"wp:attachment":[{"href":"https:\/\/lecompagnonrouge.fr\/index.php?rest_route=%2Fwp%2Fv2%2Fmedia&parent=3490"}],"wp:term":[{"taxonomy":"category","embeddable":true,"href":"https:\/\/lecompagnonrouge.fr\/index.php?rest_route=%2Fwp%2Fv2%2Fcategories&post=3490"},{"taxonomy":"post_tag","embeddable":true,"href":"https:\/\/lecompagnonrouge.fr\/index.php?rest_route=%2Fwp%2Fv2%2Ftags&post=3490"}],"curies":[{"name":"wp","href":"https:\/\/api.w.org\/{rel}","templated":true}]}}