{"id":3471,"date":"2023-02-04T18:30:10","date_gmt":"2023-02-04T17:30:10","guid":{"rendered":"https:\/\/lecompagnonrouge.fr\/?p=3471"},"modified":"2024-11-23T13:48:28","modified_gmt":"2024-11-23T12:48:28","slug":"coronilla-varia-coronille-changeante","status":"publish","type":"post","link":"https:\/\/lecompagnonrouge.fr\/?p=3471","title":{"rendered":"Coronilla varia. Coronille changeante"},"content":{"rendered":"\n<p>[Synonymie: Coronilla varia = Securigera varia]<\/p>\n\n\n\n<p class=\"has-medium-font-size\">Plante \u00e0 tige ronde, \u00e0 feuilles pr\u00e9sentant le plus souvent plus de 5 folioles, la terminale \u00e9tant de taille semblable au lat\u00e9rales. Inflorescence en ombelle de fleurs claires (blanches, roses claires ou panach\u00e9es), non soutenue par une bract\u00e9e penn\u00e9e.<\/p>\n\n\n\n<figure class=\"wp-block-image size-full\"><img loading=\"lazy\" decoding=\"async\" width=\"850\" height=\"519\" src=\"https:\/\/lecompagnonrouge.fr\/wp-content\/uploads\/2023\/02\/IMG_20210902_165734.jpg\" alt=\"\" class=\"wp-image-3473\" srcset=\"https:\/\/lecompagnonrouge.fr\/wp-content\/uploads\/2023\/02\/IMG_20210902_165734.jpg 850w, https:\/\/lecompagnonrouge.fr\/wp-content\/uploads\/2023\/02\/IMG_20210902_165734-300x183.jpg 300w, https:\/\/lecompagnonrouge.fr\/wp-content\/uploads\/2023\/02\/IMG_20210902_165734-768x469.jpg 768w\" sizes=\"auto, (max-width: 850px) 100vw, 850px\" \/><\/figure>\n\n\n\n<p class=\"has-small-font-size\"><a href=\"https:\/\/lecompagnonrouge.fr\/?s=fabales\">Fabales<\/a>&gt;<a href=\"https:\/\/lecompagnonrouge.fr\/?s=fabaceae\">Fabaceae<\/a>&gt;<a href=\"https:\/\/lecompagnonrouge.fr\/?s=Coronilla\">Coronilla<\/a> varia<\/p>\n\n\n\n<p>Indications de Julve: ourlets externes basophiles m\u00e9dio-europ\u00e9ens, m\u00e9sox\u00e9rophiles, occidentaux. Tanaceto corymbosi &#8211; Bupleurion falcati subsp. falcati Julve 1993<\/p>\n\n\n\n<p>Lieu(x) o\u00f9 la plante est photographi\u00e9e: Montreuil sous bois (parc des Beaumonts)<\/p>\n\n\n\t\t<div\n            id=\"wpmapblock_4e6688b8\"\n            data-settings='{&quot;map_marker&quot;:[{&quot;lat&quot;:&quot;48.858639&quot;,&quot;lng&quot;:&quot;2.455548&quot;,&quot;title&quot;:&quot;Coronilla varia&quot;,&quot;content&quot;:&quot;Altitude 112 m&quot;,&quot;iconType&quot;:&quot;default&quot;,&quot;customIconUrl&quot;:&quot;&quot;,&quot;customIconWidth&quot;:&quot;25&quot;,&quot;customIconHeight&quot;:&quot;40&quot;}],&quot;map_zoom&quot;:&quot;18&quot;,&quot;scroll_wheel_zoom&quot;:&quot;1&quot;,&quot;map_type&quot;:&quot;OSM&quot;,&quot;center_index&quot;:0}'\n            class=\"wpmapblockrender\"\n            style=\"\n\t\t\twidth: 100%;\n\t\t\theight: 500px;\n\t\t\"\n            >\n        <\/div>\n        ","protected":false},"excerpt":{"rendered":"<p>[Synonymie: Coronilla varia = Securigera varia] Plante \u00e0 tige ronde, \u00e0 feuilles pr\u00e9sentant le plus souvent plus de 5 folioles, la terminale \u00e9tant de taille semblable au lat\u00e9rales. Inflorescence en ombelle de fleurs claires (blanches, roses claires ou panach\u00e9es), non soutenue par une bract\u00e9e penn\u00e9e. Fabales&gt;Fabaceae&gt;Coronilla varia Indications de Julve: ourlets externes basophiles m\u00e9dio-europ\u00e9ens, m\u00e9sox\u00e9rophiles,&#8230;<\/p>\n","protected":false},"author":1,"featured_media":3472,"comment_status":"closed","ping_status":"open","sticky":false,"template":"","format":"standard","meta":{"footnotes":""},"categories":[650,109],"tags":[649],"class_list":["post-3471","post","type-post","status-publish","format-standard","has-post-thumbnail","hentry","category-coronilla-varia","category-fabaceae","tag-coronille-changeante"],"yoast_head":"<!-- This site is optimized with the Yoast SEO plugin v27.4 - https:\/\/yoast.com\/product\/yoast-seo-wordpress\/ -->\n<title>Coronilla varia. Coronille changeante - Le Compagnon rouge<\/title>\n<meta name=\"description\" content=\"Fabales, Fabaceae, Coronilla varia\" \/>\n<meta name=\"robots\" content=\"index, follow, max-snippet:-1, max-image-preview:large, max-video-preview:-1\" \/>\n<link rel=\"canonical\" href=\"https:\/\/lecompagnonrouge.fr\/?p=3471\" \/>\n<meta property=\"og:locale\" content=\"fr_FR\" \/>\n<meta property=\"og:type\" content=\"article\" \/>\n<meta property=\"og:title\" content=\"Coronilla varia. Coronille changeante - Le Compagnon rouge\" \/>\n<meta property=\"og:description\" content=\"Fabales, Fabaceae, Coronilla varia\" \/>\n<meta property=\"og:url\" content=\"https:\/\/lecompagnonrouge.fr\/?p=3471\" \/>\n<meta property=\"og:site_name\" content=\"Le Compagnon rouge\" \/>\n<meta property=\"article:published_time\" content=\"2023-02-04T17:30:10+00:00\" \/>\n<meta property=\"article:modified_time\" content=\"2024-11-23T12:48:28+00:00\" \/>\n<meta property=\"og:image\" content=\"https:\/\/lecompagnonrouge.fr\/wp-content\/uploads\/2023\/02\/IMG_20210902_165757.jpg\" \/>\n\t<meta property=\"og:image:width\" content=\"850\" \/>\n\t<meta property=\"og:image:height\" content=\"1133\" \/>\n\t<meta property=\"og:image:type\" content=\"image\/jpeg\" \/>\n<meta name=\"author\" content=\"R1\" \/>\n<meta name=\"twitter:card\" content=\"summary_large_image\" \/>\n<meta name=\"twitter:label1\" content=\"\u00c9crit par\" \/>\n\t<meta name=\"twitter:data1\" content=\"R1\" \/>\n\t<meta name=\"twitter:label2\" content=\"Dur\u00e9e de lecture est.\" \/>\n\t<meta name=\"twitter:data2\" content=\"1 minute\" \/>\n<script type=\"application\/ld+json\" class=\"yoast-schema-graph\">{\"@context\":\"https:\\\/\\\/schema.org\",\"@graph\":[{\"@type\":\"Article\",\"@id\":\"https:\\\/\\\/lecompagnonrouge.fr\\\/?p=3471#article\",\"isPartOf\":{\"@id\":\"https:\\\/\\\/lecompagnonrouge.fr\\\/?p=3471\"},\"author\":{\"name\":\"R1\",\"@id\":\"https:\\\/\\\/lecompagnonrouge.fr\\\/#\\\/schema\\\/person\\\/0025018a342b92eacca6f1e4c968a154\"},\"headline\":\"Coronilla varia. Coronille changeante\",\"datePublished\":\"2023-02-04T17:30:10+00:00\",\"dateModified\":\"2024-11-23T12:48:28+00:00\",\"mainEntityOfPage\":{\"@id\":\"https:\\\/\\\/lecompagnonrouge.fr\\\/?p=3471\"},\"wordCount\":91,\"publisher\":{\"@id\":\"https:\\\/\\\/lecompagnonrouge.fr\\\/#\\\/schema\\\/person\\\/0025018a342b92eacca6f1e4c968a154\"},\"image\":{\"@id\":\"https:\\\/\\\/lecompagnonrouge.fr\\\/?p=3471#primaryimage\"},\"thumbnailUrl\":\"https:\\\/\\\/lecompagnonrouge.fr\\\/wp-content\\\/uploads\\\/2023\\\/02\\\/IMG_20210902_165757.jpg\",\"keywords\":[\"Coronille changeante\"],\"articleSection\":[\"Coronilla varia\",\"Fabaceae\"],\"inLanguage\":\"fr-BE\"},{\"@type\":\"WebPage\",\"@id\":\"https:\\\/\\\/lecompagnonrouge.fr\\\/?p=3471\",\"url\":\"https:\\\/\\\/lecompagnonrouge.fr\\\/?p=3471\",\"name\":\"Coronilla varia. Coronille changeante - Le Compagnon rouge\",\"isPartOf\":{\"@id\":\"https:\\\/\\\/lecompagnonrouge.fr\\\/#website\"},\"primaryImageOfPage\":{\"@id\":\"https:\\\/\\\/lecompagnonrouge.fr\\\/?p=3471#primaryimage\"},\"image\":{\"@id\":\"https:\\\/\\\/lecompagnonrouge.fr\\\/?p=3471#primaryimage\"},\"thumbnailUrl\":\"https:\\\/\\\/lecompagnonrouge.fr\\\/wp-content\\\/uploads\\\/2023\\\/02\\\/IMG_20210902_165757.jpg\",\"datePublished\":\"2023-02-04T17:30:10+00:00\",\"dateModified\":\"2024-11-23T12:48:28+00:00\",\"description\":\"Fabales, Fabaceae, Coronilla varia\",\"breadcrumb\":{\"@id\":\"https:\\\/\\\/lecompagnonrouge.fr\\\/?p=3471#breadcrumb\"},\"inLanguage\":\"fr-BE\",\"potentialAction\":[{\"@type\":\"ReadAction\",\"target\":[\"https:\\\/\\\/lecompagnonrouge.fr\\\/?p=3471\"]}]},{\"@type\":\"ImageObject\",\"inLanguage\":\"fr-BE\",\"@id\":\"https:\\\/\\\/lecompagnonrouge.fr\\\/?p=3471#primaryimage\",\"url\":\"https:\\\/\\\/lecompagnonrouge.fr\\\/wp-content\\\/uploads\\\/2023\\\/02\\\/IMG_20210902_165757.jpg\",\"contentUrl\":\"https:\\\/\\\/lecompagnonrouge.fr\\\/wp-content\\\/uploads\\\/2023\\\/02\\\/IMG_20210902_165757.jpg\",\"width\":850,\"height\":1133,\"caption\":\"00100000\"},{\"@type\":\"BreadcrumbList\",\"@id\":\"https:\\\/\\\/lecompagnonrouge.fr\\\/?p=3471#breadcrumb\",\"itemListElement\":[{\"@type\":\"ListItem\",\"position\":1,\"name\":\"Accueil\",\"item\":\"https:\\\/\\\/lecompagnonrouge.fr\\\/\"},{\"@type\":\"ListItem\",\"position\":2,\"name\":\"Coronilla varia. Coronille changeante\"}]},{\"@type\":\"WebSite\",\"@id\":\"https:\\\/\\\/lecompagnonrouge.fr\\\/#website\",\"url\":\"https:\\\/\\\/lecompagnonrouge.fr\\\/\",\"name\":\"Le Compagnon rouge\",\"description\":\"M\u00e9morandum.\",\"publisher\":{\"@id\":\"https:\\\/\\\/lecompagnonrouge.fr\\\/#\\\/schema\\\/person\\\/0025018a342b92eacca6f1e4c968a154\"},\"potentialAction\":[{\"@type\":\"SearchAction\",\"target\":{\"@type\":\"EntryPoint\",\"urlTemplate\":\"https:\\\/\\\/lecompagnonrouge.fr\\\/?s={search_term_string}\"},\"query-input\":{\"@type\":\"PropertyValueSpecification\",\"valueRequired\":true,\"valueName\":\"search_term_string\"}}],\"inLanguage\":\"fr-BE\"},{\"@type\":[\"Person\",\"Organization\"],\"@id\":\"https:\\\/\\\/lecompagnonrouge.fr\\\/#\\\/schema\\\/person\\\/0025018a342b92eacca6f1e4c968a154\",\"name\":\"R1\",\"image\":{\"@type\":\"ImageObject\",\"inLanguage\":\"fr-BE\",\"@id\":\"https:\\\/\\\/lecompagnonrouge.fr\\\/wp-content\\\/uploads\\\/2022\\\/03\\\/identit.jpg\",\"url\":\"https:\\\/\\\/lecompagnonrouge.fr\\\/wp-content\\\/uploads\\\/2022\\\/03\\\/identit.jpg\",\"contentUrl\":\"https:\\\/\\\/lecompagnonrouge.fr\\\/wp-content\\\/uploads\\\/2022\\\/03\\\/identit.jpg\",\"width\":425,\"height\":545,\"caption\":\"R1\"},\"logo\":{\"@id\":\"https:\\\/\\\/lecompagnonrouge.fr\\\/wp-content\\\/uploads\\\/2022\\\/03\\\/identit.jpg\"},\"sameAs\":[\"http:\\\/\\\/lecompagnonrouge.fr\"],\"url\":\"https:\\\/\\\/lecompagnonrouge.fr\\\/?author=1\"}]}<\/script>\n<!-- \/ Yoast SEO plugin. -->","yoast_head_json":{"title":"Coronilla varia. Coronille changeante - Le Compagnon rouge","description":"Fabales, Fabaceae, Coronilla varia","robots":{"index":"index","follow":"follow","max-snippet":"max-snippet:-1","max-image-preview":"max-image-preview:large","max-video-preview":"max-video-preview:-1"},"canonical":"https:\/\/lecompagnonrouge.fr\/?p=3471","og_locale":"fr_FR","og_type":"article","og_title":"Coronilla varia. Coronille changeante - Le Compagnon rouge","og_description":"Fabales, Fabaceae, Coronilla varia","og_url":"https:\/\/lecompagnonrouge.fr\/?p=3471","og_site_name":"Le Compagnon rouge","article_published_time":"2023-02-04T17:30:10+00:00","article_modified_time":"2024-11-23T12:48:28+00:00","og_image":[{"width":850,"height":1133,"url":"https:\/\/lecompagnonrouge.fr\/wp-content\/uploads\/2023\/02\/IMG_20210902_165757.jpg","type":"image\/jpeg"}],"author":"R1","twitter_card":"summary_large_image","twitter_misc":{"\u00c9crit par":"R1","Dur\u00e9e de lecture est.":"1 minute"},"schema":{"@context":"https:\/\/schema.org","@graph":[{"@type":"Article","@id":"https:\/\/lecompagnonrouge.fr\/?p=3471#article","isPartOf":{"@id":"https:\/\/lecompagnonrouge.fr\/?p=3471"},"author":{"name":"R1","@id":"https:\/\/lecompagnonrouge.fr\/#\/schema\/person\/0025018a342b92eacca6f1e4c968a154"},"headline":"Coronilla varia. Coronille changeante","datePublished":"2023-02-04T17:30:10+00:00","dateModified":"2024-11-23T12:48:28+00:00","mainEntityOfPage":{"@id":"https:\/\/lecompagnonrouge.fr\/?p=3471"},"wordCount":91,"publisher":{"@id":"https:\/\/lecompagnonrouge.fr\/#\/schema\/person\/0025018a342b92eacca6f1e4c968a154"},"image":{"@id":"https:\/\/lecompagnonrouge.fr\/?p=3471#primaryimage"},"thumbnailUrl":"https:\/\/lecompagnonrouge.fr\/wp-content\/uploads\/2023\/02\/IMG_20210902_165757.jpg","keywords":["Coronille changeante"],"articleSection":["Coronilla varia","Fabaceae"],"inLanguage":"fr-BE"},{"@type":"WebPage","@id":"https:\/\/lecompagnonrouge.fr\/?p=3471","url":"https:\/\/lecompagnonrouge.fr\/?p=3471","name":"Coronilla varia. Coronille changeante - Le Compagnon rouge","isPartOf":{"@id":"https:\/\/lecompagnonrouge.fr\/#website"},"primaryImageOfPage":{"@id":"https:\/\/lecompagnonrouge.fr\/?p=3471#primaryimage"},"image":{"@id":"https:\/\/lecompagnonrouge.fr\/?p=3471#primaryimage"},"thumbnailUrl":"https:\/\/lecompagnonrouge.fr\/wp-content\/uploads\/2023\/02\/IMG_20210902_165757.jpg","datePublished":"2023-02-04T17:30:10+00:00","dateModified":"2024-11-23T12:48:28+00:00","description":"Fabales, Fabaceae, Coronilla varia","breadcrumb":{"@id":"https:\/\/lecompagnonrouge.fr\/?p=3471#breadcrumb"},"inLanguage":"fr-BE","potentialAction":[{"@type":"ReadAction","target":["https:\/\/lecompagnonrouge.fr\/?p=3471"]}]},{"@type":"ImageObject","inLanguage":"fr-BE","@id":"https:\/\/lecompagnonrouge.fr\/?p=3471#primaryimage","url":"https:\/\/lecompagnonrouge.fr\/wp-content\/uploads\/2023\/02\/IMG_20210902_165757.jpg","contentUrl":"https:\/\/lecompagnonrouge.fr\/wp-content\/uploads\/2023\/02\/IMG_20210902_165757.jpg","width":850,"height":1133,"caption":"00100000"},{"@type":"BreadcrumbList","@id":"https:\/\/lecompagnonrouge.fr\/?p=3471#breadcrumb","itemListElement":[{"@type":"ListItem","position":1,"name":"Accueil","item":"https:\/\/lecompagnonrouge.fr\/"},{"@type":"ListItem","position":2,"name":"Coronilla varia. Coronille changeante"}]},{"@type":"WebSite","@id":"https:\/\/lecompagnonrouge.fr\/#website","url":"https:\/\/lecompagnonrouge.fr\/","name":"Le Compagnon rouge","description":"M\u00e9morandum.","publisher":{"@id":"https:\/\/lecompagnonrouge.fr\/#\/schema\/person\/0025018a342b92eacca6f1e4c968a154"},"potentialAction":[{"@type":"SearchAction","target":{"@type":"EntryPoint","urlTemplate":"https:\/\/lecompagnonrouge.fr\/?s={search_term_string}"},"query-input":{"@type":"PropertyValueSpecification","valueRequired":true,"valueName":"search_term_string"}}],"inLanguage":"fr-BE"},{"@type":["Person","Organization"],"@id":"https:\/\/lecompagnonrouge.fr\/#\/schema\/person\/0025018a342b92eacca6f1e4c968a154","name":"R1","image":{"@type":"ImageObject","inLanguage":"fr-BE","@id":"https:\/\/lecompagnonrouge.fr\/wp-content\/uploads\/2022\/03\/identit.jpg","url":"https:\/\/lecompagnonrouge.fr\/wp-content\/uploads\/2022\/03\/identit.jpg","contentUrl":"https:\/\/lecompagnonrouge.fr\/wp-content\/uploads\/2022\/03\/identit.jpg","width":425,"height":545,"caption":"R1"},"logo":{"@id":"https:\/\/lecompagnonrouge.fr\/wp-content\/uploads\/2022\/03\/identit.jpg"},"sameAs":["http:\/\/lecompagnonrouge.fr"],"url":"https:\/\/lecompagnonrouge.fr\/?author=1"}]}},"_links":{"self":[{"href":"https:\/\/lecompagnonrouge.fr\/index.php?rest_route=\/wp\/v2\/posts\/3471","targetHints":{"allow":["GET"]}}],"collection":[{"href":"https:\/\/lecompagnonrouge.fr\/index.php?rest_route=\/wp\/v2\/posts"}],"about":[{"href":"https:\/\/lecompagnonrouge.fr\/index.php?rest_route=\/wp\/v2\/types\/post"}],"author":[{"embeddable":true,"href":"https:\/\/lecompagnonrouge.fr\/index.php?rest_route=\/wp\/v2\/users\/1"}],"replies":[{"embeddable":true,"href":"https:\/\/lecompagnonrouge.fr\/index.php?rest_route=%2Fwp%2Fv2%2Fcomments&post=3471"}],"version-history":[{"count":5,"href":"https:\/\/lecompagnonrouge.fr\/index.php?rest_route=\/wp\/v2\/posts\/3471\/revisions"}],"predecessor-version":[{"id":8413,"href":"https:\/\/lecompagnonrouge.fr\/index.php?rest_route=\/wp\/v2\/posts\/3471\/revisions\/8413"}],"wp:featuredmedia":[{"embeddable":true,"href":"https:\/\/lecompagnonrouge.fr\/index.php?rest_route=\/wp\/v2\/media\/3472"}],"wp:attachment":[{"href":"https:\/\/lecompagnonrouge.fr\/index.php?rest_route=%2Fwp%2Fv2%2Fmedia&parent=3471"}],"wp:term":[{"taxonomy":"category","embeddable":true,"href":"https:\/\/lecompagnonrouge.fr\/index.php?rest_route=%2Fwp%2Fv2%2Fcategories&post=3471"},{"taxonomy":"post_tag","embeddable":true,"href":"https:\/\/lecompagnonrouge.fr\/index.php?rest_route=%2Fwp%2Fv2%2Ftags&post=3471"}],"curies":[{"name":"wp","href":"https:\/\/api.w.org\/{rel}","templated":true}]}}