{"id":3460,"date":"2023-02-04T17:22:13","date_gmt":"2023-02-04T16:22:13","guid":{"rendered":"https:\/\/lecompagnonrouge.fr\/?p=3460"},"modified":"2024-11-23T13:43:18","modified_gmt":"2024-11-23T12:43:18","slug":"medicago-sativa-subsp-sativa-luzerne-cultivee","status":"publish","type":"post","link":"https:\/\/lecompagnonrouge.fr\/?p=3460","title":{"rendered":"Medicago sativa subsp. sativa. Luzerne cultiv\u00e9e."},"content":{"rendered":"\n<p>A savoir: on ne d\u00e9termine certainement les luzernes qu&rsquo;apr\u00e8s observation fine du fruit.<\/p>\n\n\n\n<p class=\"has-medium-font-size\">Luzerne h\u00e9micryptophyte verte ou \u00e0 poils \u00e9pars, parfois ligneuse ou subligneuse \u00e0 la base. <\/p>\n\n\n\n<p class=\"has-medium-font-size\">Elle pr\u00e9sente des fleurs violettes \u00e0 c\u0153ur pouvant \u00eatre blanc. <\/p>\n\n\n\n<p class=\"has-medium-font-size\">Mais si panachure marqu\u00e9e, bien bigarr\u00e9e (y compris parfois entre les inflo sur un m\u00eame individu), jaune vif ou sale ou encore verte -&gt; il peut s&rsquo;agir de Medicago sativa nothosubsp. media.<\/p>\n\n\n\n<figure class=\"wp-block-image size-large\"><img loading=\"lazy\" decoding=\"async\" width=\"768\" height=\"1024\" src=\"https:\/\/lecompagnonrouge.fr\/wp-content\/uploads\/2023\/02\/IMG_20220501_171639-768x1024.jpg\" alt=\"\" class=\"wp-image-3462\" srcset=\"https:\/\/lecompagnonrouge.fr\/wp-content\/uploads\/2023\/02\/IMG_20220501_171639-768x1024.jpg 768w, https:\/\/lecompagnonrouge.fr\/wp-content\/uploads\/2023\/02\/IMG_20220501_171639-225x300.jpg 225w, https:\/\/lecompagnonrouge.fr\/wp-content\/uploads\/2023\/02\/IMG_20220501_171639-300x400.jpg 300w, https:\/\/lecompagnonrouge.fr\/wp-content\/uploads\/2023\/02\/IMG_20220501_171639.jpg 850w\" sizes=\"auto, (max-width: 768px) 100vw, 768px\" \/><\/figure>\n\n\n\n<p><\/p>\n\n\n\n<p class=\"has-medium-font-size\">Ses gousses, non glanduleuses pr\u00e9sentent 1 \u00e0 3 tours de spire.<\/p>\n\n\n\n<figure class=\"wp-block-image size-full\"><img loading=\"lazy\" decoding=\"async\" width=\"850\" height=\"607\" src=\"https:\/\/lecompagnonrouge.fr\/wp-content\/uploads\/2023\/02\/IMG_20210902_163555.jpg\" alt=\"\" class=\"wp-image-3463\" srcset=\"https:\/\/lecompagnonrouge.fr\/wp-content\/uploads\/2023\/02\/IMG_20210902_163555.jpg 850w, https:\/\/lecompagnonrouge.fr\/wp-content\/uploads\/2023\/02\/IMG_20210902_163555-300x214.jpg 300w, https:\/\/lecompagnonrouge.fr\/wp-content\/uploads\/2023\/02\/IMG_20210902_163555-768x548.jpg 768w\" sizes=\"auto, (max-width: 850px) 100vw, 850px\" \/><\/figure>\n\n\n\n<p class=\"has-medium-font-size\">Autre vue:<\/p>\n\n\n\n<figure class=\"wp-block-image size-large\"><img loading=\"lazy\" decoding=\"async\" width=\"762\" height=\"1024\" src=\"https:\/\/lecompagnonrouge.fr\/wp-content\/uploads\/2023\/02\/IMG_20210902_164946-762x1024.jpg\" alt=\"\" class=\"wp-image-3464\" srcset=\"https:\/\/lecompagnonrouge.fr\/wp-content\/uploads\/2023\/02\/IMG_20210902_164946-762x1024.jpg 762w, https:\/\/lecompagnonrouge.fr\/wp-content\/uploads\/2023\/02\/IMG_20210902_164946-223x300.jpg 223w, https:\/\/lecompagnonrouge.fr\/wp-content\/uploads\/2023\/02\/IMG_20210902_164946-768x1033.jpg 768w, https:\/\/lecompagnonrouge.fr\/wp-content\/uploads\/2023\/02\/IMG_20210902_164946-300x403.jpg 300w, https:\/\/lecompagnonrouge.fr\/wp-content\/uploads\/2023\/02\/IMG_20210902_164946.jpg 850w\" sizes=\"auto, (max-width: 762px) 100vw, 762px\" \/><\/figure>\n\n\n\n<p><\/p>\n\n\n\n<p class=\"has-small-font-size\"><a href=\"https:\/\/lecompagnonrouge.fr\/?s=fabales\">Fabales<\/a>&gt;<a href=\"https:\/\/lecompagnonrouge.fr\/?s=fabaceae\">Fabaceae<\/a>&gt;<a href=\"https:\/\/lecompagnonrouge.fr\/?s=Medicago\">Medicago<\/a> sativa subsp. sativa<\/p>\n\n\n\n<p class=\"has-medium-font-size\">Plante naturalis\u00e9e.<\/p>\n\n\n\n<p class=\"has-medium-font-size\">Friches vivaces m\u00e9sohydriques, m\u00e9dio-europ\u00e9ennes. Dauco carotae subsp. carotae &#8211; Melilotion albi G\u00f6rs 1966<\/p>\n\n\n\n<p><\/p>\n\n\n\n<p class=\"has-medium-font-size\">Bonne Fourrag\u00e8re fauch\u00e9e. Elle est en effet distribu\u00e9e \u00e0 l&rsquo;\u00e9tat sec, en tous cas au bovins (ou \u00e9ventuels cam\u00e9lid\u00e9s) afin d&rsquo;\u00e9viter tous risques de <a href=\"https:\/\/lecompagnonrouge.fr\/?p=1324\">m\u00e9t\u00e9orisation<\/a>.<\/p>\n\n\n\n<p class=\"has-medium-font-size\">Bon engrais vert.<\/p>\n\n\n\n<p>Lieu(x) o\u00f9 la plante est photographi\u00e9e: Montreuil (parc des Beaumonts)<\/p>\n\n\n\t\t<div\n            id=\"wpmapblock_78fd1581\"\n            data-settings='{&quot;map_marker&quot;:[{&quot;lat&quot;:&quot;48.858003&quot;,&quot;lng&quot;:&quot;2.454577&quot;,&quot;title&quot;:&quot;Medicago sativa&quot;,&quot;content&quot;:&quot;116 m&quot;,&quot;iconType&quot;:&quot;default&quot;,&quot;customIconUrl&quot;:&quot;&quot;,&quot;customIconWidth&quot;:&quot;25&quot;,&quot;customIconHeight&quot;:&quot;40&quot;}],&quot;map_zoom&quot;:&quot;18&quot;,&quot;scroll_wheel_zoom&quot;:&quot;1&quot;,&quot;map_type&quot;:&quot;OSM&quot;,&quot;center_index&quot;:0}'\n            class=\"wpmapblockrender\"\n            style=\"\n\t\t\twidth: 100%;\n\t\t\theight: 500px;\n\t\t\"\n            >\n        <\/div>\n        \n\n\n<p class=\"has-small-font-size\">Mots cl\u00e9 pour recherche suppl\u00e9mentaire: Semen-Carpo<\/p>\n","protected":false},"excerpt":{"rendered":"<p>A savoir: on ne d\u00e9termine certainement les luzernes qu&rsquo;apr\u00e8s observation fine du fruit. Luzerne h\u00e9micryptophyte verte ou \u00e0 poils \u00e9pars, parfois ligneuse ou subligneuse \u00e0 la base. Elle pr\u00e9sente des fleurs violettes \u00e0 c\u0153ur pouvant \u00eatre blanc. Mais si panachure marqu\u00e9e, bien bigarr\u00e9e (y compris parfois entre les inflo sur un m\u00eame individu), jaune vif&#8230;<\/p>\n","protected":false},"author":1,"featured_media":3461,"comment_status":"closed","ping_status":"open","sticky":false,"template":"","format":"standard","meta":{"footnotes":""},"categories":[109,648],"tags":[],"class_list":["post-3460","post","type-post","status-publish","format-standard","has-post-thumbnail","hentry","category-fabaceae","category-medicago-sativa-subsp-sativa"],"yoast_head":"<!-- This site is optimized with the Yoast SEO plugin v27.4 - https:\/\/yoast.com\/product\/yoast-seo-wordpress\/ -->\n<title>Medicago sativa subsp. sativa. Luzerne cultiv\u00e9e. - Le Compagnon rouge<\/title>\n<meta name=\"description\" content=\"Fabales, Fabaceae, Medicago sativa\" \/>\n<meta name=\"robots\" content=\"index, follow, max-snippet:-1, max-image-preview:large, max-video-preview:-1\" \/>\n<link rel=\"canonical\" href=\"https:\/\/lecompagnonrouge.fr\/?p=3460\" \/>\n<meta property=\"og:locale\" content=\"fr_FR\" \/>\n<meta property=\"og:type\" content=\"article\" \/>\n<meta property=\"og:title\" content=\"Medicago sativa subsp. sativa. Luzerne cultiv\u00e9e. - Le Compagnon rouge\" \/>\n<meta property=\"og:description\" content=\"Fabales, Fabaceae, Medicago sativa\" \/>\n<meta property=\"og:url\" content=\"https:\/\/lecompagnonrouge.fr\/?p=3460\" \/>\n<meta property=\"og:site_name\" content=\"Le Compagnon rouge\" \/>\n<meta property=\"article:published_time\" content=\"2023-02-04T16:22:13+00:00\" \/>\n<meta property=\"article:modified_time\" content=\"2024-11-23T12:43:18+00:00\" \/>\n<meta property=\"og:image\" content=\"https:\/\/lecompagnonrouge.fr\/wp-content\/uploads\/2023\/02\/upIMG_20220518_162026.jpg\" \/>\n\t<meta property=\"og:image:width\" content=\"850\" \/>\n\t<meta property=\"og:image:height\" content=\"1133\" \/>\n\t<meta property=\"og:image:type\" content=\"image\/jpeg\" \/>\n<meta name=\"author\" content=\"R1\" \/>\n<meta name=\"twitter:card\" content=\"summary_large_image\" \/>\n<meta name=\"twitter:label1\" content=\"\u00c9crit par\" \/>\n\t<meta name=\"twitter:data1\" content=\"R1\" \/>\n\t<meta name=\"twitter:label2\" content=\"Dur\u00e9e de lecture est.\" \/>\n\t<meta name=\"twitter:data2\" content=\"2 minutes\" \/>\n<script type=\"application\/ld+json\" class=\"yoast-schema-graph\">{\"@context\":\"https:\\\/\\\/schema.org\",\"@graph\":[{\"@type\":\"Article\",\"@id\":\"https:\\\/\\\/lecompagnonrouge.fr\\\/?p=3460#article\",\"isPartOf\":{\"@id\":\"https:\\\/\\\/lecompagnonrouge.fr\\\/?p=3460\"},\"author\":{\"name\":\"R1\",\"@id\":\"https:\\\/\\\/lecompagnonrouge.fr\\\/#\\\/schema\\\/person\\\/0025018a342b92eacca6f1e4c968a154\"},\"headline\":\"Medicago sativa subsp. sativa. Luzerne cultiv\u00e9e.\",\"datePublished\":\"2023-02-04T16:22:13+00:00\",\"dateModified\":\"2024-11-23T12:43:18+00:00\",\"mainEntityOfPage\":{\"@id\":\"https:\\\/\\\/lecompagnonrouge.fr\\\/?p=3460\"},\"wordCount\":177,\"publisher\":{\"@id\":\"https:\\\/\\\/lecompagnonrouge.fr\\\/#\\\/schema\\\/person\\\/0025018a342b92eacca6f1e4c968a154\"},\"image\":{\"@id\":\"https:\\\/\\\/lecompagnonrouge.fr\\\/?p=3460#primaryimage\"},\"thumbnailUrl\":\"https:\\\/\\\/lecompagnonrouge.fr\\\/wp-content\\\/uploads\\\/2023\\\/02\\\/upIMG_20220518_162026.jpg\",\"articleSection\":[\"Fabaceae\",\"Medicago sativa subsp. sativa\"],\"inLanguage\":\"fr-BE\"},{\"@type\":\"WebPage\",\"@id\":\"https:\\\/\\\/lecompagnonrouge.fr\\\/?p=3460\",\"url\":\"https:\\\/\\\/lecompagnonrouge.fr\\\/?p=3460\",\"name\":\"Medicago sativa subsp. sativa. Luzerne cultiv\u00e9e. - Le Compagnon rouge\",\"isPartOf\":{\"@id\":\"https:\\\/\\\/lecompagnonrouge.fr\\\/#website\"},\"primaryImageOfPage\":{\"@id\":\"https:\\\/\\\/lecompagnonrouge.fr\\\/?p=3460#primaryimage\"},\"image\":{\"@id\":\"https:\\\/\\\/lecompagnonrouge.fr\\\/?p=3460#primaryimage\"},\"thumbnailUrl\":\"https:\\\/\\\/lecompagnonrouge.fr\\\/wp-content\\\/uploads\\\/2023\\\/02\\\/upIMG_20220518_162026.jpg\",\"datePublished\":\"2023-02-04T16:22:13+00:00\",\"dateModified\":\"2024-11-23T12:43:18+00:00\",\"description\":\"Fabales, Fabaceae, Medicago sativa\",\"breadcrumb\":{\"@id\":\"https:\\\/\\\/lecompagnonrouge.fr\\\/?p=3460#breadcrumb\"},\"inLanguage\":\"fr-BE\",\"potentialAction\":[{\"@type\":\"ReadAction\",\"target\":[\"https:\\\/\\\/lecompagnonrouge.fr\\\/?p=3460\"]}]},{\"@type\":\"ImageObject\",\"inLanguage\":\"fr-BE\",\"@id\":\"https:\\\/\\\/lecompagnonrouge.fr\\\/?p=3460#primaryimage\",\"url\":\"https:\\\/\\\/lecompagnonrouge.fr\\\/wp-content\\\/uploads\\\/2023\\\/02\\\/upIMG_20220518_162026.jpg\",\"contentUrl\":\"https:\\\/\\\/lecompagnonrouge.fr\\\/wp-content\\\/uploads\\\/2023\\\/02\\\/upIMG_20220518_162026.jpg\",\"width\":850,\"height\":1133,\"caption\":\"00100000\"},{\"@type\":\"BreadcrumbList\",\"@id\":\"https:\\\/\\\/lecompagnonrouge.fr\\\/?p=3460#breadcrumb\",\"itemListElement\":[{\"@type\":\"ListItem\",\"position\":1,\"name\":\"Accueil\",\"item\":\"https:\\\/\\\/lecompagnonrouge.fr\\\/\"},{\"@type\":\"ListItem\",\"position\":2,\"name\":\"Medicago sativa subsp. sativa. Luzerne cultiv\u00e9e.\"}]},{\"@type\":\"WebSite\",\"@id\":\"https:\\\/\\\/lecompagnonrouge.fr\\\/#website\",\"url\":\"https:\\\/\\\/lecompagnonrouge.fr\\\/\",\"name\":\"Le Compagnon rouge\",\"description\":\"M\u00e9morandum.\",\"publisher\":{\"@id\":\"https:\\\/\\\/lecompagnonrouge.fr\\\/#\\\/schema\\\/person\\\/0025018a342b92eacca6f1e4c968a154\"},\"potentialAction\":[{\"@type\":\"SearchAction\",\"target\":{\"@type\":\"EntryPoint\",\"urlTemplate\":\"https:\\\/\\\/lecompagnonrouge.fr\\\/?s={search_term_string}\"},\"query-input\":{\"@type\":\"PropertyValueSpecification\",\"valueRequired\":true,\"valueName\":\"search_term_string\"}}],\"inLanguage\":\"fr-BE\"},{\"@type\":[\"Person\",\"Organization\"],\"@id\":\"https:\\\/\\\/lecompagnonrouge.fr\\\/#\\\/schema\\\/person\\\/0025018a342b92eacca6f1e4c968a154\",\"name\":\"R1\",\"image\":{\"@type\":\"ImageObject\",\"inLanguage\":\"fr-BE\",\"@id\":\"https:\\\/\\\/lecompagnonrouge.fr\\\/wp-content\\\/uploads\\\/2022\\\/03\\\/identit.jpg\",\"url\":\"https:\\\/\\\/lecompagnonrouge.fr\\\/wp-content\\\/uploads\\\/2022\\\/03\\\/identit.jpg\",\"contentUrl\":\"https:\\\/\\\/lecompagnonrouge.fr\\\/wp-content\\\/uploads\\\/2022\\\/03\\\/identit.jpg\",\"width\":425,\"height\":545,\"caption\":\"R1\"},\"logo\":{\"@id\":\"https:\\\/\\\/lecompagnonrouge.fr\\\/wp-content\\\/uploads\\\/2022\\\/03\\\/identit.jpg\"},\"sameAs\":[\"http:\\\/\\\/lecompagnonrouge.fr\"],\"url\":\"https:\\\/\\\/lecompagnonrouge.fr\\\/?author=1\"}]}<\/script>\n<!-- \/ Yoast SEO plugin. -->","yoast_head_json":{"title":"Medicago sativa subsp. sativa. Luzerne cultiv\u00e9e. - Le Compagnon rouge","description":"Fabales, Fabaceae, Medicago sativa","robots":{"index":"index","follow":"follow","max-snippet":"max-snippet:-1","max-image-preview":"max-image-preview:large","max-video-preview":"max-video-preview:-1"},"canonical":"https:\/\/lecompagnonrouge.fr\/?p=3460","og_locale":"fr_FR","og_type":"article","og_title":"Medicago sativa subsp. sativa. Luzerne cultiv\u00e9e. - Le Compagnon rouge","og_description":"Fabales, Fabaceae, Medicago sativa","og_url":"https:\/\/lecompagnonrouge.fr\/?p=3460","og_site_name":"Le Compagnon rouge","article_published_time":"2023-02-04T16:22:13+00:00","article_modified_time":"2024-11-23T12:43:18+00:00","og_image":[{"width":850,"height":1133,"url":"https:\/\/lecompagnonrouge.fr\/wp-content\/uploads\/2023\/02\/upIMG_20220518_162026.jpg","type":"image\/jpeg"}],"author":"R1","twitter_card":"summary_large_image","twitter_misc":{"\u00c9crit par":"R1","Dur\u00e9e de lecture est.":"2 minutes"},"schema":{"@context":"https:\/\/schema.org","@graph":[{"@type":"Article","@id":"https:\/\/lecompagnonrouge.fr\/?p=3460#article","isPartOf":{"@id":"https:\/\/lecompagnonrouge.fr\/?p=3460"},"author":{"name":"R1","@id":"https:\/\/lecompagnonrouge.fr\/#\/schema\/person\/0025018a342b92eacca6f1e4c968a154"},"headline":"Medicago sativa subsp. sativa. Luzerne cultiv\u00e9e.","datePublished":"2023-02-04T16:22:13+00:00","dateModified":"2024-11-23T12:43:18+00:00","mainEntityOfPage":{"@id":"https:\/\/lecompagnonrouge.fr\/?p=3460"},"wordCount":177,"publisher":{"@id":"https:\/\/lecompagnonrouge.fr\/#\/schema\/person\/0025018a342b92eacca6f1e4c968a154"},"image":{"@id":"https:\/\/lecompagnonrouge.fr\/?p=3460#primaryimage"},"thumbnailUrl":"https:\/\/lecompagnonrouge.fr\/wp-content\/uploads\/2023\/02\/upIMG_20220518_162026.jpg","articleSection":["Fabaceae","Medicago sativa subsp. sativa"],"inLanguage":"fr-BE"},{"@type":"WebPage","@id":"https:\/\/lecompagnonrouge.fr\/?p=3460","url":"https:\/\/lecompagnonrouge.fr\/?p=3460","name":"Medicago sativa subsp. sativa. Luzerne cultiv\u00e9e. - Le Compagnon rouge","isPartOf":{"@id":"https:\/\/lecompagnonrouge.fr\/#website"},"primaryImageOfPage":{"@id":"https:\/\/lecompagnonrouge.fr\/?p=3460#primaryimage"},"image":{"@id":"https:\/\/lecompagnonrouge.fr\/?p=3460#primaryimage"},"thumbnailUrl":"https:\/\/lecompagnonrouge.fr\/wp-content\/uploads\/2023\/02\/upIMG_20220518_162026.jpg","datePublished":"2023-02-04T16:22:13+00:00","dateModified":"2024-11-23T12:43:18+00:00","description":"Fabales, Fabaceae, Medicago sativa","breadcrumb":{"@id":"https:\/\/lecompagnonrouge.fr\/?p=3460#breadcrumb"},"inLanguage":"fr-BE","potentialAction":[{"@type":"ReadAction","target":["https:\/\/lecompagnonrouge.fr\/?p=3460"]}]},{"@type":"ImageObject","inLanguage":"fr-BE","@id":"https:\/\/lecompagnonrouge.fr\/?p=3460#primaryimage","url":"https:\/\/lecompagnonrouge.fr\/wp-content\/uploads\/2023\/02\/upIMG_20220518_162026.jpg","contentUrl":"https:\/\/lecompagnonrouge.fr\/wp-content\/uploads\/2023\/02\/upIMG_20220518_162026.jpg","width":850,"height":1133,"caption":"00100000"},{"@type":"BreadcrumbList","@id":"https:\/\/lecompagnonrouge.fr\/?p=3460#breadcrumb","itemListElement":[{"@type":"ListItem","position":1,"name":"Accueil","item":"https:\/\/lecompagnonrouge.fr\/"},{"@type":"ListItem","position":2,"name":"Medicago sativa subsp. sativa. Luzerne cultiv\u00e9e."}]},{"@type":"WebSite","@id":"https:\/\/lecompagnonrouge.fr\/#website","url":"https:\/\/lecompagnonrouge.fr\/","name":"Le Compagnon rouge","description":"M\u00e9morandum.","publisher":{"@id":"https:\/\/lecompagnonrouge.fr\/#\/schema\/person\/0025018a342b92eacca6f1e4c968a154"},"potentialAction":[{"@type":"SearchAction","target":{"@type":"EntryPoint","urlTemplate":"https:\/\/lecompagnonrouge.fr\/?s={search_term_string}"},"query-input":{"@type":"PropertyValueSpecification","valueRequired":true,"valueName":"search_term_string"}}],"inLanguage":"fr-BE"},{"@type":["Person","Organization"],"@id":"https:\/\/lecompagnonrouge.fr\/#\/schema\/person\/0025018a342b92eacca6f1e4c968a154","name":"R1","image":{"@type":"ImageObject","inLanguage":"fr-BE","@id":"https:\/\/lecompagnonrouge.fr\/wp-content\/uploads\/2022\/03\/identit.jpg","url":"https:\/\/lecompagnonrouge.fr\/wp-content\/uploads\/2022\/03\/identit.jpg","contentUrl":"https:\/\/lecompagnonrouge.fr\/wp-content\/uploads\/2022\/03\/identit.jpg","width":425,"height":545,"caption":"R1"},"logo":{"@id":"https:\/\/lecompagnonrouge.fr\/wp-content\/uploads\/2022\/03\/identit.jpg"},"sameAs":["http:\/\/lecompagnonrouge.fr"],"url":"https:\/\/lecompagnonrouge.fr\/?author=1"}]}},"_links":{"self":[{"href":"https:\/\/lecompagnonrouge.fr\/index.php?rest_route=\/wp\/v2\/posts\/3460","targetHints":{"allow":["GET"]}}],"collection":[{"href":"https:\/\/lecompagnonrouge.fr\/index.php?rest_route=\/wp\/v2\/posts"}],"about":[{"href":"https:\/\/lecompagnonrouge.fr\/index.php?rest_route=\/wp\/v2\/types\/post"}],"author":[{"embeddable":true,"href":"https:\/\/lecompagnonrouge.fr\/index.php?rest_route=\/wp\/v2\/users\/1"}],"replies":[{"embeddable":true,"href":"https:\/\/lecompagnonrouge.fr\/index.php?rest_route=%2Fwp%2Fv2%2Fcomments&post=3460"}],"version-history":[{"count":12,"href":"https:\/\/lecompagnonrouge.fr\/index.php?rest_route=\/wp\/v2\/posts\/3460\/revisions"}],"predecessor-version":[{"id":8412,"href":"https:\/\/lecompagnonrouge.fr\/index.php?rest_route=\/wp\/v2\/posts\/3460\/revisions\/8412"}],"wp:featuredmedia":[{"embeddable":true,"href":"https:\/\/lecompagnonrouge.fr\/index.php?rest_route=\/wp\/v2\/media\/3461"}],"wp:attachment":[{"href":"https:\/\/lecompagnonrouge.fr\/index.php?rest_route=%2Fwp%2Fv2%2Fmedia&parent=3460"}],"wp:term":[{"taxonomy":"category","embeddable":true,"href":"https:\/\/lecompagnonrouge.fr\/index.php?rest_route=%2Fwp%2Fv2%2Fcategories&post=3460"},{"taxonomy":"post_tag","embeddable":true,"href":"https:\/\/lecompagnonrouge.fr\/index.php?rest_route=%2Fwp%2Fv2%2Ftags&post=3460"}],"curies":[{"name":"wp","href":"https:\/\/api.w.org\/{rel}","templated":true}]}}