{"id":244,"date":"2022-03-17T12:39:24","date_gmt":"2022-03-17T11:39:24","guid":{"rendered":"https:\/\/lecompagnonrouge.fr\/?p=244"},"modified":"2025-06-21T16:26:19","modified_gmt":"2025-06-21T14:26:19","slug":"papaver-dubium-le-petit-coquelicot","status":"publish","type":"post","link":"https:\/\/lecompagnonrouge.fr\/?p=244","title":{"rendered":"Papaver dubium, le petit Coquelicot."},"content":{"rendered":"\n<p class=\"has-medium-font-size\">Ce coquelicot, Papaver dubium, pr\u00e9sente des:<\/p>\n\n\n\n<ul class=\"wp-block-list\">\n<li><strong>P\u00e9tales plus clairs tirant sur l&rsquo;orang\u00e9<\/strong> (donn\u00e9 comme rouge brique).<\/li>\n\n\n\n<li><strong>P\u00e9tales ne se recouvrant pas ou peu<\/strong><\/li>\n\n\n\n<li><strong>Poils apprim\u00e9s<\/strong> (appliqu\u00e9s): partie haute des p\u00e9doncules.<\/li>\n<\/ul>\n\n\n\n<p class=\"has-medium-font-size\">La capsule est typique:<\/p>\n\n\n\n<ul class=\"wp-block-list\">\n<li>nettement <strong>plus haute que large<\/strong> (rapport Longueur\/ largeur donn\u00e9 \u00e0 partir de (2?); 2,5<\/li>\n\n\n\n<li>Parfaitement lisse<\/li>\n\n\n\n<li>Avec un l\u00e9ger \u00e9tranglement \u00e0 la base (subsp. dubium)<\/li>\n\n\n\n<li>(Les lobes stigmatiques ne se recouvrent que peu.)<\/li>\n<\/ul>\n\n\n\n<p class=\"has-medium-font-size\">Sur le disque stigmatique (\u00ab\u00a0chapeau\u00a0\u00bb), <strong>le nombre de stigmates<\/strong> <strong>est plut\u00f4t faible<\/strong>. Donn\u00e9 de 5 \u00e0 8 par les suisses d&rsquo;infoflora. Cette esp\u00e8ce est polymorphe.<\/p>\n\n\n\n<p class=\"has-medium-font-size\">Sur la photo ci-dessous un Pavot \u00e0 Montreuil, le 05\/06\/2021. Les p\u00e9tales paraissent plus larges qu&rsquo;ils ne le sont du fait d&rsquo;un courant d&rsquo;air. Ph\u00e9nom\u00e8ne courant. Les pavot ont des p\u00e9tales l\u00e9gers. remarquer ici qu&rsquo;il y a 9 stigmates. Ce pavot correspond dans sa globalit\u00e9 \u00e0 un coquelicot douteux. voir plus bas.<\/p>\n\n\n\n<figure class=\"wp-block-image size-full\"><img loading=\"lazy\" decoding=\"async\" width=\"850\" height=\"808\" src=\"https:\/\/lecompagnonrouge.fr\/wp-content\/uploads\/2022\/03\/3IMG_20210605_121426.jpg\" alt=\"\" class=\"wp-image-7779\" srcset=\"https:\/\/lecompagnonrouge.fr\/wp-content\/uploads\/2022\/03\/3IMG_20210605_121426.jpg 850w, https:\/\/lecompagnonrouge.fr\/wp-content\/uploads\/2022\/03\/3IMG_20210605_121426-300x285.jpg 300w, https:\/\/lecompagnonrouge.fr\/wp-content\/uploads\/2022\/03\/3IMG_20210605_121426-768x730.jpg 768w\" sizes=\"auto, (max-width: 850px) 100vw, 850px\" \/><\/figure>\n\n\n\n<p class=\"has-medium-font-size\">De plus les filets des \u00e9tamines sont lin\u00e9aires, non \u00e9largis au sommet comme c&rsquo;est le cas chez Papaver argemone, lequel est susceptible de pr\u00e9senter une capsule h\u00e9riss\u00e9e de poils.<\/p>\n\n\n\n<h3 class=\"wp-block-heading has-medium-font-size\"><strong>Papver dubium, ses sous-esp\u00e8ces.<\/strong><\/h3>\n\n\n\n<p class=\"has-medium-font-size\">2 sous-esp\u00e8ces de Papaver dubium sont difficilement distinctes : il s&rsquo;agit des subsp. dubium et subsp. lecoquii.<\/p>\n\n\n\n<p class=\"has-medium-font-size\">L&rsquo;\u00e9tranglement \u00e0 la base est plus fort chez la <strong>subsp. dubium<\/strong>, parfois plus anguleux. Son <strong>latex finit par brunir.<\/strong><\/p>\n\n\n\n<p class=\"has-medium-font-size\">L&rsquo;\u00e9tranglement \u00e0 la base est peut-\u00eatre moins net chez la <strong>subsp. lecoquii<\/strong>. Son latex <strong>finit par rougir \u00e0 la dessication.<\/strong> Sa capsule est un peu plus courte.<\/p>\n\n\n\n<p class=\"has-medium-font-size\">Chez les Suisses (infoflora), la sous esp\u00e8ce dubium pr\u00e9sente des rayons stigmatiques plus \u00e9loign\u00e9s du bord ext\u00e9rieurs des lobes stigmatiques que la sous esp\u00e8ce lecoquii (indice inconstant).<\/p>\n\n\n\n<p class=\"has-medium-font-size\">Papaver dubium est polymorphe (et les sous esp\u00e8ces encore mal d\u00e9limit\u00e9es), ce qui rend la cl\u00e9 parfois assez peu praticable en fonction des individus rencontr\u00e9s. Le polymorphisme de P. dubium est souvent insuffisamment indiqu\u00e9. Ce qui incite \u00e0 renvoyer les individus rencontr\u00e9s vers <a href=\"https:\/\/lecompagnonrouge.fr\/?p=229\">P. rhoeas<\/a>, avant m\u00eame de v\u00e9rifier ne serait ce que la pilosit\u00e9.<\/p>\n\n\n\n<p class=\"has-medium-font-size\">Enfin, il est probable qu&rsquo;au moins en zones urbaines, les petits coquelicots soient introgress\u00e9s (transfert de g\u00e8nes, \u00e0 entendre ici par voie sexu\u00e9e) par d&rsquo;autres Pavots, au moins par le plus pr\u00e9sent d&rsquo;entre eux, <a href=\"https:\/\/lecompagnonrouge.fr\/?p=229\">Papaver rhoeas<\/a>.<\/p>\n\n\n\n<h3 class=\"wp-block-heading has-medium-font-size\"><strong>Pavot montreuillois (Papver dubium) du 05\/06\/2021:<\/strong><\/h3>\n\n\n\n<figure class=\"wp-block-image size-full\"><img loading=\"lazy\" decoding=\"async\" width=\"850\" height=\"716\" src=\"https:\/\/lecompagnonrouge.fr\/wp-content\/uploads\/2022\/03\/3bIMG_20210525_153324.jpg\" alt=\"\" class=\"wp-image-7781\" srcset=\"https:\/\/lecompagnonrouge.fr\/wp-content\/uploads\/2022\/03\/3bIMG_20210525_153324.jpg 850w, https:\/\/lecompagnonrouge.fr\/wp-content\/uploads\/2022\/03\/3bIMG_20210525_153324-300x253.jpg 300w, https:\/\/lecompagnonrouge.fr\/wp-content\/uploads\/2022\/03\/3bIMG_20210525_153324-768x647.jpg 768w\" sizes=\"auto, (max-width: 850px) 100vw, 850px\" \/><\/figure>\n\n\n\n<p><\/p>\n\n\n\n<p><\/p>\n\n\n\n<p class=\"has-medium-font-size\">Il pr\u00e9sente 9 stigmates allant jusqu&rsquo;au bord du disque stigmatique:<\/p>\n\n\n\n<figure class=\"wp-block-image size-full\"><img loading=\"lazy\" decoding=\"async\" width=\"850\" height=\"808\" src=\"https:\/\/lecompagnonrouge.fr\/wp-content\/uploads\/2022\/03\/3IMG_20210605_121426.jpg\" alt=\"\" class=\"wp-image-7779\" srcset=\"https:\/\/lecompagnonrouge.fr\/wp-content\/uploads\/2022\/03\/3IMG_20210605_121426.jpg 850w, https:\/\/lecompagnonrouge.fr\/wp-content\/uploads\/2022\/03\/3IMG_20210605_121426-300x285.jpg 300w, https:\/\/lecompagnonrouge.fr\/wp-content\/uploads\/2022\/03\/3IMG_20210605_121426-768x730.jpg 768w\" sizes=\"auto, (max-width: 850px) 100vw, 850px\" \/><\/figure>\n\n\n\n<p><\/p>\n\n\n\n<p class=\"has-medium-font-size\">La capsule para\u00eet peu anguleuse \u00e0 la base (cet indice est-il toujours consid\u00e9r\u00e9?):<\/p>\n\n\n\n<figure class=\"wp-block-image size-large\"><img loading=\"lazy\" decoding=\"async\" width=\"795\" height=\"1024\" src=\"https:\/\/lecompagnonrouge.fr\/wp-content\/uploads\/2022\/03\/caps3IMG_20210605_121412-795x1024.jpg\" alt=\"\" class=\"wp-image-7782\" srcset=\"https:\/\/lecompagnonrouge.fr\/wp-content\/uploads\/2022\/03\/caps3IMG_20210605_121412-795x1024.jpg 795w, https:\/\/lecompagnonrouge.fr\/wp-content\/uploads\/2022\/03\/caps3IMG_20210605_121412-233x300.jpg 233w, https:\/\/lecompagnonrouge.fr\/wp-content\/uploads\/2022\/03\/caps3IMG_20210605_121412-768x989.jpg 768w, https:\/\/lecompagnonrouge.fr\/wp-content\/uploads\/2022\/03\/caps3IMG_20210605_121412-300x386.jpg 300w, https:\/\/lecompagnonrouge.fr\/wp-content\/uploads\/2022\/03\/caps3IMG_20210605_121412.jpg 850w\" sizes=\"auto, (max-width: 795px) 100vw, 795px\" \/><\/figure>\n\n\n\n<p><\/p>\n\n\n\n<p><\/p>\n\n\n\n<p class=\"has-medium-font-size\">Les poils sont apprim\u00e9s:<\/p>\n\n\n\n<figure class=\"wp-block-image size-large\"><img loading=\"lazy\" decoding=\"async\" width=\"816\" height=\"1024\" src=\"https:\/\/lecompagnonrouge.fr\/wp-content\/uploads\/2022\/03\/3-poilsIMG_20210605_121404-816x1024.jpg\" alt=\"\" class=\"wp-image-7783\" srcset=\"https:\/\/lecompagnonrouge.fr\/wp-content\/uploads\/2022\/03\/3-poilsIMG_20210605_121404-816x1024.jpg 816w, https:\/\/lecompagnonrouge.fr\/wp-content\/uploads\/2022\/03\/3-poilsIMG_20210605_121404-239x300.jpg 239w, https:\/\/lecompagnonrouge.fr\/wp-content\/uploads\/2022\/03\/3-poilsIMG_20210605_121404-768x964.jpg 768w, https:\/\/lecompagnonrouge.fr\/wp-content\/uploads\/2022\/03\/3-poilsIMG_20210605_121404-300x377.jpg 300w, https:\/\/lecompagnonrouge.fr\/wp-content\/uploads\/2022\/03\/3-poilsIMG_20210605_121404.jpg 850w\" sizes=\"auto, (max-width: 816px) 100vw, 816px\" \/><\/figure>\n\n\n\n<p><\/p>\n\n\n\n<h3 class=\"wp-block-heading\"><strong>Pavot rencontr\u00e9 \u00e0 Felletin, proche de la gare, le 25 mai 2021. Correspondance globale avec un papaver dubium.<\/strong><\/h3>\n\n\n\n<p class=\"has-medium-font-size\">p\u00e9tales clairs, \u00e9troits, poils apprim\u00e9s sur le p\u00e9doncule &#8230;<\/p>\n\n\n\n<figure class=\"wp-block-image size-large\"><img loading=\"lazy\" decoding=\"async\" width=\"768\" height=\"1024\" src=\"https:\/\/lecompagnonrouge.fr\/wp-content\/uploads\/2022\/04\/0papadub-768x1024.jpg\" alt=\"\" class=\"wp-image-779\" srcset=\"https:\/\/lecompagnonrouge.fr\/wp-content\/uploads\/2022\/04\/0papadub-768x1025.jpg 768w, https:\/\/lecompagnonrouge.fr\/wp-content\/uploads\/2022\/04\/0papadub-225x300.jpg 225w, https:\/\/lecompagnonrouge.fr\/wp-content\/uploads\/2022\/04\/0papadub-300x400.jpg 300w, https:\/\/lecompagnonrouge.fr\/wp-content\/uploads\/2022\/04\/0papadub.jpg 850w\" sizes=\"auto, (max-width: 768px) 100vw, 768px\" \/><\/figure>\n\n\n\n<p><\/p>\n\n\n\n<p class=\"has-medium-font-size\">Pas de photo de la capsule. <\/p>\n\n\n\n<p class=\"has-medium-font-size\">Les lignes stigmatiques n&rsquo;atteignent pas le bord du disque:<\/p>\n\n\n\n<figure class=\"wp-block-image size-full\"><img loading=\"lazy\" decoding=\"async\" width=\"792\" height=\"682\" src=\"https:\/\/lecompagnonrouge.fr\/wp-content\/uploads\/2022\/03\/2IMG_20210525_153215.jpg\" alt=\"\" class=\"wp-image-7784\" srcset=\"https:\/\/lecompagnonrouge.fr\/wp-content\/uploads\/2022\/03\/2IMG_20210525_153215.jpg 792w, https:\/\/lecompagnonrouge.fr\/wp-content\/uploads\/2022\/03\/2IMG_20210525_153215-300x258.jpg 300w, https:\/\/lecompagnonrouge.fr\/wp-content\/uploads\/2022\/03\/2IMG_20210525_153215-768x661.jpg 768w\" sizes=\"auto, (max-width: 792px) 100vw, 792px\" \/><\/figure>\n\n\n\n<p><\/p>\n\n\n\n<h3 class=\"wp-block-heading has-medium-font-size\"><strong>Quelques ann\u00e9es plus tard, Pavot (Papver dubium) de juin 2024, toujours \u00e0 Felletin, rue des \u00e9coles.<\/strong><\/h3>\n\n\n\n<p class=\"has-medium-font-size\">La capsule semble allong\u00e9e. Poils apprim\u00e9s, p\u00e9tales clairs et \u00e9troits. Faible nombre de lignes stigmatiques.<\/p>\n\n\n\n<figure class=\"wp-block-image size-large\"><img loading=\"lazy\" decoding=\"async\" width=\"768\" height=\"1024\" src=\"https:\/\/lecompagnonrouge.fr\/wp-content\/uploads\/2022\/03\/1IMG_20240618_115916-768x1024.jpg\" alt=\"\" class=\"wp-image-7785\" srcset=\"https:\/\/lecompagnonrouge.fr\/wp-content\/uploads\/2022\/03\/1IMG_20240618_115916-768x1024.jpg 768w, https:\/\/lecompagnonrouge.fr\/wp-content\/uploads\/2022\/03\/1IMG_20240618_115916-225x300.jpg 225w, https:\/\/lecompagnonrouge.fr\/wp-content\/uploads\/2022\/03\/1IMG_20240618_115916-300x400.jpg 300w, https:\/\/lecompagnonrouge.fr\/wp-content\/uploads\/2022\/03\/1IMG_20240618_115916.jpg 850w\" sizes=\"auto, (max-width: 768px) 100vw, 768px\" \/><\/figure>\n\n\n\n<p class=\"has-medium-font-size\">Quelqu&rsquo;un avant moi est pass\u00e9, soit pour cueillir une fleur, soit pour tester. Faut-il en conclure que le latex est brun? Pas si s\u00fbr &#8230;<\/p>\n\n\n\n<figure class=\"wp-block-image size-full\"><img loading=\"lazy\" decoding=\"async\" width=\"850\" height=\"488\" src=\"https:\/\/lecompagnonrouge.fr\/wp-content\/uploads\/2022\/03\/1bisIMG_20240618_115910.jpg\" alt=\"\" class=\"wp-image-7786\" srcset=\"https:\/\/lecompagnonrouge.fr\/wp-content\/uploads\/2022\/03\/1bisIMG_20240618_115910.jpg 850w, https:\/\/lecompagnonrouge.fr\/wp-content\/uploads\/2022\/03\/1bisIMG_20240618_115910-300x172.jpg 300w, https:\/\/lecompagnonrouge.fr\/wp-content\/uploads\/2022\/03\/1bisIMG_20240618_115910-768x441.jpg 768w\" sizes=\"auto, (max-width: 850px) 100vw, 850px\" \/><\/figure>\n\n\n\n<p><\/p>\n\n\n\n<p class=\"has-medium-font-size\">Quelques jours plus tard je repasse avec l&rsquo;appareil. Je suis g\u00ean\u00e9 par des v\u00e9hicules, et surtout par un d\u00e9but de pluie. La capsule n&rsquo;est pas prise de mani\u00e8re suffisamment lat\u00e9rale. L&rsquo;\u00e9tranglement \u00e0 la base de la capsule ne para\u00eet pas anguleux. Les lignes stigmatiques n&rsquo;atteignent pas le bord du disque.<\/p>\n\n\n\n<figure class=\"wp-block-image size-full\"><img loading=\"lazy\" decoding=\"async\" width=\"850\" height=\"567\" src=\"https:\/\/lecompagnonrouge.fr\/wp-content\/uploads\/2022\/03\/1terIMG_1962.jpg\" alt=\"\" class=\"wp-image-7787\" srcset=\"https:\/\/lecompagnonrouge.fr\/wp-content\/uploads\/2022\/03\/1terIMG_1962.jpg 850w, https:\/\/lecompagnonrouge.fr\/wp-content\/uploads\/2022\/03\/1terIMG_1962-300x200.jpg 300w, https:\/\/lecompagnonrouge.fr\/wp-content\/uploads\/2022\/03\/1terIMG_1962-768x512.jpg 768w\" sizes=\"auto, (max-width: 850px) 100vw, 850px\" \/><\/figure>\n\n\n\n<p class=\"has-small-font-size\"><a href=\"https:\/\/lecompagnonrouge.fr\/?s=papaverales\">Papaverales<\/a>&gt;&nbsp;<a href=\"https:\/\/lecompagnonrouge.fr\/?s=papaveraceae\">Papaveraceae<\/a>&gt;&nbsp;<a href=\"https:\/\/lecompagnonrouge.fr\/?s=papaveroideae\">Papaveroideae<\/a>&gt;&nbsp;<a href=\"https:\/\/lecompagnonrouge.fr\/?s=papaver\">Papaver<\/a>&nbsp;dubium<\/p>\n\n\n\n<p class=\"has-small-font-size\"><\/p>\n\n\n\n<p class=\"has-medium-font-size\">Les deux sous esp\u00e8ces sont au moins commensales de cultures. Friches \u00e9galement.<\/p>\n\n\n\n<p class=\"has-medium-font-size\">Annuelles commensales des moissons acidophiles, m\u00e9sohydriques, sabulicoles. &nbsp;<a href=\"https:\/\/lecompagnonrouge.fr\/?page_id=3348\/#Scleranthenion-annui\">S<em>cleranthion annui<\/em><\/a>&nbsp; (Kruseman &amp; Vlieger 1939) Sissingh in Westhoff, Dijk, Passchier &amp; Sissingh 1946<\/p>\n\n\n\n<p><\/p>\n\n\n\n<p class=\"has-small-font-size\">Merci de consulter <a href=\"https:\/\/lecompagnonrouge.fr\/\">la charte de navigation<\/a> (notamment droits concernant les images).<\/p>\n\n\n\n<p>Lieu(x) o\u00f9 la plante est photographi\u00e9e: Parc naturel r\u00e9gional de Millevaches (PNRM), Felletin. Montreuil<\/p>\n","protected":false},"excerpt":{"rendered":"<p>Ce coquelicot, Papaver dubium, pr\u00e9sente des: La capsule est typique: Sur le disque stigmatique (\u00ab\u00a0chapeau\u00a0\u00bb), le nombre de stigmates est plut\u00f4t faible. Donn\u00e9 de 5 \u00e0 8 par les suisses d&rsquo;infoflora. Cette esp\u00e8ce est polymorphe. Sur la photo ci-dessous un Pavot \u00e0 Montreuil, le 05\/06\/2021. Les p\u00e9tales paraissent plus larges qu&rsquo;ils ne le sont du&#8230;<\/p>\n","protected":false},"author":1,"featured_media":7788,"comment_status":"closed","ping_status":"closed","sticky":false,"template":"","format":"standard","meta":{"footnotes":""},"categories":[77,51],"tags":[74,79,78],"class_list":["post-244","post","type-post","status-publish","format-standard","has-post-thumbnail","hentry","category-papaver-dubium","category-papaveraceae","tag-coquelicot","tag-coquelicot-douteux","tag-petit-coquelicot"],"yoast_head":"<!-- This site is optimized with the Yoast SEO plugin v27.4 - https:\/\/yoast.com\/product\/yoast-seo-wordpress\/ -->\n<title>Papaver dubium, le petit Coquelicot. - Le Compagnon rouge<\/title>\n<meta name=\"description\" content=\"Papaverales, Papaveraceae, Papaveroideae, Papaver dubium\" \/>\n<meta name=\"robots\" content=\"index, follow, max-snippet:-1, max-image-preview:large, max-video-preview:-1\" \/>\n<link rel=\"canonical\" href=\"https:\/\/lecompagnonrouge.fr\/?p=244\" \/>\n<meta property=\"og:locale\" content=\"fr_FR\" \/>\n<meta property=\"og:type\" content=\"article\" \/>\n<meta property=\"og:title\" content=\"Papaver dubium, le petit Coquelicot. - Le Compagnon rouge\" \/>\n<meta property=\"og:description\" content=\"Papaverales, Papaveraceae, Papaveroideae, Papaver dubium\" \/>\n<meta property=\"og:url\" content=\"https:\/\/lecompagnonrouge.fr\/?p=244\" \/>\n<meta property=\"og:site_name\" content=\"Le Compagnon rouge\" \/>\n<meta property=\"article:published_time\" content=\"2022-03-17T11:39:24+00:00\" \/>\n<meta property=\"article:modified_time\" content=\"2025-06-21T14:26:19+00:00\" \/>\n<meta property=\"og:image\" content=\"https:\/\/lecompagnonrouge.fr\/wp-content\/uploads\/2022\/03\/upIMG_1961.jpg\" \/>\n\t<meta property=\"og:image:width\" content=\"850\" \/>\n\t<meta property=\"og:image:height\" content=\"567\" \/>\n\t<meta property=\"og:image:type\" content=\"image\/jpeg\" \/>\n<meta name=\"author\" content=\"R1\" \/>\n<meta name=\"twitter:card\" content=\"summary_large_image\" \/>\n<meta name=\"twitter:label1\" content=\"\u00c9crit par\" \/>\n\t<meta name=\"twitter:data1\" content=\"R1\" \/>\n\t<meta name=\"twitter:label2\" content=\"Dur\u00e9e de lecture est.\" \/>\n\t<meta name=\"twitter:data2\" content=\"6 minutes\" \/>\n<script type=\"application\/ld+json\" class=\"yoast-schema-graph\">{\"@context\":\"https:\\\/\\\/schema.org\",\"@graph\":[{\"@type\":\"Article\",\"@id\":\"https:\\\/\\\/lecompagnonrouge.fr\\\/?p=244#article\",\"isPartOf\":{\"@id\":\"https:\\\/\\\/lecompagnonrouge.fr\\\/?p=244\"},\"author\":{\"name\":\"R1\",\"@id\":\"https:\\\/\\\/lecompagnonrouge.fr\\\/#\\\/schema\\\/person\\\/0025018a342b92eacca6f1e4c968a154\"},\"headline\":\"Papaver dubium, le petit Coquelicot.\",\"datePublished\":\"2022-03-17T11:39:24+00:00\",\"dateModified\":\"2025-06-21T14:26:19+00:00\",\"mainEntityOfPage\":{\"@id\":\"https:\\\/\\\/lecompagnonrouge.fr\\\/?p=244\"},\"wordCount\":666,\"publisher\":{\"@id\":\"https:\\\/\\\/lecompagnonrouge.fr\\\/#\\\/schema\\\/person\\\/0025018a342b92eacca6f1e4c968a154\"},\"image\":{\"@id\":\"https:\\\/\\\/lecompagnonrouge.fr\\\/?p=244#primaryimage\"},\"thumbnailUrl\":\"https:\\\/\\\/lecompagnonrouge.fr\\\/wp-content\\\/uploads\\\/2022\\\/03\\\/upIMG_1961.jpg\",\"keywords\":[\"Coquelicot\",\"Coquelicot douteux\",\"Petit Coquelicot\"],\"articleSection\":[\"Papaver dubium\",\"Papaveraceae\"],\"inLanguage\":\"fr-BE\"},{\"@type\":\"WebPage\",\"@id\":\"https:\\\/\\\/lecompagnonrouge.fr\\\/?p=244\",\"url\":\"https:\\\/\\\/lecompagnonrouge.fr\\\/?p=244\",\"name\":\"Papaver dubium, le petit Coquelicot. - Le Compagnon rouge\",\"isPartOf\":{\"@id\":\"https:\\\/\\\/lecompagnonrouge.fr\\\/#website\"},\"primaryImageOfPage\":{\"@id\":\"https:\\\/\\\/lecompagnonrouge.fr\\\/?p=244#primaryimage\"},\"image\":{\"@id\":\"https:\\\/\\\/lecompagnonrouge.fr\\\/?p=244#primaryimage\"},\"thumbnailUrl\":\"https:\\\/\\\/lecompagnonrouge.fr\\\/wp-content\\\/uploads\\\/2022\\\/03\\\/upIMG_1961.jpg\",\"datePublished\":\"2022-03-17T11:39:24+00:00\",\"dateModified\":\"2025-06-21T14:26:19+00:00\",\"description\":\"Papaverales, Papaveraceae, Papaveroideae, Papaver dubium\",\"breadcrumb\":{\"@id\":\"https:\\\/\\\/lecompagnonrouge.fr\\\/?p=244#breadcrumb\"},\"inLanguage\":\"fr-BE\",\"potentialAction\":[{\"@type\":\"ReadAction\",\"target\":[\"https:\\\/\\\/lecompagnonrouge.fr\\\/?p=244\"]}]},{\"@type\":\"ImageObject\",\"inLanguage\":\"fr-BE\",\"@id\":\"https:\\\/\\\/lecompagnonrouge.fr\\\/?p=244#primaryimage\",\"url\":\"https:\\\/\\\/lecompagnonrouge.fr\\\/wp-content\\\/uploads\\\/2022\\\/03\\\/upIMG_1961.jpg\",\"contentUrl\":\"https:\\\/\\\/lecompagnonrouge.fr\\\/wp-content\\\/uploads\\\/2022\\\/03\\\/upIMG_1961.jpg\",\"width\":850,\"height\":567,\"caption\":\"binary comment\"},{\"@type\":\"BreadcrumbList\",\"@id\":\"https:\\\/\\\/lecompagnonrouge.fr\\\/?p=244#breadcrumb\",\"itemListElement\":[{\"@type\":\"ListItem\",\"position\":1,\"name\":\"Accueil\",\"item\":\"https:\\\/\\\/lecompagnonrouge.fr\\\/\"},{\"@type\":\"ListItem\",\"position\":2,\"name\":\"Papaver dubium, le petit Coquelicot.\"}]},{\"@type\":\"WebSite\",\"@id\":\"https:\\\/\\\/lecompagnonrouge.fr\\\/#website\",\"url\":\"https:\\\/\\\/lecompagnonrouge.fr\\\/\",\"name\":\"Le Compagnon rouge\",\"description\":\"M\u00e9morandum.\",\"publisher\":{\"@id\":\"https:\\\/\\\/lecompagnonrouge.fr\\\/#\\\/schema\\\/person\\\/0025018a342b92eacca6f1e4c968a154\"},\"potentialAction\":[{\"@type\":\"SearchAction\",\"target\":{\"@type\":\"EntryPoint\",\"urlTemplate\":\"https:\\\/\\\/lecompagnonrouge.fr\\\/?s={search_term_string}\"},\"query-input\":{\"@type\":\"PropertyValueSpecification\",\"valueRequired\":true,\"valueName\":\"search_term_string\"}}],\"inLanguage\":\"fr-BE\"},{\"@type\":[\"Person\",\"Organization\"],\"@id\":\"https:\\\/\\\/lecompagnonrouge.fr\\\/#\\\/schema\\\/person\\\/0025018a342b92eacca6f1e4c968a154\",\"name\":\"R1\",\"image\":{\"@type\":\"ImageObject\",\"inLanguage\":\"fr-BE\",\"@id\":\"https:\\\/\\\/lecompagnonrouge.fr\\\/wp-content\\\/uploads\\\/2022\\\/03\\\/identit.jpg\",\"url\":\"https:\\\/\\\/lecompagnonrouge.fr\\\/wp-content\\\/uploads\\\/2022\\\/03\\\/identit.jpg\",\"contentUrl\":\"https:\\\/\\\/lecompagnonrouge.fr\\\/wp-content\\\/uploads\\\/2022\\\/03\\\/identit.jpg\",\"width\":425,\"height\":545,\"caption\":\"R1\"},\"logo\":{\"@id\":\"https:\\\/\\\/lecompagnonrouge.fr\\\/wp-content\\\/uploads\\\/2022\\\/03\\\/identit.jpg\"},\"sameAs\":[\"http:\\\/\\\/lecompagnonrouge.fr\"],\"url\":\"https:\\\/\\\/lecompagnonrouge.fr\\\/?author=1\"}]}<\/script>\n<!-- \/ Yoast SEO plugin. -->","yoast_head_json":{"title":"Papaver dubium, le petit Coquelicot. - Le Compagnon rouge","description":"Papaverales, Papaveraceae, Papaveroideae, Papaver dubium","robots":{"index":"index","follow":"follow","max-snippet":"max-snippet:-1","max-image-preview":"max-image-preview:large","max-video-preview":"max-video-preview:-1"},"canonical":"https:\/\/lecompagnonrouge.fr\/?p=244","og_locale":"fr_FR","og_type":"article","og_title":"Papaver dubium, le petit Coquelicot. - Le Compagnon rouge","og_description":"Papaverales, Papaveraceae, Papaveroideae, Papaver dubium","og_url":"https:\/\/lecompagnonrouge.fr\/?p=244","og_site_name":"Le Compagnon rouge","article_published_time":"2022-03-17T11:39:24+00:00","article_modified_time":"2025-06-21T14:26:19+00:00","og_image":[{"width":850,"height":567,"url":"https:\/\/lecompagnonrouge.fr\/wp-content\/uploads\/2022\/03\/upIMG_1961.jpg","type":"image\/jpeg"}],"author":"R1","twitter_card":"summary_large_image","twitter_misc":{"\u00c9crit par":"R1","Dur\u00e9e de lecture est.":"6 minutes"},"schema":{"@context":"https:\/\/schema.org","@graph":[{"@type":"Article","@id":"https:\/\/lecompagnonrouge.fr\/?p=244#article","isPartOf":{"@id":"https:\/\/lecompagnonrouge.fr\/?p=244"},"author":{"name":"R1","@id":"https:\/\/lecompagnonrouge.fr\/#\/schema\/person\/0025018a342b92eacca6f1e4c968a154"},"headline":"Papaver dubium, le petit Coquelicot.","datePublished":"2022-03-17T11:39:24+00:00","dateModified":"2025-06-21T14:26:19+00:00","mainEntityOfPage":{"@id":"https:\/\/lecompagnonrouge.fr\/?p=244"},"wordCount":666,"publisher":{"@id":"https:\/\/lecompagnonrouge.fr\/#\/schema\/person\/0025018a342b92eacca6f1e4c968a154"},"image":{"@id":"https:\/\/lecompagnonrouge.fr\/?p=244#primaryimage"},"thumbnailUrl":"https:\/\/lecompagnonrouge.fr\/wp-content\/uploads\/2022\/03\/upIMG_1961.jpg","keywords":["Coquelicot","Coquelicot douteux","Petit Coquelicot"],"articleSection":["Papaver dubium","Papaveraceae"],"inLanguage":"fr-BE"},{"@type":"WebPage","@id":"https:\/\/lecompagnonrouge.fr\/?p=244","url":"https:\/\/lecompagnonrouge.fr\/?p=244","name":"Papaver dubium, le petit Coquelicot. - Le Compagnon rouge","isPartOf":{"@id":"https:\/\/lecompagnonrouge.fr\/#website"},"primaryImageOfPage":{"@id":"https:\/\/lecompagnonrouge.fr\/?p=244#primaryimage"},"image":{"@id":"https:\/\/lecompagnonrouge.fr\/?p=244#primaryimage"},"thumbnailUrl":"https:\/\/lecompagnonrouge.fr\/wp-content\/uploads\/2022\/03\/upIMG_1961.jpg","datePublished":"2022-03-17T11:39:24+00:00","dateModified":"2025-06-21T14:26:19+00:00","description":"Papaverales, Papaveraceae, Papaveroideae, Papaver dubium","breadcrumb":{"@id":"https:\/\/lecompagnonrouge.fr\/?p=244#breadcrumb"},"inLanguage":"fr-BE","potentialAction":[{"@type":"ReadAction","target":["https:\/\/lecompagnonrouge.fr\/?p=244"]}]},{"@type":"ImageObject","inLanguage":"fr-BE","@id":"https:\/\/lecompagnonrouge.fr\/?p=244#primaryimage","url":"https:\/\/lecompagnonrouge.fr\/wp-content\/uploads\/2022\/03\/upIMG_1961.jpg","contentUrl":"https:\/\/lecompagnonrouge.fr\/wp-content\/uploads\/2022\/03\/upIMG_1961.jpg","width":850,"height":567,"caption":"binary comment"},{"@type":"BreadcrumbList","@id":"https:\/\/lecompagnonrouge.fr\/?p=244#breadcrumb","itemListElement":[{"@type":"ListItem","position":1,"name":"Accueil","item":"https:\/\/lecompagnonrouge.fr\/"},{"@type":"ListItem","position":2,"name":"Papaver dubium, le petit Coquelicot."}]},{"@type":"WebSite","@id":"https:\/\/lecompagnonrouge.fr\/#website","url":"https:\/\/lecompagnonrouge.fr\/","name":"Le Compagnon rouge","description":"M\u00e9morandum.","publisher":{"@id":"https:\/\/lecompagnonrouge.fr\/#\/schema\/person\/0025018a342b92eacca6f1e4c968a154"},"potentialAction":[{"@type":"SearchAction","target":{"@type":"EntryPoint","urlTemplate":"https:\/\/lecompagnonrouge.fr\/?s={search_term_string}"},"query-input":{"@type":"PropertyValueSpecification","valueRequired":true,"valueName":"search_term_string"}}],"inLanguage":"fr-BE"},{"@type":["Person","Organization"],"@id":"https:\/\/lecompagnonrouge.fr\/#\/schema\/person\/0025018a342b92eacca6f1e4c968a154","name":"R1","image":{"@type":"ImageObject","inLanguage":"fr-BE","@id":"https:\/\/lecompagnonrouge.fr\/wp-content\/uploads\/2022\/03\/identit.jpg","url":"https:\/\/lecompagnonrouge.fr\/wp-content\/uploads\/2022\/03\/identit.jpg","contentUrl":"https:\/\/lecompagnonrouge.fr\/wp-content\/uploads\/2022\/03\/identit.jpg","width":425,"height":545,"caption":"R1"},"logo":{"@id":"https:\/\/lecompagnonrouge.fr\/wp-content\/uploads\/2022\/03\/identit.jpg"},"sameAs":["http:\/\/lecompagnonrouge.fr"],"url":"https:\/\/lecompagnonrouge.fr\/?author=1"}]}},"_links":{"self":[{"href":"https:\/\/lecompagnonrouge.fr\/index.php?rest_route=\/wp\/v2\/posts\/244","targetHints":{"allow":["GET"]}}],"collection":[{"href":"https:\/\/lecompagnonrouge.fr\/index.php?rest_route=\/wp\/v2\/posts"}],"about":[{"href":"https:\/\/lecompagnonrouge.fr\/index.php?rest_route=\/wp\/v2\/types\/post"}],"author":[{"embeddable":true,"href":"https:\/\/lecompagnonrouge.fr\/index.php?rest_route=\/wp\/v2\/users\/1"}],"replies":[{"embeddable":true,"href":"https:\/\/lecompagnonrouge.fr\/index.php?rest_route=%2Fwp%2Fv2%2Fcomments&post=244"}],"version-history":[{"count":26,"href":"https:\/\/lecompagnonrouge.fr\/index.php?rest_route=\/wp\/v2\/posts\/244\/revisions"}],"predecessor-version":[{"id":10280,"href":"https:\/\/lecompagnonrouge.fr\/index.php?rest_route=\/wp\/v2\/posts\/244\/revisions\/10280"}],"wp:featuredmedia":[{"embeddable":true,"href":"https:\/\/lecompagnonrouge.fr\/index.php?rest_route=\/wp\/v2\/media\/7788"}],"wp:attachment":[{"href":"https:\/\/lecompagnonrouge.fr\/index.php?rest_route=%2Fwp%2Fv2%2Fmedia&parent=244"}],"wp:term":[{"taxonomy":"category","embeddable":true,"href":"https:\/\/lecompagnonrouge.fr\/index.php?rest_route=%2Fwp%2Fv2%2Fcategories&post=244"},{"taxonomy":"post_tag","embeddable":true,"href":"https:\/\/lecompagnonrouge.fr\/index.php?rest_route=%2Fwp%2Fv2%2Ftags&post=244"}],"curies":[{"name":"wp","href":"https:\/\/api.w.org\/{rel}","templated":true}]}}