{"id":2272,"date":"2022-09-17T17:29:52","date_gmt":"2022-09-17T15:29:52","guid":{"rendered":"https:\/\/lecompagnonrouge.fr\/?p=2272"},"modified":"2023-07-18T19:45:35","modified_gmt":"2023-07-18T17:45:35","slug":"galega-officinalis-sainfoin-despagne","status":"publish","type":"post","link":"https:\/\/lecompagnonrouge.fr\/?p=2272","title":{"rendered":"Galega officinalis. Sainfoin d&rsquo;Espagne"},"content":{"rendered":"\n<p>Tiens! V&rsquo;la le galega!<\/p>\n\n\n\n<p class=\"has-medium-font-size\">Feuilles imparipenn\u00e9es. Grappes de fleurs claires.<\/p>\n\n\n\n<figure class=\"wp-block-image size-full\"><img loading=\"lazy\" decoding=\"async\" width=\"850\" height=\"567\" src=\"https:\/\/lecompagnonrouge.fr\/wp-content\/uploads\/2022\/09\/IMG_9398.jpg\" alt=\"\" class=\"wp-image-2273\" srcset=\"https:\/\/lecompagnonrouge.fr\/wp-content\/uploads\/2022\/09\/IMG_9398.jpg 850w, https:\/\/lecompagnonrouge.fr\/wp-content\/uploads\/2022\/09\/IMG_9398-300x200.jpg 300w, https:\/\/lecompagnonrouge.fr\/wp-content\/uploads\/2022\/09\/IMG_9398-768x512.jpg 768w\" sizes=\"auto, (max-width: 850px) 100vw, 850px\" \/><\/figure>\n\n\n\n<p><\/p>\n\n\n\n<p class=\"has-medium-font-size\">Plante en expansion. Encore l&rsquo;une des basses \u0153uvres des horticulteurs du XIX\u00b0 si\u00e8cle. C&rsquo;\u00e9tait la grande \u00e9poque du cosmopolitisme v\u00e9g\u00e9tal, o\u00f9 il apparaissait normal et presque joyeux sans doute, de faire venir des esp\u00e8ces \u00e9trang\u00e8res, sans aucune formalit\u00e9 ni papier, afin de les installer sur le sol de France, de les choyer m\u00eame!! Cette esp\u00e8ce semble rarement probl\u00e9matique, et semble alors m\u00eame ne pas vraiment atteindre le statut d&rsquo;invasive ( pour lequel, il faut qu&rsquo;il y ait une atteinte -s\u00e9rieuse&#8211; aux \u00e9cosyst\u00e8mes). Provient d&rsquo;Europe centrale-orientale-m\u00e9ridionale. Encore les Roumains l\u00e0\u00e0\u00e0!!!<\/p>\n\n\n\n<p>Lala<\/p>\n\n\n\n<p>Lala<\/p>\n\n\n\n<p>Lala<\/p>\n\n\n\n<p class=\"has-medium-font-size\">Je ne d\u00e9dies pas ce post \u00e0 ce super connard ultra raciste qui pollue l&rsquo;univers de mon travail! Identitaires, toi et ton pote Cerise, le plus simplement du monde (le plus naturellement), je vous emmerdes.<\/p>\n\n\n\n<p><\/p>\n\n\n\n<p><\/p>\n\n\n\n<p class=\"has-small-font-size\"><a href=\"https:\/\/lecompagnonrouge.fr\/?s=fabales\">Fabales<\/a>&gt;<a href=\"https:\/\/lecompagnonrouge.fr\/?s=fabaceae\">Fabaceae<\/a>&gt;<a href=\"https:\/\/lecompagnonrouge.fr\/?s=Galega\">Galega<\/a> officinalis<\/p>\n\n\n\n<p><\/p>\n\n\n\n<p class=\"has-medium-font-size\">M\u00e9gaphorbiaies eutrophis\u00e9es, planitiaires, m\u00e9dio-europ\u00e9ennes plut\u00f4t occidentales. Convolvulion sepium Tux\u00ebn 1947<\/p>\n\n\n\n<p>Lieu(x) o\u00f9 la plante est photographi\u00e9e: Paris<\/p>\n","protected":false},"excerpt":{"rendered":"<p>Tiens! V&rsquo;la le galega! Feuilles imparipenn\u00e9es. Grappes de fleurs claires. Plante en expansion. Encore l&rsquo;une des basses \u0153uvres des horticulteurs du XIX\u00b0 si\u00e8cle. C&rsquo;\u00e9tait la grande \u00e9poque du cosmopolitisme v\u00e9g\u00e9tal, o\u00f9 il apparaissait normal et presque joyeux sans doute, de faire venir des esp\u00e8ces \u00e9trang\u00e8res, sans aucune formalit\u00e9 ni papier, afin de les installer sur&#8230;<\/p>\n","protected":false},"author":1,"featured_media":2276,"comment_status":"closed","ping_status":"open","sticky":false,"template":"","format":"standard","meta":{"footnotes":""},"categories":[109,557],"tags":[556],"class_list":["post-2272","post","type-post","status-publish","format-standard","has-post-thumbnail","hentry","category-fabaceae","category-galega-officinalis","tag-sainfoin-despagne"],"yoast_head":"<!-- This site is optimized with the Yoast SEO plugin v27.4 - https:\/\/yoast.com\/product\/yoast-seo-wordpress\/ -->\n<title>Galega officinalis. Sainfoin d&#039;Espagne - Le Compagnon rouge<\/title>\n<meta name=\"description\" content=\"Fabales, Fabaceae, Galega officinalis\" \/>\n<meta name=\"robots\" content=\"index, follow, max-snippet:-1, max-image-preview:large, max-video-preview:-1\" \/>\n<link rel=\"canonical\" href=\"https:\/\/lecompagnonrouge.fr\/?p=2272\" \/>\n<meta property=\"og:locale\" content=\"fr_FR\" \/>\n<meta property=\"og:type\" content=\"article\" \/>\n<meta property=\"og:title\" content=\"Galega officinalis. Sainfoin d&#039;Espagne - Le Compagnon rouge\" \/>\n<meta property=\"og:description\" content=\"Fabales, Fabaceae, Galega officinalis\" \/>\n<meta property=\"og:url\" content=\"https:\/\/lecompagnonrouge.fr\/?p=2272\" \/>\n<meta property=\"og:site_name\" content=\"Le Compagnon rouge\" \/>\n<meta property=\"article:published_time\" content=\"2022-09-17T15:29:52+00:00\" \/>\n<meta property=\"article:modified_time\" content=\"2023-07-18T17:45:35+00:00\" \/>\n<meta property=\"og:image\" content=\"https:\/\/lecompagnonrouge.fr\/wp-content\/uploads\/2022\/09\/IMG_9411.jpg\" \/>\n\t<meta property=\"og:image:width\" content=\"850\" \/>\n\t<meta property=\"og:image:height\" content=\"567\" \/>\n\t<meta property=\"og:image:type\" content=\"image\/jpeg\" \/>\n<meta name=\"author\" content=\"R1\" \/>\n<meta name=\"twitter:card\" content=\"summary_large_image\" \/>\n<meta name=\"twitter:label1\" content=\"\u00c9crit par\" \/>\n\t<meta name=\"twitter:data1\" content=\"R1\" \/>\n\t<meta name=\"twitter:label2\" content=\"Dur\u00e9e de lecture est.\" \/>\n\t<meta name=\"twitter:data2\" content=\"1 minute\" \/>\n<script type=\"application\/ld+json\" class=\"yoast-schema-graph\">{\"@context\":\"https:\\\/\\\/schema.org\",\"@graph\":[{\"@type\":\"Article\",\"@id\":\"https:\\\/\\\/lecompagnonrouge.fr\\\/?p=2272#article\",\"isPartOf\":{\"@id\":\"https:\\\/\\\/lecompagnonrouge.fr\\\/?p=2272\"},\"author\":{\"name\":\"R1\",\"@id\":\"https:\\\/\\\/lecompagnonrouge.fr\\\/#\\\/schema\\\/person\\\/0025018a342b92eacca6f1e4c968a154\"},\"headline\":\"Galega officinalis. Sainfoin d&rsquo;Espagne\",\"datePublished\":\"2022-09-17T15:29:52+00:00\",\"dateModified\":\"2023-07-18T17:45:35+00:00\",\"mainEntityOfPage\":{\"@id\":\"https:\\\/\\\/lecompagnonrouge.fr\\\/?p=2272\"},\"wordCount\":191,\"publisher\":{\"@id\":\"https:\\\/\\\/lecompagnonrouge.fr\\\/#\\\/schema\\\/person\\\/0025018a342b92eacca6f1e4c968a154\"},\"image\":{\"@id\":\"https:\\\/\\\/lecompagnonrouge.fr\\\/?p=2272#primaryimage\"},\"thumbnailUrl\":\"https:\\\/\\\/lecompagnonrouge.fr\\\/wp-content\\\/uploads\\\/2022\\\/09\\\/IMG_9411.jpg\",\"keywords\":[\"Sainfoin d&#039;Espagne\"],\"articleSection\":[\"Fabaceae\",\"Galega officinalis\"],\"inLanguage\":\"fr-BE\"},{\"@type\":\"WebPage\",\"@id\":\"https:\\\/\\\/lecompagnonrouge.fr\\\/?p=2272\",\"url\":\"https:\\\/\\\/lecompagnonrouge.fr\\\/?p=2272\",\"name\":\"Galega officinalis. Sainfoin d'Espagne - Le Compagnon rouge\",\"isPartOf\":{\"@id\":\"https:\\\/\\\/lecompagnonrouge.fr\\\/#website\"},\"primaryImageOfPage\":{\"@id\":\"https:\\\/\\\/lecompagnonrouge.fr\\\/?p=2272#primaryimage\"},\"image\":{\"@id\":\"https:\\\/\\\/lecompagnonrouge.fr\\\/?p=2272#primaryimage\"},\"thumbnailUrl\":\"https:\\\/\\\/lecompagnonrouge.fr\\\/wp-content\\\/uploads\\\/2022\\\/09\\\/IMG_9411.jpg\",\"datePublished\":\"2022-09-17T15:29:52+00:00\",\"dateModified\":\"2023-07-18T17:45:35+00:00\",\"description\":\"Fabales, Fabaceae, Galega officinalis\",\"breadcrumb\":{\"@id\":\"https:\\\/\\\/lecompagnonrouge.fr\\\/?p=2272#breadcrumb\"},\"inLanguage\":\"fr-BE\",\"potentialAction\":[{\"@type\":\"ReadAction\",\"target\":[\"https:\\\/\\\/lecompagnonrouge.fr\\\/?p=2272\"]}]},{\"@type\":\"ImageObject\",\"inLanguage\":\"fr-BE\",\"@id\":\"https:\\\/\\\/lecompagnonrouge.fr\\\/?p=2272#primaryimage\",\"url\":\"https:\\\/\\\/lecompagnonrouge.fr\\\/wp-content\\\/uploads\\\/2022\\\/09\\\/IMG_9411.jpg\",\"contentUrl\":\"https:\\\/\\\/lecompagnonrouge.fr\\\/wp-content\\\/uploads\\\/2022\\\/09\\\/IMG_9411.jpg\",\"width\":850,\"height\":567,\"caption\":\"binary comment\"},{\"@type\":\"BreadcrumbList\",\"@id\":\"https:\\\/\\\/lecompagnonrouge.fr\\\/?p=2272#breadcrumb\",\"itemListElement\":[{\"@type\":\"ListItem\",\"position\":1,\"name\":\"Accueil\",\"item\":\"https:\\\/\\\/lecompagnonrouge.fr\\\/\"},{\"@type\":\"ListItem\",\"position\":2,\"name\":\"Galega officinalis. Sainfoin d&#8217;Espagne\"}]},{\"@type\":\"WebSite\",\"@id\":\"https:\\\/\\\/lecompagnonrouge.fr\\\/#website\",\"url\":\"https:\\\/\\\/lecompagnonrouge.fr\\\/\",\"name\":\"Le Compagnon rouge\",\"description\":\"M\u00e9morandum.\",\"publisher\":{\"@id\":\"https:\\\/\\\/lecompagnonrouge.fr\\\/#\\\/schema\\\/person\\\/0025018a342b92eacca6f1e4c968a154\"},\"potentialAction\":[{\"@type\":\"SearchAction\",\"target\":{\"@type\":\"EntryPoint\",\"urlTemplate\":\"https:\\\/\\\/lecompagnonrouge.fr\\\/?s={search_term_string}\"},\"query-input\":{\"@type\":\"PropertyValueSpecification\",\"valueRequired\":true,\"valueName\":\"search_term_string\"}}],\"inLanguage\":\"fr-BE\"},{\"@type\":[\"Person\",\"Organization\"],\"@id\":\"https:\\\/\\\/lecompagnonrouge.fr\\\/#\\\/schema\\\/person\\\/0025018a342b92eacca6f1e4c968a154\",\"name\":\"R1\",\"image\":{\"@type\":\"ImageObject\",\"inLanguage\":\"fr-BE\",\"@id\":\"https:\\\/\\\/lecompagnonrouge.fr\\\/wp-content\\\/uploads\\\/2022\\\/03\\\/identit.jpg\",\"url\":\"https:\\\/\\\/lecompagnonrouge.fr\\\/wp-content\\\/uploads\\\/2022\\\/03\\\/identit.jpg\",\"contentUrl\":\"https:\\\/\\\/lecompagnonrouge.fr\\\/wp-content\\\/uploads\\\/2022\\\/03\\\/identit.jpg\",\"width\":425,\"height\":545,\"caption\":\"R1\"},\"logo\":{\"@id\":\"https:\\\/\\\/lecompagnonrouge.fr\\\/wp-content\\\/uploads\\\/2022\\\/03\\\/identit.jpg\"},\"sameAs\":[\"http:\\\/\\\/lecompagnonrouge.fr\"],\"url\":\"https:\\\/\\\/lecompagnonrouge.fr\\\/?author=1\"}]}<\/script>\n<!-- \/ Yoast SEO plugin. -->","yoast_head_json":{"title":"Galega officinalis. Sainfoin d'Espagne - Le Compagnon rouge","description":"Fabales, Fabaceae, Galega officinalis","robots":{"index":"index","follow":"follow","max-snippet":"max-snippet:-1","max-image-preview":"max-image-preview:large","max-video-preview":"max-video-preview:-1"},"canonical":"https:\/\/lecompagnonrouge.fr\/?p=2272","og_locale":"fr_FR","og_type":"article","og_title":"Galega officinalis. Sainfoin d'Espagne - Le Compagnon rouge","og_description":"Fabales, Fabaceae, Galega officinalis","og_url":"https:\/\/lecompagnonrouge.fr\/?p=2272","og_site_name":"Le Compagnon rouge","article_published_time":"2022-09-17T15:29:52+00:00","article_modified_time":"2023-07-18T17:45:35+00:00","og_image":[{"width":850,"height":567,"url":"https:\/\/lecompagnonrouge.fr\/wp-content\/uploads\/2022\/09\/IMG_9411.jpg","type":"image\/jpeg"}],"author":"R1","twitter_card":"summary_large_image","twitter_misc":{"\u00c9crit par":"R1","Dur\u00e9e de lecture est.":"1 minute"},"schema":{"@context":"https:\/\/schema.org","@graph":[{"@type":"Article","@id":"https:\/\/lecompagnonrouge.fr\/?p=2272#article","isPartOf":{"@id":"https:\/\/lecompagnonrouge.fr\/?p=2272"},"author":{"name":"R1","@id":"https:\/\/lecompagnonrouge.fr\/#\/schema\/person\/0025018a342b92eacca6f1e4c968a154"},"headline":"Galega officinalis. Sainfoin d&rsquo;Espagne","datePublished":"2022-09-17T15:29:52+00:00","dateModified":"2023-07-18T17:45:35+00:00","mainEntityOfPage":{"@id":"https:\/\/lecompagnonrouge.fr\/?p=2272"},"wordCount":191,"publisher":{"@id":"https:\/\/lecompagnonrouge.fr\/#\/schema\/person\/0025018a342b92eacca6f1e4c968a154"},"image":{"@id":"https:\/\/lecompagnonrouge.fr\/?p=2272#primaryimage"},"thumbnailUrl":"https:\/\/lecompagnonrouge.fr\/wp-content\/uploads\/2022\/09\/IMG_9411.jpg","keywords":["Sainfoin d&#039;Espagne"],"articleSection":["Fabaceae","Galega officinalis"],"inLanguage":"fr-BE"},{"@type":"WebPage","@id":"https:\/\/lecompagnonrouge.fr\/?p=2272","url":"https:\/\/lecompagnonrouge.fr\/?p=2272","name":"Galega officinalis. Sainfoin d'Espagne - Le Compagnon rouge","isPartOf":{"@id":"https:\/\/lecompagnonrouge.fr\/#website"},"primaryImageOfPage":{"@id":"https:\/\/lecompagnonrouge.fr\/?p=2272#primaryimage"},"image":{"@id":"https:\/\/lecompagnonrouge.fr\/?p=2272#primaryimage"},"thumbnailUrl":"https:\/\/lecompagnonrouge.fr\/wp-content\/uploads\/2022\/09\/IMG_9411.jpg","datePublished":"2022-09-17T15:29:52+00:00","dateModified":"2023-07-18T17:45:35+00:00","description":"Fabales, Fabaceae, Galega officinalis","breadcrumb":{"@id":"https:\/\/lecompagnonrouge.fr\/?p=2272#breadcrumb"},"inLanguage":"fr-BE","potentialAction":[{"@type":"ReadAction","target":["https:\/\/lecompagnonrouge.fr\/?p=2272"]}]},{"@type":"ImageObject","inLanguage":"fr-BE","@id":"https:\/\/lecompagnonrouge.fr\/?p=2272#primaryimage","url":"https:\/\/lecompagnonrouge.fr\/wp-content\/uploads\/2022\/09\/IMG_9411.jpg","contentUrl":"https:\/\/lecompagnonrouge.fr\/wp-content\/uploads\/2022\/09\/IMG_9411.jpg","width":850,"height":567,"caption":"binary comment"},{"@type":"BreadcrumbList","@id":"https:\/\/lecompagnonrouge.fr\/?p=2272#breadcrumb","itemListElement":[{"@type":"ListItem","position":1,"name":"Accueil","item":"https:\/\/lecompagnonrouge.fr\/"},{"@type":"ListItem","position":2,"name":"Galega officinalis. Sainfoin d&#8217;Espagne"}]},{"@type":"WebSite","@id":"https:\/\/lecompagnonrouge.fr\/#website","url":"https:\/\/lecompagnonrouge.fr\/","name":"Le Compagnon rouge","description":"M\u00e9morandum.","publisher":{"@id":"https:\/\/lecompagnonrouge.fr\/#\/schema\/person\/0025018a342b92eacca6f1e4c968a154"},"potentialAction":[{"@type":"SearchAction","target":{"@type":"EntryPoint","urlTemplate":"https:\/\/lecompagnonrouge.fr\/?s={search_term_string}"},"query-input":{"@type":"PropertyValueSpecification","valueRequired":true,"valueName":"search_term_string"}}],"inLanguage":"fr-BE"},{"@type":["Person","Organization"],"@id":"https:\/\/lecompagnonrouge.fr\/#\/schema\/person\/0025018a342b92eacca6f1e4c968a154","name":"R1","image":{"@type":"ImageObject","inLanguage":"fr-BE","@id":"https:\/\/lecompagnonrouge.fr\/wp-content\/uploads\/2022\/03\/identit.jpg","url":"https:\/\/lecompagnonrouge.fr\/wp-content\/uploads\/2022\/03\/identit.jpg","contentUrl":"https:\/\/lecompagnonrouge.fr\/wp-content\/uploads\/2022\/03\/identit.jpg","width":425,"height":545,"caption":"R1"},"logo":{"@id":"https:\/\/lecompagnonrouge.fr\/wp-content\/uploads\/2022\/03\/identit.jpg"},"sameAs":["http:\/\/lecompagnonrouge.fr"],"url":"https:\/\/lecompagnonrouge.fr\/?author=1"}]}},"_links":{"self":[{"href":"https:\/\/lecompagnonrouge.fr\/index.php?rest_route=\/wp\/v2\/posts\/2272","targetHints":{"allow":["GET"]}}],"collection":[{"href":"https:\/\/lecompagnonrouge.fr\/index.php?rest_route=\/wp\/v2\/posts"}],"about":[{"href":"https:\/\/lecompagnonrouge.fr\/index.php?rest_route=\/wp\/v2\/types\/post"}],"author":[{"embeddable":true,"href":"https:\/\/lecompagnonrouge.fr\/index.php?rest_route=\/wp\/v2\/users\/1"}],"replies":[{"embeddable":true,"href":"https:\/\/lecompagnonrouge.fr\/index.php?rest_route=%2Fwp%2Fv2%2Fcomments&post=2272"}],"version-history":[{"count":11,"href":"https:\/\/lecompagnonrouge.fr\/index.php?rest_route=\/wp\/v2\/posts\/2272\/revisions"}],"predecessor-version":[{"id":4567,"href":"https:\/\/lecompagnonrouge.fr\/index.php?rest_route=\/wp\/v2\/posts\/2272\/revisions\/4567"}],"wp:featuredmedia":[{"embeddable":true,"href":"https:\/\/lecompagnonrouge.fr\/index.php?rest_route=\/wp\/v2\/media\/2276"}],"wp:attachment":[{"href":"https:\/\/lecompagnonrouge.fr\/index.php?rest_route=%2Fwp%2Fv2%2Fmedia&parent=2272"}],"wp:term":[{"taxonomy":"category","embeddable":true,"href":"https:\/\/lecompagnonrouge.fr\/index.php?rest_route=%2Fwp%2Fv2%2Fcategories&post=2272"},{"taxonomy":"post_tag","embeddable":true,"href":"https:\/\/lecompagnonrouge.fr\/index.php?rest_route=%2Fwp%2Fv2%2Ftags&post=2272"}],"curies":[{"name":"wp","href":"https:\/\/api.w.org\/{rel}","templated":true}]}}