{"id":1844,"date":"2022-08-11T13:39:35","date_gmt":"2022-08-11T11:39:35","guid":{"rendered":"https:\/\/lecompagnonrouge.fr\/?p=1844"},"modified":"2024-11-16T10:59:11","modified_gmt":"2024-11-16T09:59:11","slug":"hypochaeris-radicata-porcelle-enracinee","status":"publish","type":"post","link":"https:\/\/lecompagnonrouge.fr\/?p=1844","title":{"rendered":"Hypochaeris radicata. Porcelle enracin\u00e9e"},"content":{"rendered":"\n<p class=\"has-medium-font-size\">Pr\u00e9sente des fleurs plus grandes que celle d&rsquo;Hypochaeris glabra (surtout les fleurs en languettes d&rsquo;Hypochaeris glabra sont \u00e9troites).<\/p>\n\n\n\n<p class=\"has-medium-font-size\">Plante plus grande.<\/p>\n\n\n\n<p class=\"has-medium-font-size\">Tout comme la porcelle glabre (Hypochaeris glabra), la porcelle enracin\u00e9e (H. radicata a uniquement des feuilles basales, et quelques bract\u00e9es le long de la tige). La tige peut avoir de petits poils \u00e0 son d\u00e9part uniquement: ces porcelles sont globalement glabre. (Peu) rameuses.<\/p>\n\n\n<div class=\"wp-block-image\">\n<figure class=\"aligncenter size-full\"><img loading=\"lazy\" decoding=\"async\" width=\"768\" height=\"1024\" src=\"https:\/\/lecompagnonrouge.fr\/wp-content\/uploads\/2022\/08\/image-1.png\" alt=\"\" class=\"wp-image-8263\" srcset=\"https:\/\/lecompagnonrouge.fr\/wp-content\/uploads\/2022\/08\/image-1.png 768w, https:\/\/lecompagnonrouge.fr\/wp-content\/uploads\/2022\/08\/image-1-225x300.png 225w, https:\/\/lecompagnonrouge.fr\/wp-content\/uploads\/2022\/08\/image-1-300x400.png 300w\" sizes=\"auto, (max-width: 768px) 100vw, 768px\" \/><\/figure>\n<\/div>\n\n\n<p><\/p>\n\n\n\n<p><\/p>\n\n\n\n<p class=\"has-medium-font-size\">Pour les diff\u00e9rencier plus techniquement: il faut regarder les ach\u00e8nes: <\/p>\n\n\n\n<ul class=\"wp-block-list\">\n<li>Hypochaeris glabra: les ak\u00e8nes ne sont pas tous identiques: certains seulement prolong\u00e9s en bec fin, les autres tronqu\u00e9s. Racine pivotante fine.<\/li>\n\n\n\n<li>Hypochaeris radicata: tous les ach\u00e8nes sont prolong\u00e9s en bec fin, surmont\u00e9s de soies plumeuses. Racine pivotante plus affirm\u00e9e<\/li>\n<\/ul>\n\n\n\n<p class=\"has-medium-font-size\">Risque de confusion avec Hypochaeris glabra lorsque l&rsquo;on rencontre un Hypochaeris radicata de petite taille et\/ou notamment le morphe landicole nanifi\u00e9, parfois d\u00e9sign\u00e9 comme Hypochaeris radicata subsp. ericetorum<\/p>\n\n\n\n<p class=\"has-small-font-size\"><a href=\"https:\/\/lecompagnonrouge.fr\/?s=asterales\"><\/a><a href=\"https:\/\/lecompagnonrouge.fr\/?s=asterales\">Asterales<\/a>&gt;<a href=\"https:\/\/lecompagnonrouge.fr\/?s=asteraceae\">Asteraceae<\/a>&gt;<a href=\"https:\/\/lecompagnonrouge.fr\/?s=Cichorioideae\">Cichorioideae<\/a>&gt;<a href=\"https:\/\/lecompagnonrouge.fr\/?s=Cichorieae\">Cichorieae<\/a>&gt;Hypochaeris radicata<\/p>\n\n\n\n<p><\/p>\n\n\n\n<p class=\"has-medium-font-size\">Prairies, pelouses, gazons urbains et trottoirs sur sols sableux.<\/p>\n\n\n\n<p class=\"has-medium-font-size\">Pelouses des sables continentaux acidophiles, m\u00e9dio-europ\u00e9ennes \u00e0 m\u00e9diterran\u00e9ennes. Rumicenea acetosellae de Foucault 1999<\/p>\n\n\n\n<p><\/p>\n\n\n\n<p>Lieu(x) o\u00f9 la plante est photographi\u00e9e: Bagnolet<\/p>\n","protected":false},"excerpt":{"rendered":"<p>Pr\u00e9sente des fleurs plus grandes que celle d&rsquo;Hypochaeris glabra (surtout les fleurs en languettes d&rsquo;Hypochaeris glabra sont \u00e9troites). Plante plus grande. Tout comme la porcelle glabre (Hypochaeris glabra), la porcelle enracin\u00e9e (H. radicata a uniquement des feuilles basales, et quelques bract\u00e9es le long de la tige). La tige peut avoir de petits poils \u00e0 son&#8230;<\/p>\n","protected":false},"author":1,"featured_media":1845,"comment_status":"closed","ping_status":"open","sticky":false,"template":"","format":"standard","meta":{"footnotes":""},"categories":[12,198,197,448],"tags":[445,446,447],"class_list":["post-1844","post","type-post","status-publish","format-standard","has-post-thumbnail","hentry","category-asteraceae","category-cichorieae","category-cichorioideae","category-hypochaeris-radicata","tag-porcelle","tag-porcelle-enracinee","tag-salade-de-porc"],"yoast_head":"<!-- This site is optimized with the Yoast SEO plugin v27.4 - https:\/\/yoast.com\/product\/yoast-seo-wordpress\/ -->\n<title>Hypochaeris radicata. Porcelle enracin\u00e9e - Le Compagnon rouge<\/title>\n<meta name=\"description\" content=\"Asterales, Asteraceae, Cichorioideae, Cichorieae, Hypochaeris radicata\" \/>\n<meta name=\"robots\" content=\"index, follow, max-snippet:-1, max-image-preview:large, max-video-preview:-1\" \/>\n<link rel=\"canonical\" href=\"https:\/\/lecompagnonrouge.fr\/?p=1844\" \/>\n<meta property=\"og:locale\" content=\"fr_FR\" \/>\n<meta property=\"og:type\" content=\"article\" \/>\n<meta property=\"og:title\" content=\"Hypochaeris radicata. Porcelle enracin\u00e9e - Le Compagnon rouge\" \/>\n<meta property=\"og:description\" content=\"Asterales, Asteraceae, Cichorioideae, Cichorieae, Hypochaeris radicata\" \/>\n<meta property=\"og:url\" content=\"https:\/\/lecompagnonrouge.fr\/?p=1844\" \/>\n<meta property=\"og:site_name\" content=\"Le Compagnon rouge\" \/>\n<meta property=\"article:published_time\" content=\"2022-08-11T11:39:35+00:00\" \/>\n<meta property=\"article:modified_time\" content=\"2024-11-16T09:59:11+00:00\" \/>\n<meta property=\"og:image\" content=\"https:\/\/lecompagnonrouge.fr\/wp-content\/uploads\/2022\/08\/IMG_20220808_132059.jpg\" \/>\n\t<meta property=\"og:image:width\" content=\"850\" \/>\n\t<meta property=\"og:image:height\" content=\"1133\" \/>\n\t<meta property=\"og:image:type\" content=\"image\/jpeg\" \/>\n<meta name=\"author\" content=\"R1\" \/>\n<meta name=\"twitter:card\" content=\"summary_large_image\" \/>\n<meta name=\"twitter:label1\" content=\"\u00c9crit par\" \/>\n\t<meta name=\"twitter:data1\" content=\"R1\" \/>\n\t<meta name=\"twitter:label2\" content=\"Dur\u00e9e de lecture est.\" \/>\n\t<meta name=\"twitter:data2\" content=\"2 minutes\" \/>\n<script type=\"application\/ld+json\" class=\"yoast-schema-graph\">{\"@context\":\"https:\\\/\\\/schema.org\",\"@graph\":[{\"@type\":\"Article\",\"@id\":\"https:\\\/\\\/lecompagnonrouge.fr\\\/?p=1844#article\",\"isPartOf\":{\"@id\":\"https:\\\/\\\/lecompagnonrouge.fr\\\/?p=1844\"},\"author\":{\"name\":\"R1\",\"@id\":\"https:\\\/\\\/lecompagnonrouge.fr\\\/#\\\/schema\\\/person\\\/0025018a342b92eacca6f1e4c968a154\"},\"headline\":\"Hypochaeris radicata. Porcelle enracin\u00e9e\",\"datePublished\":\"2022-08-11T11:39:35+00:00\",\"dateModified\":\"2024-11-16T09:59:11+00:00\",\"mainEntityOfPage\":{\"@id\":\"https:\\\/\\\/lecompagnonrouge.fr\\\/?p=1844\"},\"wordCount\":206,\"publisher\":{\"@id\":\"https:\\\/\\\/lecompagnonrouge.fr\\\/#\\\/schema\\\/person\\\/0025018a342b92eacca6f1e4c968a154\"},\"image\":{\"@id\":\"https:\\\/\\\/lecompagnonrouge.fr\\\/?p=1844#primaryimage\"},\"thumbnailUrl\":\"https:\\\/\\\/lecompagnonrouge.fr\\\/wp-content\\\/uploads\\\/2022\\\/08\\\/IMG_20220808_132059.jpg\",\"keywords\":[\"Porcelle\",\"Porcelle enracin\u00e9e\",\"Salade de porc\"],\"articleSection\":[\"Asteraceae\",\"Cichorieae\",\"Cichorioideae\",\"Hypochaeris radicata\"],\"inLanguage\":\"fr-BE\"},{\"@type\":\"WebPage\",\"@id\":\"https:\\\/\\\/lecompagnonrouge.fr\\\/?p=1844\",\"url\":\"https:\\\/\\\/lecompagnonrouge.fr\\\/?p=1844\",\"name\":\"Hypochaeris radicata. Porcelle enracin\u00e9e - Le Compagnon rouge\",\"isPartOf\":{\"@id\":\"https:\\\/\\\/lecompagnonrouge.fr\\\/#website\"},\"primaryImageOfPage\":{\"@id\":\"https:\\\/\\\/lecompagnonrouge.fr\\\/?p=1844#primaryimage\"},\"image\":{\"@id\":\"https:\\\/\\\/lecompagnonrouge.fr\\\/?p=1844#primaryimage\"},\"thumbnailUrl\":\"https:\\\/\\\/lecompagnonrouge.fr\\\/wp-content\\\/uploads\\\/2022\\\/08\\\/IMG_20220808_132059.jpg\",\"datePublished\":\"2022-08-11T11:39:35+00:00\",\"dateModified\":\"2024-11-16T09:59:11+00:00\",\"description\":\"Asterales, Asteraceae, Cichorioideae, Cichorieae, Hypochaeris radicata\",\"breadcrumb\":{\"@id\":\"https:\\\/\\\/lecompagnonrouge.fr\\\/?p=1844#breadcrumb\"},\"inLanguage\":\"fr-BE\",\"potentialAction\":[{\"@type\":\"ReadAction\",\"target\":[\"https:\\\/\\\/lecompagnonrouge.fr\\\/?p=1844\"]}]},{\"@type\":\"ImageObject\",\"inLanguage\":\"fr-BE\",\"@id\":\"https:\\\/\\\/lecompagnonrouge.fr\\\/?p=1844#primaryimage\",\"url\":\"https:\\\/\\\/lecompagnonrouge.fr\\\/wp-content\\\/uploads\\\/2022\\\/08\\\/IMG_20220808_132059.jpg\",\"contentUrl\":\"https:\\\/\\\/lecompagnonrouge.fr\\\/wp-content\\\/uploads\\\/2022\\\/08\\\/IMG_20220808_132059.jpg\",\"width\":850,\"height\":1133,\"caption\":\"00100000\"},{\"@type\":\"BreadcrumbList\",\"@id\":\"https:\\\/\\\/lecompagnonrouge.fr\\\/?p=1844#breadcrumb\",\"itemListElement\":[{\"@type\":\"ListItem\",\"position\":1,\"name\":\"Accueil\",\"item\":\"https:\\\/\\\/lecompagnonrouge.fr\\\/\"},{\"@type\":\"ListItem\",\"position\":2,\"name\":\"Hypochaeris radicata. Porcelle enracin\u00e9e\"}]},{\"@type\":\"WebSite\",\"@id\":\"https:\\\/\\\/lecompagnonrouge.fr\\\/#website\",\"url\":\"https:\\\/\\\/lecompagnonrouge.fr\\\/\",\"name\":\"Le Compagnon rouge\",\"description\":\"M\u00e9morandum.\",\"publisher\":{\"@id\":\"https:\\\/\\\/lecompagnonrouge.fr\\\/#\\\/schema\\\/person\\\/0025018a342b92eacca6f1e4c968a154\"},\"potentialAction\":[{\"@type\":\"SearchAction\",\"target\":{\"@type\":\"EntryPoint\",\"urlTemplate\":\"https:\\\/\\\/lecompagnonrouge.fr\\\/?s={search_term_string}\"},\"query-input\":{\"@type\":\"PropertyValueSpecification\",\"valueRequired\":true,\"valueName\":\"search_term_string\"}}],\"inLanguage\":\"fr-BE\"},{\"@type\":[\"Person\",\"Organization\"],\"@id\":\"https:\\\/\\\/lecompagnonrouge.fr\\\/#\\\/schema\\\/person\\\/0025018a342b92eacca6f1e4c968a154\",\"name\":\"R1\",\"image\":{\"@type\":\"ImageObject\",\"inLanguage\":\"fr-BE\",\"@id\":\"https:\\\/\\\/lecompagnonrouge.fr\\\/wp-content\\\/uploads\\\/2022\\\/03\\\/identit.jpg\",\"url\":\"https:\\\/\\\/lecompagnonrouge.fr\\\/wp-content\\\/uploads\\\/2022\\\/03\\\/identit.jpg\",\"contentUrl\":\"https:\\\/\\\/lecompagnonrouge.fr\\\/wp-content\\\/uploads\\\/2022\\\/03\\\/identit.jpg\",\"width\":425,\"height\":545,\"caption\":\"R1\"},\"logo\":{\"@id\":\"https:\\\/\\\/lecompagnonrouge.fr\\\/wp-content\\\/uploads\\\/2022\\\/03\\\/identit.jpg\"},\"sameAs\":[\"http:\\\/\\\/lecompagnonrouge.fr\"],\"url\":\"https:\\\/\\\/lecompagnonrouge.fr\\\/?author=1\"}]}<\/script>\n<!-- \/ Yoast SEO plugin. -->","yoast_head_json":{"title":"Hypochaeris radicata. Porcelle enracin\u00e9e - Le Compagnon rouge","description":"Asterales, Asteraceae, Cichorioideae, Cichorieae, Hypochaeris radicata","robots":{"index":"index","follow":"follow","max-snippet":"max-snippet:-1","max-image-preview":"max-image-preview:large","max-video-preview":"max-video-preview:-1"},"canonical":"https:\/\/lecompagnonrouge.fr\/?p=1844","og_locale":"fr_FR","og_type":"article","og_title":"Hypochaeris radicata. Porcelle enracin\u00e9e - Le Compagnon rouge","og_description":"Asterales, Asteraceae, Cichorioideae, Cichorieae, Hypochaeris radicata","og_url":"https:\/\/lecompagnonrouge.fr\/?p=1844","og_site_name":"Le Compagnon rouge","article_published_time":"2022-08-11T11:39:35+00:00","article_modified_time":"2024-11-16T09:59:11+00:00","og_image":[{"width":850,"height":1133,"url":"https:\/\/lecompagnonrouge.fr\/wp-content\/uploads\/2022\/08\/IMG_20220808_132059.jpg","type":"image\/jpeg"}],"author":"R1","twitter_card":"summary_large_image","twitter_misc":{"\u00c9crit par":"R1","Dur\u00e9e de lecture est.":"2 minutes"},"schema":{"@context":"https:\/\/schema.org","@graph":[{"@type":"Article","@id":"https:\/\/lecompagnonrouge.fr\/?p=1844#article","isPartOf":{"@id":"https:\/\/lecompagnonrouge.fr\/?p=1844"},"author":{"name":"R1","@id":"https:\/\/lecompagnonrouge.fr\/#\/schema\/person\/0025018a342b92eacca6f1e4c968a154"},"headline":"Hypochaeris radicata. Porcelle enracin\u00e9e","datePublished":"2022-08-11T11:39:35+00:00","dateModified":"2024-11-16T09:59:11+00:00","mainEntityOfPage":{"@id":"https:\/\/lecompagnonrouge.fr\/?p=1844"},"wordCount":206,"publisher":{"@id":"https:\/\/lecompagnonrouge.fr\/#\/schema\/person\/0025018a342b92eacca6f1e4c968a154"},"image":{"@id":"https:\/\/lecompagnonrouge.fr\/?p=1844#primaryimage"},"thumbnailUrl":"https:\/\/lecompagnonrouge.fr\/wp-content\/uploads\/2022\/08\/IMG_20220808_132059.jpg","keywords":["Porcelle","Porcelle enracin\u00e9e","Salade de porc"],"articleSection":["Asteraceae","Cichorieae","Cichorioideae","Hypochaeris radicata"],"inLanguage":"fr-BE"},{"@type":"WebPage","@id":"https:\/\/lecompagnonrouge.fr\/?p=1844","url":"https:\/\/lecompagnonrouge.fr\/?p=1844","name":"Hypochaeris radicata. Porcelle enracin\u00e9e - Le Compagnon rouge","isPartOf":{"@id":"https:\/\/lecompagnonrouge.fr\/#website"},"primaryImageOfPage":{"@id":"https:\/\/lecompagnonrouge.fr\/?p=1844#primaryimage"},"image":{"@id":"https:\/\/lecompagnonrouge.fr\/?p=1844#primaryimage"},"thumbnailUrl":"https:\/\/lecompagnonrouge.fr\/wp-content\/uploads\/2022\/08\/IMG_20220808_132059.jpg","datePublished":"2022-08-11T11:39:35+00:00","dateModified":"2024-11-16T09:59:11+00:00","description":"Asterales, Asteraceae, Cichorioideae, Cichorieae, Hypochaeris radicata","breadcrumb":{"@id":"https:\/\/lecompagnonrouge.fr\/?p=1844#breadcrumb"},"inLanguage":"fr-BE","potentialAction":[{"@type":"ReadAction","target":["https:\/\/lecompagnonrouge.fr\/?p=1844"]}]},{"@type":"ImageObject","inLanguage":"fr-BE","@id":"https:\/\/lecompagnonrouge.fr\/?p=1844#primaryimage","url":"https:\/\/lecompagnonrouge.fr\/wp-content\/uploads\/2022\/08\/IMG_20220808_132059.jpg","contentUrl":"https:\/\/lecompagnonrouge.fr\/wp-content\/uploads\/2022\/08\/IMG_20220808_132059.jpg","width":850,"height":1133,"caption":"00100000"},{"@type":"BreadcrumbList","@id":"https:\/\/lecompagnonrouge.fr\/?p=1844#breadcrumb","itemListElement":[{"@type":"ListItem","position":1,"name":"Accueil","item":"https:\/\/lecompagnonrouge.fr\/"},{"@type":"ListItem","position":2,"name":"Hypochaeris radicata. Porcelle enracin\u00e9e"}]},{"@type":"WebSite","@id":"https:\/\/lecompagnonrouge.fr\/#website","url":"https:\/\/lecompagnonrouge.fr\/","name":"Le Compagnon rouge","description":"M\u00e9morandum.","publisher":{"@id":"https:\/\/lecompagnonrouge.fr\/#\/schema\/person\/0025018a342b92eacca6f1e4c968a154"},"potentialAction":[{"@type":"SearchAction","target":{"@type":"EntryPoint","urlTemplate":"https:\/\/lecompagnonrouge.fr\/?s={search_term_string}"},"query-input":{"@type":"PropertyValueSpecification","valueRequired":true,"valueName":"search_term_string"}}],"inLanguage":"fr-BE"},{"@type":["Person","Organization"],"@id":"https:\/\/lecompagnonrouge.fr\/#\/schema\/person\/0025018a342b92eacca6f1e4c968a154","name":"R1","image":{"@type":"ImageObject","inLanguage":"fr-BE","@id":"https:\/\/lecompagnonrouge.fr\/wp-content\/uploads\/2022\/03\/identit.jpg","url":"https:\/\/lecompagnonrouge.fr\/wp-content\/uploads\/2022\/03\/identit.jpg","contentUrl":"https:\/\/lecompagnonrouge.fr\/wp-content\/uploads\/2022\/03\/identit.jpg","width":425,"height":545,"caption":"R1"},"logo":{"@id":"https:\/\/lecompagnonrouge.fr\/wp-content\/uploads\/2022\/03\/identit.jpg"},"sameAs":["http:\/\/lecompagnonrouge.fr"],"url":"https:\/\/lecompagnonrouge.fr\/?author=1"}]}},"_links":{"self":[{"href":"https:\/\/lecompagnonrouge.fr\/index.php?rest_route=\/wp\/v2\/posts\/1844","targetHints":{"allow":["GET"]}}],"collection":[{"href":"https:\/\/lecompagnonrouge.fr\/index.php?rest_route=\/wp\/v2\/posts"}],"about":[{"href":"https:\/\/lecompagnonrouge.fr\/index.php?rest_route=\/wp\/v2\/types\/post"}],"author":[{"embeddable":true,"href":"https:\/\/lecompagnonrouge.fr\/index.php?rest_route=\/wp\/v2\/users\/1"}],"replies":[{"embeddable":true,"href":"https:\/\/lecompagnonrouge.fr\/index.php?rest_route=%2Fwp%2Fv2%2Fcomments&post=1844"}],"version-history":[{"count":6,"href":"https:\/\/lecompagnonrouge.fr\/index.php?rest_route=\/wp\/v2\/posts\/1844\/revisions"}],"predecessor-version":[{"id":8265,"href":"https:\/\/lecompagnonrouge.fr\/index.php?rest_route=\/wp\/v2\/posts\/1844\/revisions\/8265"}],"wp:featuredmedia":[{"embeddable":true,"href":"https:\/\/lecompagnonrouge.fr\/index.php?rest_route=\/wp\/v2\/media\/1845"}],"wp:attachment":[{"href":"https:\/\/lecompagnonrouge.fr\/index.php?rest_route=%2Fwp%2Fv2%2Fmedia&parent=1844"}],"wp:term":[{"taxonomy":"category","embeddable":true,"href":"https:\/\/lecompagnonrouge.fr\/index.php?rest_route=%2Fwp%2Fv2%2Fcategories&post=1844"},{"taxonomy":"post_tag","embeddable":true,"href":"https:\/\/lecompagnonrouge.fr\/index.php?rest_route=%2Fwp%2Fv2%2Ftags&post=1844"}],"curies":[{"name":"wp","href":"https:\/\/api.w.org\/{rel}","templated":true}]}}