{"id":1748,"date":"2022-07-30T10:55:09","date_gmt":"2022-07-30T08:55:09","guid":{"rendered":"https:\/\/lecompagnonrouge.fr\/?p=1748"},"modified":"2024-11-15T16:16:45","modified_gmt":"2024-11-15T15:16:45","slug":"setaria-verticillata-setaire-verticillee","status":"publish","type":"post","link":"https:\/\/lecompagnonrouge.fr\/?p=1748","title":{"rendered":"Setaria verticillata. S\u00e9taire verticill\u00e9e."},"content":{"rendered":"\n<p class=\"has-medium-font-size\">La s\u00e9taire verticill\u00e9e pr\u00e9sente un pseudo \u00e9pi. Les p\u00e9doncules sont tr\u00e8s courts. Le premier regard fait penser \u00e0 un \u00e9pi, ce qui n&rsquo;est pas le cas. Elle pr\u00e9sente des fleurons group\u00e9s, et donc courtement p\u00e9doncul\u00e9s. Ceux du bas pouvant parfois \u00eatre espac\u00e9s.<\/p>\n\n\n\n<p class=\"has-medium-font-size\">La gaine de la feuille inf\u00e9rieure est dite ancipit\u00e9e. Cela indique que vers la base (c\u00f4t\u00e9 tige), elle est pli\u00e9e et \u00e9voque un peu un sabre, une lame (le pli est fort). Le limbe de la feuille pr\u00e9sente une pilosit\u00e9 \u00e9parse.<\/p>\n\n\n\n<p class=\"has-medium-font-size\">La gaine des talles v\u00e9g\u00e9tative est aplatie.<\/p>\n\n\n\n<figure class=\"wp-block-image size-full\"><img loading=\"lazy\" decoding=\"async\" width=\"850\" height=\"871\" src=\"https:\/\/lecompagnonrouge.fr\/wp-content\/uploads\/2024\/02\/setaria-vertIMG_20220725_180356.jpg\" alt=\"\" class=\"wp-image-5544\" srcset=\"https:\/\/lecompagnonrouge.fr\/wp-content\/uploads\/2024\/02\/setaria-vertIMG_20220725_180356.jpg 850w, https:\/\/lecompagnonrouge.fr\/wp-content\/uploads\/2024\/02\/setaria-vertIMG_20220725_180356-293x300.jpg 293w, https:\/\/lecompagnonrouge.fr\/wp-content\/uploads\/2024\/02\/setaria-vertIMG_20220725_180356-768x787.jpg 768w, https:\/\/lecompagnonrouge.fr\/wp-content\/uploads\/2024\/02\/setaria-vertIMG_20220725_180356-300x307.jpg 300w\" sizes=\"auto, (max-width: 850px) 100vw, 850px\" \/><\/figure>\n\n\n\n<p><\/p>\n\n\n\n<p><\/p>\n\n\n\n<p class=\"has-medium-font-size\"><\/p>\n\n\n\n<div class=\"wp-block-media-text alignwide has-media-on-the-right\" style=\"grid-template-columns:auto 60%\"><div class=\"wp-block-media-text__content\">\n<p>[Observer que la gaine de la feuille poss\u00e8de bien des marges cili\u00e9es au moins \u00e0 l&rsquo;apex]<\/p>\n<\/div><figure class=\"wp-block-media-text__media\"><img loading=\"lazy\" decoding=\"async\" width=\"444\" height=\"476\" src=\"https:\/\/lecompagnonrouge.fr\/wp-content\/uploads\/2022\/07\/setariaVGaine.jpg\" alt=\"\" class=\"wp-image-1796 size-full\" srcset=\"https:\/\/lecompagnonrouge.fr\/wp-content\/uploads\/2022\/07\/setariaVGaine.jpg 444w, https:\/\/lecompagnonrouge.fr\/wp-content\/uploads\/2022\/07\/setariaVGaine-280x300.jpg 280w, https:\/\/lecompagnonrouge.fr\/wp-content\/uploads\/2022\/07\/setariaVGaine-300x322.jpg 300w\" sizes=\"auto, (max-width: 444px) 100vw, 444px\" \/><\/figure><\/div>\n\n\n\n<p class=\"has-medium-font-size\">Les longues soies pr\u00e9sentes sur l&rsquo;inflorescence (appareil optique n\u00e9cessaire si on veut en voir le d\u00e9tail) permettent un peu la distinction. Ces soies ont des tr\u00e8s petits crochets orient\u00e9s vers le bas. En absence d&rsquo;optique adapt\u00e9e, la plante est  le plus souvent tr\u00e8s accrochante, d\u00e8s lors que l&rsquo;on passe la main du bas vers le haut. Jauzein signale cependant une mutation non accrochante ( parfois indiqu\u00e9e comme Setaria verticillata var. ambigua )<\/p>\n\n\n\n<p class=\"has-medium-font-size\">Les s\u00e9taires ont des soies et, sauf la petite pumila, des innovations st\u00e9riles.<\/p>\n\n\n\n<p class=\"has-medium-font-size\">Risque de confusion: Setaria pumila, laquelle se distingue parce que les limbes de ses feuilles pr\u00e9sentent \u00e0 leurs bases des longs poils blancs (mais aucun poil au niveau de la gaine foliaire), et parce que les fleurons\/les futures graines d\u00e9passent des glumes: ils sont visibles.<\/p>\n\n\n\n<p class=\"has-small-font-size\"><a href=\"https:\/\/lecompagnonrouge.fr\/?s=poales\">Poales<\/a>><a href=\"https:\/\/lecompagnonrouge.fr\/?s=poaceae\">Poaceae<\/a>><a href=\"https:\/\/lecompagnonrouge.fr\/?s=pseudo-\u00e9pi\">Groupe \u00e0 pseudo-\u00e9pi<\/a>\/ comprenant g\u00e9n\u00e9ralement des innovations st\u00e9riles> <a href=\"https:\/\/lecompagnonrouge.fr\/?s=setaria\">Setaria<\/a> verticillata<\/p>\n\n\n\n<p class=\"has-medium-font-size\">Dans l\u2019ensemble, les gramin\u00e9es provoqueraient des pollinoses. Les poaceae forment un groupe qui semble particuli\u00e8rement complexe en raison de la taille de ce groupe pour les allergologues. Setaria verticillata : pollen allergisant?<\/p>\n\n\n\n<p class=\"has-medium-font-size\">Plantes de friches, de cultures sur sols sableux, argileux.<\/p>\n\n\n\n<p class=\"has-medium-font-size\">Annuelles commensales des cultures sarcl\u00e9es acidophiles, m\u00e9sohydriques, des sols sableux. Digitario sanguinalis &#8211; Setarion viridis Sissingh in Westhoff, Dijk, Passchier &amp; Sissingh 1946 em. H\u00fcppe &amp; Hofmeister 1990<\/p>\n\n\n\n<p>Lieu(x) o\u00f9 la plante est photographi\u00e9e: Bagnolet<\/p>\n","protected":false},"excerpt":{"rendered":"<p>La s\u00e9taire verticill\u00e9e pr\u00e9sente un pseudo \u00e9pi. Les p\u00e9doncules sont tr\u00e8s courts. Le premier regard fait penser \u00e0 un \u00e9pi, ce qui n&rsquo;est pas le cas. Elle pr\u00e9sente des fleurons group\u00e9s, et donc courtement p\u00e9doncul\u00e9s. Ceux du bas pouvant parfois \u00eatre espac\u00e9s. La gaine de la feuille inf\u00e9rieure est dite ancipit\u00e9e. Cela indique que vers&#8230;<\/p>\n","protected":false},"author":1,"featured_media":1749,"comment_status":"closed","ping_status":"open","sticky":false,"template":"","format":"standard","meta":{"footnotes":""},"categories":[306,425],"tags":[424],"class_list":["post-1748","post","type-post","status-publish","format-standard","has-post-thumbnail","hentry","category-poaceae","category-setaria-verticillata","tag-setaire-verticillee"],"yoast_head":"<!-- This site is optimized with the Yoast SEO plugin v27.4 - https:\/\/yoast.com\/product\/yoast-seo-wordpress\/ -->\n<title>Setaria verticillata. S\u00e9taire verticill\u00e9e. - Le Compagnon rouge<\/title>\n<meta name=\"description\" content=\"Poales, Poaceae, Setaria verticillata\" \/>\n<meta name=\"robots\" content=\"index, follow, max-snippet:-1, max-image-preview:large, max-video-preview:-1\" \/>\n<link rel=\"canonical\" href=\"https:\/\/lecompagnonrouge.fr\/?p=1748\" \/>\n<meta property=\"og:locale\" content=\"fr_FR\" \/>\n<meta property=\"og:type\" content=\"article\" \/>\n<meta property=\"og:title\" content=\"Setaria verticillata. S\u00e9taire verticill\u00e9e. - Le Compagnon rouge\" \/>\n<meta property=\"og:description\" content=\"Poales, Poaceae, Setaria verticillata\" \/>\n<meta property=\"og:url\" content=\"https:\/\/lecompagnonrouge.fr\/?p=1748\" \/>\n<meta property=\"og:site_name\" content=\"Le Compagnon rouge\" \/>\n<meta property=\"article:published_time\" content=\"2022-07-30T08:55:09+00:00\" \/>\n<meta property=\"article:modified_time\" content=\"2024-11-15T15:16:45+00:00\" \/>\n<meta property=\"og:image\" content=\"https:\/\/lecompagnonrouge.fr\/wp-content\/uploads\/2022\/07\/setaria-verticillata.jpg\" \/>\n\t<meta property=\"og:image:width\" content=\"850\" \/>\n\t<meta property=\"og:image:height\" content=\"1133\" \/>\n\t<meta property=\"og:image:type\" content=\"image\/jpeg\" \/>\n<meta name=\"author\" content=\"R1\" \/>\n<meta name=\"twitter:card\" content=\"summary_large_image\" \/>\n<meta name=\"twitter:label1\" content=\"\u00c9crit par\" \/>\n\t<meta name=\"twitter:data1\" content=\"R1\" \/>\n\t<meta name=\"twitter:label2\" content=\"Dur\u00e9e de lecture est.\" \/>\n\t<meta name=\"twitter:data2\" content=\"3 minutes\" \/>\n<script type=\"application\/ld+json\" class=\"yoast-schema-graph\">{\"@context\":\"https:\\\/\\\/schema.org\",\"@graph\":[{\"@type\":\"Article\",\"@id\":\"https:\\\/\\\/lecompagnonrouge.fr\\\/?p=1748#article\",\"isPartOf\":{\"@id\":\"https:\\\/\\\/lecompagnonrouge.fr\\\/?p=1748\"},\"author\":{\"name\":\"R1\",\"@id\":\"https:\\\/\\\/lecompagnonrouge.fr\\\/#\\\/schema\\\/person\\\/0025018a342b92eacca6f1e4c968a154\"},\"headline\":\"Setaria verticillata. S\u00e9taire verticill\u00e9e.\",\"datePublished\":\"2022-07-30T08:55:09+00:00\",\"dateModified\":\"2024-11-15T15:16:45+00:00\",\"mainEntityOfPage\":{\"@id\":\"https:\\\/\\\/lecompagnonrouge.fr\\\/?p=1748\"},\"wordCount\":371,\"publisher\":{\"@id\":\"https:\\\/\\\/lecompagnonrouge.fr\\\/#\\\/schema\\\/person\\\/0025018a342b92eacca6f1e4c968a154\"},\"image\":{\"@id\":\"https:\\\/\\\/lecompagnonrouge.fr\\\/?p=1748#primaryimage\"},\"thumbnailUrl\":\"https:\\\/\\\/lecompagnonrouge.fr\\\/wp-content\\\/uploads\\\/2022\\\/07\\\/setaria-verticillata.jpg\",\"keywords\":[\"S\u00e9taire verticill\u00e9e\"],\"articleSection\":[\"Poaceae\",\"Setaria verticillata\"],\"inLanguage\":\"fr-BE\"},{\"@type\":\"WebPage\",\"@id\":\"https:\\\/\\\/lecompagnonrouge.fr\\\/?p=1748\",\"url\":\"https:\\\/\\\/lecompagnonrouge.fr\\\/?p=1748\",\"name\":\"Setaria verticillata. S\u00e9taire verticill\u00e9e. - Le Compagnon rouge\",\"isPartOf\":{\"@id\":\"https:\\\/\\\/lecompagnonrouge.fr\\\/#website\"},\"primaryImageOfPage\":{\"@id\":\"https:\\\/\\\/lecompagnonrouge.fr\\\/?p=1748#primaryimage\"},\"image\":{\"@id\":\"https:\\\/\\\/lecompagnonrouge.fr\\\/?p=1748#primaryimage\"},\"thumbnailUrl\":\"https:\\\/\\\/lecompagnonrouge.fr\\\/wp-content\\\/uploads\\\/2022\\\/07\\\/setaria-verticillata.jpg\",\"datePublished\":\"2022-07-30T08:55:09+00:00\",\"dateModified\":\"2024-11-15T15:16:45+00:00\",\"description\":\"Poales, Poaceae, Setaria verticillata\",\"breadcrumb\":{\"@id\":\"https:\\\/\\\/lecompagnonrouge.fr\\\/?p=1748#breadcrumb\"},\"inLanguage\":\"fr-BE\",\"potentialAction\":[{\"@type\":\"ReadAction\",\"target\":[\"https:\\\/\\\/lecompagnonrouge.fr\\\/?p=1748\"]}]},{\"@type\":\"ImageObject\",\"inLanguage\":\"fr-BE\",\"@id\":\"https:\\\/\\\/lecompagnonrouge.fr\\\/?p=1748#primaryimage\",\"url\":\"https:\\\/\\\/lecompagnonrouge.fr\\\/wp-content\\\/uploads\\\/2022\\\/07\\\/setaria-verticillata.jpg\",\"contentUrl\":\"https:\\\/\\\/lecompagnonrouge.fr\\\/wp-content\\\/uploads\\\/2022\\\/07\\\/setaria-verticillata.jpg\",\"width\":850,\"height\":1133,\"caption\":\"00100000\"},{\"@type\":\"BreadcrumbList\",\"@id\":\"https:\\\/\\\/lecompagnonrouge.fr\\\/?p=1748#breadcrumb\",\"itemListElement\":[{\"@type\":\"ListItem\",\"position\":1,\"name\":\"Accueil\",\"item\":\"https:\\\/\\\/lecompagnonrouge.fr\\\/\"},{\"@type\":\"ListItem\",\"position\":2,\"name\":\"Setaria verticillata. S\u00e9taire verticill\u00e9e.\"}]},{\"@type\":\"WebSite\",\"@id\":\"https:\\\/\\\/lecompagnonrouge.fr\\\/#website\",\"url\":\"https:\\\/\\\/lecompagnonrouge.fr\\\/\",\"name\":\"Le Compagnon rouge\",\"description\":\"M\u00e9morandum.\",\"publisher\":{\"@id\":\"https:\\\/\\\/lecompagnonrouge.fr\\\/#\\\/schema\\\/person\\\/0025018a342b92eacca6f1e4c968a154\"},\"potentialAction\":[{\"@type\":\"SearchAction\",\"target\":{\"@type\":\"EntryPoint\",\"urlTemplate\":\"https:\\\/\\\/lecompagnonrouge.fr\\\/?s={search_term_string}\"},\"query-input\":{\"@type\":\"PropertyValueSpecification\",\"valueRequired\":true,\"valueName\":\"search_term_string\"}}],\"inLanguage\":\"fr-BE\"},{\"@type\":[\"Person\",\"Organization\"],\"@id\":\"https:\\\/\\\/lecompagnonrouge.fr\\\/#\\\/schema\\\/person\\\/0025018a342b92eacca6f1e4c968a154\",\"name\":\"R1\",\"image\":{\"@type\":\"ImageObject\",\"inLanguage\":\"fr-BE\",\"@id\":\"https:\\\/\\\/lecompagnonrouge.fr\\\/wp-content\\\/uploads\\\/2022\\\/03\\\/identit.jpg\",\"url\":\"https:\\\/\\\/lecompagnonrouge.fr\\\/wp-content\\\/uploads\\\/2022\\\/03\\\/identit.jpg\",\"contentUrl\":\"https:\\\/\\\/lecompagnonrouge.fr\\\/wp-content\\\/uploads\\\/2022\\\/03\\\/identit.jpg\",\"width\":425,\"height\":545,\"caption\":\"R1\"},\"logo\":{\"@id\":\"https:\\\/\\\/lecompagnonrouge.fr\\\/wp-content\\\/uploads\\\/2022\\\/03\\\/identit.jpg\"},\"sameAs\":[\"http:\\\/\\\/lecompagnonrouge.fr\"],\"url\":\"https:\\\/\\\/lecompagnonrouge.fr\\\/?author=1\"}]}<\/script>\n<!-- \/ Yoast SEO plugin. -->","yoast_head_json":{"title":"Setaria verticillata. S\u00e9taire verticill\u00e9e. - Le Compagnon rouge","description":"Poales, Poaceae, Setaria verticillata","robots":{"index":"index","follow":"follow","max-snippet":"max-snippet:-1","max-image-preview":"max-image-preview:large","max-video-preview":"max-video-preview:-1"},"canonical":"https:\/\/lecompagnonrouge.fr\/?p=1748","og_locale":"fr_FR","og_type":"article","og_title":"Setaria verticillata. S\u00e9taire verticill\u00e9e. - Le Compagnon rouge","og_description":"Poales, Poaceae, Setaria verticillata","og_url":"https:\/\/lecompagnonrouge.fr\/?p=1748","og_site_name":"Le Compagnon rouge","article_published_time":"2022-07-30T08:55:09+00:00","article_modified_time":"2024-11-15T15:16:45+00:00","og_image":[{"width":850,"height":1133,"url":"https:\/\/lecompagnonrouge.fr\/wp-content\/uploads\/2022\/07\/setaria-verticillata.jpg","type":"image\/jpeg"}],"author":"R1","twitter_card":"summary_large_image","twitter_misc":{"\u00c9crit par":"R1","Dur\u00e9e de lecture est.":"3 minutes"},"schema":{"@context":"https:\/\/schema.org","@graph":[{"@type":"Article","@id":"https:\/\/lecompagnonrouge.fr\/?p=1748#article","isPartOf":{"@id":"https:\/\/lecompagnonrouge.fr\/?p=1748"},"author":{"name":"R1","@id":"https:\/\/lecompagnonrouge.fr\/#\/schema\/person\/0025018a342b92eacca6f1e4c968a154"},"headline":"Setaria verticillata. S\u00e9taire verticill\u00e9e.","datePublished":"2022-07-30T08:55:09+00:00","dateModified":"2024-11-15T15:16:45+00:00","mainEntityOfPage":{"@id":"https:\/\/lecompagnonrouge.fr\/?p=1748"},"wordCount":371,"publisher":{"@id":"https:\/\/lecompagnonrouge.fr\/#\/schema\/person\/0025018a342b92eacca6f1e4c968a154"},"image":{"@id":"https:\/\/lecompagnonrouge.fr\/?p=1748#primaryimage"},"thumbnailUrl":"https:\/\/lecompagnonrouge.fr\/wp-content\/uploads\/2022\/07\/setaria-verticillata.jpg","keywords":["S\u00e9taire verticill\u00e9e"],"articleSection":["Poaceae","Setaria verticillata"],"inLanguage":"fr-BE"},{"@type":"WebPage","@id":"https:\/\/lecompagnonrouge.fr\/?p=1748","url":"https:\/\/lecompagnonrouge.fr\/?p=1748","name":"Setaria verticillata. S\u00e9taire verticill\u00e9e. - Le Compagnon rouge","isPartOf":{"@id":"https:\/\/lecompagnonrouge.fr\/#website"},"primaryImageOfPage":{"@id":"https:\/\/lecompagnonrouge.fr\/?p=1748#primaryimage"},"image":{"@id":"https:\/\/lecompagnonrouge.fr\/?p=1748#primaryimage"},"thumbnailUrl":"https:\/\/lecompagnonrouge.fr\/wp-content\/uploads\/2022\/07\/setaria-verticillata.jpg","datePublished":"2022-07-30T08:55:09+00:00","dateModified":"2024-11-15T15:16:45+00:00","description":"Poales, Poaceae, Setaria verticillata","breadcrumb":{"@id":"https:\/\/lecompagnonrouge.fr\/?p=1748#breadcrumb"},"inLanguage":"fr-BE","potentialAction":[{"@type":"ReadAction","target":["https:\/\/lecompagnonrouge.fr\/?p=1748"]}]},{"@type":"ImageObject","inLanguage":"fr-BE","@id":"https:\/\/lecompagnonrouge.fr\/?p=1748#primaryimage","url":"https:\/\/lecompagnonrouge.fr\/wp-content\/uploads\/2022\/07\/setaria-verticillata.jpg","contentUrl":"https:\/\/lecompagnonrouge.fr\/wp-content\/uploads\/2022\/07\/setaria-verticillata.jpg","width":850,"height":1133,"caption":"00100000"},{"@type":"BreadcrumbList","@id":"https:\/\/lecompagnonrouge.fr\/?p=1748#breadcrumb","itemListElement":[{"@type":"ListItem","position":1,"name":"Accueil","item":"https:\/\/lecompagnonrouge.fr\/"},{"@type":"ListItem","position":2,"name":"Setaria verticillata. S\u00e9taire verticill\u00e9e."}]},{"@type":"WebSite","@id":"https:\/\/lecompagnonrouge.fr\/#website","url":"https:\/\/lecompagnonrouge.fr\/","name":"Le Compagnon rouge","description":"M\u00e9morandum.","publisher":{"@id":"https:\/\/lecompagnonrouge.fr\/#\/schema\/person\/0025018a342b92eacca6f1e4c968a154"},"potentialAction":[{"@type":"SearchAction","target":{"@type":"EntryPoint","urlTemplate":"https:\/\/lecompagnonrouge.fr\/?s={search_term_string}"},"query-input":{"@type":"PropertyValueSpecification","valueRequired":true,"valueName":"search_term_string"}}],"inLanguage":"fr-BE"},{"@type":["Person","Organization"],"@id":"https:\/\/lecompagnonrouge.fr\/#\/schema\/person\/0025018a342b92eacca6f1e4c968a154","name":"R1","image":{"@type":"ImageObject","inLanguage":"fr-BE","@id":"https:\/\/lecompagnonrouge.fr\/wp-content\/uploads\/2022\/03\/identit.jpg","url":"https:\/\/lecompagnonrouge.fr\/wp-content\/uploads\/2022\/03\/identit.jpg","contentUrl":"https:\/\/lecompagnonrouge.fr\/wp-content\/uploads\/2022\/03\/identit.jpg","width":425,"height":545,"caption":"R1"},"logo":{"@id":"https:\/\/lecompagnonrouge.fr\/wp-content\/uploads\/2022\/03\/identit.jpg"},"sameAs":["http:\/\/lecompagnonrouge.fr"],"url":"https:\/\/lecompagnonrouge.fr\/?author=1"}]}},"_links":{"self":[{"href":"https:\/\/lecompagnonrouge.fr\/index.php?rest_route=\/wp\/v2\/posts\/1748","targetHints":{"allow":["GET"]}}],"collection":[{"href":"https:\/\/lecompagnonrouge.fr\/index.php?rest_route=\/wp\/v2\/posts"}],"about":[{"href":"https:\/\/lecompagnonrouge.fr\/index.php?rest_route=\/wp\/v2\/types\/post"}],"author":[{"embeddable":true,"href":"https:\/\/lecompagnonrouge.fr\/index.php?rest_route=\/wp\/v2\/users\/1"}],"replies":[{"embeddable":true,"href":"https:\/\/lecompagnonrouge.fr\/index.php?rest_route=%2Fwp%2Fv2%2Fcomments&post=1748"}],"version-history":[{"count":10,"href":"https:\/\/lecompagnonrouge.fr\/index.php?rest_route=\/wp\/v2\/posts\/1748\/revisions"}],"predecessor-version":[{"id":8241,"href":"https:\/\/lecompagnonrouge.fr\/index.php?rest_route=\/wp\/v2\/posts\/1748\/revisions\/8241"}],"wp:featuredmedia":[{"embeddable":true,"href":"https:\/\/lecompagnonrouge.fr\/index.php?rest_route=\/wp\/v2\/media\/1749"}],"wp:attachment":[{"href":"https:\/\/lecompagnonrouge.fr\/index.php?rest_route=%2Fwp%2Fv2%2Fmedia&parent=1748"}],"wp:term":[{"taxonomy":"category","embeddable":true,"href":"https:\/\/lecompagnonrouge.fr\/index.php?rest_route=%2Fwp%2Fv2%2Fcategories&post=1748"},{"taxonomy":"post_tag","embeddable":true,"href":"https:\/\/lecompagnonrouge.fr\/index.php?rest_route=%2Fwp%2Fv2%2Ftags&post=1748"}],"curies":[{"name":"wp","href":"https:\/\/api.w.org\/{rel}","templated":true}]}}