{"id":1638,"date":"2022-06-16T12:20:03","date_gmt":"2022-06-16T10:20:03","guid":{"rendered":"https:\/\/lecompagnonrouge.fr\/?p=1638"},"modified":"2024-11-15T13:08:28","modified_gmt":"2024-11-15T12:08:28","slug":"cerastium-fontanum-ceraiste-commun","status":"publish","type":"post","link":"https:\/\/lecompagnonrouge.fr\/?p=1638","title":{"rendered":"Cerastium fontanum subsp. vulgare. C\u00e9raiste commun."},"content":{"rendered":"\n<p class=\"has-medium-font-size\">Plante velue, s\u00e9pales velus (peu de poils glanduleux: non visible sur la photo). Partie membraneuse des s\u00e9pales \u00e0 peine (ou non) d\u00e9pass\u00e9e par les poils.<\/p>\n\n\n\n<p class=\"has-medium-font-size\">Se remarque bien par sa capsule arqu\u00e9e et saillante.<\/p>\n\n\n\n<figure class=\"wp-block-image size-full\"><img loading=\"lazy\" decoding=\"async\" width=\"703\" height=\"473\" src=\"https:\/\/lecompagnonrouge.fr\/wp-content\/uploads\/2022\/06\/image-9.png\" alt=\"\" class=\"wp-image-8209\" srcset=\"https:\/\/lecompagnonrouge.fr\/wp-content\/uploads\/2022\/06\/image-9.png 703w, https:\/\/lecompagnonrouge.fr\/wp-content\/uploads\/2022\/06\/image-9-300x202.png 300w\" sizes=\"auto, (max-width: 703px) 100vw, 703px\" \/><\/figure>\n\n\n\n<p><\/p>\n\n\n\n<p class=\"has-medium-font-size\">Longueur des p\u00e9tales mod\u00e9r\u00e9s par rapport aux s\u00e9pales (un petit peu plus long quand fleur bien ouverte)<\/p>\n\n\n\n<figure class=\"wp-block-image size-full\"><img loading=\"lazy\" decoding=\"async\" width=\"850\" height=\"702\" src=\"https:\/\/lecompagnonrouge.fr\/wp-content\/uploads\/2022\/06\/image-10.png\" alt=\"\" class=\"wp-image-8210\" srcset=\"https:\/\/lecompagnonrouge.fr\/wp-content\/uploads\/2022\/06\/image-10.png 850w, https:\/\/lecompagnonrouge.fr\/wp-content\/uploads\/2022\/06\/image-10-300x248.png 300w, https:\/\/lecompagnonrouge.fr\/wp-content\/uploads\/2022\/06\/image-10-768x634.png 768w\" sizes=\"auto, (max-width: 850px) 100vw, 850px\" \/><\/figure>\n\n\n\n<p><\/p>\n\n\n\n<p><\/p>\n\n\n\n<p class=\"has-medium-font-size\">Par ailleurs, les entren\u0153uds sont longs (au moins 2 fois la longueur des feuilles correspondantes). La capsule para\u00eet longue.<\/p>\n\n\n<div class=\"wp-block-image\">\n<figure class=\"aligncenter size-full\"><img loading=\"lazy\" decoding=\"async\" width=\"691\" height=\"1024\" src=\"https:\/\/lecompagnonrouge.fr\/wp-content\/uploads\/2022\/06\/image-11.png\" alt=\"\" class=\"wp-image-8211\" srcset=\"https:\/\/lecompagnonrouge.fr\/wp-content\/uploads\/2022\/06\/image-11.png 691w, https:\/\/lecompagnonrouge.fr\/wp-content\/uploads\/2022\/06\/image-11-202x300.png 202w, https:\/\/lecompagnonrouge.fr\/wp-content\/uploads\/2022\/06\/image-11-300x445.png 300w\" sizes=\"auto, (max-width: 691px) 100vw, 691px\" \/><\/figure>\n<\/div>\n\n\n<p><\/p>\n\n\n\n<p><\/p>\n\n\n\n<p class=\"has-medium-font-size\">Une sous-esp\u00e8ce de rochers suintants ou de mar\u00e9cages, orophyte (de Corse, desPyr\u00e9nn\u00e9es), la sous-esp\u00e8ce lucorum, pr\u00e9sente des capsules mures plus grandes (majoritairement sup\u00e9rieure \u00e0 12 mm de long). La sous-esp\u00e8ce type est d&rsquo;Europe centrale. La sous esp\u00e8ce vulgare, commune, pr\u00e9sente des capsules mures ayant majoritairement une longueur de 7 \u00e0 12 mm, plus rarement jusqu&rsquo;\u00e0 15mm.<\/p>\n\n\n\n<p class=\"has-small-font-size\"><a href=\"https:\/\/lecompagnonrouge.fr\/?s=Caryophyllales\">Caryophyllales<\/a>><a href=\"https:\/\/lecompagnonrouge.fr\/?s=Caryophyllaceae\">Caryophyllaceae<\/a>> <a href=\"https:\/\/lecompagnonrouge.fr\/?s=Cerastium\">Cerastium<\/a> fontanum subsp. vulgare<\/p>\n\n\n\n<p>Lieu(x) o\u00f9 la plante est photographi\u00e9e: Creuse<\/p>\n\n\n\n<p class=\"has-medium-font-size\">Prairies europ\u00e9ennes m\u00e9sotrophiles \u00e0 eutrophiles.<a href=\"https:\/\/lecompagnonrouge.fr\/?page_id=3348\/#Agrostio-stoloniferae-Arrhenatheretea-elatioris\"> Agrostio stoloniferae &#8211; Arrhenatheretea elatioris subsp. elatioris<\/a> (T\u00fcxen 1937 em. 1970) de Foucault 1984<\/p>\n\n\n\n<p><\/p>\n\n\n\n<p class=\"has-small-font-size\">Merci de consulter\u00a0<a href=\"https:\/\/lecompagnonrouge.fr\/\">la charte de navigation<\/a>\u00a0(notamment droits concernant les images).<\/p>\n","protected":false},"excerpt":{"rendered":"<p>Plante velue, s\u00e9pales velus (peu de poils glanduleux: non visible sur la photo). Partie membraneuse des s\u00e9pales \u00e0 peine (ou non) d\u00e9pass\u00e9e par les poils. Se remarque bien par sa capsule arqu\u00e9e et saillante. Longueur des p\u00e9tales mod\u00e9r\u00e9s par rapport aux s\u00e9pales (un petit peu plus long quand fleur bien ouverte) Par ailleurs, les entren\u0153uds&#8230;<\/p>\n","protected":false},"author":1,"featured_media":1639,"comment_status":"closed","ping_status":"open","sticky":false,"template":"","format":"standard","meta":{"footnotes":""},"categories":[88,89,406],"tags":[98,405],"class_list":["post-1638","post","type-post","status-publish","format-standard","has-post-thumbnail","hentry","category-caryophyllaceae","category-cerastium","category-cerastium-fontanum","tag-ceraiste","tag-ceraiste-commun"],"yoast_head":"<!-- This site is optimized with the Yoast SEO plugin v27.4 - https:\/\/yoast.com\/product\/yoast-seo-wordpress\/ -->\n<title>Cerastium fontanum subsp. vulgare. C\u00e9raiste commun. - Le Compagnon rouge<\/title>\n<meta name=\"description\" content=\"Caryophyllales, Caryophyllaceae, Cerastium fontanum\" \/>\n<meta name=\"robots\" content=\"index, follow, max-snippet:-1, max-image-preview:large, max-video-preview:-1\" \/>\n<link rel=\"canonical\" href=\"https:\/\/lecompagnonrouge.fr\/?p=1638\" \/>\n<meta property=\"og:locale\" content=\"fr_FR\" \/>\n<meta property=\"og:type\" content=\"article\" \/>\n<meta property=\"og:title\" content=\"Cerastium fontanum subsp. vulgare. C\u00e9raiste commun. - Le Compagnon rouge\" \/>\n<meta property=\"og:description\" content=\"Caryophyllales, Caryophyllaceae, Cerastium fontanum\" \/>\n<meta property=\"og:url\" content=\"https:\/\/lecompagnonrouge.fr\/?p=1638\" \/>\n<meta property=\"og:site_name\" content=\"Le Compagnon rouge\" \/>\n<meta property=\"article:published_time\" content=\"2022-06-16T10:20:03+00:00\" \/>\n<meta property=\"article:modified_time\" content=\"2024-11-15T12:08:28+00:00\" \/>\n<meta property=\"og:image\" content=\"https:\/\/lecompagnonrouge.fr\/wp-content\/uploads\/2022\/06\/IMG_20220522_103020-Copie-scaled.jpg\" \/>\n\t<meta property=\"og:image:width\" content=\"1920\" \/>\n\t<meta property=\"og:image:height\" content=\"2560\" \/>\n\t<meta property=\"og:image:type\" content=\"image\/jpeg\" \/>\n<meta name=\"author\" content=\"R1\" \/>\n<meta name=\"twitter:card\" content=\"summary_large_image\" \/>\n<meta name=\"twitter:label1\" content=\"\u00c9crit par\" \/>\n\t<meta name=\"twitter:data1\" content=\"R1\" \/>\n\t<meta name=\"twitter:label2\" content=\"Dur\u00e9e de lecture est.\" \/>\n\t<meta name=\"twitter:data2\" content=\"2 minutes\" \/>\n<script type=\"application\/ld+json\" class=\"yoast-schema-graph\">{\"@context\":\"https:\\\/\\\/schema.org\",\"@graph\":[{\"@type\":\"Article\",\"@id\":\"https:\\\/\\\/lecompagnonrouge.fr\\\/?p=1638#article\",\"isPartOf\":{\"@id\":\"https:\\\/\\\/lecompagnonrouge.fr\\\/?p=1638\"},\"author\":{\"name\":\"R1\",\"@id\":\"https:\\\/\\\/lecompagnonrouge.fr\\\/#\\\/schema\\\/person\\\/0025018a342b92eacca6f1e4c968a154\"},\"headline\":\"Cerastium fontanum subsp. vulgare. C\u00e9raiste commun.\",\"datePublished\":\"2022-06-16T10:20:03+00:00\",\"dateModified\":\"2024-11-15T12:08:28+00:00\",\"mainEntityOfPage\":{\"@id\":\"https:\\\/\\\/lecompagnonrouge.fr\\\/?p=1638\"},\"wordCount\":193,\"publisher\":{\"@id\":\"https:\\\/\\\/lecompagnonrouge.fr\\\/#\\\/schema\\\/person\\\/0025018a342b92eacca6f1e4c968a154\"},\"image\":{\"@id\":\"https:\\\/\\\/lecompagnonrouge.fr\\\/?p=1638#primaryimage\"},\"thumbnailUrl\":\"https:\\\/\\\/lecompagnonrouge.fr\\\/wp-content\\\/uploads\\\/2022\\\/06\\\/IMG_20220522_103020-Copie-scaled.jpg\",\"keywords\":[\"C\u00e9raiste\",\"C\u00e9raiste commun\"],\"articleSection\":[\"Caryophyllaceae\",\"Cerastium\",\"Cerastium fontanum\"],\"inLanguage\":\"fr-BE\"},{\"@type\":\"WebPage\",\"@id\":\"https:\\\/\\\/lecompagnonrouge.fr\\\/?p=1638\",\"url\":\"https:\\\/\\\/lecompagnonrouge.fr\\\/?p=1638\",\"name\":\"Cerastium fontanum subsp. vulgare. C\u00e9raiste commun. - Le Compagnon rouge\",\"isPartOf\":{\"@id\":\"https:\\\/\\\/lecompagnonrouge.fr\\\/#website\"},\"primaryImageOfPage\":{\"@id\":\"https:\\\/\\\/lecompagnonrouge.fr\\\/?p=1638#primaryimage\"},\"image\":{\"@id\":\"https:\\\/\\\/lecompagnonrouge.fr\\\/?p=1638#primaryimage\"},\"thumbnailUrl\":\"https:\\\/\\\/lecompagnonrouge.fr\\\/wp-content\\\/uploads\\\/2022\\\/06\\\/IMG_20220522_103020-Copie-scaled.jpg\",\"datePublished\":\"2022-06-16T10:20:03+00:00\",\"dateModified\":\"2024-11-15T12:08:28+00:00\",\"description\":\"Caryophyllales, Caryophyllaceae, Cerastium fontanum\",\"breadcrumb\":{\"@id\":\"https:\\\/\\\/lecompagnonrouge.fr\\\/?p=1638#breadcrumb\"},\"inLanguage\":\"fr-BE\",\"potentialAction\":[{\"@type\":\"ReadAction\",\"target\":[\"https:\\\/\\\/lecompagnonrouge.fr\\\/?p=1638\"]}]},{\"@type\":\"ImageObject\",\"inLanguage\":\"fr-BE\",\"@id\":\"https:\\\/\\\/lecompagnonrouge.fr\\\/?p=1638#primaryimage\",\"url\":\"https:\\\/\\\/lecompagnonrouge.fr\\\/wp-content\\\/uploads\\\/2022\\\/06\\\/IMG_20220522_103020-Copie-scaled.jpg\",\"contentUrl\":\"https:\\\/\\\/lecompagnonrouge.fr\\\/wp-content\\\/uploads\\\/2022\\\/06\\\/IMG_20220522_103020-Copie-scaled.jpg\",\"width\":1920,\"height\":2560},{\"@type\":\"BreadcrumbList\",\"@id\":\"https:\\\/\\\/lecompagnonrouge.fr\\\/?p=1638#breadcrumb\",\"itemListElement\":[{\"@type\":\"ListItem\",\"position\":1,\"name\":\"Accueil\",\"item\":\"https:\\\/\\\/lecompagnonrouge.fr\\\/\"},{\"@type\":\"ListItem\",\"position\":2,\"name\":\"Cerastium fontanum subsp. vulgare. C\u00e9raiste commun.\"}]},{\"@type\":\"WebSite\",\"@id\":\"https:\\\/\\\/lecompagnonrouge.fr\\\/#website\",\"url\":\"https:\\\/\\\/lecompagnonrouge.fr\\\/\",\"name\":\"Le Compagnon rouge\",\"description\":\"M\u00e9morandum.\",\"publisher\":{\"@id\":\"https:\\\/\\\/lecompagnonrouge.fr\\\/#\\\/schema\\\/person\\\/0025018a342b92eacca6f1e4c968a154\"},\"potentialAction\":[{\"@type\":\"SearchAction\",\"target\":{\"@type\":\"EntryPoint\",\"urlTemplate\":\"https:\\\/\\\/lecompagnonrouge.fr\\\/?s={search_term_string}\"},\"query-input\":{\"@type\":\"PropertyValueSpecification\",\"valueRequired\":true,\"valueName\":\"search_term_string\"}}],\"inLanguage\":\"fr-BE\"},{\"@type\":[\"Person\",\"Organization\"],\"@id\":\"https:\\\/\\\/lecompagnonrouge.fr\\\/#\\\/schema\\\/person\\\/0025018a342b92eacca6f1e4c968a154\",\"name\":\"R1\",\"image\":{\"@type\":\"ImageObject\",\"inLanguage\":\"fr-BE\",\"@id\":\"https:\\\/\\\/lecompagnonrouge.fr\\\/wp-content\\\/uploads\\\/2022\\\/03\\\/identit.jpg\",\"url\":\"https:\\\/\\\/lecompagnonrouge.fr\\\/wp-content\\\/uploads\\\/2022\\\/03\\\/identit.jpg\",\"contentUrl\":\"https:\\\/\\\/lecompagnonrouge.fr\\\/wp-content\\\/uploads\\\/2022\\\/03\\\/identit.jpg\",\"width\":425,\"height\":545,\"caption\":\"R1\"},\"logo\":{\"@id\":\"https:\\\/\\\/lecompagnonrouge.fr\\\/wp-content\\\/uploads\\\/2022\\\/03\\\/identit.jpg\"},\"sameAs\":[\"http:\\\/\\\/lecompagnonrouge.fr\"],\"url\":\"https:\\\/\\\/lecompagnonrouge.fr\\\/?author=1\"}]}<\/script>\n<!-- \/ Yoast SEO plugin. -->","yoast_head_json":{"title":"Cerastium fontanum subsp. vulgare. C\u00e9raiste commun. - Le Compagnon rouge","description":"Caryophyllales, Caryophyllaceae, Cerastium fontanum","robots":{"index":"index","follow":"follow","max-snippet":"max-snippet:-1","max-image-preview":"max-image-preview:large","max-video-preview":"max-video-preview:-1"},"canonical":"https:\/\/lecompagnonrouge.fr\/?p=1638","og_locale":"fr_FR","og_type":"article","og_title":"Cerastium fontanum subsp. vulgare. C\u00e9raiste commun. - Le Compagnon rouge","og_description":"Caryophyllales, Caryophyllaceae, Cerastium fontanum","og_url":"https:\/\/lecompagnonrouge.fr\/?p=1638","og_site_name":"Le Compagnon rouge","article_published_time":"2022-06-16T10:20:03+00:00","article_modified_time":"2024-11-15T12:08:28+00:00","og_image":[{"width":1920,"height":2560,"url":"https:\/\/lecompagnonrouge.fr\/wp-content\/uploads\/2022\/06\/IMG_20220522_103020-Copie-scaled.jpg","type":"image\/jpeg"}],"author":"R1","twitter_card":"summary_large_image","twitter_misc":{"\u00c9crit par":"R1","Dur\u00e9e de lecture est.":"2 minutes"},"schema":{"@context":"https:\/\/schema.org","@graph":[{"@type":"Article","@id":"https:\/\/lecompagnonrouge.fr\/?p=1638#article","isPartOf":{"@id":"https:\/\/lecompagnonrouge.fr\/?p=1638"},"author":{"name":"R1","@id":"https:\/\/lecompagnonrouge.fr\/#\/schema\/person\/0025018a342b92eacca6f1e4c968a154"},"headline":"Cerastium fontanum subsp. vulgare. C\u00e9raiste commun.","datePublished":"2022-06-16T10:20:03+00:00","dateModified":"2024-11-15T12:08:28+00:00","mainEntityOfPage":{"@id":"https:\/\/lecompagnonrouge.fr\/?p=1638"},"wordCount":193,"publisher":{"@id":"https:\/\/lecompagnonrouge.fr\/#\/schema\/person\/0025018a342b92eacca6f1e4c968a154"},"image":{"@id":"https:\/\/lecompagnonrouge.fr\/?p=1638#primaryimage"},"thumbnailUrl":"https:\/\/lecompagnonrouge.fr\/wp-content\/uploads\/2022\/06\/IMG_20220522_103020-Copie-scaled.jpg","keywords":["C\u00e9raiste","C\u00e9raiste commun"],"articleSection":["Caryophyllaceae","Cerastium","Cerastium fontanum"],"inLanguage":"fr-BE"},{"@type":"WebPage","@id":"https:\/\/lecompagnonrouge.fr\/?p=1638","url":"https:\/\/lecompagnonrouge.fr\/?p=1638","name":"Cerastium fontanum subsp. vulgare. C\u00e9raiste commun. - Le Compagnon rouge","isPartOf":{"@id":"https:\/\/lecompagnonrouge.fr\/#website"},"primaryImageOfPage":{"@id":"https:\/\/lecompagnonrouge.fr\/?p=1638#primaryimage"},"image":{"@id":"https:\/\/lecompagnonrouge.fr\/?p=1638#primaryimage"},"thumbnailUrl":"https:\/\/lecompagnonrouge.fr\/wp-content\/uploads\/2022\/06\/IMG_20220522_103020-Copie-scaled.jpg","datePublished":"2022-06-16T10:20:03+00:00","dateModified":"2024-11-15T12:08:28+00:00","description":"Caryophyllales, Caryophyllaceae, Cerastium fontanum","breadcrumb":{"@id":"https:\/\/lecompagnonrouge.fr\/?p=1638#breadcrumb"},"inLanguage":"fr-BE","potentialAction":[{"@type":"ReadAction","target":["https:\/\/lecompagnonrouge.fr\/?p=1638"]}]},{"@type":"ImageObject","inLanguage":"fr-BE","@id":"https:\/\/lecompagnonrouge.fr\/?p=1638#primaryimage","url":"https:\/\/lecompagnonrouge.fr\/wp-content\/uploads\/2022\/06\/IMG_20220522_103020-Copie-scaled.jpg","contentUrl":"https:\/\/lecompagnonrouge.fr\/wp-content\/uploads\/2022\/06\/IMG_20220522_103020-Copie-scaled.jpg","width":1920,"height":2560},{"@type":"BreadcrumbList","@id":"https:\/\/lecompagnonrouge.fr\/?p=1638#breadcrumb","itemListElement":[{"@type":"ListItem","position":1,"name":"Accueil","item":"https:\/\/lecompagnonrouge.fr\/"},{"@type":"ListItem","position":2,"name":"Cerastium fontanum subsp. vulgare. C\u00e9raiste commun."}]},{"@type":"WebSite","@id":"https:\/\/lecompagnonrouge.fr\/#website","url":"https:\/\/lecompagnonrouge.fr\/","name":"Le Compagnon rouge","description":"M\u00e9morandum.","publisher":{"@id":"https:\/\/lecompagnonrouge.fr\/#\/schema\/person\/0025018a342b92eacca6f1e4c968a154"},"potentialAction":[{"@type":"SearchAction","target":{"@type":"EntryPoint","urlTemplate":"https:\/\/lecompagnonrouge.fr\/?s={search_term_string}"},"query-input":{"@type":"PropertyValueSpecification","valueRequired":true,"valueName":"search_term_string"}}],"inLanguage":"fr-BE"},{"@type":["Person","Organization"],"@id":"https:\/\/lecompagnonrouge.fr\/#\/schema\/person\/0025018a342b92eacca6f1e4c968a154","name":"R1","image":{"@type":"ImageObject","inLanguage":"fr-BE","@id":"https:\/\/lecompagnonrouge.fr\/wp-content\/uploads\/2022\/03\/identit.jpg","url":"https:\/\/lecompagnonrouge.fr\/wp-content\/uploads\/2022\/03\/identit.jpg","contentUrl":"https:\/\/lecompagnonrouge.fr\/wp-content\/uploads\/2022\/03\/identit.jpg","width":425,"height":545,"caption":"R1"},"logo":{"@id":"https:\/\/lecompagnonrouge.fr\/wp-content\/uploads\/2022\/03\/identit.jpg"},"sameAs":["http:\/\/lecompagnonrouge.fr"],"url":"https:\/\/lecompagnonrouge.fr\/?author=1"}]}},"_links":{"self":[{"href":"https:\/\/lecompagnonrouge.fr\/index.php?rest_route=\/wp\/v2\/posts\/1638","targetHints":{"allow":["GET"]}}],"collection":[{"href":"https:\/\/lecompagnonrouge.fr\/index.php?rest_route=\/wp\/v2\/posts"}],"about":[{"href":"https:\/\/lecompagnonrouge.fr\/index.php?rest_route=\/wp\/v2\/types\/post"}],"author":[{"embeddable":true,"href":"https:\/\/lecompagnonrouge.fr\/index.php?rest_route=\/wp\/v2\/users\/1"}],"replies":[{"embeddable":true,"href":"https:\/\/lecompagnonrouge.fr\/index.php?rest_route=%2Fwp%2Fv2%2Fcomments&post=1638"}],"version-history":[{"count":7,"href":"https:\/\/lecompagnonrouge.fr\/index.php?rest_route=\/wp\/v2\/posts\/1638\/revisions"}],"predecessor-version":[{"id":8212,"href":"https:\/\/lecompagnonrouge.fr\/index.php?rest_route=\/wp\/v2\/posts\/1638\/revisions\/8212"}],"wp:featuredmedia":[{"embeddable":true,"href":"https:\/\/lecompagnonrouge.fr\/index.php?rest_route=\/wp\/v2\/media\/1639"}],"wp:attachment":[{"href":"https:\/\/lecompagnonrouge.fr\/index.php?rest_route=%2Fwp%2Fv2%2Fmedia&parent=1638"}],"wp:term":[{"taxonomy":"category","embeddable":true,"href":"https:\/\/lecompagnonrouge.fr\/index.php?rest_route=%2Fwp%2Fv2%2Fcategories&post=1638"},{"taxonomy":"post_tag","embeddable":true,"href":"https:\/\/lecompagnonrouge.fr\/index.php?rest_route=%2Fwp%2Fv2%2Ftags&post=1638"}],"curies":[{"name":"wp","href":"https:\/\/api.w.org\/{rel}","templated":true}]}}