{"id":1607,"date":"2022-06-12T18:43:55","date_gmt":"2022-06-12T16:43:55","guid":{"rendered":"https:\/\/lecompagnonrouge.fr\/?p=1607"},"modified":"2024-11-15T12:10:56","modified_gmt":"2024-11-15T11:10:56","slug":"alopecurus-pratensis-vulpin-des-pres","status":"publish","type":"post","link":"https:\/\/lecompagnonrouge.fr\/?p=1607","title":{"rendered":"Alopecurus pratensis. Vulpin des pr\u00e9s."},"content":{"rendered":"\n<p class=\"has-medium-font-size\">Alopecurus pratensis est un vulpin pr\u00e9sentant un pseudo \u00e9pi cylindrique, un peu \u00e9pais. Avec des <strong>anth\u00e8res brunes-jaunes. <\/strong>Il <strong>pr\u00e9sente des arr\u00eates<\/strong> souvent assez longues.<\/p>\n\n\n\n<p class=\"has-medium-font-size\">Alorpecurus pratensis pr\u00e9sente des glumes<strong> longuement soud\u00e9es \u00e0 la base<\/strong>, \u00e0 <strong>sommets aigus<\/strong>, <strong>et non macul\u00e9s<\/strong>.<\/p>\n\n\n\n<p class=\"has-medium-font-size\">Les sommets aigus des glumes se pr\u00e9sentent sur un m\u00eame plan, alors que ce sommet aigu est un tout petit peu plus r\u00e9curv\u00e9 (\u00e7\u00e0 rebique) chez Alopecurus arundinaceus, dont les feuilles me paraissent proportionnellement un peu plus larges.<\/p>\n\n\n\n<p class=\"has-medium-font-size\">Ci-dessous, les glumes \u00e0 sommets aigus:<\/p>\n\n\n<div class=\"wp-block-image\">\n<figure class=\"aligncenter size-large\"><img loading=\"lazy\" decoding=\"async\" width=\"664\" height=\"1024\" src=\"https:\/\/lecompagnonrouge.fr\/wp-content\/uploads\/2022\/06\/0s-IMG_1950-664x1024.jpg\" alt=\"Alopecurus pratensis: glumes \u00e0 sommet aigu et non macul\u00e9.\" class=\"wp-image-8196\" srcset=\"https:\/\/lecompagnonrouge.fr\/wp-content\/uploads\/2022\/06\/0s-IMG_1950-664x1024.jpg 664w, https:\/\/lecompagnonrouge.fr\/wp-content\/uploads\/2022\/06\/0s-IMG_1950-195x300.jpg 195w, https:\/\/lecompagnonrouge.fr\/wp-content\/uploads\/2022\/06\/0s-IMG_1950-768x1185.jpg 768w, https:\/\/lecompagnonrouge.fr\/wp-content\/uploads\/2022\/06\/0s-IMG_1950-300x463.jpg 300w, https:\/\/lecompagnonrouge.fr\/wp-content\/uploads\/2022\/06\/0s-IMG_1950.jpg 850w\" sizes=\"auto, (max-width: 664px) 100vw, 664px\" \/><\/figure>\n<\/div>\n\n\n<p><\/p>\n\n\n\n<p class=\"has-medium-font-size\">Ci-dessous, les glumes sont longuement soud\u00e9es \u00e0 la base (il en va de m\u00eame des lemmes):<\/p>\n\n\n\n<figure class=\"wp-block-image size-full\"><img loading=\"lazy\" decoding=\"async\" width=\"850\" height=\"667\" src=\"https:\/\/lecompagnonrouge.fr\/wp-content\/uploads\/2022\/06\/1-IMG_1946.jpg\" alt=\"Alopecurus pratensis: glumes soud\u00e9es \u00e0 la base.\" class=\"wp-image-8197\" srcset=\"https:\/\/lecompagnonrouge.fr\/wp-content\/uploads\/2022\/06\/1-IMG_1946.jpg 850w, https:\/\/lecompagnonrouge.fr\/wp-content\/uploads\/2022\/06\/1-IMG_1946-300x235.jpg 300w, https:\/\/lecompagnonrouge.fr\/wp-content\/uploads\/2022\/06\/1-IMG_1946-768x603.jpg 768w\" sizes=\"auto, (max-width: 850px) 100vw, 850px\" \/><\/figure>\n\n\n\n<p><\/p>\n\n\n\n<p><\/p>\n\n\n\n<p class=\"has-medium-font-size\">Les<strong> glumes<\/strong> sont nettement <strong>cili\u00e9s (cils longs)<\/strong>. Absence de renflement en forme de bulbe \u00e0 la base de la plante. La tige n&rsquo;est pas genouill\u00e9e.<\/p>\n\n\n<div class=\"wp-block-image\">\n<figure class=\"aligncenter size-full\"><img loading=\"lazy\" decoding=\"async\" width=\"850\" height=\"621\" src=\"https:\/\/lecompagnonrouge.fr\/wp-content\/uploads\/2022\/06\/2-IMG_1946.jpg\" alt=\"Alopercurus pratensis: cils longs\" class=\"wp-image-8198\" srcset=\"https:\/\/lecompagnonrouge.fr\/wp-content\/uploads\/2022\/06\/2-IMG_1946.jpg 850w, https:\/\/lecompagnonrouge.fr\/wp-content\/uploads\/2022\/06\/2-IMG_1946-300x219.jpg 300w, https:\/\/lecompagnonrouge.fr\/wp-content\/uploads\/2022\/06\/2-IMG_1946-768x561.jpg 768w\" sizes=\"auto, (max-width: 850px) 100vw, 850px\" \/><\/figure>\n<\/div>\n\n\n<p class=\"has-medium-font-size\"><\/p>\n\n\n\n<p><\/p>\n\n\n\n<p class=\"has-medium-font-size\">Plusieurs autres sous-esp\u00e8ces en Europe centrale et septentrionale:<\/p>\n\n\n\n<p class=\"has-small-font-size\"><a href=\"https:\/\/lecompagnonrouge.fr\/?s=poales\">Poales<\/a>><a href=\"https:\/\/lecompagnonrouge.fr\/?s=poaceae\">Poaceae<\/a>><a href=\"https:\/\/lecompagnonrouge.fr\/?s=pseudo-%C3%A9pi\">Groupe \u00e0 pseudo-\u00e9pi<\/a>><a href=\"https:\/\/lecompagnonrouge.fr\/?s=alopecurus\">Alopecurus<\/a> pratensis subsp. pratensis<\/p>\n\n\n\n<p class=\"has-medium-font-size\">Dans l\u2019ensemble, les gramin\u00e9es provoqueraient des pollinoses. Les poaceae forment un groupe qui semble particuli\u00e8rement complexe en raison de la taille de ce groupe pour les allergologues. Alopercurus pratensis : pollen allergisant?<\/p>\n\n\n\n<p class=\"has-medium-font-size\">Prairies hygrophiles, m\u00e9dio-europ\u00e9ennes, m\u00e9sothermes. <a href=\"https:\/\/lecompagnonrouge.fr\/?page_id=3348\/#Loto-pedunculati-Cardaminenalia-pratensis\">Loto pedunculati &#8211; Cardaminenalia pratensis subsp. pratensis Julve 1993<\/a><\/p>\n\n\n\n<p>Lieu(x) o\u00f9 la plante est photographi\u00e9e: Manche, Felletin (PNRM)<\/p>\n\n\n\n<figure class=\"wp-block-image size-full\"><img loading=\"lazy\" decoding=\"async\" width=\"850\" height=\"609\" src=\"https:\/\/lecompagnonrouge.fr\/wp-content\/uploads\/2024\/07\/amsolo.jpg\" alt=\"\" class=\"wp-image-6949\" srcset=\"https:\/\/lecompagnonrouge.fr\/wp-content\/uploads\/2024\/07\/amsolo.jpg 850w, https:\/\/lecompagnonrouge.fr\/wp-content\/uploads\/2024\/07\/amsolo-300x215.jpg 300w, https:\/\/lecompagnonrouge.fr\/wp-content\/uploads\/2024\/07\/amsolo-768x550.jpg 768w\" sizes=\"auto, (max-width: 850px) 100vw, 850px\" \/><\/figure>\n\n\n\n<figure class=\"wp-block-image size-large\"><img loading=\"lazy\" decoding=\"async\" width=\"768\" height=\"1024\" src=\"https:\/\/lecompagnonrouge.fr\/wp-content\/uploads\/2022\/06\/alopercus-pratensis-1-Copie-768x1024.jpg\" alt=\"\" class=\"wp-image-1610\" srcset=\"https:\/\/lecompagnonrouge.fr\/wp-content\/uploads\/2022\/06\/alopercus-pratensis-1-Copie-768x1024.jpg 768w, https:\/\/lecompagnonrouge.fr\/wp-content\/uploads\/2022\/06\/alopercus-pratensis-1-Copie-225x300.jpg 225w, https:\/\/lecompagnonrouge.fr\/wp-content\/uploads\/2022\/06\/alopercus-pratensis-1-Copie-300x400.jpg 300w, https:\/\/lecompagnonrouge.fr\/wp-content\/uploads\/2022\/06\/alopercus-pratensis-1-Copie.jpg 850w\" sizes=\"auto, (max-width: 768px) 100vw, 768px\" \/><\/figure>\n","protected":false},"excerpt":{"rendered":"<p>Alopecurus pratensis est un vulpin pr\u00e9sentant un pseudo \u00e9pi cylindrique, un peu \u00e9pais. Avec des anth\u00e8res brunes-jaunes. Il pr\u00e9sente des arr\u00eates souvent assez longues. Alorpecurus pratensis pr\u00e9sente des glumes longuement soud\u00e9es \u00e0 la base, \u00e0 sommets aigus, et non macul\u00e9s. Les sommets aigus des glumes se pr\u00e9sentent sur un m\u00eame plan, alors que ce sommet&#8230;<\/p>\n","protected":false},"author":1,"featured_media":8195,"comment_status":"closed","ping_status":"open","sticky":false,"template":"","format":"standard","meta":{"footnotes":""},"categories":[399,306],"tags":[398,397],"class_list":["post-1607","post","type-post","status-publish","format-standard","has-post-thumbnail","hentry","category-alopecurus-pratensis","category-poaceae","tag-vulpin","tag-vulpin-des-pres"],"yoast_head":"<!-- This site is optimized with the Yoast SEO plugin v27.4 - https:\/\/yoast.com\/product\/yoast-seo-wordpress\/ -->\n<title>Alopecurus pratensis. Vulpin des pr\u00e9s. - Le Compagnon rouge<\/title>\n<meta name=\"description\" content=\"Poales, Poaceae, Alopecurus pratensis\" \/>\n<meta name=\"robots\" content=\"index, follow, max-snippet:-1, max-image-preview:large, max-video-preview:-1\" \/>\n<link rel=\"canonical\" href=\"https:\/\/lecompagnonrouge.fr\/?p=1607\" \/>\n<meta property=\"og:locale\" content=\"fr_FR\" \/>\n<meta property=\"og:type\" content=\"article\" \/>\n<meta property=\"og:title\" content=\"Alopecurus pratensis. Vulpin des pr\u00e9s. - Le Compagnon rouge\" \/>\n<meta property=\"og:description\" content=\"Poales, Poaceae, Alopecurus pratensis\" \/>\n<meta property=\"og:url\" content=\"https:\/\/lecompagnonrouge.fr\/?p=1607\" \/>\n<meta property=\"og:site_name\" content=\"Le Compagnon rouge\" \/>\n<meta property=\"article:published_time\" content=\"2022-06-12T16:43:55+00:00\" \/>\n<meta property=\"article:modified_time\" content=\"2024-11-15T11:10:56+00:00\" \/>\n<meta property=\"og:image\" content=\"https:\/\/lecompagnonrouge.fr\/wp-content\/uploads\/2022\/06\/0-IMG_1941.jpg\" \/>\n\t<meta property=\"og:image:width\" content=\"850\" \/>\n\t<meta property=\"og:image:height\" content=\"567\" \/>\n\t<meta property=\"og:image:type\" content=\"image\/jpeg\" \/>\n<meta name=\"author\" content=\"R1\" \/>\n<meta name=\"twitter:card\" content=\"summary_large_image\" \/>\n<meta name=\"twitter:label1\" content=\"\u00c9crit par\" \/>\n\t<meta name=\"twitter:data1\" content=\"R1\" \/>\n\t<meta name=\"twitter:label2\" content=\"Dur\u00e9e de lecture est.\" \/>\n\t<meta name=\"twitter:data2\" content=\"3 minutes\" \/>\n<script type=\"application\/ld+json\" class=\"yoast-schema-graph\">{\"@context\":\"https:\\\/\\\/schema.org\",\"@graph\":[{\"@type\":\"Article\",\"@id\":\"https:\\\/\\\/lecompagnonrouge.fr\\\/?p=1607#article\",\"isPartOf\":{\"@id\":\"https:\\\/\\\/lecompagnonrouge.fr\\\/?p=1607\"},\"author\":{\"name\":\"R1\",\"@id\":\"https:\\\/\\\/lecompagnonrouge.fr\\\/#\\\/schema\\\/person\\\/0025018a342b92eacca6f1e4c968a154\"},\"headline\":\"Alopecurus pratensis. Vulpin des pr\u00e9s.\",\"datePublished\":\"2022-06-12T16:43:55+00:00\",\"dateModified\":\"2024-11-15T11:10:56+00:00\",\"mainEntityOfPage\":{\"@id\":\"https:\\\/\\\/lecompagnonrouge.fr\\\/?p=1607\"},\"wordCount\":218,\"publisher\":{\"@id\":\"https:\\\/\\\/lecompagnonrouge.fr\\\/#\\\/schema\\\/person\\\/0025018a342b92eacca6f1e4c968a154\"},\"image\":{\"@id\":\"https:\\\/\\\/lecompagnonrouge.fr\\\/?p=1607#primaryimage\"},\"thumbnailUrl\":\"https:\\\/\\\/lecompagnonrouge.fr\\\/wp-content\\\/uploads\\\/2022\\\/06\\\/0-IMG_1941.jpg\",\"keywords\":[\"Vulpin\",\"Vulpin des pr\u00e9s\"],\"articleSection\":[\"Alopecurus pratensis\",\"Poaceae\"],\"inLanguage\":\"fr-BE\"},{\"@type\":\"WebPage\",\"@id\":\"https:\\\/\\\/lecompagnonrouge.fr\\\/?p=1607\",\"url\":\"https:\\\/\\\/lecompagnonrouge.fr\\\/?p=1607\",\"name\":\"Alopecurus pratensis. Vulpin des pr\u00e9s. - Le Compagnon rouge\",\"isPartOf\":{\"@id\":\"https:\\\/\\\/lecompagnonrouge.fr\\\/#website\"},\"primaryImageOfPage\":{\"@id\":\"https:\\\/\\\/lecompagnonrouge.fr\\\/?p=1607#primaryimage\"},\"image\":{\"@id\":\"https:\\\/\\\/lecompagnonrouge.fr\\\/?p=1607#primaryimage\"},\"thumbnailUrl\":\"https:\\\/\\\/lecompagnonrouge.fr\\\/wp-content\\\/uploads\\\/2022\\\/06\\\/0-IMG_1941.jpg\",\"datePublished\":\"2022-06-12T16:43:55+00:00\",\"dateModified\":\"2024-11-15T11:10:56+00:00\",\"description\":\"Poales, Poaceae, Alopecurus pratensis\",\"breadcrumb\":{\"@id\":\"https:\\\/\\\/lecompagnonrouge.fr\\\/?p=1607#breadcrumb\"},\"inLanguage\":\"fr-BE\",\"potentialAction\":[{\"@type\":\"ReadAction\",\"target\":[\"https:\\\/\\\/lecompagnonrouge.fr\\\/?p=1607\"]}]},{\"@type\":\"ImageObject\",\"inLanguage\":\"fr-BE\",\"@id\":\"https:\\\/\\\/lecompagnonrouge.fr\\\/?p=1607#primaryimage\",\"url\":\"https:\\\/\\\/lecompagnonrouge.fr\\\/wp-content\\\/uploads\\\/2022\\\/06\\\/0-IMG_1941.jpg\",\"contentUrl\":\"https:\\\/\\\/lecompagnonrouge.fr\\\/wp-content\\\/uploads\\\/2022\\\/06\\\/0-IMG_1941.jpg\",\"width\":850,\"height\":567,\"caption\":\"binary comment\"},{\"@type\":\"BreadcrumbList\",\"@id\":\"https:\\\/\\\/lecompagnonrouge.fr\\\/?p=1607#breadcrumb\",\"itemListElement\":[{\"@type\":\"ListItem\",\"position\":1,\"name\":\"Accueil\",\"item\":\"https:\\\/\\\/lecompagnonrouge.fr\\\/\"},{\"@type\":\"ListItem\",\"position\":2,\"name\":\"Alopecurus pratensis. Vulpin des pr\u00e9s.\"}]},{\"@type\":\"WebSite\",\"@id\":\"https:\\\/\\\/lecompagnonrouge.fr\\\/#website\",\"url\":\"https:\\\/\\\/lecompagnonrouge.fr\\\/\",\"name\":\"Le Compagnon rouge\",\"description\":\"M\u00e9morandum.\",\"publisher\":{\"@id\":\"https:\\\/\\\/lecompagnonrouge.fr\\\/#\\\/schema\\\/person\\\/0025018a342b92eacca6f1e4c968a154\"},\"potentialAction\":[{\"@type\":\"SearchAction\",\"target\":{\"@type\":\"EntryPoint\",\"urlTemplate\":\"https:\\\/\\\/lecompagnonrouge.fr\\\/?s={search_term_string}\"},\"query-input\":{\"@type\":\"PropertyValueSpecification\",\"valueRequired\":true,\"valueName\":\"search_term_string\"}}],\"inLanguage\":\"fr-BE\"},{\"@type\":[\"Person\",\"Organization\"],\"@id\":\"https:\\\/\\\/lecompagnonrouge.fr\\\/#\\\/schema\\\/person\\\/0025018a342b92eacca6f1e4c968a154\",\"name\":\"R1\",\"image\":{\"@type\":\"ImageObject\",\"inLanguage\":\"fr-BE\",\"@id\":\"https:\\\/\\\/lecompagnonrouge.fr\\\/wp-content\\\/uploads\\\/2022\\\/03\\\/identit.jpg\",\"url\":\"https:\\\/\\\/lecompagnonrouge.fr\\\/wp-content\\\/uploads\\\/2022\\\/03\\\/identit.jpg\",\"contentUrl\":\"https:\\\/\\\/lecompagnonrouge.fr\\\/wp-content\\\/uploads\\\/2022\\\/03\\\/identit.jpg\",\"width\":425,\"height\":545,\"caption\":\"R1\"},\"logo\":{\"@id\":\"https:\\\/\\\/lecompagnonrouge.fr\\\/wp-content\\\/uploads\\\/2022\\\/03\\\/identit.jpg\"},\"sameAs\":[\"http:\\\/\\\/lecompagnonrouge.fr\"],\"url\":\"https:\\\/\\\/lecompagnonrouge.fr\\\/?author=1\"}]}<\/script>\n<!-- \/ Yoast SEO plugin. -->","yoast_head_json":{"title":"Alopecurus pratensis. Vulpin des pr\u00e9s. - Le Compagnon rouge","description":"Poales, Poaceae, Alopecurus pratensis","robots":{"index":"index","follow":"follow","max-snippet":"max-snippet:-1","max-image-preview":"max-image-preview:large","max-video-preview":"max-video-preview:-1"},"canonical":"https:\/\/lecompagnonrouge.fr\/?p=1607","og_locale":"fr_FR","og_type":"article","og_title":"Alopecurus pratensis. Vulpin des pr\u00e9s. - Le Compagnon rouge","og_description":"Poales, Poaceae, Alopecurus pratensis","og_url":"https:\/\/lecompagnonrouge.fr\/?p=1607","og_site_name":"Le Compagnon rouge","article_published_time":"2022-06-12T16:43:55+00:00","article_modified_time":"2024-11-15T11:10:56+00:00","og_image":[{"width":850,"height":567,"url":"https:\/\/lecompagnonrouge.fr\/wp-content\/uploads\/2022\/06\/0-IMG_1941.jpg","type":"image\/jpeg"}],"author":"R1","twitter_card":"summary_large_image","twitter_misc":{"\u00c9crit par":"R1","Dur\u00e9e de lecture est.":"3 minutes"},"schema":{"@context":"https:\/\/schema.org","@graph":[{"@type":"Article","@id":"https:\/\/lecompagnonrouge.fr\/?p=1607#article","isPartOf":{"@id":"https:\/\/lecompagnonrouge.fr\/?p=1607"},"author":{"name":"R1","@id":"https:\/\/lecompagnonrouge.fr\/#\/schema\/person\/0025018a342b92eacca6f1e4c968a154"},"headline":"Alopecurus pratensis. Vulpin des pr\u00e9s.","datePublished":"2022-06-12T16:43:55+00:00","dateModified":"2024-11-15T11:10:56+00:00","mainEntityOfPage":{"@id":"https:\/\/lecompagnonrouge.fr\/?p=1607"},"wordCount":218,"publisher":{"@id":"https:\/\/lecompagnonrouge.fr\/#\/schema\/person\/0025018a342b92eacca6f1e4c968a154"},"image":{"@id":"https:\/\/lecompagnonrouge.fr\/?p=1607#primaryimage"},"thumbnailUrl":"https:\/\/lecompagnonrouge.fr\/wp-content\/uploads\/2022\/06\/0-IMG_1941.jpg","keywords":["Vulpin","Vulpin des pr\u00e9s"],"articleSection":["Alopecurus pratensis","Poaceae"],"inLanguage":"fr-BE"},{"@type":"WebPage","@id":"https:\/\/lecompagnonrouge.fr\/?p=1607","url":"https:\/\/lecompagnonrouge.fr\/?p=1607","name":"Alopecurus pratensis. Vulpin des pr\u00e9s. - Le Compagnon rouge","isPartOf":{"@id":"https:\/\/lecompagnonrouge.fr\/#website"},"primaryImageOfPage":{"@id":"https:\/\/lecompagnonrouge.fr\/?p=1607#primaryimage"},"image":{"@id":"https:\/\/lecompagnonrouge.fr\/?p=1607#primaryimage"},"thumbnailUrl":"https:\/\/lecompagnonrouge.fr\/wp-content\/uploads\/2022\/06\/0-IMG_1941.jpg","datePublished":"2022-06-12T16:43:55+00:00","dateModified":"2024-11-15T11:10:56+00:00","description":"Poales, Poaceae, Alopecurus pratensis","breadcrumb":{"@id":"https:\/\/lecompagnonrouge.fr\/?p=1607#breadcrumb"},"inLanguage":"fr-BE","potentialAction":[{"@type":"ReadAction","target":["https:\/\/lecompagnonrouge.fr\/?p=1607"]}]},{"@type":"ImageObject","inLanguage":"fr-BE","@id":"https:\/\/lecompagnonrouge.fr\/?p=1607#primaryimage","url":"https:\/\/lecompagnonrouge.fr\/wp-content\/uploads\/2022\/06\/0-IMG_1941.jpg","contentUrl":"https:\/\/lecompagnonrouge.fr\/wp-content\/uploads\/2022\/06\/0-IMG_1941.jpg","width":850,"height":567,"caption":"binary comment"},{"@type":"BreadcrumbList","@id":"https:\/\/lecompagnonrouge.fr\/?p=1607#breadcrumb","itemListElement":[{"@type":"ListItem","position":1,"name":"Accueil","item":"https:\/\/lecompagnonrouge.fr\/"},{"@type":"ListItem","position":2,"name":"Alopecurus pratensis. Vulpin des pr\u00e9s."}]},{"@type":"WebSite","@id":"https:\/\/lecompagnonrouge.fr\/#website","url":"https:\/\/lecompagnonrouge.fr\/","name":"Le Compagnon rouge","description":"M\u00e9morandum.","publisher":{"@id":"https:\/\/lecompagnonrouge.fr\/#\/schema\/person\/0025018a342b92eacca6f1e4c968a154"},"potentialAction":[{"@type":"SearchAction","target":{"@type":"EntryPoint","urlTemplate":"https:\/\/lecompagnonrouge.fr\/?s={search_term_string}"},"query-input":{"@type":"PropertyValueSpecification","valueRequired":true,"valueName":"search_term_string"}}],"inLanguage":"fr-BE"},{"@type":["Person","Organization"],"@id":"https:\/\/lecompagnonrouge.fr\/#\/schema\/person\/0025018a342b92eacca6f1e4c968a154","name":"R1","image":{"@type":"ImageObject","inLanguage":"fr-BE","@id":"https:\/\/lecompagnonrouge.fr\/wp-content\/uploads\/2022\/03\/identit.jpg","url":"https:\/\/lecompagnonrouge.fr\/wp-content\/uploads\/2022\/03\/identit.jpg","contentUrl":"https:\/\/lecompagnonrouge.fr\/wp-content\/uploads\/2022\/03\/identit.jpg","width":425,"height":545,"caption":"R1"},"logo":{"@id":"https:\/\/lecompagnonrouge.fr\/wp-content\/uploads\/2022\/03\/identit.jpg"},"sameAs":["http:\/\/lecompagnonrouge.fr"],"url":"https:\/\/lecompagnonrouge.fr\/?author=1"}]}},"_links":{"self":[{"href":"https:\/\/lecompagnonrouge.fr\/index.php?rest_route=\/wp\/v2\/posts\/1607","targetHints":{"allow":["GET"]}}],"collection":[{"href":"https:\/\/lecompagnonrouge.fr\/index.php?rest_route=\/wp\/v2\/posts"}],"about":[{"href":"https:\/\/lecompagnonrouge.fr\/index.php?rest_route=\/wp\/v2\/types\/post"}],"author":[{"embeddable":true,"href":"https:\/\/lecompagnonrouge.fr\/index.php?rest_route=\/wp\/v2\/users\/1"}],"replies":[{"embeddable":true,"href":"https:\/\/lecompagnonrouge.fr\/index.php?rest_route=%2Fwp%2Fv2%2Fcomments&post=1607"}],"version-history":[{"count":10,"href":"https:\/\/lecompagnonrouge.fr\/index.php?rest_route=\/wp\/v2\/posts\/1607\/revisions"}],"predecessor-version":[{"id":8199,"href":"https:\/\/lecompagnonrouge.fr\/index.php?rest_route=\/wp\/v2\/posts\/1607\/revisions\/8199"}],"wp:featuredmedia":[{"embeddable":true,"href":"https:\/\/lecompagnonrouge.fr\/index.php?rest_route=\/wp\/v2\/media\/8195"}],"wp:attachment":[{"href":"https:\/\/lecompagnonrouge.fr\/index.php?rest_route=%2Fwp%2Fv2%2Fmedia&parent=1607"}],"wp:term":[{"taxonomy":"category","embeddable":true,"href":"https:\/\/lecompagnonrouge.fr\/index.php?rest_route=%2Fwp%2Fv2%2Fcategories&post=1607"},{"taxonomy":"post_tag","embeddable":true,"href":"https:\/\/lecompagnonrouge.fr\/index.php?rest_route=%2Fwp%2Fv2%2Ftags&post=1607"}],"curies":[{"name":"wp","href":"https:\/\/api.w.org\/{rel}","templated":true}]}}