{"id":1324,"date":"2022-05-15T09:51:27","date_gmt":"2022-05-15T07:51:27","guid":{"rendered":"https:\/\/lecompagnonrouge.fr\/?p=1324"},"modified":"2025-05-03T16:41:48","modified_gmt":"2025-05-03T14:41:48","slug":"ulex-europaeus-ajonc-deurope","status":"publish","type":"post","link":"https:\/\/lecompagnonrouge.fr\/?p=1324","title":{"rendered":"Ulex europaeus. Ajonc d&rsquo;Europe."},"content":{"rendered":"\n<p class=\"has-medium-font-size\">Ulex europeaus est un arbrisseau de belle taille; Ajonc mesurant de 1,5 \u00e0 2 m\u00e8tres. Fleurs odorantes, surtout quand pr\u00e9sent massivement. Ici avec en arri\u00e8re plan du <a href=\"https:\/\/lecompagnonrouge.fr\/?p=9657\">H\u00eatre<\/a>, reconnaissable \u00e0 ses feuilles luisantes, et sous l&rsquo;un de ces h\u00eatres, une foug\u00e8re polypode.<\/p>\n\n\n\n<p class=\"has-medium-font-size\">Le Nord Ouest de la France pr\u00e9sente 3 Ajoncs: Ulex europaeus, Ulex minor, et l&rsquo;interm\u00e9diaire entre eux: Ulex galii (jusqu&rsquo;\u00e0 1,5 m de haut: risque de confusion)<\/p>\n\n\n\n<p class=\"has-medium-font-size\">Chez l&rsquo;Ajonc d&rsquo;Europe, les p\u00e9tales d\u00e9passent nettement les s\u00e9pales. Chez l&rsquo;Ajonc Le Gall, les p\u00e9tales d\u00e9passent un peu, ou moins, les s\u00e9pales.<\/p>\n\n\n\n<figure class=\"wp-block-image size-full\"><img loading=\"lazy\" decoding=\"async\" width=\"768\" height=\"1024\" src=\"https:\/\/lecompagnonrouge.fr\/wp-content\/uploads\/2022\/05\/image-23.png\" alt=\"\" class=\"wp-image-8107\" srcset=\"https:\/\/lecompagnonrouge.fr\/wp-content\/uploads\/2022\/05\/image-23.png 768w, https:\/\/lecompagnonrouge.fr\/wp-content\/uploads\/2022\/05\/image-23-225x300.png 225w, https:\/\/lecompagnonrouge.fr\/wp-content\/uploads\/2022\/05\/image-23-300x400.png 300w\" sizes=\"auto, (max-width: 768px) 100vw, 768px\" \/><\/figure>\n\n\n\n<p class=\"has-medium-font-size\"><\/p>\n\n\n\n<p><\/p>\n\n\n\n<p class=\"has-medium-font-size\">Les \u00e9pines de l&rsquo;Ajonc d&rsquo;Europe sont longues, droites, fortes. Chez l&rsquo;Ajonc Le Gall, les \u00e9pines sont un peu moins longues, et d\u00e9passent \u00e0 peine les fleurs. La couleur de l&rsquo;Ajonc d&rsquo;Europe est cendr\u00e9e.<\/p>\n\n\n\n<figure class=\"wp-block-image size-full\"><img loading=\"lazy\" decoding=\"async\" width=\"768\" height=\"1024\" src=\"https:\/\/lecompagnonrouge.fr\/wp-content\/uploads\/2022\/05\/image-24.png\" alt=\"\" class=\"wp-image-8108\" srcset=\"https:\/\/lecompagnonrouge.fr\/wp-content\/uploads\/2022\/05\/image-24.png 768w, https:\/\/lecompagnonrouge.fr\/wp-content\/uploads\/2022\/05\/image-24-225x300.png 225w, https:\/\/lecompagnonrouge.fr\/wp-content\/uploads\/2022\/05\/image-24-300x400.png 300w\" sizes=\"auto, (max-width: 768px) 100vw, 768px\" \/><\/figure>\n\n\n\n<p class=\"has-medium-font-size\">L&rsquo;Ajonc nain (Ulex minor) est d&rsquo;un vert brillant, \u00e0 port diffus, couch\u00e9. Ulex galii est moins glauque qu&rsquo;Ulex europaeus.<\/p>\n\n\n\n<p class=\"has-medium-font-size\">Pour le nord ouest, pas de confusion possible avec Ulex minor. Au sud de la France, il est \u00e0 distinguer de l&rsquo;Ajonc de Provence (Ulex parviflorus).<\/p>\n\n\n\n<p class=\"has-medium-font-size\"><\/p>\n\n\n\n<p class=\"has-medium-font-size\">L&rsquo;ajonc d&rsquo;Europe est distingu\u00e9 en deux sous-esp\u00e8ces selon la bract\u00e9ole qui se trouve \u00e0 la base de la fleur. L&rsquo;ib\u00e9rique sous-esp\u00e8ce latebracteus semble nouvelle dans l&rsquo;Hexagone. Sa bract\u00e9ole est presque ronde, plus large donc. Lanc\u00e9ol\u00e9e pour la sous-esp\u00e8ce autonyme:<\/p>\n\n\n\n<p class=\"has-small-font-size\"><a href=\"https:\/\/lecompagnonrouge.fr\/?s=fabales\">Fabales<\/a>&gt;<a href=\"https:\/\/lecompagnonrouge.fr\/?s=fabaceae\">Fabaceae<\/a>&gt;<a href=\"https:\/\/lecompagnonrouge.fr\/?s=Ulex\">Ulex<\/a> europaeus subsp. europeaus<\/p>\n\n\n\n<p class=\"has-medium-font-size\"><strong>Ecologie<\/strong><\/p>\n\n\n\n<p class=\"has-medium-font-size\">Fourr\u00e9s d&rsquo;arbrisseaux pionniers acidophiles, m\u00e9sohydriques \u00e0 m\u00e9sox\u00e9rophiles. Cytisetea scopario &#8211; striati Rivas-Mart\u00ednez 1974<\/p>\n\n\n\n<p class=\"has-medium-font-size\">Lonicerion periclymeni G\u00e9hu, B. Foucault &amp; Delelis ex B. Foucault &amp; J.-M. Royer 2016<\/p>\n\n\n\n<p class=\"has-medium-font-size\">Esp\u00e8ce dispers\u00e9e par les fourmis.<\/p>\n\n\n\n<p class=\"has-medium-font-size\"><strong>Economie<\/strong><\/p>\n\n\n\n<p class=\"has-medium-font-size\">Ancienne fourrag\u00e8re. Un appareil sp\u00e9cial \u00e9tait destin\u00e9 \u00e0 broyer les rameaux afin de d\u00e9truire les \u00e9pines. Tr\u00e8s rare Fabaceae ne provoquant pas de gonflement de la panse chez le b\u00e9tail, m\u00eame sans dessication.<\/p>\n\n\n\n<p>Lieu(x) o\u00f9 la plante est photographi\u00e9e: Manche<\/p>\n","protected":false},"excerpt":{"rendered":"<p>Ulex europeaus est un arbrisseau de belle taille; Ajonc mesurant de 1,5 \u00e0 2 m\u00e8tres. Fleurs odorantes, surtout quand pr\u00e9sent massivement. Ici avec en arri\u00e8re plan du H\u00eatre, reconnaissable \u00e0 ses feuilles luisantes, et sous l&rsquo;un de ces h\u00eatres, une foug\u00e8re polypode. Le Nord Ouest de la France pr\u00e9sente 3 Ajoncs: Ulex europaeus, Ulex minor,&#8230;<\/p>\n","protected":false},"author":1,"featured_media":1325,"comment_status":"closed","ping_status":"open","sticky":false,"template":"","format":"standard","meta":{"footnotes":""},"categories":[109,339],"tags":[338],"class_list":["post-1324","post","type-post","status-publish","format-standard","has-post-thumbnail","hentry","category-fabaceae","category-ulex-europaeus","tag-ajonc-deurope"],"yoast_head":"<!-- This site is optimized with the Yoast SEO plugin v27.4 - https:\/\/yoast.com\/product\/yoast-seo-wordpress\/ -->\n<title>Ulex europaeus. Ajonc d&#039;Europe. - Le Compagnon rouge<\/title>\n<meta name=\"description\" content=\"Fabales, Fabaceae, Ulex europaeus\" \/>\n<meta name=\"robots\" content=\"index, follow, max-snippet:-1, max-image-preview:large, max-video-preview:-1\" \/>\n<link rel=\"canonical\" href=\"https:\/\/lecompagnonrouge.fr\/?p=1324\" \/>\n<meta property=\"og:locale\" content=\"fr_FR\" \/>\n<meta property=\"og:type\" content=\"article\" \/>\n<meta property=\"og:title\" content=\"Ulex europaeus. Ajonc d&#039;Europe. - Le Compagnon rouge\" \/>\n<meta property=\"og:description\" content=\"Fabales, Fabaceae, Ulex europaeus\" \/>\n<meta property=\"og:url\" content=\"https:\/\/lecompagnonrouge.fr\/?p=1324\" \/>\n<meta property=\"og:site_name\" content=\"Le Compagnon rouge\" \/>\n<meta property=\"article:published_time\" content=\"2022-05-15T07:51:27+00:00\" \/>\n<meta property=\"article:modified_time\" content=\"2025-05-03T14:41:48+00:00\" \/>\n<meta property=\"og:image\" content=\"https:\/\/lecompagnonrouge.fr\/wp-content\/uploads\/2022\/05\/IMG_20220508_184740-Copie.jpg\" \/>\n\t<meta property=\"og:image:width\" content=\"850\" \/>\n\t<meta property=\"og:image:height\" content=\"638\" \/>\n\t<meta property=\"og:image:type\" content=\"image\/jpeg\" \/>\n<meta name=\"author\" content=\"R1\" \/>\n<meta name=\"twitter:card\" content=\"summary_large_image\" \/>\n<meta name=\"twitter:label1\" content=\"\u00c9crit par\" \/>\n\t<meta name=\"twitter:data1\" content=\"R1\" \/>\n\t<meta name=\"twitter:label2\" content=\"Dur\u00e9e de lecture est.\" \/>\n\t<meta name=\"twitter:data2\" content=\"3 minutes\" \/>\n<script type=\"application\/ld+json\" class=\"yoast-schema-graph\">{\"@context\":\"https:\\\/\\\/schema.org\",\"@graph\":[{\"@type\":\"Article\",\"@id\":\"https:\\\/\\\/lecompagnonrouge.fr\\\/?p=1324#article\",\"isPartOf\":{\"@id\":\"https:\\\/\\\/lecompagnonrouge.fr\\\/?p=1324\"},\"author\":{\"name\":\"R1\",\"@id\":\"https:\\\/\\\/lecompagnonrouge.fr\\\/#\\\/schema\\\/person\\\/0025018a342b92eacca6f1e4c968a154\"},\"headline\":\"Ulex europaeus. Ajonc d&rsquo;Europe.\",\"datePublished\":\"2022-05-15T07:51:27+00:00\",\"dateModified\":\"2025-05-03T14:41:48+00:00\",\"mainEntityOfPage\":{\"@id\":\"https:\\\/\\\/lecompagnonrouge.fr\\\/?p=1324\"},\"wordCount\":341,\"publisher\":{\"@id\":\"https:\\\/\\\/lecompagnonrouge.fr\\\/#\\\/schema\\\/person\\\/0025018a342b92eacca6f1e4c968a154\"},\"image\":{\"@id\":\"https:\\\/\\\/lecompagnonrouge.fr\\\/?p=1324#primaryimage\"},\"thumbnailUrl\":\"https:\\\/\\\/lecompagnonrouge.fr\\\/wp-content\\\/uploads\\\/2022\\\/05\\\/IMG_20220508_184740-Copie.jpg\",\"keywords\":[\"Ajonc d&#039;Europe\"],\"articleSection\":[\"Fabaceae\",\"Ulex europaeus\"],\"inLanguage\":\"fr-BE\"},{\"@type\":\"WebPage\",\"@id\":\"https:\\\/\\\/lecompagnonrouge.fr\\\/?p=1324\",\"url\":\"https:\\\/\\\/lecompagnonrouge.fr\\\/?p=1324\",\"name\":\"Ulex europaeus. Ajonc d'Europe. - Le Compagnon rouge\",\"isPartOf\":{\"@id\":\"https:\\\/\\\/lecompagnonrouge.fr\\\/#website\"},\"primaryImageOfPage\":{\"@id\":\"https:\\\/\\\/lecompagnonrouge.fr\\\/?p=1324#primaryimage\"},\"image\":{\"@id\":\"https:\\\/\\\/lecompagnonrouge.fr\\\/?p=1324#primaryimage\"},\"thumbnailUrl\":\"https:\\\/\\\/lecompagnonrouge.fr\\\/wp-content\\\/uploads\\\/2022\\\/05\\\/IMG_20220508_184740-Copie.jpg\",\"datePublished\":\"2022-05-15T07:51:27+00:00\",\"dateModified\":\"2025-05-03T14:41:48+00:00\",\"description\":\"Fabales, Fabaceae, Ulex europaeus\",\"breadcrumb\":{\"@id\":\"https:\\\/\\\/lecompagnonrouge.fr\\\/?p=1324#breadcrumb\"},\"inLanguage\":\"fr-BE\",\"potentialAction\":[{\"@type\":\"ReadAction\",\"target\":[\"https:\\\/\\\/lecompagnonrouge.fr\\\/?p=1324\"]}]},{\"@type\":\"ImageObject\",\"inLanguage\":\"fr-BE\",\"@id\":\"https:\\\/\\\/lecompagnonrouge.fr\\\/?p=1324#primaryimage\",\"url\":\"https:\\\/\\\/lecompagnonrouge.fr\\\/wp-content\\\/uploads\\\/2022\\\/05\\\/IMG_20220508_184740-Copie.jpg\",\"contentUrl\":\"https:\\\/\\\/lecompagnonrouge.fr\\\/wp-content\\\/uploads\\\/2022\\\/05\\\/IMG_20220508_184740-Copie.jpg\",\"width\":850,\"height\":638},{\"@type\":\"BreadcrumbList\",\"@id\":\"https:\\\/\\\/lecompagnonrouge.fr\\\/?p=1324#breadcrumb\",\"itemListElement\":[{\"@type\":\"ListItem\",\"position\":1,\"name\":\"Accueil\",\"item\":\"https:\\\/\\\/lecompagnonrouge.fr\\\/\"},{\"@type\":\"ListItem\",\"position\":2,\"name\":\"Ulex europaeus. Ajonc d&rsquo;Europe.\"}]},{\"@type\":\"WebSite\",\"@id\":\"https:\\\/\\\/lecompagnonrouge.fr\\\/#website\",\"url\":\"https:\\\/\\\/lecompagnonrouge.fr\\\/\",\"name\":\"Le Compagnon rouge\",\"description\":\"M\u00e9morandum.\",\"publisher\":{\"@id\":\"https:\\\/\\\/lecompagnonrouge.fr\\\/#\\\/schema\\\/person\\\/0025018a342b92eacca6f1e4c968a154\"},\"potentialAction\":[{\"@type\":\"SearchAction\",\"target\":{\"@type\":\"EntryPoint\",\"urlTemplate\":\"https:\\\/\\\/lecompagnonrouge.fr\\\/?s={search_term_string}\"},\"query-input\":{\"@type\":\"PropertyValueSpecification\",\"valueRequired\":true,\"valueName\":\"search_term_string\"}}],\"inLanguage\":\"fr-BE\"},{\"@type\":[\"Person\",\"Organization\"],\"@id\":\"https:\\\/\\\/lecompagnonrouge.fr\\\/#\\\/schema\\\/person\\\/0025018a342b92eacca6f1e4c968a154\",\"name\":\"R1\",\"image\":{\"@type\":\"ImageObject\",\"inLanguage\":\"fr-BE\",\"@id\":\"https:\\\/\\\/lecompagnonrouge.fr\\\/wp-content\\\/uploads\\\/2022\\\/03\\\/identit.jpg\",\"url\":\"https:\\\/\\\/lecompagnonrouge.fr\\\/wp-content\\\/uploads\\\/2022\\\/03\\\/identit.jpg\",\"contentUrl\":\"https:\\\/\\\/lecompagnonrouge.fr\\\/wp-content\\\/uploads\\\/2022\\\/03\\\/identit.jpg\",\"width\":425,\"height\":545,\"caption\":\"R1\"},\"logo\":{\"@id\":\"https:\\\/\\\/lecompagnonrouge.fr\\\/wp-content\\\/uploads\\\/2022\\\/03\\\/identit.jpg\"},\"sameAs\":[\"http:\\\/\\\/lecompagnonrouge.fr\"],\"url\":\"https:\\\/\\\/lecompagnonrouge.fr\\\/?author=1\"}]}<\/script>\n<!-- \/ Yoast SEO plugin. -->","yoast_head_json":{"title":"Ulex europaeus. Ajonc d'Europe. - Le Compagnon rouge","description":"Fabales, Fabaceae, Ulex europaeus","robots":{"index":"index","follow":"follow","max-snippet":"max-snippet:-1","max-image-preview":"max-image-preview:large","max-video-preview":"max-video-preview:-1"},"canonical":"https:\/\/lecompagnonrouge.fr\/?p=1324","og_locale":"fr_FR","og_type":"article","og_title":"Ulex europaeus. Ajonc d'Europe. - Le Compagnon rouge","og_description":"Fabales, Fabaceae, Ulex europaeus","og_url":"https:\/\/lecompagnonrouge.fr\/?p=1324","og_site_name":"Le Compagnon rouge","article_published_time":"2022-05-15T07:51:27+00:00","article_modified_time":"2025-05-03T14:41:48+00:00","og_image":[{"width":850,"height":638,"url":"https:\/\/lecompagnonrouge.fr\/wp-content\/uploads\/2022\/05\/IMG_20220508_184740-Copie.jpg","type":"image\/jpeg"}],"author":"R1","twitter_card":"summary_large_image","twitter_misc":{"\u00c9crit par":"R1","Dur\u00e9e de lecture est.":"3 minutes"},"schema":{"@context":"https:\/\/schema.org","@graph":[{"@type":"Article","@id":"https:\/\/lecompagnonrouge.fr\/?p=1324#article","isPartOf":{"@id":"https:\/\/lecompagnonrouge.fr\/?p=1324"},"author":{"name":"R1","@id":"https:\/\/lecompagnonrouge.fr\/#\/schema\/person\/0025018a342b92eacca6f1e4c968a154"},"headline":"Ulex europaeus. Ajonc d&rsquo;Europe.","datePublished":"2022-05-15T07:51:27+00:00","dateModified":"2025-05-03T14:41:48+00:00","mainEntityOfPage":{"@id":"https:\/\/lecompagnonrouge.fr\/?p=1324"},"wordCount":341,"publisher":{"@id":"https:\/\/lecompagnonrouge.fr\/#\/schema\/person\/0025018a342b92eacca6f1e4c968a154"},"image":{"@id":"https:\/\/lecompagnonrouge.fr\/?p=1324#primaryimage"},"thumbnailUrl":"https:\/\/lecompagnonrouge.fr\/wp-content\/uploads\/2022\/05\/IMG_20220508_184740-Copie.jpg","keywords":["Ajonc d&#039;Europe"],"articleSection":["Fabaceae","Ulex europaeus"],"inLanguage":"fr-BE"},{"@type":"WebPage","@id":"https:\/\/lecompagnonrouge.fr\/?p=1324","url":"https:\/\/lecompagnonrouge.fr\/?p=1324","name":"Ulex europaeus. Ajonc d'Europe. - Le Compagnon rouge","isPartOf":{"@id":"https:\/\/lecompagnonrouge.fr\/#website"},"primaryImageOfPage":{"@id":"https:\/\/lecompagnonrouge.fr\/?p=1324#primaryimage"},"image":{"@id":"https:\/\/lecompagnonrouge.fr\/?p=1324#primaryimage"},"thumbnailUrl":"https:\/\/lecompagnonrouge.fr\/wp-content\/uploads\/2022\/05\/IMG_20220508_184740-Copie.jpg","datePublished":"2022-05-15T07:51:27+00:00","dateModified":"2025-05-03T14:41:48+00:00","description":"Fabales, Fabaceae, Ulex europaeus","breadcrumb":{"@id":"https:\/\/lecompagnonrouge.fr\/?p=1324#breadcrumb"},"inLanguage":"fr-BE","potentialAction":[{"@type":"ReadAction","target":["https:\/\/lecompagnonrouge.fr\/?p=1324"]}]},{"@type":"ImageObject","inLanguage":"fr-BE","@id":"https:\/\/lecompagnonrouge.fr\/?p=1324#primaryimage","url":"https:\/\/lecompagnonrouge.fr\/wp-content\/uploads\/2022\/05\/IMG_20220508_184740-Copie.jpg","contentUrl":"https:\/\/lecompagnonrouge.fr\/wp-content\/uploads\/2022\/05\/IMG_20220508_184740-Copie.jpg","width":850,"height":638},{"@type":"BreadcrumbList","@id":"https:\/\/lecompagnonrouge.fr\/?p=1324#breadcrumb","itemListElement":[{"@type":"ListItem","position":1,"name":"Accueil","item":"https:\/\/lecompagnonrouge.fr\/"},{"@type":"ListItem","position":2,"name":"Ulex europaeus. Ajonc d&rsquo;Europe."}]},{"@type":"WebSite","@id":"https:\/\/lecompagnonrouge.fr\/#website","url":"https:\/\/lecompagnonrouge.fr\/","name":"Le Compagnon rouge","description":"M\u00e9morandum.","publisher":{"@id":"https:\/\/lecompagnonrouge.fr\/#\/schema\/person\/0025018a342b92eacca6f1e4c968a154"},"potentialAction":[{"@type":"SearchAction","target":{"@type":"EntryPoint","urlTemplate":"https:\/\/lecompagnonrouge.fr\/?s={search_term_string}"},"query-input":{"@type":"PropertyValueSpecification","valueRequired":true,"valueName":"search_term_string"}}],"inLanguage":"fr-BE"},{"@type":["Person","Organization"],"@id":"https:\/\/lecompagnonrouge.fr\/#\/schema\/person\/0025018a342b92eacca6f1e4c968a154","name":"R1","image":{"@type":"ImageObject","inLanguage":"fr-BE","@id":"https:\/\/lecompagnonrouge.fr\/wp-content\/uploads\/2022\/03\/identit.jpg","url":"https:\/\/lecompagnonrouge.fr\/wp-content\/uploads\/2022\/03\/identit.jpg","contentUrl":"https:\/\/lecompagnonrouge.fr\/wp-content\/uploads\/2022\/03\/identit.jpg","width":425,"height":545,"caption":"R1"},"logo":{"@id":"https:\/\/lecompagnonrouge.fr\/wp-content\/uploads\/2022\/03\/identit.jpg"},"sameAs":["http:\/\/lecompagnonrouge.fr"],"url":"https:\/\/lecompagnonrouge.fr\/?author=1"}]}},"_links":{"self":[{"href":"https:\/\/lecompagnonrouge.fr\/index.php?rest_route=\/wp\/v2\/posts\/1324","targetHints":{"allow":["GET"]}}],"collection":[{"href":"https:\/\/lecompagnonrouge.fr\/index.php?rest_route=\/wp\/v2\/posts"}],"about":[{"href":"https:\/\/lecompagnonrouge.fr\/index.php?rest_route=\/wp\/v2\/types\/post"}],"author":[{"embeddable":true,"href":"https:\/\/lecompagnonrouge.fr\/index.php?rest_route=\/wp\/v2\/users\/1"}],"replies":[{"embeddable":true,"href":"https:\/\/lecompagnonrouge.fr\/index.php?rest_route=%2Fwp%2Fv2%2Fcomments&post=1324"}],"version-history":[{"count":9,"href":"https:\/\/lecompagnonrouge.fr\/index.php?rest_route=\/wp\/v2\/posts\/1324\/revisions"}],"predecessor-version":[{"id":9663,"href":"https:\/\/lecompagnonrouge.fr\/index.php?rest_route=\/wp\/v2\/posts\/1324\/revisions\/9663"}],"wp:featuredmedia":[{"embeddable":true,"href":"https:\/\/lecompagnonrouge.fr\/index.php?rest_route=\/wp\/v2\/media\/1325"}],"wp:attachment":[{"href":"https:\/\/lecompagnonrouge.fr\/index.php?rest_route=%2Fwp%2Fv2%2Fmedia&parent=1324"}],"wp:term":[{"taxonomy":"category","embeddable":true,"href":"https:\/\/lecompagnonrouge.fr\/index.php?rest_route=%2Fwp%2Fv2%2Fcategories&post=1324"},{"taxonomy":"post_tag","embeddable":true,"href":"https:\/\/lecompagnonrouge.fr\/index.php?rest_route=%2Fwp%2Fv2%2Ftags&post=1324"}],"curies":[{"name":"wp","href":"https:\/\/api.w.org\/{rel}","templated":true}]}}