{"id":1280,"date":"2022-05-14T15:27:38","date_gmt":"2022-05-14T13:27:38","guid":{"rendered":"https:\/\/lecompagnonrouge.fr\/?p=1280"},"modified":"2024-11-15T15:05:52","modified_gmt":"2024-11-15T14:05:52","slug":"arrhenatherum-elatius-subsp-elatius-fromental","status":"publish","type":"post","link":"https:\/\/lecompagnonrouge.fr\/?p=1280","title":{"rendered":"Arrhenatherum elatius subsp. elatius. Fromental."},"content":{"rendered":"\n<p class=\"has-medium-font-size\">Panicule diffuse ramifi\u00e9e. Lemme du fleuron termin\u00e9e par une longue arr\u00eate.<\/p>\n\n\n\n<figure class=\"wp-block-image size-full\"><img loading=\"lazy\" decoding=\"async\" width=\"768\" height=\"1024\" src=\"https:\/\/lecompagnonrouge.fr\/wp-content\/uploads\/2022\/05\/image-19.png\" alt=\"\" class=\"wp-image-8088\" srcset=\"https:\/\/lecompagnonrouge.fr\/wp-content\/uploads\/2022\/05\/image-19.png 768w, https:\/\/lecompagnonrouge.fr\/wp-content\/uploads\/2022\/05\/image-19-225x300.png 225w, https:\/\/lecompagnonrouge.fr\/wp-content\/uploads\/2022\/05\/image-19-300x400.png 300w\" sizes=\"auto, (max-width: 768px) 100vw, 768px\" \/><\/figure>\n\n\n\n<p><\/p>\n\n\n\n<p class=\"has-medium-font-size\">Le plateau de tallage est non bulbeux. Il peut pr\u00e9senter des renflements l\u00e9gers. La sous esp\u00e8ce bulbosum pr\u00e9sente des renflements de 6-10 mm<\/p>\n\n\n\n<figure class=\"wp-block-image size-large\"><img loading=\"lazy\" decoding=\"async\" width=\"768\" height=\"1024\" src=\"https:\/\/lecompagnonrouge.fr\/wp-content\/uploads\/2022\/05\/IMG_20220507_163003-Copie-768x1024.jpg\" alt=\"\" class=\"wp-image-1287\" srcset=\"https:\/\/lecompagnonrouge.fr\/wp-content\/uploads\/2022\/05\/IMG_20220507_163003-Copie-768x1025.jpg 768w, https:\/\/lecompagnonrouge.fr\/wp-content\/uploads\/2022\/05\/IMG_20220507_163003-Copie-225x300.jpg 225w, https:\/\/lecompagnonrouge.fr\/wp-content\/uploads\/2022\/05\/IMG_20220507_163003-Copie-300x400.jpg 300w, https:\/\/lecompagnonrouge.fr\/wp-content\/uploads\/2022\/05\/IMG_20220507_163003-Copie.jpg 850w\" sizes=\"auto, (max-width: 768px) 100vw, 768px\" \/><\/figure>\n\n\n\n<p><\/p>\n\n\n\n<p><\/p>\n\n\n\n<p class=\"has-small-font-size\"><a href=\"https:\/\/lecompagnonrouge.fr\/?s=poales\">Poales<\/a>&gt;<a href=\"https:\/\/lecompagnonrouge.fr\/?s=poaceae\">Poaceae<\/a>&gt;  panicule diffuse\/ 1 fleuron hermaphrodite et des fleurons fertiles&gt;<a href=\"https:\/\/lecompagnonrouge.fr\/?s=arrhenatherum\">Arrhenatherum<\/a> elatius subsp. elatius.<\/p>\n\n\n\n<p class=\"has-medium-font-size\">Dans l\u2019ensemble, les gramin\u00e9es provoqueraient des pollinoses. Les poaceae forment un groupe qui semble particuli\u00e8rement complexe en raison de la taille de ce groupe pour les allergologues. Arrhenatherum eliatus : pollen allergisant?<\/p>\n\n\n\n<p class=\"has-medium-font-size\">Prairies m\u00e9sohydriques, fauch\u00e9es, planitiaires \u00e0 montagnardes. <a href=\"https:\/\/lecompagnonrouge.fr\/?page_id=3348\/#Arrhenatheretalia-elatioris\">Arrhenatheretalia elatioris subsp. elatioris T\u00fcxen 1931<\/a><\/p>\n\n\n\n<p>Lieu(x) o\u00f9 la plante est photographi\u00e9e: Montreuil (parc des Beaumonts)<\/p>\n\n\n\n<figure class=\"wp-block-image size-full\"><img loading=\"lazy\" decoding=\"async\" width=\"850\" height=\"609\" src=\"https:\/\/lecompagnonrouge.fr\/wp-content\/uploads\/2024\/07\/amsolo.jpg\" alt=\"\" class=\"wp-image-6949\" srcset=\"https:\/\/lecompagnonrouge.fr\/wp-content\/uploads\/2024\/07\/amsolo.jpg 850w, https:\/\/lecompagnonrouge.fr\/wp-content\/uploads\/2024\/07\/amsolo-300x215.jpg 300w, https:\/\/lecompagnonrouge.fr\/wp-content\/uploads\/2024\/07\/amsolo-768x550.jpg 768w\" sizes=\"auto, (max-width: 850px) 100vw, 850px\" \/><\/figure>\n","protected":false},"excerpt":{"rendered":"<p>Panicule diffuse ramifi\u00e9e. Lemme du fleuron termin\u00e9e par une longue arr\u00eate. Le plateau de tallage est non bulbeux. Il peut pr\u00e9senter des renflements l\u00e9gers. La sous esp\u00e8ce bulbosum pr\u00e9sente des renflements de 6-10 mm Poales&gt;Poaceae&gt; panicule diffuse\/ 1 fleuron hermaphrodite et des fleurons fertiles&gt;Arrhenatherum elatius subsp. elatius. Dans l\u2019ensemble, les gramin\u00e9es provoqueraient des pollinoses. Les&#8230;<\/p>\n","protected":false},"author":1,"featured_media":1281,"comment_status":"closed","ping_status":"open","sticky":false,"template":"","format":"standard","meta":{"footnotes":""},"categories":[322,306],"tags":[321,320],"class_list":["post-1280","post","type-post","status-publish","format-standard","has-post-thumbnail","hentry","category-arrhenatherum-elatius-subsp-elatius","category-poaceae","tag-fenasse","tag-fromental"],"yoast_head":"<!-- This site is optimized with the Yoast SEO plugin v27.4 - https:\/\/yoast.com\/product\/yoast-seo-wordpress\/ -->\n<title>Arrhenatherum elatius subsp. elatius. Fromental. - Le Compagnon rouge<\/title>\n<meta name=\"description\" content=\"Poaceae, Arrhenatherum elatius subsp. elatius\" \/>\n<meta name=\"robots\" content=\"index, follow, max-snippet:-1, max-image-preview:large, max-video-preview:-1\" \/>\n<link rel=\"canonical\" href=\"https:\/\/lecompagnonrouge.fr\/?p=1280\" \/>\n<meta property=\"og:locale\" content=\"fr_FR\" \/>\n<meta property=\"og:type\" content=\"article\" \/>\n<meta property=\"og:title\" content=\"Arrhenatherum elatius subsp. elatius. Fromental. - Le Compagnon rouge\" \/>\n<meta property=\"og:description\" content=\"Poaceae, Arrhenatherum elatius subsp. elatius\" \/>\n<meta property=\"og:url\" content=\"https:\/\/lecompagnonrouge.fr\/?p=1280\" \/>\n<meta property=\"og:site_name\" content=\"Le Compagnon rouge\" \/>\n<meta property=\"article:published_time\" content=\"2022-05-14T13:27:38+00:00\" \/>\n<meta property=\"article:modified_time\" content=\"2024-11-15T14:05:52+00:00\" \/>\n<meta property=\"og:image\" content=\"https:\/\/lecompagnonrouge.fr\/wp-content\/uploads\/2022\/05\/IMG_20210612_114023.jpg\" \/>\n\t<meta property=\"og:image:width\" content=\"850\" \/>\n\t<meta property=\"og:image:height\" content=\"1134\" \/>\n\t<meta property=\"og:image:type\" content=\"image\/jpeg\" \/>\n<meta name=\"author\" content=\"R1\" \/>\n<meta name=\"twitter:card\" content=\"summary_large_image\" \/>\n<meta name=\"twitter:label1\" content=\"\u00c9crit par\" \/>\n\t<meta name=\"twitter:data1\" content=\"R1\" \/>\n\t<meta name=\"twitter:label2\" content=\"Dur\u00e9e de lecture est.\" \/>\n\t<meta name=\"twitter:data2\" content=\"2 minutes\" \/>\n<script type=\"application\/ld+json\" class=\"yoast-schema-graph\">{\"@context\":\"https:\\\/\\\/schema.org\",\"@graph\":[{\"@type\":\"Article\",\"@id\":\"https:\\\/\\\/lecompagnonrouge.fr\\\/?p=1280#article\",\"isPartOf\":{\"@id\":\"https:\\\/\\\/lecompagnonrouge.fr\\\/?p=1280\"},\"author\":{\"name\":\"R1\",\"@id\":\"https:\\\/\\\/lecompagnonrouge.fr\\\/#\\\/schema\\\/person\\\/0025018a342b92eacca6f1e4c968a154\"},\"headline\":\"Arrhenatherum elatius subsp. elatius. Fromental.\",\"datePublished\":\"2022-05-14T13:27:38+00:00\",\"dateModified\":\"2024-11-15T14:05:52+00:00\",\"mainEntityOfPage\":{\"@id\":\"https:\\\/\\\/lecompagnonrouge.fr\\\/?p=1280\"},\"wordCount\":122,\"publisher\":{\"@id\":\"https:\\\/\\\/lecompagnonrouge.fr\\\/#\\\/schema\\\/person\\\/0025018a342b92eacca6f1e4c968a154\"},\"image\":{\"@id\":\"https:\\\/\\\/lecompagnonrouge.fr\\\/?p=1280#primaryimage\"},\"thumbnailUrl\":\"https:\\\/\\\/lecompagnonrouge.fr\\\/wp-content\\\/uploads\\\/2022\\\/05\\\/IMG_20210612_114023.jpg\",\"keywords\":[\"Fenasse\",\"Fromental\"],\"articleSection\":[\"Arrhenatherum elatius subsp. elatius\",\"Poaceae\"],\"inLanguage\":\"fr-BE\"},{\"@type\":\"WebPage\",\"@id\":\"https:\\\/\\\/lecompagnonrouge.fr\\\/?p=1280\",\"url\":\"https:\\\/\\\/lecompagnonrouge.fr\\\/?p=1280\",\"name\":\"Arrhenatherum elatius subsp. elatius. Fromental. - Le Compagnon rouge\",\"isPartOf\":{\"@id\":\"https:\\\/\\\/lecompagnonrouge.fr\\\/#website\"},\"primaryImageOfPage\":{\"@id\":\"https:\\\/\\\/lecompagnonrouge.fr\\\/?p=1280#primaryimage\"},\"image\":{\"@id\":\"https:\\\/\\\/lecompagnonrouge.fr\\\/?p=1280#primaryimage\"},\"thumbnailUrl\":\"https:\\\/\\\/lecompagnonrouge.fr\\\/wp-content\\\/uploads\\\/2022\\\/05\\\/IMG_20210612_114023.jpg\",\"datePublished\":\"2022-05-14T13:27:38+00:00\",\"dateModified\":\"2024-11-15T14:05:52+00:00\",\"description\":\"Poaceae, Arrhenatherum elatius subsp. elatius\",\"breadcrumb\":{\"@id\":\"https:\\\/\\\/lecompagnonrouge.fr\\\/?p=1280#breadcrumb\"},\"inLanguage\":\"fr-BE\",\"potentialAction\":[{\"@type\":\"ReadAction\",\"target\":[\"https:\\\/\\\/lecompagnonrouge.fr\\\/?p=1280\"]}]},{\"@type\":\"ImageObject\",\"inLanguage\":\"fr-BE\",\"@id\":\"https:\\\/\\\/lecompagnonrouge.fr\\\/?p=1280#primaryimage\",\"url\":\"https:\\\/\\\/lecompagnonrouge.fr\\\/wp-content\\\/uploads\\\/2022\\\/05\\\/IMG_20210612_114023.jpg\",\"contentUrl\":\"https:\\\/\\\/lecompagnonrouge.fr\\\/wp-content\\\/uploads\\\/2022\\\/05\\\/IMG_20210612_114023.jpg\",\"width\":850,\"height\":1134,\"caption\":\"00100000\"},{\"@type\":\"BreadcrumbList\",\"@id\":\"https:\\\/\\\/lecompagnonrouge.fr\\\/?p=1280#breadcrumb\",\"itemListElement\":[{\"@type\":\"ListItem\",\"position\":1,\"name\":\"Accueil\",\"item\":\"https:\\\/\\\/lecompagnonrouge.fr\\\/\"},{\"@type\":\"ListItem\",\"position\":2,\"name\":\"Arrhenatherum elatius subsp. elatius. Fromental.\"}]},{\"@type\":\"WebSite\",\"@id\":\"https:\\\/\\\/lecompagnonrouge.fr\\\/#website\",\"url\":\"https:\\\/\\\/lecompagnonrouge.fr\\\/\",\"name\":\"Le Compagnon rouge\",\"description\":\"M\u00e9morandum.\",\"publisher\":{\"@id\":\"https:\\\/\\\/lecompagnonrouge.fr\\\/#\\\/schema\\\/person\\\/0025018a342b92eacca6f1e4c968a154\"},\"potentialAction\":[{\"@type\":\"SearchAction\",\"target\":{\"@type\":\"EntryPoint\",\"urlTemplate\":\"https:\\\/\\\/lecompagnonrouge.fr\\\/?s={search_term_string}\"},\"query-input\":{\"@type\":\"PropertyValueSpecification\",\"valueRequired\":true,\"valueName\":\"search_term_string\"}}],\"inLanguage\":\"fr-BE\"},{\"@type\":[\"Person\",\"Organization\"],\"@id\":\"https:\\\/\\\/lecompagnonrouge.fr\\\/#\\\/schema\\\/person\\\/0025018a342b92eacca6f1e4c968a154\",\"name\":\"R1\",\"image\":{\"@type\":\"ImageObject\",\"inLanguage\":\"fr-BE\",\"@id\":\"https:\\\/\\\/lecompagnonrouge.fr\\\/wp-content\\\/uploads\\\/2022\\\/03\\\/identit.jpg\",\"url\":\"https:\\\/\\\/lecompagnonrouge.fr\\\/wp-content\\\/uploads\\\/2022\\\/03\\\/identit.jpg\",\"contentUrl\":\"https:\\\/\\\/lecompagnonrouge.fr\\\/wp-content\\\/uploads\\\/2022\\\/03\\\/identit.jpg\",\"width\":425,\"height\":545,\"caption\":\"R1\"},\"logo\":{\"@id\":\"https:\\\/\\\/lecompagnonrouge.fr\\\/wp-content\\\/uploads\\\/2022\\\/03\\\/identit.jpg\"},\"sameAs\":[\"http:\\\/\\\/lecompagnonrouge.fr\"],\"url\":\"https:\\\/\\\/lecompagnonrouge.fr\\\/?author=1\"}]}<\/script>\n<!-- \/ Yoast SEO plugin. -->","yoast_head_json":{"title":"Arrhenatherum elatius subsp. elatius. Fromental. - Le Compagnon rouge","description":"Poaceae, Arrhenatherum elatius subsp. elatius","robots":{"index":"index","follow":"follow","max-snippet":"max-snippet:-1","max-image-preview":"max-image-preview:large","max-video-preview":"max-video-preview:-1"},"canonical":"https:\/\/lecompagnonrouge.fr\/?p=1280","og_locale":"fr_FR","og_type":"article","og_title":"Arrhenatherum elatius subsp. elatius. Fromental. - Le Compagnon rouge","og_description":"Poaceae, Arrhenatherum elatius subsp. elatius","og_url":"https:\/\/lecompagnonrouge.fr\/?p=1280","og_site_name":"Le Compagnon rouge","article_published_time":"2022-05-14T13:27:38+00:00","article_modified_time":"2024-11-15T14:05:52+00:00","og_image":[{"width":850,"height":1134,"url":"https:\/\/lecompagnonrouge.fr\/wp-content\/uploads\/2022\/05\/IMG_20210612_114023.jpg","type":"image\/jpeg"}],"author":"R1","twitter_card":"summary_large_image","twitter_misc":{"\u00c9crit par":"R1","Dur\u00e9e de lecture est.":"2 minutes"},"schema":{"@context":"https:\/\/schema.org","@graph":[{"@type":"Article","@id":"https:\/\/lecompagnonrouge.fr\/?p=1280#article","isPartOf":{"@id":"https:\/\/lecompagnonrouge.fr\/?p=1280"},"author":{"name":"R1","@id":"https:\/\/lecompagnonrouge.fr\/#\/schema\/person\/0025018a342b92eacca6f1e4c968a154"},"headline":"Arrhenatherum elatius subsp. elatius. Fromental.","datePublished":"2022-05-14T13:27:38+00:00","dateModified":"2024-11-15T14:05:52+00:00","mainEntityOfPage":{"@id":"https:\/\/lecompagnonrouge.fr\/?p=1280"},"wordCount":122,"publisher":{"@id":"https:\/\/lecompagnonrouge.fr\/#\/schema\/person\/0025018a342b92eacca6f1e4c968a154"},"image":{"@id":"https:\/\/lecompagnonrouge.fr\/?p=1280#primaryimage"},"thumbnailUrl":"https:\/\/lecompagnonrouge.fr\/wp-content\/uploads\/2022\/05\/IMG_20210612_114023.jpg","keywords":["Fenasse","Fromental"],"articleSection":["Arrhenatherum elatius subsp. elatius","Poaceae"],"inLanguage":"fr-BE"},{"@type":"WebPage","@id":"https:\/\/lecompagnonrouge.fr\/?p=1280","url":"https:\/\/lecompagnonrouge.fr\/?p=1280","name":"Arrhenatherum elatius subsp. elatius. Fromental. - Le Compagnon rouge","isPartOf":{"@id":"https:\/\/lecompagnonrouge.fr\/#website"},"primaryImageOfPage":{"@id":"https:\/\/lecompagnonrouge.fr\/?p=1280#primaryimage"},"image":{"@id":"https:\/\/lecompagnonrouge.fr\/?p=1280#primaryimage"},"thumbnailUrl":"https:\/\/lecompagnonrouge.fr\/wp-content\/uploads\/2022\/05\/IMG_20210612_114023.jpg","datePublished":"2022-05-14T13:27:38+00:00","dateModified":"2024-11-15T14:05:52+00:00","description":"Poaceae, Arrhenatherum elatius subsp. elatius","breadcrumb":{"@id":"https:\/\/lecompagnonrouge.fr\/?p=1280#breadcrumb"},"inLanguage":"fr-BE","potentialAction":[{"@type":"ReadAction","target":["https:\/\/lecompagnonrouge.fr\/?p=1280"]}]},{"@type":"ImageObject","inLanguage":"fr-BE","@id":"https:\/\/lecompagnonrouge.fr\/?p=1280#primaryimage","url":"https:\/\/lecompagnonrouge.fr\/wp-content\/uploads\/2022\/05\/IMG_20210612_114023.jpg","contentUrl":"https:\/\/lecompagnonrouge.fr\/wp-content\/uploads\/2022\/05\/IMG_20210612_114023.jpg","width":850,"height":1134,"caption":"00100000"},{"@type":"BreadcrumbList","@id":"https:\/\/lecompagnonrouge.fr\/?p=1280#breadcrumb","itemListElement":[{"@type":"ListItem","position":1,"name":"Accueil","item":"https:\/\/lecompagnonrouge.fr\/"},{"@type":"ListItem","position":2,"name":"Arrhenatherum elatius subsp. elatius. Fromental."}]},{"@type":"WebSite","@id":"https:\/\/lecompagnonrouge.fr\/#website","url":"https:\/\/lecompagnonrouge.fr\/","name":"Le Compagnon rouge","description":"M\u00e9morandum.","publisher":{"@id":"https:\/\/lecompagnonrouge.fr\/#\/schema\/person\/0025018a342b92eacca6f1e4c968a154"},"potentialAction":[{"@type":"SearchAction","target":{"@type":"EntryPoint","urlTemplate":"https:\/\/lecompagnonrouge.fr\/?s={search_term_string}"},"query-input":{"@type":"PropertyValueSpecification","valueRequired":true,"valueName":"search_term_string"}}],"inLanguage":"fr-BE"},{"@type":["Person","Organization"],"@id":"https:\/\/lecompagnonrouge.fr\/#\/schema\/person\/0025018a342b92eacca6f1e4c968a154","name":"R1","image":{"@type":"ImageObject","inLanguage":"fr-BE","@id":"https:\/\/lecompagnonrouge.fr\/wp-content\/uploads\/2022\/03\/identit.jpg","url":"https:\/\/lecompagnonrouge.fr\/wp-content\/uploads\/2022\/03\/identit.jpg","contentUrl":"https:\/\/lecompagnonrouge.fr\/wp-content\/uploads\/2022\/03\/identit.jpg","width":425,"height":545,"caption":"R1"},"logo":{"@id":"https:\/\/lecompagnonrouge.fr\/wp-content\/uploads\/2022\/03\/identit.jpg"},"sameAs":["http:\/\/lecompagnonrouge.fr"],"url":"https:\/\/lecompagnonrouge.fr\/?author=1"}]}},"_links":{"self":[{"href":"https:\/\/lecompagnonrouge.fr\/index.php?rest_route=\/wp\/v2\/posts\/1280","targetHints":{"allow":["GET"]}}],"collection":[{"href":"https:\/\/lecompagnonrouge.fr\/index.php?rest_route=\/wp\/v2\/posts"}],"about":[{"href":"https:\/\/lecompagnonrouge.fr\/index.php?rest_route=\/wp\/v2\/types\/post"}],"author":[{"embeddable":true,"href":"https:\/\/lecompagnonrouge.fr\/index.php?rest_route=\/wp\/v2\/users\/1"}],"replies":[{"embeddable":true,"href":"https:\/\/lecompagnonrouge.fr\/index.php?rest_route=%2Fwp%2Fv2%2Fcomments&post=1280"}],"version-history":[{"count":11,"href":"https:\/\/lecompagnonrouge.fr\/index.php?rest_route=\/wp\/v2\/posts\/1280\/revisions"}],"predecessor-version":[{"id":8233,"href":"https:\/\/lecompagnonrouge.fr\/index.php?rest_route=\/wp\/v2\/posts\/1280\/revisions\/8233"}],"wp:featuredmedia":[{"embeddable":true,"href":"https:\/\/lecompagnonrouge.fr\/index.php?rest_route=\/wp\/v2\/media\/1281"}],"wp:attachment":[{"href":"https:\/\/lecompagnonrouge.fr\/index.php?rest_route=%2Fwp%2Fv2%2Fmedia&parent=1280"}],"wp:term":[{"taxonomy":"category","embeddable":true,"href":"https:\/\/lecompagnonrouge.fr\/index.php?rest_route=%2Fwp%2Fv2%2Fcategories&post=1280"},{"taxonomy":"post_tag","embeddable":true,"href":"https:\/\/lecompagnonrouge.fr\/index.php?rest_route=%2Fwp%2Fv2%2Ftags&post=1280"}],"curies":[{"name":"wp","href":"https:\/\/api.w.org\/{rel}","templated":true}]}}