{"id":10747,"date":"2025-08-03T14:09:31","date_gmt":"2025-08-03T12:09:31","guid":{"rendered":"https:\/\/lecompagnonrouge.fr\/?p=10747"},"modified":"2025-08-20T07:02:34","modified_gmt":"2025-08-20T05:02:34","slug":"anethum-graveolens-subsp-graveolens-aneth","status":"publish","type":"post","link":"https:\/\/lecompagnonrouge.fr\/?p=10747","title":{"rendered":"Anethum graveolens subsp. graveolens. Aneth"},"content":{"rendered":"\n<p class=\"has-medium-font-size\">Anethum graveolens est une (grande) plante glauque, \u00e0 fleurs jaunes en cols roul\u00e9s, \u00e0 <strong>graines ail\u00e9s<\/strong>, tr\u00e8s agr\u00e9ablement aromatique. <\/p>\n\n\n\n<p class=\"has-medium-font-size\">Se distingue du <a href=\"https:\/\/lecompagnonrouge.fr\/?p=645\">fenouil<\/a> par la <a href=\"https:\/\/lecompagnonrouge.fr\/?page_id=8669#chorologie\">chorologie<\/a> (voir plus bas), par la forme de ses graines, et celles d&rsquo;une bonne partie de ses feuilles, ainsi que par l&rsquo;odeur et le go\u00fbt lesquels sont un peu diff\u00e9rents.<\/p>\n\n\n\n<p class=\"has-medium-font-size\">Certaines feuilles de l&rsquo;aneth, vers le bas, peuvent \u00e0 l&rsquo;instar du fenouil avoir des segments tr\u00e8s tr\u00e8s fins.<\/p>\n\n\n\n<figure class=\"wp-block-image size-full\"><img loading=\"lazy\" decoding=\"async\" width=\"850\" height=\"755\" src=\"https:\/\/lecompagnonrouge.fr\/wp-content\/uploads\/2025\/08\/IMG_3130.jpg\" alt=\"\" class=\"wp-image-10748\" srcset=\"https:\/\/lecompagnonrouge.fr\/wp-content\/uploads\/2025\/08\/IMG_3130.jpg 850w, https:\/\/lecompagnonrouge.fr\/wp-content\/uploads\/2025\/08\/IMG_3130-300x266.jpg 300w, https:\/\/lecompagnonrouge.fr\/wp-content\/uploads\/2025\/08\/IMG_3130-768x682.jpg 768w\" sizes=\"auto, (max-width: 850px) 100vw, 850px\" \/><\/figure>\n\n\n\n<p><\/p>\n\n\n\n<p class=\"has-medium-font-size\">Mais la plupart des feuilles pr\u00e9sentent des segments lin\u00e9aires, donc des feuilles moins \u00ab\u00a0vaporeuses\u00a0\u00bb que celles du fenouil.<\/p>\n\n\n\n<p class=\"has-medium-font-size\">L&rsquo;ar\u00f4me, le parfum sont particuli\u00e8rement distincts.<\/p>\n\n\n\n<h2 class=\"wp-block-heading has-medium-font-size\"><strong>Origine, taxonomie<\/strong><\/h2>\n\n\n\n<p class=\"has-medium-font-size\">La <a href=\"https:\/\/lecompagnonrouge.fr\/?page_id=8669#chorologie\">chorologie<\/a> ne pr\u00e9sente en principe pas cette plante de mani\u00e8re spontan\u00e9e en \u00cele de France (o\u00f9 elle est photographi\u00e9e). Elle est cependant <a href=\"https:\/\/lecompagnonrouge.fr\/?page_id=8669#subspontan\u00e9e\">subspontan\u00e9e<\/a> dans le sud de la France. O\u00f9 elle fut m\u00eame <a href=\"https:\/\/lecompagnonrouge.fr\/?page_id=8669#naturalis\u00e9\">naturalis\u00e9e<\/a> autrefois avec une <a href=\"https:\/\/lecompagnonrouge.fr\/?page_id=8669#forma\">forme<\/a> \u00e0 floraison et fructification plus pr\u00e9coces, les plantules \u00e9tant g\u00e9lives; une plante moins robuste.<\/p>\n\n\n\n<p class=\"has-medium-font-size\">Cet Aneth serait de l&rsquo;Est de la m\u00e9diterran\u00e9e.<\/p>\n\n\n\n<p class=\"has-medium-font-size\">Une sous-esp\u00e8ce sowa existe en Asie.<\/p>\n\n\n\n<p class=\"has-small-font-size\"><a href=\"https:\/\/lecompagnonrouge.fr\/?s=Apiales\">Apiales<\/a>&gt;<a href=\"https:\/\/lecompagnonrouge.fr\/?s=Apiaceae\">Apiaceae<\/a>&gt;<a href=\"https:\/\/lecompagnonrouge.fr\/?s=Apioideae\">Apioideae<\/a>&gt;<a href=\"https:\/\/lecompagnonrouge.fr\/?s=Anethum\">Anethum<\/a> graveolens subsp. graveolens<\/p>\n\n\n\n<h2 class=\"wp-block-heading has-medium-font-size\"><strong>Ecologie.<\/strong><\/h2>\n\n\n\n<p class=\"has-medium-font-size\">Plante annuelle\/bisannuelle.<\/p>\n\n\n\n<p class=\"has-medium-font-size\">La forme naturalis\u00e9e \u00e9tait commensale des cultures.<\/p>\n\n\n\n<p class=\"has-medium-font-size\">Pour la forme \u00e9chapp\u00e9e actuelle, voir mais rarement:<\/p>\n\n\n\n<p class=\"has-medium-font-size\">Friches annuelles, m\u00e9so-eutrophiles \u00e0 eutrophiles, m\u00e9diterran\u00e9o-atlantiques, vernales. Brometalia rubenti &#8211; tectorum Rivas-Mart\u00ednez &amp; Izco 1977<\/p>\n\n\n\n<p class=\"has-medium-font-size\">Sinon il s&rsquo;agit, cas le plus courant en France, de m\u00e9langes de jach\u00e8res et prairies fleuries. <\/p>\n\n\n\n<p class=\"has-medium-font-size\">Ici une pollution dans le m\u00e9lange. La prairie fleurie \u00e9tant \u00e0 toute proximit\u00e9. La pr\u00e9sence de l&rsquo;<a href=\"https:\/\/lecompagnonrouge.fr\/?p=142\">origan<\/a> (tr\u00e8s \u00e0 sa place o\u00f9 la photo est prise) au pied de l&rsquo;Aneth montre que l&rsquo;espace a \u00e9t\u00e9 tr\u00e8s peu manipul\u00e9, ou plut\u00f4t m\u00eame pas du tout.<\/p>\n\n\n\n<p class=\"has-medium-font-size\">Le Fenouil tout comme l&rsquo;Aneth attire la tr\u00e8s belle chenille du tr\u00e8s beau papillon Machaon. Il n&rsquo;y aura plus d&rsquo;aneth pour la table, mais le papillon est encore plus beau!<\/p>\n\n\n\n<p>Photos: parc de l\u2019\u00cele Saint-Denis. La g\u00e9ologie de ce parc (selon les couches harmonis\u00e9es du site BRGM infoterre) pr\u00e9sente du sable de Beauchamps et du sable du val d\u2019Oise (ou d\u2019Auvers), coup\u00e9e d\u2019une large langue de calcaire de Saint-Ouen. Je photographie la plante en l\u00e9ger contrebas. On ne peut exclure que ce petit relief de l&rsquo;\u00cele soit du aux remblais de l&rsquo;A86 qui ont servi \u00e0 lui cr\u00e9er un model\u00e9. La campagne de photographie de 1950-1965 (voir g\u00e9oportail) donnant vaguement l&rsquo;impression d&rsquo;une \u00eele beaucoup plus plane, et ne connaissant pas ce genre de petits reliefs. Environ 3 m ou 4 m au dessus, un autre chemin.<\/p>\n\n\n\n<figure class=\"wp-block-image size-full\"><img loading=\"lazy\" decoding=\"async\" width=\"850\" height=\"567\" src=\"https:\/\/lecompagnonrouge.fr\/wp-content\/uploads\/2025\/08\/IMG_3126.jpg\" alt=\"\" class=\"wp-image-10750\" srcset=\"https:\/\/lecompagnonrouge.fr\/wp-content\/uploads\/2025\/08\/IMG_3126.jpg 850w, https:\/\/lecompagnonrouge.fr\/wp-content\/uploads\/2025\/08\/IMG_3126-300x200.jpg 300w, https:\/\/lecompagnonrouge.fr\/wp-content\/uploads\/2025\/08\/IMG_3126-768x512.jpg 768w\" sizes=\"auto, (max-width: 850px) 100vw, 850px\" \/><\/figure>\n","protected":false},"excerpt":{"rendered":"<p>Anethum graveolens est une (grande) plante glauque, \u00e0 fleurs jaunes en cols roul\u00e9s, \u00e0 graines ail\u00e9s, tr\u00e8s agr\u00e9ablement aromatique. Se distingue du fenouil par la chorologie (voir plus bas), par la forme de ses graines, et celles d&rsquo;une bonne partie de ses feuilles, ainsi que par l&rsquo;odeur et le go\u00fbt lesquels sont un peu diff\u00e9rents&#8230;.<\/p>\n","protected":false},"author":1,"featured_media":10749,"comment_status":"closed","ping_status":"open","sticky":false,"template":"","format":"standard","meta":{"footnotes":""},"categories":[1225,159,160],"tags":[1224],"class_list":["post-10747","post","type-post","status-publish","format-standard","has-post-thumbnail","hentry","category-anethum-graveolens","category-apiaceae","category-apioideae","tag-aneth"],"yoast_head":"<!-- This site is optimized with the Yoast SEO plugin v27.4 - https:\/\/yoast.com\/product\/yoast-seo-wordpress\/ -->\n<title>Anethum graveolens subsp. graveolens. Aneth - Le Compagnon rouge<\/title>\n<meta name=\"description\" content=\"Apiales&gt;Apiaceae&gt;Apioideae&gt;Anethum graveolens\" \/>\n<meta name=\"robots\" content=\"index, follow, max-snippet:-1, max-image-preview:large, max-video-preview:-1\" \/>\n<link rel=\"canonical\" href=\"https:\/\/lecompagnonrouge.fr\/?p=10747\" \/>\n<meta property=\"og:locale\" content=\"fr_FR\" \/>\n<meta property=\"og:type\" content=\"article\" \/>\n<meta property=\"og:title\" content=\"Anethum graveolens subsp. graveolens. Aneth - Le Compagnon rouge\" \/>\n<meta property=\"og:description\" content=\"Apiales&gt;Apiaceae&gt;Apioideae&gt;Anethum graveolens\" \/>\n<meta property=\"og:url\" content=\"https:\/\/lecompagnonrouge.fr\/?p=10747\" \/>\n<meta property=\"og:site_name\" content=\"Le Compagnon rouge\" \/>\n<meta property=\"article:published_time\" content=\"2025-08-03T12:09:31+00:00\" \/>\n<meta property=\"article:modified_time\" content=\"2025-08-20T05:02:34+00:00\" \/>\n<meta property=\"og:image\" content=\"https:\/\/lecompagnonrouge.fr\/wp-content\/uploads\/2025\/08\/IMG_3128.jpg\" \/>\n\t<meta property=\"og:image:width\" content=\"850\" \/>\n\t<meta property=\"og:image:height\" content=\"1275\" \/>\n\t<meta property=\"og:image:type\" content=\"image\/jpeg\" \/>\n<meta name=\"author\" content=\"R1\" \/>\n<meta name=\"twitter:card\" content=\"summary_large_image\" \/>\n<meta name=\"twitter:label1\" content=\"\u00c9crit par\" \/>\n\t<meta name=\"twitter:data1\" content=\"R1\" \/>\n\t<meta name=\"twitter:label2\" content=\"Dur\u00e9e de lecture est.\" \/>\n\t<meta name=\"twitter:data2\" content=\"3 minutes\" \/>\n<script type=\"application\/ld+json\" class=\"yoast-schema-graph\">{\"@context\":\"https:\\\/\\\/schema.org\",\"@graph\":[{\"@type\":\"Article\",\"@id\":\"https:\\\/\\\/lecompagnonrouge.fr\\\/?p=10747#article\",\"isPartOf\":{\"@id\":\"https:\\\/\\\/lecompagnonrouge.fr\\\/?p=10747\"},\"author\":{\"name\":\"R1\",\"@id\":\"https:\\\/\\\/lecompagnonrouge.fr\\\/#\\\/schema\\\/person\\\/0025018a342b92eacca6f1e4c968a154\"},\"headline\":\"Anethum graveolens subsp. graveolens. Aneth\",\"datePublished\":\"2025-08-03T12:09:31+00:00\",\"dateModified\":\"2025-08-20T05:02:34+00:00\",\"mainEntityOfPage\":{\"@id\":\"https:\\\/\\\/lecompagnonrouge.fr\\\/?p=10747\"},\"wordCount\":468,\"publisher\":{\"@id\":\"https:\\\/\\\/lecompagnonrouge.fr\\\/#\\\/schema\\\/person\\\/0025018a342b92eacca6f1e4c968a154\"},\"image\":{\"@id\":\"https:\\\/\\\/lecompagnonrouge.fr\\\/?p=10747#primaryimage\"},\"thumbnailUrl\":\"https:\\\/\\\/lecompagnonrouge.fr\\\/wp-content\\\/uploads\\\/2025\\\/08\\\/IMG_3128.jpg\",\"keywords\":[\"Aneth\"],\"articleSection\":[\"Anethum graveolens\",\"Apiaceae\",\"Apioideae\"],\"inLanguage\":\"fr-BE\"},{\"@type\":\"WebPage\",\"@id\":\"https:\\\/\\\/lecompagnonrouge.fr\\\/?p=10747\",\"url\":\"https:\\\/\\\/lecompagnonrouge.fr\\\/?p=10747\",\"name\":\"Anethum graveolens subsp. graveolens. Aneth - Le Compagnon rouge\",\"isPartOf\":{\"@id\":\"https:\\\/\\\/lecompagnonrouge.fr\\\/#website\"},\"primaryImageOfPage\":{\"@id\":\"https:\\\/\\\/lecompagnonrouge.fr\\\/?p=10747#primaryimage\"},\"image\":{\"@id\":\"https:\\\/\\\/lecompagnonrouge.fr\\\/?p=10747#primaryimage\"},\"thumbnailUrl\":\"https:\\\/\\\/lecompagnonrouge.fr\\\/wp-content\\\/uploads\\\/2025\\\/08\\\/IMG_3128.jpg\",\"datePublished\":\"2025-08-03T12:09:31+00:00\",\"dateModified\":\"2025-08-20T05:02:34+00:00\",\"description\":\"Apiales>Apiaceae>Apioideae>Anethum graveolens\",\"breadcrumb\":{\"@id\":\"https:\\\/\\\/lecompagnonrouge.fr\\\/?p=10747#breadcrumb\"},\"inLanguage\":\"fr-BE\",\"potentialAction\":[{\"@type\":\"ReadAction\",\"target\":[\"https:\\\/\\\/lecompagnonrouge.fr\\\/?p=10747\"]}]},{\"@type\":\"ImageObject\",\"inLanguage\":\"fr-BE\",\"@id\":\"https:\\\/\\\/lecompagnonrouge.fr\\\/?p=10747#primaryimage\",\"url\":\"https:\\\/\\\/lecompagnonrouge.fr\\\/wp-content\\\/uploads\\\/2025\\\/08\\\/IMG_3128.jpg\",\"contentUrl\":\"https:\\\/\\\/lecompagnonrouge.fr\\\/wp-content\\\/uploads\\\/2025\\\/08\\\/IMG_3128.jpg\",\"width\":850,\"height\":1275,\"caption\":\"Anethum graveolens\"},{\"@type\":\"BreadcrumbList\",\"@id\":\"https:\\\/\\\/lecompagnonrouge.fr\\\/?p=10747#breadcrumb\",\"itemListElement\":[{\"@type\":\"ListItem\",\"position\":1,\"name\":\"Accueil\",\"item\":\"https:\\\/\\\/lecompagnonrouge.fr\\\/\"},{\"@type\":\"ListItem\",\"position\":2,\"name\":\"Anethum graveolens subsp. graveolens. Aneth\"}]},{\"@type\":\"WebSite\",\"@id\":\"https:\\\/\\\/lecompagnonrouge.fr\\\/#website\",\"url\":\"https:\\\/\\\/lecompagnonrouge.fr\\\/\",\"name\":\"Le Compagnon rouge\",\"description\":\"M\u00e9morandum.\",\"publisher\":{\"@id\":\"https:\\\/\\\/lecompagnonrouge.fr\\\/#\\\/schema\\\/person\\\/0025018a342b92eacca6f1e4c968a154\"},\"potentialAction\":[{\"@type\":\"SearchAction\",\"target\":{\"@type\":\"EntryPoint\",\"urlTemplate\":\"https:\\\/\\\/lecompagnonrouge.fr\\\/?s={search_term_string}\"},\"query-input\":{\"@type\":\"PropertyValueSpecification\",\"valueRequired\":true,\"valueName\":\"search_term_string\"}}],\"inLanguage\":\"fr-BE\"},{\"@type\":[\"Person\",\"Organization\"],\"@id\":\"https:\\\/\\\/lecompagnonrouge.fr\\\/#\\\/schema\\\/person\\\/0025018a342b92eacca6f1e4c968a154\",\"name\":\"R1\",\"image\":{\"@type\":\"ImageObject\",\"inLanguage\":\"fr-BE\",\"@id\":\"https:\\\/\\\/lecompagnonrouge.fr\\\/wp-content\\\/uploads\\\/2022\\\/03\\\/identit.jpg\",\"url\":\"https:\\\/\\\/lecompagnonrouge.fr\\\/wp-content\\\/uploads\\\/2022\\\/03\\\/identit.jpg\",\"contentUrl\":\"https:\\\/\\\/lecompagnonrouge.fr\\\/wp-content\\\/uploads\\\/2022\\\/03\\\/identit.jpg\",\"width\":425,\"height\":545,\"caption\":\"R1\"},\"logo\":{\"@id\":\"https:\\\/\\\/lecompagnonrouge.fr\\\/wp-content\\\/uploads\\\/2022\\\/03\\\/identit.jpg\"},\"sameAs\":[\"http:\\\/\\\/lecompagnonrouge.fr\"],\"url\":\"https:\\\/\\\/lecompagnonrouge.fr\\\/?author=1\"}]}<\/script>\n<!-- \/ Yoast SEO plugin. -->","yoast_head_json":{"title":"Anethum graveolens subsp. graveolens. Aneth - Le Compagnon rouge","description":"Apiales>Apiaceae>Apioideae>Anethum graveolens","robots":{"index":"index","follow":"follow","max-snippet":"max-snippet:-1","max-image-preview":"max-image-preview:large","max-video-preview":"max-video-preview:-1"},"canonical":"https:\/\/lecompagnonrouge.fr\/?p=10747","og_locale":"fr_FR","og_type":"article","og_title":"Anethum graveolens subsp. graveolens. Aneth - Le Compagnon rouge","og_description":"Apiales>Apiaceae>Apioideae>Anethum graveolens","og_url":"https:\/\/lecompagnonrouge.fr\/?p=10747","og_site_name":"Le Compagnon rouge","article_published_time":"2025-08-03T12:09:31+00:00","article_modified_time":"2025-08-20T05:02:34+00:00","og_image":[{"width":850,"height":1275,"url":"https:\/\/lecompagnonrouge.fr\/wp-content\/uploads\/2025\/08\/IMG_3128.jpg","type":"image\/jpeg"}],"author":"R1","twitter_card":"summary_large_image","twitter_misc":{"\u00c9crit par":"R1","Dur\u00e9e de lecture est.":"3 minutes"},"schema":{"@context":"https:\/\/schema.org","@graph":[{"@type":"Article","@id":"https:\/\/lecompagnonrouge.fr\/?p=10747#article","isPartOf":{"@id":"https:\/\/lecompagnonrouge.fr\/?p=10747"},"author":{"name":"R1","@id":"https:\/\/lecompagnonrouge.fr\/#\/schema\/person\/0025018a342b92eacca6f1e4c968a154"},"headline":"Anethum graveolens subsp. graveolens. Aneth","datePublished":"2025-08-03T12:09:31+00:00","dateModified":"2025-08-20T05:02:34+00:00","mainEntityOfPage":{"@id":"https:\/\/lecompagnonrouge.fr\/?p=10747"},"wordCount":468,"publisher":{"@id":"https:\/\/lecompagnonrouge.fr\/#\/schema\/person\/0025018a342b92eacca6f1e4c968a154"},"image":{"@id":"https:\/\/lecompagnonrouge.fr\/?p=10747#primaryimage"},"thumbnailUrl":"https:\/\/lecompagnonrouge.fr\/wp-content\/uploads\/2025\/08\/IMG_3128.jpg","keywords":["Aneth"],"articleSection":["Anethum graveolens","Apiaceae","Apioideae"],"inLanguage":"fr-BE"},{"@type":"WebPage","@id":"https:\/\/lecompagnonrouge.fr\/?p=10747","url":"https:\/\/lecompagnonrouge.fr\/?p=10747","name":"Anethum graveolens subsp. graveolens. Aneth - Le Compagnon rouge","isPartOf":{"@id":"https:\/\/lecompagnonrouge.fr\/#website"},"primaryImageOfPage":{"@id":"https:\/\/lecompagnonrouge.fr\/?p=10747#primaryimage"},"image":{"@id":"https:\/\/lecompagnonrouge.fr\/?p=10747#primaryimage"},"thumbnailUrl":"https:\/\/lecompagnonrouge.fr\/wp-content\/uploads\/2025\/08\/IMG_3128.jpg","datePublished":"2025-08-03T12:09:31+00:00","dateModified":"2025-08-20T05:02:34+00:00","description":"Apiales>Apiaceae>Apioideae>Anethum graveolens","breadcrumb":{"@id":"https:\/\/lecompagnonrouge.fr\/?p=10747#breadcrumb"},"inLanguage":"fr-BE","potentialAction":[{"@type":"ReadAction","target":["https:\/\/lecompagnonrouge.fr\/?p=10747"]}]},{"@type":"ImageObject","inLanguage":"fr-BE","@id":"https:\/\/lecompagnonrouge.fr\/?p=10747#primaryimage","url":"https:\/\/lecompagnonrouge.fr\/wp-content\/uploads\/2025\/08\/IMG_3128.jpg","contentUrl":"https:\/\/lecompagnonrouge.fr\/wp-content\/uploads\/2025\/08\/IMG_3128.jpg","width":850,"height":1275,"caption":"Anethum graveolens"},{"@type":"BreadcrumbList","@id":"https:\/\/lecompagnonrouge.fr\/?p=10747#breadcrumb","itemListElement":[{"@type":"ListItem","position":1,"name":"Accueil","item":"https:\/\/lecompagnonrouge.fr\/"},{"@type":"ListItem","position":2,"name":"Anethum graveolens subsp. graveolens. Aneth"}]},{"@type":"WebSite","@id":"https:\/\/lecompagnonrouge.fr\/#website","url":"https:\/\/lecompagnonrouge.fr\/","name":"Le Compagnon rouge","description":"M\u00e9morandum.","publisher":{"@id":"https:\/\/lecompagnonrouge.fr\/#\/schema\/person\/0025018a342b92eacca6f1e4c968a154"},"potentialAction":[{"@type":"SearchAction","target":{"@type":"EntryPoint","urlTemplate":"https:\/\/lecompagnonrouge.fr\/?s={search_term_string}"},"query-input":{"@type":"PropertyValueSpecification","valueRequired":true,"valueName":"search_term_string"}}],"inLanguage":"fr-BE"},{"@type":["Person","Organization"],"@id":"https:\/\/lecompagnonrouge.fr\/#\/schema\/person\/0025018a342b92eacca6f1e4c968a154","name":"R1","image":{"@type":"ImageObject","inLanguage":"fr-BE","@id":"https:\/\/lecompagnonrouge.fr\/wp-content\/uploads\/2022\/03\/identit.jpg","url":"https:\/\/lecompagnonrouge.fr\/wp-content\/uploads\/2022\/03\/identit.jpg","contentUrl":"https:\/\/lecompagnonrouge.fr\/wp-content\/uploads\/2022\/03\/identit.jpg","width":425,"height":545,"caption":"R1"},"logo":{"@id":"https:\/\/lecompagnonrouge.fr\/wp-content\/uploads\/2022\/03\/identit.jpg"},"sameAs":["http:\/\/lecompagnonrouge.fr"],"url":"https:\/\/lecompagnonrouge.fr\/?author=1"}]}},"_links":{"self":[{"href":"https:\/\/lecompagnonrouge.fr\/index.php?rest_route=\/wp\/v2\/posts\/10747","targetHints":{"allow":["GET"]}}],"collection":[{"href":"https:\/\/lecompagnonrouge.fr\/index.php?rest_route=\/wp\/v2\/posts"}],"about":[{"href":"https:\/\/lecompagnonrouge.fr\/index.php?rest_route=\/wp\/v2\/types\/post"}],"author":[{"embeddable":true,"href":"https:\/\/lecompagnonrouge.fr\/index.php?rest_route=\/wp\/v2\/users\/1"}],"replies":[{"embeddable":true,"href":"https:\/\/lecompagnonrouge.fr\/index.php?rest_route=%2Fwp%2Fv2%2Fcomments&post=10747"}],"version-history":[{"count":5,"href":"https:\/\/lecompagnonrouge.fr\/index.php?rest_route=\/wp\/v2\/posts\/10747\/revisions"}],"predecessor-version":[{"id":10780,"href":"https:\/\/lecompagnonrouge.fr\/index.php?rest_route=\/wp\/v2\/posts\/10747\/revisions\/10780"}],"wp:featuredmedia":[{"embeddable":true,"href":"https:\/\/lecompagnonrouge.fr\/index.php?rest_route=\/wp\/v2\/media\/10749"}],"wp:attachment":[{"href":"https:\/\/lecompagnonrouge.fr\/index.php?rest_route=%2Fwp%2Fv2%2Fmedia&parent=10747"}],"wp:term":[{"taxonomy":"category","embeddable":true,"href":"https:\/\/lecompagnonrouge.fr\/index.php?rest_route=%2Fwp%2Fv2%2Fcategories&post=10747"},{"taxonomy":"post_tag","embeddable":true,"href":"https:\/\/lecompagnonrouge.fr\/index.php?rest_route=%2Fwp%2Fv2%2Ftags&post=10747"}],"curies":[{"name":"wp","href":"https:\/\/api.w.org\/{rel}","templated":true}]}}