{"id":10682,"date":"2025-07-27T19:10:32","date_gmt":"2025-07-27T17:10:32","guid":{"rendered":"https:\/\/lecompagnonrouge.fr\/?p=10682"},"modified":"2025-08-04T17:29:14","modified_gmt":"2025-08-04T15:29:14","slug":"mentha-suaveolens-subsp-suaveolens-menthe-a-feuilles-rondes","status":"publish","type":"post","link":"https:\/\/lecompagnonrouge.fr\/?p=10682","title":{"rendered":"Mentha suaveolens subsp. suaveolens. Menthe \u00e0 feuilles rondes."},"content":{"rendered":"\n<p class=\"has-medium-font-size\">Mentha suaveolens pr\u00e9sente une inflorescence en \u00e9pi.<\/p>\n\n\n\n<p class=\"has-medium-font-size\">Toutes ses feuilles sont identiques: un peu ovales mais presque rondes. Les feuilles ne se terminent pas de mani\u00e8re aigue. <\/p>\n\n\n\n<figure class=\"wp-block-image size-full\"><img loading=\"lazy\" decoding=\"async\" width=\"850\" height=\"706\" src=\"https:\/\/lecompagnonrouge.fr\/wp-content\/uploads\/2025\/07\/IMG_3125.jpg\" alt=\"\" class=\"wp-image-10684\" srcset=\"https:\/\/lecompagnonrouge.fr\/wp-content\/uploads\/2025\/07\/IMG_3125.jpg 850w, https:\/\/lecompagnonrouge.fr\/wp-content\/uploads\/2025\/07\/IMG_3125-300x249.jpg 300w, https:\/\/lecompagnonrouge.fr\/wp-content\/uploads\/2025\/07\/IMG_3125-768x638.jpg 768w\" sizes=\"auto, (max-width: 850px) 100vw, 850px\" \/><\/figure>\n\n\n\n<p><\/p>\n\n\n\n<p><\/p>\n\n\n\n<p class=\"has-medium-font-size\">Pour \u00eatre vraiment certain de son identification il faut constater que les poils ramifi\u00e9s sont plus nombreux que les poils simples \u00e0 la face inf\u00e9rieure des feuilles. Cependant les feuilles m\u00e9dianes de Mentha spicata sont plus allong\u00e9es, plus ovales.<\/p>\n\n\n<div class=\"wp-block-image\">\n<figure class=\"aligncenter size-full\"><img loading=\"lazy\" decoding=\"async\" width=\"804\" height=\"600\" src=\"https:\/\/lecompagnonrouge.fr\/wp-content\/uploads\/2025\/07\/bIMG_3125.jpg\" alt=\"\" class=\"wp-image-10685\" srcset=\"https:\/\/lecompagnonrouge.fr\/wp-content\/uploads\/2025\/07\/bIMG_3125.jpg 804w, https:\/\/lecompagnonrouge.fr\/wp-content\/uploads\/2025\/07\/bIMG_3125-300x224.jpg 300w, https:\/\/lecompagnonrouge.fr\/wp-content\/uploads\/2025\/07\/bIMG_3125-768x573.jpg 768w\" sizes=\"auto, (max-width: 804px) 100vw, 804px\" \/><\/figure>\n<\/div>\n\n\n<p><\/p>\n\n\n\n<p><\/p>\n\n\n\n<p class=\"has-medium-font-size\">La sous esp\u00e8ce autonyme n&rsquo;est pas p\u00e9tiol\u00e9e, a des feuilles plus rondes, jamais apicul\u00e9e. Ce qui la diff\u00e9rencie de la sous esp\u00e8ce insularis (habitante de Corse).<\/p>\n\n\n\n<h2 class=\"wp-block-heading has-medium-font-size\"><strong>Origine, Taxonomie.<\/strong><\/h2>\n\n\n\n<p class=\"has-medium-font-size\">Plante m\u00e9diterran\u00e9enne et Atlantique.<\/p>\n\n\n\n<p class=\"has-small-font-size\"><a href=\"https:\/\/lecompagnonrouge.fr\/?s=lamiales\">Lamiales<\/a>&gt;<a href=\"https:\/\/lecompagnonrouge.fr\/?s=lamiaceae\">Lamiaceae<\/a>&gt;<a href=\"https:\/\/lecompagnonrouge.fr\/?s=mentha\">Mentha<\/a>&nbsp;suaveolens subsp. suaveolens<\/p>\n\n\n\n<h2 class=\"wp-block-heading has-medium-font-size\"><strong>Ecologie<\/strong><\/h2>\n\n\n\n<p class=\"has-medium-font-size\">Plantes de prairies, foss\u00e9s, d\u00e9combres et friches m\u00e9sohygrophiles \u00e0 hygrophiles.<\/p>\n\n\n\n<p class=\"has-medium-font-size\">Prairies hygrophiles p\u00e2tur\u00e9es, thermophiles, basophiles, glycophiles \u00e0 subhalophiles. <a href=\"https:\/\/lecompagnonrouge.fr\/?page_id=3348#Scirpoido-holoschoeni-Juncion-inflexi\">Scirpoido holoschoeni &#8211; Juncion inflexi<\/a> de Foucault in de Foucault &amp; Catteau 2012<\/p>\n\n\n\n<p class=\"has-medium-font-size\">Prairies hygrophiles subtropicales du <a href=\"https:\/\/lecompagnonrouge.fr\/?page_id=3348#Paspalo-distichi-Polypogonion-viridis\">Paspalo distichi &#8211; Polypogonion viridis<\/a> Braun-Blanquet 1951<\/p>\n\n\n\n<p><\/p>\n\n\n\n<h2 class=\"wp-block-heading has-medium-font-size\"><strong>Economie:<\/strong><\/h2>\n\n\n\n<p class=\"has-medium-font-size\">Importante plante aromatique<\/p>\n\n\n\n<figure class=\"wp-block-image size-full\"><img loading=\"lazy\" decoding=\"async\" width=\"850\" height=\"567\" src=\"https:\/\/lecompagnonrouge.fr\/wp-content\/uploads\/2025\/07\/IMG_3121.jpg\" alt=\"\" class=\"wp-image-10686\" srcset=\"https:\/\/lecompagnonrouge.fr\/wp-content\/uploads\/2025\/07\/IMG_3121.jpg 850w, https:\/\/lecompagnonrouge.fr\/wp-content\/uploads\/2025\/07\/IMG_3121-300x200.jpg 300w, https:\/\/lecompagnonrouge.fr\/wp-content\/uploads\/2025\/07\/IMG_3121-768x512.jpg 768w\" sizes=\"auto, (max-width: 850px) 100vw, 850px\" \/><\/figure>\n\n\n\n<p><\/p>\n\n\n\n<p>Photos: parc de l&rsquo;\u00cele Saint-Denis. La g\u00e9ologie de ce parc (selon les couches harmonis\u00e9es du site BRGM infoterre) pr\u00e9sente du sable de Beauchamps et du sable du val d&rsquo;Oise (ou d&rsquo;Auvers), coup\u00e9e d&rsquo;une large langue de calcaire de Saint-Ouen. Les reliefs de ce parc ont \u00e9t\u00e9 obtenus par des remblais de l&rsquo;A86. Compte tenu de la topographie g\u00e9n\u00e9rale de l&rsquo;\u00eele, l\u00e0 o\u00f9 se trouve cette menthe &#8230; Ce n&rsquo;est sans doute pas massivement concern\u00e9 par ces remblais. En bas d&rsquo;une pente sans doute un peu artificielle. Et donc si pr\u00e9sence de remblais, il s&rsquo;agit de ce qui a pu glisser.<\/p>\n","protected":false},"excerpt":{"rendered":"<p>Mentha suaveolens pr\u00e9sente une inflorescence en \u00e9pi. Toutes ses feuilles sont identiques: un peu ovales mais presque rondes. Les feuilles ne se terminent pas de mani\u00e8re aigue. Pour \u00eatre vraiment certain de son identification il faut constater que les poils ramifi\u00e9s sont plus nombreux que les poils simples \u00e0 la face inf\u00e9rieure des feuilles. Cependant&#8230;<\/p>\n","protected":false},"author":1,"featured_media":10683,"comment_status":"closed","ping_status":"open","sticky":false,"template":"","format":"standard","meta":{"footnotes":""},"categories":[25,1223],"tags":[1222],"class_list":["post-10682","post","type-post","status-publish","format-standard","has-post-thumbnail","hentry","category-lamiaceae","category-mentha-suaveolens-subsp-suaveolens","tag-menthe-a-feuilles-rondes"],"yoast_head":"<!-- This site is optimized with the Yoast SEO plugin v27.4 - https:\/\/yoast.com\/product\/yoast-seo-wordpress\/ -->\n<title>Mentha suaveolens subsp. suaveolens. Menthe \u00e0 feuilles rondes. - Le Compagnon rouge<\/title>\n<meta name=\"description\" content=\"Lamiales, Lamiaceae, Mentha suaveolens\" \/>\n<meta name=\"robots\" content=\"index, follow, max-snippet:-1, max-image-preview:large, max-video-preview:-1\" \/>\n<link rel=\"canonical\" href=\"https:\/\/lecompagnonrouge.fr\/?p=10682\" \/>\n<meta property=\"og:locale\" content=\"fr_FR\" \/>\n<meta property=\"og:type\" content=\"article\" \/>\n<meta property=\"og:title\" content=\"Mentha suaveolens subsp. suaveolens. Menthe \u00e0 feuilles rondes. - Le Compagnon rouge\" \/>\n<meta property=\"og:description\" content=\"Lamiales, Lamiaceae, Mentha suaveolens\" \/>\n<meta property=\"og:url\" content=\"https:\/\/lecompagnonrouge.fr\/?p=10682\" \/>\n<meta property=\"og:site_name\" content=\"Le Compagnon rouge\" \/>\n<meta property=\"article:published_time\" content=\"2025-07-27T17:10:32+00:00\" \/>\n<meta property=\"article:modified_time\" content=\"2025-08-04T15:29:14+00:00\" \/>\n<meta property=\"og:image\" content=\"https:\/\/lecompagnonrouge.fr\/wp-content\/uploads\/2025\/07\/IMG_3123.jpg\" \/>\n\t<meta property=\"og:image:width\" content=\"850\" \/>\n\t<meta property=\"og:image:height\" content=\"719\" \/>\n\t<meta property=\"og:image:type\" content=\"image\/jpeg\" \/>\n<meta name=\"author\" content=\"R1\" \/>\n<meta name=\"twitter:card\" content=\"summary_large_image\" \/>\n<meta name=\"twitter:label1\" content=\"\u00c9crit par\" \/>\n\t<meta name=\"twitter:data1\" content=\"R1\" \/>\n\t<meta name=\"twitter:label2\" content=\"Dur\u00e9e de lecture est.\" \/>\n\t<meta name=\"twitter:data2\" content=\"3 minutes\" \/>\n<script type=\"application\/ld+json\" class=\"yoast-schema-graph\">{\"@context\":\"https:\\\/\\\/schema.org\",\"@graph\":[{\"@type\":\"Article\",\"@id\":\"https:\\\/\\\/lecompagnonrouge.fr\\\/?p=10682#article\",\"isPartOf\":{\"@id\":\"https:\\\/\\\/lecompagnonrouge.fr\\\/?p=10682\"},\"author\":{\"name\":\"R1\",\"@id\":\"https:\\\/\\\/lecompagnonrouge.fr\\\/#\\\/schema\\\/person\\\/0025018a342b92eacca6f1e4c968a154\"},\"headline\":\"Mentha suaveolens subsp. suaveolens. Menthe \u00e0 feuilles rondes.\",\"datePublished\":\"2025-07-27T17:10:32+00:00\",\"dateModified\":\"2025-08-04T15:29:14+00:00\",\"mainEntityOfPage\":{\"@id\":\"https:\\\/\\\/lecompagnonrouge.fr\\\/?p=10682\"},\"wordCount\":291,\"publisher\":{\"@id\":\"https:\\\/\\\/lecompagnonrouge.fr\\\/#\\\/schema\\\/person\\\/0025018a342b92eacca6f1e4c968a154\"},\"image\":{\"@id\":\"https:\\\/\\\/lecompagnonrouge.fr\\\/?p=10682#primaryimage\"},\"thumbnailUrl\":\"https:\\\/\\\/lecompagnonrouge.fr\\\/wp-content\\\/uploads\\\/2025\\\/07\\\/IMG_3123.jpg\",\"keywords\":[\"Menthe \u00e0 feuilles rondes\"],\"articleSection\":[\"Lamiaceae\",\"Mentha suaveolens subsp. suaveolens\"],\"inLanguage\":\"fr-BE\"},{\"@type\":\"WebPage\",\"@id\":\"https:\\\/\\\/lecompagnonrouge.fr\\\/?p=10682\",\"url\":\"https:\\\/\\\/lecompagnonrouge.fr\\\/?p=10682\",\"name\":\"Mentha suaveolens subsp. suaveolens. Menthe \u00e0 feuilles rondes. - Le Compagnon rouge\",\"isPartOf\":{\"@id\":\"https:\\\/\\\/lecompagnonrouge.fr\\\/#website\"},\"primaryImageOfPage\":{\"@id\":\"https:\\\/\\\/lecompagnonrouge.fr\\\/?p=10682#primaryimage\"},\"image\":{\"@id\":\"https:\\\/\\\/lecompagnonrouge.fr\\\/?p=10682#primaryimage\"},\"thumbnailUrl\":\"https:\\\/\\\/lecompagnonrouge.fr\\\/wp-content\\\/uploads\\\/2025\\\/07\\\/IMG_3123.jpg\",\"datePublished\":\"2025-07-27T17:10:32+00:00\",\"dateModified\":\"2025-08-04T15:29:14+00:00\",\"description\":\"Lamiales, Lamiaceae, Mentha suaveolens\",\"breadcrumb\":{\"@id\":\"https:\\\/\\\/lecompagnonrouge.fr\\\/?p=10682#breadcrumb\"},\"inLanguage\":\"fr-BE\",\"potentialAction\":[{\"@type\":\"ReadAction\",\"target\":[\"https:\\\/\\\/lecompagnonrouge.fr\\\/?p=10682\"]}]},{\"@type\":\"ImageObject\",\"inLanguage\":\"fr-BE\",\"@id\":\"https:\\\/\\\/lecompagnonrouge.fr\\\/?p=10682#primaryimage\",\"url\":\"https:\\\/\\\/lecompagnonrouge.fr\\\/wp-content\\\/uploads\\\/2025\\\/07\\\/IMG_3123.jpg\",\"contentUrl\":\"https:\\\/\\\/lecompagnonrouge.fr\\\/wp-content\\\/uploads\\\/2025\\\/07\\\/IMG_3123.jpg\",\"width\":850,\"height\":719,\"caption\":\"Mentha suaveolens\"},{\"@type\":\"BreadcrumbList\",\"@id\":\"https:\\\/\\\/lecompagnonrouge.fr\\\/?p=10682#breadcrumb\",\"itemListElement\":[{\"@type\":\"ListItem\",\"position\":1,\"name\":\"Accueil\",\"item\":\"https:\\\/\\\/lecompagnonrouge.fr\\\/\"},{\"@type\":\"ListItem\",\"position\":2,\"name\":\"Mentha suaveolens subsp. suaveolens. Menthe \u00e0 feuilles rondes.\"}]},{\"@type\":\"WebSite\",\"@id\":\"https:\\\/\\\/lecompagnonrouge.fr\\\/#website\",\"url\":\"https:\\\/\\\/lecompagnonrouge.fr\\\/\",\"name\":\"Le Compagnon rouge\",\"description\":\"M\u00e9morandum.\",\"publisher\":{\"@id\":\"https:\\\/\\\/lecompagnonrouge.fr\\\/#\\\/schema\\\/person\\\/0025018a342b92eacca6f1e4c968a154\"},\"potentialAction\":[{\"@type\":\"SearchAction\",\"target\":{\"@type\":\"EntryPoint\",\"urlTemplate\":\"https:\\\/\\\/lecompagnonrouge.fr\\\/?s={search_term_string}\"},\"query-input\":{\"@type\":\"PropertyValueSpecification\",\"valueRequired\":true,\"valueName\":\"search_term_string\"}}],\"inLanguage\":\"fr-BE\"},{\"@type\":[\"Person\",\"Organization\"],\"@id\":\"https:\\\/\\\/lecompagnonrouge.fr\\\/#\\\/schema\\\/person\\\/0025018a342b92eacca6f1e4c968a154\",\"name\":\"R1\",\"image\":{\"@type\":\"ImageObject\",\"inLanguage\":\"fr-BE\",\"@id\":\"https:\\\/\\\/lecompagnonrouge.fr\\\/wp-content\\\/uploads\\\/2022\\\/03\\\/identit.jpg\",\"url\":\"https:\\\/\\\/lecompagnonrouge.fr\\\/wp-content\\\/uploads\\\/2022\\\/03\\\/identit.jpg\",\"contentUrl\":\"https:\\\/\\\/lecompagnonrouge.fr\\\/wp-content\\\/uploads\\\/2022\\\/03\\\/identit.jpg\",\"width\":425,\"height\":545,\"caption\":\"R1\"},\"logo\":{\"@id\":\"https:\\\/\\\/lecompagnonrouge.fr\\\/wp-content\\\/uploads\\\/2022\\\/03\\\/identit.jpg\"},\"sameAs\":[\"http:\\\/\\\/lecompagnonrouge.fr\"],\"url\":\"https:\\\/\\\/lecompagnonrouge.fr\\\/?author=1\"}]}<\/script>\n<!-- \/ Yoast SEO plugin. -->","yoast_head_json":{"title":"Mentha suaveolens subsp. suaveolens. Menthe \u00e0 feuilles rondes. - Le Compagnon rouge","description":"Lamiales, Lamiaceae, Mentha suaveolens","robots":{"index":"index","follow":"follow","max-snippet":"max-snippet:-1","max-image-preview":"max-image-preview:large","max-video-preview":"max-video-preview:-1"},"canonical":"https:\/\/lecompagnonrouge.fr\/?p=10682","og_locale":"fr_FR","og_type":"article","og_title":"Mentha suaveolens subsp. suaveolens. Menthe \u00e0 feuilles rondes. - Le Compagnon rouge","og_description":"Lamiales, Lamiaceae, Mentha suaveolens","og_url":"https:\/\/lecompagnonrouge.fr\/?p=10682","og_site_name":"Le Compagnon rouge","article_published_time":"2025-07-27T17:10:32+00:00","article_modified_time":"2025-08-04T15:29:14+00:00","og_image":[{"width":850,"height":719,"url":"https:\/\/lecompagnonrouge.fr\/wp-content\/uploads\/2025\/07\/IMG_3123.jpg","type":"image\/jpeg"}],"author":"R1","twitter_card":"summary_large_image","twitter_misc":{"\u00c9crit par":"R1","Dur\u00e9e de lecture est.":"3 minutes"},"schema":{"@context":"https:\/\/schema.org","@graph":[{"@type":"Article","@id":"https:\/\/lecompagnonrouge.fr\/?p=10682#article","isPartOf":{"@id":"https:\/\/lecompagnonrouge.fr\/?p=10682"},"author":{"name":"R1","@id":"https:\/\/lecompagnonrouge.fr\/#\/schema\/person\/0025018a342b92eacca6f1e4c968a154"},"headline":"Mentha suaveolens subsp. suaveolens. Menthe \u00e0 feuilles rondes.","datePublished":"2025-07-27T17:10:32+00:00","dateModified":"2025-08-04T15:29:14+00:00","mainEntityOfPage":{"@id":"https:\/\/lecompagnonrouge.fr\/?p=10682"},"wordCount":291,"publisher":{"@id":"https:\/\/lecompagnonrouge.fr\/#\/schema\/person\/0025018a342b92eacca6f1e4c968a154"},"image":{"@id":"https:\/\/lecompagnonrouge.fr\/?p=10682#primaryimage"},"thumbnailUrl":"https:\/\/lecompagnonrouge.fr\/wp-content\/uploads\/2025\/07\/IMG_3123.jpg","keywords":["Menthe \u00e0 feuilles rondes"],"articleSection":["Lamiaceae","Mentha suaveolens subsp. suaveolens"],"inLanguage":"fr-BE"},{"@type":"WebPage","@id":"https:\/\/lecompagnonrouge.fr\/?p=10682","url":"https:\/\/lecompagnonrouge.fr\/?p=10682","name":"Mentha suaveolens subsp. suaveolens. Menthe \u00e0 feuilles rondes. - Le Compagnon rouge","isPartOf":{"@id":"https:\/\/lecompagnonrouge.fr\/#website"},"primaryImageOfPage":{"@id":"https:\/\/lecompagnonrouge.fr\/?p=10682#primaryimage"},"image":{"@id":"https:\/\/lecompagnonrouge.fr\/?p=10682#primaryimage"},"thumbnailUrl":"https:\/\/lecompagnonrouge.fr\/wp-content\/uploads\/2025\/07\/IMG_3123.jpg","datePublished":"2025-07-27T17:10:32+00:00","dateModified":"2025-08-04T15:29:14+00:00","description":"Lamiales, Lamiaceae, Mentha suaveolens","breadcrumb":{"@id":"https:\/\/lecompagnonrouge.fr\/?p=10682#breadcrumb"},"inLanguage":"fr-BE","potentialAction":[{"@type":"ReadAction","target":["https:\/\/lecompagnonrouge.fr\/?p=10682"]}]},{"@type":"ImageObject","inLanguage":"fr-BE","@id":"https:\/\/lecompagnonrouge.fr\/?p=10682#primaryimage","url":"https:\/\/lecompagnonrouge.fr\/wp-content\/uploads\/2025\/07\/IMG_3123.jpg","contentUrl":"https:\/\/lecompagnonrouge.fr\/wp-content\/uploads\/2025\/07\/IMG_3123.jpg","width":850,"height":719,"caption":"Mentha suaveolens"},{"@type":"BreadcrumbList","@id":"https:\/\/lecompagnonrouge.fr\/?p=10682#breadcrumb","itemListElement":[{"@type":"ListItem","position":1,"name":"Accueil","item":"https:\/\/lecompagnonrouge.fr\/"},{"@type":"ListItem","position":2,"name":"Mentha suaveolens subsp. suaveolens. Menthe \u00e0 feuilles rondes."}]},{"@type":"WebSite","@id":"https:\/\/lecompagnonrouge.fr\/#website","url":"https:\/\/lecompagnonrouge.fr\/","name":"Le Compagnon rouge","description":"M\u00e9morandum.","publisher":{"@id":"https:\/\/lecompagnonrouge.fr\/#\/schema\/person\/0025018a342b92eacca6f1e4c968a154"},"potentialAction":[{"@type":"SearchAction","target":{"@type":"EntryPoint","urlTemplate":"https:\/\/lecompagnonrouge.fr\/?s={search_term_string}"},"query-input":{"@type":"PropertyValueSpecification","valueRequired":true,"valueName":"search_term_string"}}],"inLanguage":"fr-BE"},{"@type":["Person","Organization"],"@id":"https:\/\/lecompagnonrouge.fr\/#\/schema\/person\/0025018a342b92eacca6f1e4c968a154","name":"R1","image":{"@type":"ImageObject","inLanguage":"fr-BE","@id":"https:\/\/lecompagnonrouge.fr\/wp-content\/uploads\/2022\/03\/identit.jpg","url":"https:\/\/lecompagnonrouge.fr\/wp-content\/uploads\/2022\/03\/identit.jpg","contentUrl":"https:\/\/lecompagnonrouge.fr\/wp-content\/uploads\/2022\/03\/identit.jpg","width":425,"height":545,"caption":"R1"},"logo":{"@id":"https:\/\/lecompagnonrouge.fr\/wp-content\/uploads\/2022\/03\/identit.jpg"},"sameAs":["http:\/\/lecompagnonrouge.fr"],"url":"https:\/\/lecompagnonrouge.fr\/?author=1"}]}},"_links":{"self":[{"href":"https:\/\/lecompagnonrouge.fr\/index.php?rest_route=\/wp\/v2\/posts\/10682","targetHints":{"allow":["GET"]}}],"collection":[{"href":"https:\/\/lecompagnonrouge.fr\/index.php?rest_route=\/wp\/v2\/posts"}],"about":[{"href":"https:\/\/lecompagnonrouge.fr\/index.php?rest_route=\/wp\/v2\/types\/post"}],"author":[{"embeddable":true,"href":"https:\/\/lecompagnonrouge.fr\/index.php?rest_route=\/wp\/v2\/users\/1"}],"replies":[{"embeddable":true,"href":"https:\/\/lecompagnonrouge.fr\/index.php?rest_route=%2Fwp%2Fv2%2Fcomments&post=10682"}],"version-history":[{"count":9,"href":"https:\/\/lecompagnonrouge.fr\/index.php?rest_route=\/wp\/v2\/posts\/10682\/revisions"}],"predecessor-version":[{"id":10775,"href":"https:\/\/lecompagnonrouge.fr\/index.php?rest_route=\/wp\/v2\/posts\/10682\/revisions\/10775"}],"wp:featuredmedia":[{"embeddable":true,"href":"https:\/\/lecompagnonrouge.fr\/index.php?rest_route=\/wp\/v2\/media\/10683"}],"wp:attachment":[{"href":"https:\/\/lecompagnonrouge.fr\/index.php?rest_route=%2Fwp%2Fv2%2Fmedia&parent=10682"}],"wp:term":[{"taxonomy":"category","embeddable":true,"href":"https:\/\/lecompagnonrouge.fr\/index.php?rest_route=%2Fwp%2Fv2%2Fcategories&post=10682"},{"taxonomy":"post_tag","embeddable":true,"href":"https:\/\/lecompagnonrouge.fr\/index.php?rest_route=%2Fwp%2Fv2%2Ftags&post=10682"}],"curies":[{"name":"wp","href":"https:\/\/api.w.org\/{rel}","templated":true}]}}