{"id":10423,"date":"2025-07-10T21:24:44","date_gmt":"2025-07-10T19:24:44","guid":{"rendered":"https:\/\/lecompagnonrouge.fr\/?p=10423"},"modified":"2025-08-20T07:05:11","modified_gmt":"2025-08-20T05:05:11","slug":"verbascum-lychnitis-molene-lychnide","status":"publish","type":"post","link":"https:\/\/lecompagnonrouge.fr\/?p=10423","title":{"rendered":"Verbascum lychnitis. Mol\u00e8ne lychnide"},"content":{"rendered":"\n<p class=\"has-medium-font-size\">Verbascum lychnitis est remarquable \u00e0 ses p\u00e9tales cr\u00e8mes ou blancs. Et dans ce cas presque imm\u00e9diatement identifiable:  Mais \u00e0 fleurs jaunes dans certaines r\u00e9gion, et sauf mutations blanches sur d&rsquo;autres esp\u00e8ces.<\/p>\n\n\n\n<p class=\"has-medium-font-size\">Elle poss\u00e8de des feuilles tomenteuses dessous, glabres dessus. Blanch\u00e2tres dessous, vertes dessus.<\/p>\n\n\n<div class=\"wp-block-image\">\n<figure class=\"aligncenter size-full\"><img loading=\"lazy\" decoding=\"async\" width=\"850\" height=\"551\" src=\"https:\/\/lecompagnonrouge.fr\/wp-content\/uploads\/2025\/07\/IMG_3039.jpg\" alt=\"\" class=\"wp-image-10426\" srcset=\"https:\/\/lecompagnonrouge.fr\/wp-content\/uploads\/2025\/07\/IMG_3039.jpg 850w, https:\/\/lecompagnonrouge.fr\/wp-content\/uploads\/2025\/07\/IMG_3039-300x194.jpg 300w, https:\/\/lecompagnonrouge.fr\/wp-content\/uploads\/2025\/07\/IMG_3039-768x498.jpg 768w\" sizes=\"auto, (max-width: 850px) 100vw, 850px\" \/><\/figure>\n<\/div>\n\n\n<p><\/p>\n\n\n\n<p><\/p>\n\n\n\n<p class=\"has-medium-font-size\">Les stigmates sont capit\u00e9s, en forme de petites boules.<\/p>\n\n\n<div class=\"wp-block-image\">\n<figure class=\"aligncenter size-full\"><img loading=\"lazy\" decoding=\"async\" width=\"376\" height=\"316\" src=\"https:\/\/lecompagnonrouge.fr\/wp-content\/uploads\/2025\/07\/IMG_3034.jpg\" alt=\"\" class=\"wp-image-10425\" srcset=\"https:\/\/lecompagnonrouge.fr\/wp-content\/uploads\/2025\/07\/IMG_3034.jpg 376w, https:\/\/lecompagnonrouge.fr\/wp-content\/uploads\/2025\/07\/IMG_3034-300x252.jpg 300w\" sizes=\"auto, (max-width: 376px) 100vw, 376px\" \/><\/figure>\n<\/div>\n\n\n<p><\/p>\n\n\n\n<p class=\"has-medium-font-size\">En principe plus branchue. L&rsquo;exemplaire pr\u00e9sent\u00e9 pr\u00e9sente une tige particuli\u00e8rement stri\u00e9e.<\/p>\n\n\n\n<p class=\"has-small-font-size\"><a href=\"https:\/\/lecompagnonrouge.fr\/?s=lamiales\">Lamiales<\/a>&gt;<a href=\"https:\/\/lecompagnonrouge.fr\/?s=Scrophulariaceae\">Scrophulariaceae<\/a>&gt;<a href=\"https:\/\/lecompagnonrouge.fr\/?s=Verbascum\">Verbascum<\/a>&nbsp;lychnitis<\/p>\n\n\n\n<p class=\"has-medium-font-size\">PROTECTION, SIGNALEMENT<\/p>\n\n\n\n<p class=\"has-medium-font-size\"><mark style=\"background-color:rgba(0, 0, 0, 0)\" class=\"has-inline-color has-vivid-red-color\">Quasi menac\u00e9e en Basse Normandie &#8211;crit\u00e8re pr. D2 , ainsi qu&rsquo;en Haute Normandie &#8212; crit\u00e8re pr. A2C <\/mark>.<\/p>\n\n\n\n<p class=\"has-medium-font-size\">Noter que j&rsquo;ai crois\u00e9 <a href=\"https:\/\/lecompagnonrouge.fr\/?p=7013\">Verbascum x incanum<\/a> en Manche.<\/p>\n\n\n\n<p class=\"has-medium-font-size\">D\u00e9terminante <mark style=\"background-color:rgba(0, 0, 0, 0)\" class=\"has-inline-color has-luminous-vivid-orange-color\"><a href=\"https:\/\/lecompagnonrouge.fr\/?page_id=8669#znieff\">Znieff<\/a> en Bretagne<\/mark>.<\/p>\n\n\n\n<p class=\"has-medium-font-size\">HABITAT<\/p>\n\n\n\n<p class=\"has-medium-font-size\">Plantes de <a href=\"https:\/\/lecompagnonrouge.fr\/?page_id=8669#pelouse\">pelouses<\/a> et d&rsquo;<a href=\"https:\/\/lecompagnonrouge.fr\/?page_id=8669#ourlet\">ourlets<\/a> thermophiles rocailleux, <a href=\"https:\/\/lecompagnonrouge.fr\/?page_id=8669#friche\">friches<\/a><\/p>\n\n\n\n<p class=\"has-medium-font-size\">Friches vivaces m\u00e9sox\u00e9rophiles, m\u00e9dio-europ\u00e9ennes. Onopordetalia acanthii subsp. acanthii Braun-Blanquet &amp; T\u00fcxen 1943 em. G\u00f6rs 1966<\/p>\n\n\n\n<p><\/p>\n\n\n\n<p>Photo: Sites des Combes, 23100 Felletin. PNRM (Parc naturel r\u00e9gional de Millevaches). 2 mol\u00e8nes lychnides sur mon chemin ce jour l\u00e0 (friche ou ourlet, le point en haut; friche ferroviaire le point en bas):<\/p>\n\n\n\n<figure class=\"wp-block-image size-large\"><img loading=\"lazy\" decoding=\"async\" width=\"1024\" height=\"705\" src=\"https:\/\/lecompagnonrouge.fr\/wp-content\/uploads\/2025\/07\/verbascumlychnitis202523-1024x705.jpeg\" alt=\"\" class=\"wp-image-10487\" srcset=\"https:\/\/lecompagnonrouge.fr\/wp-content\/uploads\/2025\/07\/verbascumlychnitis202523-1024x705.jpeg 1024w, https:\/\/lecompagnonrouge.fr\/wp-content\/uploads\/2025\/07\/verbascumlychnitis202523-300x206.jpeg 300w, https:\/\/lecompagnonrouge.fr\/wp-content\/uploads\/2025\/07\/verbascumlychnitis202523-768x528.jpeg 768w, https:\/\/lecompagnonrouge.fr\/wp-content\/uploads\/2025\/07\/verbascumlychnitis202523-850x585.jpeg 850w, https:\/\/lecompagnonrouge.fr\/wp-content\/uploads\/2025\/07\/verbascumlychnitis202523.jpeg 1135w\" sizes=\"auto, (max-width: 1024px) 100vw, 1024px\" \/><\/figure>\n\n\n\n<figure class=\"wp-block-image size-full\"><img loading=\"lazy\" decoding=\"async\" width=\"850\" height=\"567\" src=\"https:\/\/lecompagnonrouge.fr\/wp-content\/uploads\/2025\/07\/IMG_3033.jpg\" alt=\"\" class=\"wp-image-10427\" srcset=\"https:\/\/lecompagnonrouge.fr\/wp-content\/uploads\/2025\/07\/IMG_3033.jpg 850w, https:\/\/lecompagnonrouge.fr\/wp-content\/uploads\/2025\/07\/IMG_3033-300x200.jpg 300w, https:\/\/lecompagnonrouge.fr\/wp-content\/uploads\/2025\/07\/IMG_3033-768x512.jpg 768w\" sizes=\"auto, (max-width: 850px) 100vw, 850px\" \/><\/figure>\n","protected":false},"excerpt":{"rendered":"<p>Verbascum lychnitis est remarquable \u00e0 ses p\u00e9tales cr\u00e8mes ou blancs. Et dans ce cas presque imm\u00e9diatement identifiable: Mais \u00e0 fleurs jaunes dans certaines r\u00e9gion, et sauf mutations blanches sur d&rsquo;autres esp\u00e8ces. Elle poss\u00e8de des feuilles tomenteuses dessous, glabres dessus. Blanch\u00e2tres dessous, vertes dessus. Les stigmates sont capit\u00e9s, en forme de petites boules. En principe plus&#8230;<\/p>\n","protected":false},"author":1,"featured_media":10424,"comment_status":"closed","ping_status":"open","sticky":false,"template":"","format":"standard","meta":{"footnotes":""},"categories":[482,1209],"tags":[1208],"class_list":["post-10423","post","type-post","status-publish","format-standard","has-post-thumbnail","hentry","category-scrophulariaceae","category-verbascum-lychnitis","tag-molene-lychnide"],"yoast_head":"<!-- This site is optimized with the Yoast SEO plugin v27.4 - https:\/\/yoast.com\/product\/yoast-seo-wordpress\/ -->\n<title>Verbascum lychnitis. Mol\u00e8ne lychnide - Le Compagnon rouge<\/title>\n<meta name=\"description\" content=\"Lamiales&gt;Scrophulariaceae&gt;Verbascum lychnitis\" \/>\n<meta name=\"robots\" content=\"index, follow, max-snippet:-1, max-image-preview:large, max-video-preview:-1\" \/>\n<link rel=\"canonical\" href=\"https:\/\/lecompagnonrouge.fr\/?p=10423\" \/>\n<meta property=\"og:locale\" content=\"fr_FR\" \/>\n<meta property=\"og:type\" content=\"article\" \/>\n<meta property=\"og:title\" content=\"Verbascum lychnitis. Mol\u00e8ne lychnide - Le Compagnon rouge\" \/>\n<meta property=\"og:description\" content=\"Lamiales&gt;Scrophulariaceae&gt;Verbascum lychnitis\" \/>\n<meta property=\"og:url\" content=\"https:\/\/lecompagnonrouge.fr\/?p=10423\" \/>\n<meta property=\"og:site_name\" content=\"Le Compagnon rouge\" \/>\n<meta property=\"article:published_time\" content=\"2025-07-10T19:24:44+00:00\" \/>\n<meta property=\"article:modified_time\" content=\"2025-08-20T05:05:11+00:00\" \/>\n<meta property=\"og:image\" content=\"https:\/\/lecompagnonrouge.fr\/wp-content\/uploads\/2025\/07\/IMG_3031.jpg\" \/>\n\t<meta property=\"og:image:width\" content=\"850\" \/>\n\t<meta property=\"og:image:height\" content=\"1275\" \/>\n\t<meta property=\"og:image:type\" content=\"image\/jpeg\" \/>\n<meta name=\"author\" content=\"R1\" \/>\n<meta name=\"twitter:card\" content=\"summary_large_image\" \/>\n<meta name=\"twitter:label1\" content=\"\u00c9crit par\" \/>\n\t<meta name=\"twitter:data1\" content=\"R1\" \/>\n\t<meta name=\"twitter:label2\" content=\"Dur\u00e9e de lecture est.\" \/>\n\t<meta name=\"twitter:data2\" content=\"2 minutes\" \/>\n<script type=\"application\/ld+json\" class=\"yoast-schema-graph\">{\"@context\":\"https:\\\/\\\/schema.org\",\"@graph\":[{\"@type\":\"Article\",\"@id\":\"https:\\\/\\\/lecompagnonrouge.fr\\\/?p=10423#article\",\"isPartOf\":{\"@id\":\"https:\\\/\\\/lecompagnonrouge.fr\\\/?p=10423\"},\"author\":{\"name\":\"R1\",\"@id\":\"https:\\\/\\\/lecompagnonrouge.fr\\\/#\\\/schema\\\/person\\\/0025018a342b92eacca6f1e4c968a154\"},\"headline\":\"Verbascum lychnitis. Mol\u00e8ne lychnide\",\"datePublished\":\"2025-07-10T19:24:44+00:00\",\"dateModified\":\"2025-08-20T05:05:11+00:00\",\"mainEntityOfPage\":{\"@id\":\"https:\\\/\\\/lecompagnonrouge.fr\\\/?p=10423\"},\"wordCount\":188,\"publisher\":{\"@id\":\"https:\\\/\\\/lecompagnonrouge.fr\\\/#\\\/schema\\\/person\\\/0025018a342b92eacca6f1e4c968a154\"},\"image\":{\"@id\":\"https:\\\/\\\/lecompagnonrouge.fr\\\/?p=10423#primaryimage\"},\"thumbnailUrl\":\"https:\\\/\\\/lecompagnonrouge.fr\\\/wp-content\\\/uploads\\\/2025\\\/07\\\/IMG_3031.jpg\",\"keywords\":[\"Mol\u00e8ne lychnide\"],\"articleSection\":[\"Scrophulariaceae\",\"Verbascum lychnitis\"],\"inLanguage\":\"fr-BE\"},{\"@type\":\"WebPage\",\"@id\":\"https:\\\/\\\/lecompagnonrouge.fr\\\/?p=10423\",\"url\":\"https:\\\/\\\/lecompagnonrouge.fr\\\/?p=10423\",\"name\":\"Verbascum lychnitis. Mol\u00e8ne lychnide - Le Compagnon rouge\",\"isPartOf\":{\"@id\":\"https:\\\/\\\/lecompagnonrouge.fr\\\/#website\"},\"primaryImageOfPage\":{\"@id\":\"https:\\\/\\\/lecompagnonrouge.fr\\\/?p=10423#primaryimage\"},\"image\":{\"@id\":\"https:\\\/\\\/lecompagnonrouge.fr\\\/?p=10423#primaryimage\"},\"thumbnailUrl\":\"https:\\\/\\\/lecompagnonrouge.fr\\\/wp-content\\\/uploads\\\/2025\\\/07\\\/IMG_3031.jpg\",\"datePublished\":\"2025-07-10T19:24:44+00:00\",\"dateModified\":\"2025-08-20T05:05:11+00:00\",\"description\":\"Lamiales>Scrophulariaceae>Verbascum lychnitis\",\"breadcrumb\":{\"@id\":\"https:\\\/\\\/lecompagnonrouge.fr\\\/?p=10423#breadcrumb\"},\"inLanguage\":\"fr-BE\",\"potentialAction\":[{\"@type\":\"ReadAction\",\"target\":[\"https:\\\/\\\/lecompagnonrouge.fr\\\/?p=10423\"]}]},{\"@type\":\"ImageObject\",\"inLanguage\":\"fr-BE\",\"@id\":\"https:\\\/\\\/lecompagnonrouge.fr\\\/?p=10423#primaryimage\",\"url\":\"https:\\\/\\\/lecompagnonrouge.fr\\\/wp-content\\\/uploads\\\/2025\\\/07\\\/IMG_3031.jpg\",\"contentUrl\":\"https:\\\/\\\/lecompagnonrouge.fr\\\/wp-content\\\/uploads\\\/2025\\\/07\\\/IMG_3031.jpg\",\"width\":850,\"height\":1275,\"caption\":\"Verbascum lycnitis\"},{\"@type\":\"BreadcrumbList\",\"@id\":\"https:\\\/\\\/lecompagnonrouge.fr\\\/?p=10423#breadcrumb\",\"itemListElement\":[{\"@type\":\"ListItem\",\"position\":1,\"name\":\"Accueil\",\"item\":\"https:\\\/\\\/lecompagnonrouge.fr\\\/\"},{\"@type\":\"ListItem\",\"position\":2,\"name\":\"Verbascum lychnitis. Mol\u00e8ne lychnide\"}]},{\"@type\":\"WebSite\",\"@id\":\"https:\\\/\\\/lecompagnonrouge.fr\\\/#website\",\"url\":\"https:\\\/\\\/lecompagnonrouge.fr\\\/\",\"name\":\"Le Compagnon rouge\",\"description\":\"M\u00e9morandum.\",\"publisher\":{\"@id\":\"https:\\\/\\\/lecompagnonrouge.fr\\\/#\\\/schema\\\/person\\\/0025018a342b92eacca6f1e4c968a154\"},\"potentialAction\":[{\"@type\":\"SearchAction\",\"target\":{\"@type\":\"EntryPoint\",\"urlTemplate\":\"https:\\\/\\\/lecompagnonrouge.fr\\\/?s={search_term_string}\"},\"query-input\":{\"@type\":\"PropertyValueSpecification\",\"valueRequired\":true,\"valueName\":\"search_term_string\"}}],\"inLanguage\":\"fr-BE\"},{\"@type\":[\"Person\",\"Organization\"],\"@id\":\"https:\\\/\\\/lecompagnonrouge.fr\\\/#\\\/schema\\\/person\\\/0025018a342b92eacca6f1e4c968a154\",\"name\":\"R1\",\"image\":{\"@type\":\"ImageObject\",\"inLanguage\":\"fr-BE\",\"@id\":\"https:\\\/\\\/lecompagnonrouge.fr\\\/wp-content\\\/uploads\\\/2022\\\/03\\\/identit.jpg\",\"url\":\"https:\\\/\\\/lecompagnonrouge.fr\\\/wp-content\\\/uploads\\\/2022\\\/03\\\/identit.jpg\",\"contentUrl\":\"https:\\\/\\\/lecompagnonrouge.fr\\\/wp-content\\\/uploads\\\/2022\\\/03\\\/identit.jpg\",\"width\":425,\"height\":545,\"caption\":\"R1\"},\"logo\":{\"@id\":\"https:\\\/\\\/lecompagnonrouge.fr\\\/wp-content\\\/uploads\\\/2022\\\/03\\\/identit.jpg\"},\"sameAs\":[\"http:\\\/\\\/lecompagnonrouge.fr\"],\"url\":\"https:\\\/\\\/lecompagnonrouge.fr\\\/?author=1\"}]}<\/script>\n<!-- \/ Yoast SEO plugin. -->","yoast_head_json":{"title":"Verbascum lychnitis. Mol\u00e8ne lychnide - Le Compagnon rouge","description":"Lamiales>Scrophulariaceae>Verbascum lychnitis","robots":{"index":"index","follow":"follow","max-snippet":"max-snippet:-1","max-image-preview":"max-image-preview:large","max-video-preview":"max-video-preview:-1"},"canonical":"https:\/\/lecompagnonrouge.fr\/?p=10423","og_locale":"fr_FR","og_type":"article","og_title":"Verbascum lychnitis. Mol\u00e8ne lychnide - Le Compagnon rouge","og_description":"Lamiales>Scrophulariaceae>Verbascum lychnitis","og_url":"https:\/\/lecompagnonrouge.fr\/?p=10423","og_site_name":"Le Compagnon rouge","article_published_time":"2025-07-10T19:24:44+00:00","article_modified_time":"2025-08-20T05:05:11+00:00","og_image":[{"width":850,"height":1275,"url":"https:\/\/lecompagnonrouge.fr\/wp-content\/uploads\/2025\/07\/IMG_3031.jpg","type":"image\/jpeg"}],"author":"R1","twitter_card":"summary_large_image","twitter_misc":{"\u00c9crit par":"R1","Dur\u00e9e de lecture est.":"2 minutes"},"schema":{"@context":"https:\/\/schema.org","@graph":[{"@type":"Article","@id":"https:\/\/lecompagnonrouge.fr\/?p=10423#article","isPartOf":{"@id":"https:\/\/lecompagnonrouge.fr\/?p=10423"},"author":{"name":"R1","@id":"https:\/\/lecompagnonrouge.fr\/#\/schema\/person\/0025018a342b92eacca6f1e4c968a154"},"headline":"Verbascum lychnitis. Mol\u00e8ne lychnide","datePublished":"2025-07-10T19:24:44+00:00","dateModified":"2025-08-20T05:05:11+00:00","mainEntityOfPage":{"@id":"https:\/\/lecompagnonrouge.fr\/?p=10423"},"wordCount":188,"publisher":{"@id":"https:\/\/lecompagnonrouge.fr\/#\/schema\/person\/0025018a342b92eacca6f1e4c968a154"},"image":{"@id":"https:\/\/lecompagnonrouge.fr\/?p=10423#primaryimage"},"thumbnailUrl":"https:\/\/lecompagnonrouge.fr\/wp-content\/uploads\/2025\/07\/IMG_3031.jpg","keywords":["Mol\u00e8ne lychnide"],"articleSection":["Scrophulariaceae","Verbascum lychnitis"],"inLanguage":"fr-BE"},{"@type":"WebPage","@id":"https:\/\/lecompagnonrouge.fr\/?p=10423","url":"https:\/\/lecompagnonrouge.fr\/?p=10423","name":"Verbascum lychnitis. Mol\u00e8ne lychnide - Le Compagnon rouge","isPartOf":{"@id":"https:\/\/lecompagnonrouge.fr\/#website"},"primaryImageOfPage":{"@id":"https:\/\/lecompagnonrouge.fr\/?p=10423#primaryimage"},"image":{"@id":"https:\/\/lecompagnonrouge.fr\/?p=10423#primaryimage"},"thumbnailUrl":"https:\/\/lecompagnonrouge.fr\/wp-content\/uploads\/2025\/07\/IMG_3031.jpg","datePublished":"2025-07-10T19:24:44+00:00","dateModified":"2025-08-20T05:05:11+00:00","description":"Lamiales>Scrophulariaceae>Verbascum lychnitis","breadcrumb":{"@id":"https:\/\/lecompagnonrouge.fr\/?p=10423#breadcrumb"},"inLanguage":"fr-BE","potentialAction":[{"@type":"ReadAction","target":["https:\/\/lecompagnonrouge.fr\/?p=10423"]}]},{"@type":"ImageObject","inLanguage":"fr-BE","@id":"https:\/\/lecompagnonrouge.fr\/?p=10423#primaryimage","url":"https:\/\/lecompagnonrouge.fr\/wp-content\/uploads\/2025\/07\/IMG_3031.jpg","contentUrl":"https:\/\/lecompagnonrouge.fr\/wp-content\/uploads\/2025\/07\/IMG_3031.jpg","width":850,"height":1275,"caption":"Verbascum lycnitis"},{"@type":"BreadcrumbList","@id":"https:\/\/lecompagnonrouge.fr\/?p=10423#breadcrumb","itemListElement":[{"@type":"ListItem","position":1,"name":"Accueil","item":"https:\/\/lecompagnonrouge.fr\/"},{"@type":"ListItem","position":2,"name":"Verbascum lychnitis. Mol\u00e8ne lychnide"}]},{"@type":"WebSite","@id":"https:\/\/lecompagnonrouge.fr\/#website","url":"https:\/\/lecompagnonrouge.fr\/","name":"Le Compagnon rouge","description":"M\u00e9morandum.","publisher":{"@id":"https:\/\/lecompagnonrouge.fr\/#\/schema\/person\/0025018a342b92eacca6f1e4c968a154"},"potentialAction":[{"@type":"SearchAction","target":{"@type":"EntryPoint","urlTemplate":"https:\/\/lecompagnonrouge.fr\/?s={search_term_string}"},"query-input":{"@type":"PropertyValueSpecification","valueRequired":true,"valueName":"search_term_string"}}],"inLanguage":"fr-BE"},{"@type":["Person","Organization"],"@id":"https:\/\/lecompagnonrouge.fr\/#\/schema\/person\/0025018a342b92eacca6f1e4c968a154","name":"R1","image":{"@type":"ImageObject","inLanguage":"fr-BE","@id":"https:\/\/lecompagnonrouge.fr\/wp-content\/uploads\/2022\/03\/identit.jpg","url":"https:\/\/lecompagnonrouge.fr\/wp-content\/uploads\/2022\/03\/identit.jpg","contentUrl":"https:\/\/lecompagnonrouge.fr\/wp-content\/uploads\/2022\/03\/identit.jpg","width":425,"height":545,"caption":"R1"},"logo":{"@id":"https:\/\/lecompagnonrouge.fr\/wp-content\/uploads\/2022\/03\/identit.jpg"},"sameAs":["http:\/\/lecompagnonrouge.fr"],"url":"https:\/\/lecompagnonrouge.fr\/?author=1"}]}},"_links":{"self":[{"href":"https:\/\/lecompagnonrouge.fr\/index.php?rest_route=\/wp\/v2\/posts\/10423","targetHints":{"allow":["GET"]}}],"collection":[{"href":"https:\/\/lecompagnonrouge.fr\/index.php?rest_route=\/wp\/v2\/posts"}],"about":[{"href":"https:\/\/lecompagnonrouge.fr\/index.php?rest_route=\/wp\/v2\/types\/post"}],"author":[{"embeddable":true,"href":"https:\/\/lecompagnonrouge.fr\/index.php?rest_route=\/wp\/v2\/users\/1"}],"replies":[{"embeddable":true,"href":"https:\/\/lecompagnonrouge.fr\/index.php?rest_route=%2Fwp%2Fv2%2Fcomments&post=10423"}],"version-history":[{"count":6,"href":"https:\/\/lecompagnonrouge.fr\/index.php?rest_route=\/wp\/v2\/posts\/10423\/revisions"}],"predecessor-version":[{"id":10529,"href":"https:\/\/lecompagnonrouge.fr\/index.php?rest_route=\/wp\/v2\/posts\/10423\/revisions\/10529"}],"wp:featuredmedia":[{"embeddable":true,"href":"https:\/\/lecompagnonrouge.fr\/index.php?rest_route=\/wp\/v2\/media\/10424"}],"wp:attachment":[{"href":"https:\/\/lecompagnonrouge.fr\/index.php?rest_route=%2Fwp%2Fv2%2Fmedia&parent=10423"}],"wp:term":[{"taxonomy":"category","embeddable":true,"href":"https:\/\/lecompagnonrouge.fr\/index.php?rest_route=%2Fwp%2Fv2%2Fcategories&post=10423"},{"taxonomy":"post_tag","embeddable":true,"href":"https:\/\/lecompagnonrouge.fr\/index.php?rest_route=%2Fwp%2Fv2%2Ftags&post=10423"}],"curies":[{"name":"wp","href":"https:\/\/api.w.org\/{rel}","templated":true}]}}