{"id":10363,"date":"2025-07-03T19:01:30","date_gmt":"2025-07-03T17:01:30","guid":{"rendered":"https:\/\/lecompagnonrouge.fr\/?p=10363"},"modified":"2025-07-23T20:20:06","modified_gmt":"2025-07-23T18:20:06","slug":"genista-sagittalis-genet-aile","status":"publish","type":"post","link":"https:\/\/lecompagnonrouge.fr\/?p=10363","title":{"rendered":"Genista sagittalis. Gen\u00eat ail\u00e9"},"content":{"rendered":"\n<p class=\"has-medium-font-size\">Genista sagittalis, le gen\u00eat sagitt\u00e9, est une plante rampante dont les rameaux se redressent ensuite. Il se remarque d&rsquo;abord de loin \u00e0 ses fleurs jaunes, mais surtout (de plus pr\u00e8s) \u00e0 ses rameaux fortement ail\u00e9s, ailes interrompues aux n\u0153uds. Plus fortement ail\u00e9 que chez Genista delphinensis.<\/p>\n\n\n\n<p><\/p>\n\n\n\n<p class=\"has-medium-font-size\">Genista sagittalis pr\u00e9sente en outre des jeunes rameaux et des jeunes feuilles dont les poils sont h\u00e9riss\u00e9s (alors que G. delphinensis pr\u00e9sente des jeunes rameaux et jeunes feuilles \u00e0 poils couch\u00e9s).<\/p>\n\n\n\n<figure class=\"wp-block-image size-full\"><img loading=\"lazy\" decoding=\"async\" width=\"850\" height=\"827\" src=\"https:\/\/lecompagnonrouge.fr\/wp-content\/uploads\/2025\/07\/aIMG_2971.jpg\" alt=\"\" class=\"wp-image-10365\" srcset=\"https:\/\/lecompagnonrouge.fr\/wp-content\/uploads\/2025\/07\/aIMG_2971.jpg 850w, https:\/\/lecompagnonrouge.fr\/wp-content\/uploads\/2025\/07\/aIMG_2971-300x292.jpg 300w, https:\/\/lecompagnonrouge.fr\/wp-content\/uploads\/2025\/07\/aIMG_2971-768x747.jpg 768w\" sizes=\"auto, (max-width: 850px) 100vw, 850px\" \/><\/figure>\n\n\n\n<figure class=\"wp-block-image size-full\"><img loading=\"lazy\" decoding=\"async\" width=\"850\" height=\"636\" src=\"https:\/\/lecompagnonrouge.fr\/wp-content\/uploads\/2025\/07\/bIMG_2971.jpg\" alt=\"\" class=\"wp-image-10366\" srcset=\"https:\/\/lecompagnonrouge.fr\/wp-content\/uploads\/2025\/07\/bIMG_2971.jpg 850w, https:\/\/lecompagnonrouge.fr\/wp-content\/uploads\/2025\/07\/bIMG_2971-300x224.jpg 300w, https:\/\/lecompagnonrouge.fr\/wp-content\/uploads\/2025\/07\/bIMG_2971-768x575.jpg 768w\" sizes=\"auto, (max-width: 850px) 100vw, 850px\" \/><\/figure>\n\n\n\n<p><\/p>\n\n\n\n<p class=\"has-medium-font-size\">Les rameaux deviennent cependant glabres avec le temps.<\/p>\n\n\n\n<figure class=\"wp-block-image size-full\"><img loading=\"lazy\" decoding=\"async\" width=\"850\" height=\"569\" src=\"https:\/\/lecompagnonrouge.fr\/wp-content\/uploads\/2025\/07\/IMG_2974.jpg\" alt=\"\" class=\"wp-image-10367\" srcset=\"https:\/\/lecompagnonrouge.fr\/wp-content\/uploads\/2025\/07\/IMG_2974.jpg 850w, https:\/\/lecompagnonrouge.fr\/wp-content\/uploads\/2025\/07\/IMG_2974-300x201.jpg 300w, https:\/\/lecompagnonrouge.fr\/wp-content\/uploads\/2025\/07\/IMG_2974-768x514.jpg 768w\" sizes=\"auto, (max-width: 850px) 100vw, 850px\" \/><\/figure>\n\n\n\n<p class=\"has-medium-font-size\"><strong>Origine, Position taxonomique<\/strong><\/p>\n\n\n\n<p class=\"has-medium-font-size\">Plante m\u00e9diterran\u00e9enne et atlantique.<\/p>\n\n\n\n<p class=\"has-small-font-size\"><a href=\"https:\/\/lecompagnonrouge.fr\/?s=fabales\">Fabales<\/a>&gt;<a href=\"https:\/\/lecompagnonrouge.fr\/?s=fabaceae\">Fabaceae<\/a>&gt; <a href=\"https:\/\/lecompagnonrouge.fr\/?s=genista\">Genista<\/a> sagittalis<\/p>\n\n\n\n<p class=\"has-medium-font-size\"><strong>Ecologie<\/strong><\/p>\n\n\n\n<p class=\"has-medium-font-size\">PROTECTION, SIGNALEMENT<\/p>\n\n\n\n<p class=\"has-medium-font-size\"><mark style=\"background-color:rgba(0, 0, 0, 0)\" class=\"has-inline-color has-vivid-red-color\">Esp\u00e8ce r\u00e9glement\u00e9e en Basse-Normandie.<\/mark><\/p>\n\n\n\n<p class=\"has-medium-font-size\"><mark style=\"background-color:rgba(0, 0, 0, 0)\" class=\"has-inline-color has-vivid-red-color\">En danger dans les Pays de la Loire<\/mark> (crit\u00e8re D), <\/p>\n\n\n\n<p class=\"has-medium-font-size\"><mark style=\"background-color:rgba(0, 0, 0, 0)\" class=\"has-inline-color has-vivid-red-color\">Vuln\u00e9rable en Haute-Normandie <\/mark><mark style=\"background-color:rgba(0, 0, 0, 0)\" class=\"has-inline-color has-black-color\">(crit\u00e8res D1; D2) <\/mark><mark style=\"background-color:rgba(0, 0, 0, 0)\" class=\"has-inline-color has-vivid-red-color\">, en \u00cele-de-France<\/mark> (crit\u00e8re D2), <\/p>\n\n\n\n<p class=\"has-medium-font-size\">Quasi menac\u00e9e en <mark style=\"background-color:rgba(0, 0, 0, 0)\" class=\"has-inline-color has-vivid-red-color\">Champagne-Ardennes <\/mark><mark style=\"background-color:rgba(0, 0, 0, 0)\" class=\"has-inline-color has-black-color\">&#8212; crit\u00e8res: pr. B2b(iii)<\/mark><mark style=\"background-color:rgba(0, 0, 0, 0)\" class=\"has-inline-color has-vivid-red-color\">, en Poitou-Charrente <\/mark><mark style=\"background-color:rgba(0, 0, 0, 0)\" class=\"has-inline-color has-black-color\">&#8211;crit\u00e8res: pr. B2b(i,ii,iii,iv,v)<\/mark><mark style=\"background-color:rgba(0, 0, 0, 0)\" class=\"has-inline-color has-vivid-red-color\">, en Basse-Normandie<\/mark> &#8211;crit\u00e8res: pr.B2b(i,ii,iii)<\/p>\n\n\n\n<p class=\"has-medium-font-size\">D\u00e9terminante<mark style=\"background-color:rgba(0, 0, 0, 0)\" class=\"has-inline-color has-luminous-vivid-orange-color\"> <a href=\"https:\/\/lecompagnonrouge.fr\/?page_id=8669#znieff\">Znieff<\/a> en \u00cele-de France, en Haute-Normandie, en Centre Val-de-Loire, en Hauts-de-France, en Haute-Loire, en Poitou-Charentes, en Limousin, en Nouvelle Aquitaine.<\/mark><\/p>\n\n\n\n<p><\/p>\n\n\n\n<p class=\"has-medium-font-size\">HABITAT<\/p>\n\n\n\n<p class=\"has-medium-font-size\">Plantes de pelouses, landes acidiclines, sols d\u00e9calcifi\u00e9s. M\u00e9sox\u00e9rophile \u00e0 x\u00e9rophile, oligotrophile. Et peut-\u00eatre un trait thermophile.<\/p>\n\n\n\n<p class=\"has-medium-font-size\">Pelouses acidoclines, planitiaires \u00e0 montagnardes. Violion caninae Schwickerath (1941) 1944<\/p>\n\n\n\n<p class=\"has-medium-font-size\">Pelouses acidoclines ou d\u00e9calcifi\u00e9es (p\u00e2tures pauvres) du Koelerio-phleion phleoidis (une association du centre de la France)<\/p>\n\n\n\n<p><\/p>\n\n\n\n<p>Foto ci Paccu PNRM (parc de Millevaches)<\/p>\n\n\n\n<p>Ici, la plante se trouve vers le sommet d&rsquo;un talus routier (peu \u00e9lev\u00e9). Dans la r\u00e9gion, les talus sont souvent quand ils sont un peu anciens en tous cas, constitu\u00e9 d&rsquo;un <a href=\"https:\/\/lecompagnonrouge.fr\/?page_id=8669#murs\">mur<\/a> de sout\u00e8nement. Lequel se recouvre (ou est recouvert?). Ce gen\u00eat est ici notablement en pr\u00e9sence d&rsquo;une Jasione. Vu un peu plus loin jusque sur les bermes. <\/p>\n\n\n\n<p>Quelques m\u00e8tres plus loin, avant le virage (ou apr\u00e8s selon la direction souhait\u00e9e), pr\u00e9sence de plus de boisements et les ourlets du Conopodio majoris \u2013 Teucrion scorodoniae notamment apparaissent sur les talus.<\/p>\n","protected":false},"excerpt":{"rendered":"<p>Genista sagittalis, le gen\u00eat sagitt\u00e9, est une plante rampante dont les rameaux se redressent ensuite. Il se remarque d&rsquo;abord de loin \u00e0 ses fleurs jaunes, mais surtout (de plus pr\u00e8s) \u00e0 ses rameaux fortement ail\u00e9s, ailes interrompues aux n\u0153uds. Plus fortement ail\u00e9 que chez Genista delphinensis. Genista sagittalis pr\u00e9sente en outre des jeunes rameaux et&#8230;<\/p>\n","protected":false},"author":1,"featured_media":10364,"comment_status":"closed","ping_status":"open","sticky":false,"template":"","format":"standard","meta":{"footnotes":""},"categories":[109,1201],"tags":[1199,1200],"class_list":["post-10363","post","type-post","status-publish","format-standard","has-post-thumbnail","hentry","category-fabaceae","category-genista-sagittalis","tag-genet-aile","tag-genet-sagitte"],"yoast_head":"<!-- This site is optimized with the Yoast SEO plugin v27.4 - https:\/\/yoast.com\/product\/yoast-seo-wordpress\/ -->\n<title>Genista sagittalis. Gen\u00eat ail\u00e9 - Le Compagnon rouge<\/title>\n<meta name=\"description\" content=\"Fabales, Fabaceae, Genista sagittalis\" \/>\n<meta name=\"robots\" content=\"index, follow, max-snippet:-1, max-image-preview:large, max-video-preview:-1\" \/>\n<link rel=\"canonical\" href=\"https:\/\/lecompagnonrouge.fr\/?p=10363\" \/>\n<meta property=\"og:locale\" content=\"fr_FR\" \/>\n<meta property=\"og:type\" content=\"article\" \/>\n<meta property=\"og:title\" content=\"Genista sagittalis. Gen\u00eat ail\u00e9 - Le Compagnon rouge\" \/>\n<meta property=\"og:description\" content=\"Fabales, Fabaceae, Genista sagittalis\" \/>\n<meta property=\"og:url\" content=\"https:\/\/lecompagnonrouge.fr\/?p=10363\" \/>\n<meta property=\"og:site_name\" content=\"Le Compagnon rouge\" \/>\n<meta property=\"article:published_time\" content=\"2025-07-03T17:01:30+00:00\" \/>\n<meta property=\"article:modified_time\" content=\"2025-07-23T18:20:06+00:00\" \/>\n<meta property=\"og:image\" content=\"https:\/\/lecompagnonrouge.fr\/wp-content\/uploads\/2025\/07\/IMG_2971.jpg\" \/>\n\t<meta property=\"og:image:width\" content=\"850\" \/>\n\t<meta property=\"og:image:height\" content=\"632\" \/>\n\t<meta property=\"og:image:type\" content=\"image\/jpeg\" \/>\n<meta name=\"author\" content=\"R1\" \/>\n<meta name=\"twitter:card\" content=\"summary_large_image\" \/>\n<meta name=\"twitter:label1\" content=\"\u00c9crit par\" \/>\n\t<meta name=\"twitter:data1\" content=\"R1\" \/>\n\t<meta name=\"twitter:label2\" content=\"Dur\u00e9e de lecture est.\" \/>\n\t<meta name=\"twitter:data2\" content=\"3 minutes\" \/>\n<script type=\"application\/ld+json\" class=\"yoast-schema-graph\">{\"@context\":\"https:\\\/\\\/schema.org\",\"@graph\":[{\"@type\":\"Article\",\"@id\":\"https:\\\/\\\/lecompagnonrouge.fr\\\/?p=10363#article\",\"isPartOf\":{\"@id\":\"https:\\\/\\\/lecompagnonrouge.fr\\\/?p=10363\"},\"author\":{\"name\":\"R1\",\"@id\":\"https:\\\/\\\/lecompagnonrouge.fr\\\/#\\\/schema\\\/person\\\/0025018a342b92eacca6f1e4c968a154\"},\"headline\":\"Genista sagittalis. Gen\u00eat ail\u00e9\",\"datePublished\":\"2025-07-03T17:01:30+00:00\",\"dateModified\":\"2025-07-23T18:20:06+00:00\",\"mainEntityOfPage\":{\"@id\":\"https:\\\/\\\/lecompagnonrouge.fr\\\/?p=10363\"},\"wordCount\":357,\"publisher\":{\"@id\":\"https:\\\/\\\/lecompagnonrouge.fr\\\/#\\\/schema\\\/person\\\/0025018a342b92eacca6f1e4c968a154\"},\"image\":{\"@id\":\"https:\\\/\\\/lecompagnonrouge.fr\\\/?p=10363#primaryimage\"},\"thumbnailUrl\":\"https:\\\/\\\/lecompagnonrouge.fr\\\/wp-content\\\/uploads\\\/2025\\\/07\\\/IMG_2971.jpg\",\"keywords\":[\"Gen\u00eat ail\u00e9\",\"Gen\u00eat sagitt\u00e9\"],\"articleSection\":[\"Fabaceae\",\"Genista sagittalis\"],\"inLanguage\":\"fr-BE\"},{\"@type\":\"WebPage\",\"@id\":\"https:\\\/\\\/lecompagnonrouge.fr\\\/?p=10363\",\"url\":\"https:\\\/\\\/lecompagnonrouge.fr\\\/?p=10363\",\"name\":\"Genista sagittalis. Gen\u00eat ail\u00e9 - Le Compagnon rouge\",\"isPartOf\":{\"@id\":\"https:\\\/\\\/lecompagnonrouge.fr\\\/#website\"},\"primaryImageOfPage\":{\"@id\":\"https:\\\/\\\/lecompagnonrouge.fr\\\/?p=10363#primaryimage\"},\"image\":{\"@id\":\"https:\\\/\\\/lecompagnonrouge.fr\\\/?p=10363#primaryimage\"},\"thumbnailUrl\":\"https:\\\/\\\/lecompagnonrouge.fr\\\/wp-content\\\/uploads\\\/2025\\\/07\\\/IMG_2971.jpg\",\"datePublished\":\"2025-07-03T17:01:30+00:00\",\"dateModified\":\"2025-07-23T18:20:06+00:00\",\"description\":\"Fabales, Fabaceae, Genista sagittalis\",\"breadcrumb\":{\"@id\":\"https:\\\/\\\/lecompagnonrouge.fr\\\/?p=10363#breadcrumb\"},\"inLanguage\":\"fr-BE\",\"potentialAction\":[{\"@type\":\"ReadAction\",\"target\":[\"https:\\\/\\\/lecompagnonrouge.fr\\\/?p=10363\"]}]},{\"@type\":\"ImageObject\",\"inLanguage\":\"fr-BE\",\"@id\":\"https:\\\/\\\/lecompagnonrouge.fr\\\/?p=10363#primaryimage\",\"url\":\"https:\\\/\\\/lecompagnonrouge.fr\\\/wp-content\\\/uploads\\\/2025\\\/07\\\/IMG_2971.jpg\",\"contentUrl\":\"https:\\\/\\\/lecompagnonrouge.fr\\\/wp-content\\\/uploads\\\/2025\\\/07\\\/IMG_2971.jpg\",\"width\":850,\"height\":632,\"caption\":\"Genista sagittalis\"},{\"@type\":\"BreadcrumbList\",\"@id\":\"https:\\\/\\\/lecompagnonrouge.fr\\\/?p=10363#breadcrumb\",\"itemListElement\":[{\"@type\":\"ListItem\",\"position\":1,\"name\":\"Accueil\",\"item\":\"https:\\\/\\\/lecompagnonrouge.fr\\\/\"},{\"@type\":\"ListItem\",\"position\":2,\"name\":\"Genista sagittalis. Gen\u00eat ail\u00e9\"}]},{\"@type\":\"WebSite\",\"@id\":\"https:\\\/\\\/lecompagnonrouge.fr\\\/#website\",\"url\":\"https:\\\/\\\/lecompagnonrouge.fr\\\/\",\"name\":\"Le Compagnon rouge\",\"description\":\"M\u00e9morandum.\",\"publisher\":{\"@id\":\"https:\\\/\\\/lecompagnonrouge.fr\\\/#\\\/schema\\\/person\\\/0025018a342b92eacca6f1e4c968a154\"},\"potentialAction\":[{\"@type\":\"SearchAction\",\"target\":{\"@type\":\"EntryPoint\",\"urlTemplate\":\"https:\\\/\\\/lecompagnonrouge.fr\\\/?s={search_term_string}\"},\"query-input\":{\"@type\":\"PropertyValueSpecification\",\"valueRequired\":true,\"valueName\":\"search_term_string\"}}],\"inLanguage\":\"fr-BE\"},{\"@type\":[\"Person\",\"Organization\"],\"@id\":\"https:\\\/\\\/lecompagnonrouge.fr\\\/#\\\/schema\\\/person\\\/0025018a342b92eacca6f1e4c968a154\",\"name\":\"R1\",\"image\":{\"@type\":\"ImageObject\",\"inLanguage\":\"fr-BE\",\"@id\":\"https:\\\/\\\/lecompagnonrouge.fr\\\/wp-content\\\/uploads\\\/2022\\\/03\\\/identit.jpg\",\"url\":\"https:\\\/\\\/lecompagnonrouge.fr\\\/wp-content\\\/uploads\\\/2022\\\/03\\\/identit.jpg\",\"contentUrl\":\"https:\\\/\\\/lecompagnonrouge.fr\\\/wp-content\\\/uploads\\\/2022\\\/03\\\/identit.jpg\",\"width\":425,\"height\":545,\"caption\":\"R1\"},\"logo\":{\"@id\":\"https:\\\/\\\/lecompagnonrouge.fr\\\/wp-content\\\/uploads\\\/2022\\\/03\\\/identit.jpg\"},\"sameAs\":[\"http:\\\/\\\/lecompagnonrouge.fr\"],\"url\":\"https:\\\/\\\/lecompagnonrouge.fr\\\/?author=1\"}]}<\/script>\n<!-- \/ Yoast SEO plugin. -->","yoast_head_json":{"title":"Genista sagittalis. Gen\u00eat ail\u00e9 - Le Compagnon rouge","description":"Fabales, Fabaceae, Genista sagittalis","robots":{"index":"index","follow":"follow","max-snippet":"max-snippet:-1","max-image-preview":"max-image-preview:large","max-video-preview":"max-video-preview:-1"},"canonical":"https:\/\/lecompagnonrouge.fr\/?p=10363","og_locale":"fr_FR","og_type":"article","og_title":"Genista sagittalis. Gen\u00eat ail\u00e9 - Le Compagnon rouge","og_description":"Fabales, Fabaceae, Genista sagittalis","og_url":"https:\/\/lecompagnonrouge.fr\/?p=10363","og_site_name":"Le Compagnon rouge","article_published_time":"2025-07-03T17:01:30+00:00","article_modified_time":"2025-07-23T18:20:06+00:00","og_image":[{"width":850,"height":632,"url":"https:\/\/lecompagnonrouge.fr\/wp-content\/uploads\/2025\/07\/IMG_2971.jpg","type":"image\/jpeg"}],"author":"R1","twitter_card":"summary_large_image","twitter_misc":{"\u00c9crit par":"R1","Dur\u00e9e de lecture est.":"3 minutes"},"schema":{"@context":"https:\/\/schema.org","@graph":[{"@type":"Article","@id":"https:\/\/lecompagnonrouge.fr\/?p=10363#article","isPartOf":{"@id":"https:\/\/lecompagnonrouge.fr\/?p=10363"},"author":{"name":"R1","@id":"https:\/\/lecompagnonrouge.fr\/#\/schema\/person\/0025018a342b92eacca6f1e4c968a154"},"headline":"Genista sagittalis. Gen\u00eat ail\u00e9","datePublished":"2025-07-03T17:01:30+00:00","dateModified":"2025-07-23T18:20:06+00:00","mainEntityOfPage":{"@id":"https:\/\/lecompagnonrouge.fr\/?p=10363"},"wordCount":357,"publisher":{"@id":"https:\/\/lecompagnonrouge.fr\/#\/schema\/person\/0025018a342b92eacca6f1e4c968a154"},"image":{"@id":"https:\/\/lecompagnonrouge.fr\/?p=10363#primaryimage"},"thumbnailUrl":"https:\/\/lecompagnonrouge.fr\/wp-content\/uploads\/2025\/07\/IMG_2971.jpg","keywords":["Gen\u00eat ail\u00e9","Gen\u00eat sagitt\u00e9"],"articleSection":["Fabaceae","Genista sagittalis"],"inLanguage":"fr-BE"},{"@type":"WebPage","@id":"https:\/\/lecompagnonrouge.fr\/?p=10363","url":"https:\/\/lecompagnonrouge.fr\/?p=10363","name":"Genista sagittalis. Gen\u00eat ail\u00e9 - Le Compagnon rouge","isPartOf":{"@id":"https:\/\/lecompagnonrouge.fr\/#website"},"primaryImageOfPage":{"@id":"https:\/\/lecompagnonrouge.fr\/?p=10363#primaryimage"},"image":{"@id":"https:\/\/lecompagnonrouge.fr\/?p=10363#primaryimage"},"thumbnailUrl":"https:\/\/lecompagnonrouge.fr\/wp-content\/uploads\/2025\/07\/IMG_2971.jpg","datePublished":"2025-07-03T17:01:30+00:00","dateModified":"2025-07-23T18:20:06+00:00","description":"Fabales, Fabaceae, Genista sagittalis","breadcrumb":{"@id":"https:\/\/lecompagnonrouge.fr\/?p=10363#breadcrumb"},"inLanguage":"fr-BE","potentialAction":[{"@type":"ReadAction","target":["https:\/\/lecompagnonrouge.fr\/?p=10363"]}]},{"@type":"ImageObject","inLanguage":"fr-BE","@id":"https:\/\/lecompagnonrouge.fr\/?p=10363#primaryimage","url":"https:\/\/lecompagnonrouge.fr\/wp-content\/uploads\/2025\/07\/IMG_2971.jpg","contentUrl":"https:\/\/lecompagnonrouge.fr\/wp-content\/uploads\/2025\/07\/IMG_2971.jpg","width":850,"height":632,"caption":"Genista sagittalis"},{"@type":"BreadcrumbList","@id":"https:\/\/lecompagnonrouge.fr\/?p=10363#breadcrumb","itemListElement":[{"@type":"ListItem","position":1,"name":"Accueil","item":"https:\/\/lecompagnonrouge.fr\/"},{"@type":"ListItem","position":2,"name":"Genista sagittalis. Gen\u00eat ail\u00e9"}]},{"@type":"WebSite","@id":"https:\/\/lecompagnonrouge.fr\/#website","url":"https:\/\/lecompagnonrouge.fr\/","name":"Le Compagnon rouge","description":"M\u00e9morandum.","publisher":{"@id":"https:\/\/lecompagnonrouge.fr\/#\/schema\/person\/0025018a342b92eacca6f1e4c968a154"},"potentialAction":[{"@type":"SearchAction","target":{"@type":"EntryPoint","urlTemplate":"https:\/\/lecompagnonrouge.fr\/?s={search_term_string}"},"query-input":{"@type":"PropertyValueSpecification","valueRequired":true,"valueName":"search_term_string"}}],"inLanguage":"fr-BE"},{"@type":["Person","Organization"],"@id":"https:\/\/lecompagnonrouge.fr\/#\/schema\/person\/0025018a342b92eacca6f1e4c968a154","name":"R1","image":{"@type":"ImageObject","inLanguage":"fr-BE","@id":"https:\/\/lecompagnonrouge.fr\/wp-content\/uploads\/2022\/03\/identit.jpg","url":"https:\/\/lecompagnonrouge.fr\/wp-content\/uploads\/2022\/03\/identit.jpg","contentUrl":"https:\/\/lecompagnonrouge.fr\/wp-content\/uploads\/2022\/03\/identit.jpg","width":425,"height":545,"caption":"R1"},"logo":{"@id":"https:\/\/lecompagnonrouge.fr\/wp-content\/uploads\/2022\/03\/identit.jpg"},"sameAs":["http:\/\/lecompagnonrouge.fr"],"url":"https:\/\/lecompagnonrouge.fr\/?author=1"}]}},"_links":{"self":[{"href":"https:\/\/lecompagnonrouge.fr\/index.php?rest_route=\/wp\/v2\/posts\/10363","targetHints":{"allow":["GET"]}}],"collection":[{"href":"https:\/\/lecompagnonrouge.fr\/index.php?rest_route=\/wp\/v2\/posts"}],"about":[{"href":"https:\/\/lecompagnonrouge.fr\/index.php?rest_route=\/wp\/v2\/types\/post"}],"author":[{"embeddable":true,"href":"https:\/\/lecompagnonrouge.fr\/index.php?rest_route=\/wp\/v2\/users\/1"}],"replies":[{"embeddable":true,"href":"https:\/\/lecompagnonrouge.fr\/index.php?rest_route=%2Fwp%2Fv2%2Fcomments&post=10363"}],"version-history":[{"count":7,"href":"https:\/\/lecompagnonrouge.fr\/index.php?rest_route=\/wp\/v2\/posts\/10363\/revisions"}],"predecessor-version":[{"id":10641,"href":"https:\/\/lecompagnonrouge.fr\/index.php?rest_route=\/wp\/v2\/posts\/10363\/revisions\/10641"}],"wp:featuredmedia":[{"embeddable":true,"href":"https:\/\/lecompagnonrouge.fr\/index.php?rest_route=\/wp\/v2\/media\/10364"}],"wp:attachment":[{"href":"https:\/\/lecompagnonrouge.fr\/index.php?rest_route=%2Fwp%2Fv2%2Fmedia&parent=10363"}],"wp:term":[{"taxonomy":"category","embeddable":true,"href":"https:\/\/lecompagnonrouge.fr\/index.php?rest_route=%2Fwp%2Fv2%2Fcategories&post=10363"},{"taxonomy":"post_tag","embeddable":true,"href":"https:\/\/lecompagnonrouge.fr\/index.php?rest_route=%2Fwp%2Fv2%2Ftags&post=10363"}],"curies":[{"name":"wp","href":"https:\/\/api.w.org\/{rel}","templated":true}]}}