{"id":10080,"date":"2025-06-08T20:54:16","date_gmt":"2025-06-08T18:54:16","guid":{"rendered":"https:\/\/lecompagnonrouge.fr\/?p=10080"},"modified":"2025-06-10T17:26:05","modified_gmt":"2025-06-10T15:26:05","slug":"sanicula-europaea-sanicle-deurope","status":"publish","type":"post","link":"https:\/\/lecompagnonrouge.fr\/?p=10080","title":{"rendered":"Sanicula europaea. Sanicle d&rsquo;Europe."},"content":{"rendered":"\n<p class=\"has-medium-font-size\">Sanicula europaea se remarque facilement \u00e0 sa belle <a href=\"https:\/\/lecompagnonrouge.fr\/?page_id=8669#ombelle\">ombelle<\/a> poss\u00e9dant des rayons irr\u00e9guliers, et portant de toutes petites ombellules, presque comme des boules blanches, parfois ros\u00e9es.<\/p>\n\n\n\n<figure class=\"wp-block-image size-full\"><img loading=\"lazy\" decoding=\"async\" width=\"850\" height=\"567\" src=\"https:\/\/lecompagnonrouge.fr\/wp-content\/uploads\/2025\/06\/IMG_2724.jpg\" alt=\"Sanicula europaea: ombelle\" class=\"wp-image-10083\" srcset=\"https:\/\/lecompagnonrouge.fr\/wp-content\/uploads\/2025\/06\/IMG_2724.jpg 850w, https:\/\/lecompagnonrouge.fr\/wp-content\/uploads\/2025\/06\/IMG_2724-300x200.jpg 300w, https:\/\/lecompagnonrouge.fr\/wp-content\/uploads\/2025\/06\/IMG_2724-768x512.jpg 768w\" sizes=\"auto, (max-width: 850px) 100vw, 850px\" \/><\/figure>\n\n\n\n<p><\/p>\n\n\n\n<p class=\"has-medium-font-size\">La bract\u00e9e qui axile l&rsquo;ombelle est tr\u00e8s d\u00e9coup\u00e9e. La plante pr\u00e9sente peu de feuilles <a href=\"https:\/\/lecompagnonrouge.fr\/?page_id=8669#caulinaire\">caulinaires<\/a>:<\/p>\n\n\n\n<figure class=\"wp-block-image size-full\"><img loading=\"lazy\" decoding=\"async\" width=\"850\" height=\"567\" src=\"https:\/\/lecompagnonrouge.fr\/wp-content\/uploads\/2025\/06\/IMG_2727.jpg\" alt=\"Sanicula europaea: feuille de la tige\" class=\"wp-image-10084\" srcset=\"https:\/\/lecompagnonrouge.fr\/wp-content\/uploads\/2025\/06\/IMG_2727.jpg 850w, https:\/\/lecompagnonrouge.fr\/wp-content\/uploads\/2025\/06\/IMG_2727-300x200.jpg 300w, https:\/\/lecompagnonrouge.fr\/wp-content\/uploads\/2025\/06\/IMG_2727-768x512.jpg 768w\" sizes=\"auto, (max-width: 850px) 100vw, 850px\" \/><\/figure>\n\n\n\n<p><\/p>\n\n\n\n<p class=\"has-medium-font-size\">Ses feuilles basales sont par contre assez nombreuses, ayant une forme <a href=\"https:\/\/lecompagnonrouge.fr\/?page_id=8669#r\u00e9niforme\">r\u00e9niforme<\/a> \u00e0 pentagonale et d\u00e9coup\u00e9es en nombreux <a href=\"https:\/\/lecompagnonrouge.fr\/?page_id=8669#lobe\">lobes<\/a>. Elles sont tr\u00e8s caract\u00e9ristiques et rappellent les feuilles des renoncules.<\/p>\n\n\n\n<figure class=\"wp-block-image size-full\"><img loading=\"lazy\" decoding=\"async\" width=\"850\" height=\"567\" src=\"https:\/\/lecompagnonrouge.fr\/wp-content\/uploads\/2025\/06\/IMG_2735.jpg\" alt=\"\" class=\"wp-image-10085\" srcset=\"https:\/\/lecompagnonrouge.fr\/wp-content\/uploads\/2025\/06\/IMG_2735.jpg 850w, https:\/\/lecompagnonrouge.fr\/wp-content\/uploads\/2025\/06\/IMG_2735-300x200.jpg 300w, https:\/\/lecompagnonrouge.fr\/wp-content\/uploads\/2025\/06\/IMG_2735-768x512.jpg 768w\" sizes=\"auto, (max-width: 850px) 100vw, 850px\" \/><\/figure>\n\n\n\n<figure class=\"wp-block-image size-full\"><img loading=\"lazy\" decoding=\"async\" width=\"850\" height=\"567\" src=\"https:\/\/lecompagnonrouge.fr\/wp-content\/uploads\/2025\/06\/IMG_2729.jpg\" alt=\"Sanicula europaea: feuilles basales\" class=\"wp-image-10086\" srcset=\"https:\/\/lecompagnonrouge.fr\/wp-content\/uploads\/2025\/06\/IMG_2729.jpg 850w, https:\/\/lecompagnonrouge.fr\/wp-content\/uploads\/2025\/06\/IMG_2729-300x200.jpg 300w, https:\/\/lecompagnonrouge.fr\/wp-content\/uploads\/2025\/06\/IMG_2729-768x512.jpg 768w\" sizes=\"auto, (max-width: 850px) 100vw, 850px\" \/><\/figure>\n\n\n\n<p><\/p>\n\n\n\n<p class=\"has-medium-font-size\">Son fruit est couvert d&rsquo;aiguillons crochus.<\/p>\n\n\n\n<p class=\"has-medium-font-size\">Cette plante semble plus ou moins polymorphe, plut\u00f4t moins (notamment:  plantes de Catalogne, de Corse).<\/p>\n\n\n\n<p class=\"has-medium-font-size\"><strong>Origine et position taxonomique de la plante.<\/strong><\/p>\n\n\n\n<p class=\"has-medium-font-size\">Plante eurasiatique et d&rsquo;Afrique du nord.<\/p>\n\n\n\n<p class=\"has-small-font-size\"><a href=\"https:\/\/lecompagnonrouge.fr\/?s=Apiales\">Apiales<\/a>&gt;<a href=\"https:\/\/lecompagnonrouge.fr\/?s=Apiaceae\">Apiaceae<\/a>&gt;<a href=\"https:\/\/lecompagnonrouge.fr\/?s=saniculoideae\">Saniculoideae<\/a>&gt;<a href=\"https:\/\/lecompagnonrouge.fr\/?s=sanicula\">Sanicula<\/a> europaea<\/p>\n\n\n\n<p class=\"has-medium-font-size\"><strong>Ecologie:<\/strong><\/p>\n\n\n\n<p class=\"has-medium-font-size\"><a href=\"https:\/\/lecompagnonrouge.fr\/?page_id=8669#raunkaier\">Hemicryptophyte<\/a> de sous bois, de for\u00eats fra\u00eeches (h\u00eatraie, ch\u00eanaie-h\u00eatraie, Ch\u00eanaie, etc. Selon la latitude). Plut\u00f4t sur des sols \u00e0 mull actif. L\u00e0 o\u00f9 les photos ont \u00e9t\u00e9 prises, la plupart des sols sont nettement siliceux, et elle est r\u00e9put\u00e9e plus rare sur ces derniers types de sols. Environ 3 plantes aper\u00e7ues dans le segment de chemin parcouru (seules les tiges sont compt\u00e9es). <\/p>\n\n\n\n<p class=\"has-medium-font-size\">Sous-bois herbac\u00e9s m\u00e9dio-europ\u00e9ens, planitiaires \u00e0 montagnards (1700 m). Anemono nemorosae &#8211; Caricetea sylvaticae Gillet 1986 em. Julve 1993<\/p>\n\n\n\n<p class=\"has-medium-font-size\"><strong>Economie:<\/strong><\/p>\n\n\n\n<p class=\"has-medium-font-size\">Ancienne m\u00e9dicinale: donn\u00e9e comme ancienne astringeante et r\u00e9solutive. Sanicula proviendrait de sanare (les soins).<\/p>\n\n\n\n<p><\/p>\n\n\n\n<p>Foto ci PNRM. <\/p>\n","protected":false},"excerpt":{"rendered":"<p>Sanicula europaea se remarque facilement \u00e0 sa belle ombelle poss\u00e9dant des rayons irr\u00e9guliers, et portant de toutes petites ombellules, presque comme des boules blanches, parfois ros\u00e9es. La bract\u00e9e qui axile l&rsquo;ombelle est tr\u00e8s d\u00e9coup\u00e9e. La plante pr\u00e9sente peu de feuilles caulinaires: Ses feuilles basales sont par contre assez nombreuses, ayant une forme r\u00e9niforme \u00e0 pentagonale&#8230;<\/p>\n","protected":false},"author":1,"featured_media":10082,"comment_status":"closed","ping_status":"open","sticky":false,"template":"","format":"standard","meta":{"footnotes":""},"categories":[159,1176,1175],"tags":[1174,1173],"class_list":["post-10080","post","type-post","status-publish","format-standard","has-post-thumbnail","hentry","category-apiaceae","category-sanicula-europaea","category-saniculoideae","tag-herbe-aux-chenes","tag-sanicle-deurope"],"yoast_head":"<!-- This site is optimized with the Yoast SEO plugin v27.4 - https:\/\/yoast.com\/product\/yoast-seo-wordpress\/ -->\n<title>Sanicula europaea. Sanicle d&#039;Europe. - Le Compagnon rouge<\/title>\n<meta name=\"description\" content=\"Apiales, Apiaceae, Saniculoideae, Sanicula europaea\" \/>\n<meta name=\"robots\" content=\"index, follow, max-snippet:-1, max-image-preview:large, max-video-preview:-1\" \/>\n<link rel=\"canonical\" href=\"https:\/\/lecompagnonrouge.fr\/?p=10080\" \/>\n<meta property=\"og:locale\" content=\"fr_FR\" \/>\n<meta property=\"og:type\" content=\"article\" \/>\n<meta property=\"og:title\" content=\"Sanicula europaea. Sanicle d&#039;Europe. - Le Compagnon rouge\" \/>\n<meta property=\"og:description\" content=\"Apiales, Apiaceae, Saniculoideae, Sanicula europaea\" \/>\n<meta property=\"og:url\" content=\"https:\/\/lecompagnonrouge.fr\/?p=10080\" \/>\n<meta property=\"og:site_name\" content=\"Le Compagnon rouge\" \/>\n<meta property=\"article:published_time\" content=\"2025-06-08T18:54:16+00:00\" \/>\n<meta property=\"article:modified_time\" content=\"2025-06-10T15:26:05+00:00\" \/>\n<meta property=\"og:image\" content=\"https:\/\/lecompagnonrouge.fr\/wp-content\/uploads\/2025\/06\/IMG_2731.jpg\" \/>\n\t<meta property=\"og:image:width\" content=\"850\" \/>\n\t<meta property=\"og:image:height\" content=\"1275\" \/>\n\t<meta property=\"og:image:type\" content=\"image\/jpeg\" \/>\n<meta name=\"author\" content=\"R1\" \/>\n<meta name=\"twitter:card\" content=\"summary_large_image\" \/>\n<meta name=\"twitter:label1\" content=\"\u00c9crit par\" \/>\n\t<meta name=\"twitter:data1\" content=\"R1\" \/>\n\t<meta name=\"twitter:label2\" content=\"Dur\u00e9e de lecture est.\" \/>\n\t<meta name=\"twitter:data2\" content=\"3 minutes\" \/>\n<script type=\"application\/ld+json\" class=\"yoast-schema-graph\">{\"@context\":\"https:\\\/\\\/schema.org\",\"@graph\":[{\"@type\":\"Article\",\"@id\":\"https:\\\/\\\/lecompagnonrouge.fr\\\/?p=10080#article\",\"isPartOf\":{\"@id\":\"https:\\\/\\\/lecompagnonrouge.fr\\\/?p=10080\"},\"author\":{\"name\":\"R1\",\"@id\":\"https:\\\/\\\/lecompagnonrouge.fr\\\/#\\\/schema\\\/person\\\/0025018a342b92eacca6f1e4c968a154\"},\"headline\":\"Sanicula europaea. Sanicle d&rsquo;Europe.\",\"datePublished\":\"2025-06-08T18:54:16+00:00\",\"dateModified\":\"2025-06-10T15:26:05+00:00\",\"mainEntityOfPage\":{\"@id\":\"https:\\\/\\\/lecompagnonrouge.fr\\\/?p=10080\"},\"wordCount\":242,\"publisher\":{\"@id\":\"https:\\\/\\\/lecompagnonrouge.fr\\\/#\\\/schema\\\/person\\\/0025018a342b92eacca6f1e4c968a154\"},\"image\":{\"@id\":\"https:\\\/\\\/lecompagnonrouge.fr\\\/?p=10080#primaryimage\"},\"thumbnailUrl\":\"https:\\\/\\\/lecompagnonrouge.fr\\\/wp-content\\\/uploads\\\/2025\\\/06\\\/IMG_2731.jpg\",\"keywords\":[\"Herbe aux ch\u00eanes\",\"Sanicle d'Europe\"],\"articleSection\":[\"Apiaceae\",\"Sanicula europaea\",\"Saniculoideae\"],\"inLanguage\":\"fr-BE\"},{\"@type\":\"WebPage\",\"@id\":\"https:\\\/\\\/lecompagnonrouge.fr\\\/?p=10080\",\"url\":\"https:\\\/\\\/lecompagnonrouge.fr\\\/?p=10080\",\"name\":\"Sanicula europaea. Sanicle d'Europe. - Le Compagnon rouge\",\"isPartOf\":{\"@id\":\"https:\\\/\\\/lecompagnonrouge.fr\\\/#website\"},\"primaryImageOfPage\":{\"@id\":\"https:\\\/\\\/lecompagnonrouge.fr\\\/?p=10080#primaryimage\"},\"image\":{\"@id\":\"https:\\\/\\\/lecompagnonrouge.fr\\\/?p=10080#primaryimage\"},\"thumbnailUrl\":\"https:\\\/\\\/lecompagnonrouge.fr\\\/wp-content\\\/uploads\\\/2025\\\/06\\\/IMG_2731.jpg\",\"datePublished\":\"2025-06-08T18:54:16+00:00\",\"dateModified\":\"2025-06-10T15:26:05+00:00\",\"description\":\"Apiales, Apiaceae, Saniculoideae, Sanicula europaea\",\"breadcrumb\":{\"@id\":\"https:\\\/\\\/lecompagnonrouge.fr\\\/?p=10080#breadcrumb\"},\"inLanguage\":\"fr-BE\",\"potentialAction\":[{\"@type\":\"ReadAction\",\"target\":[\"https:\\\/\\\/lecompagnonrouge.fr\\\/?p=10080\"]}]},{\"@type\":\"ImageObject\",\"inLanguage\":\"fr-BE\",\"@id\":\"https:\\\/\\\/lecompagnonrouge.fr\\\/?p=10080#primaryimage\",\"url\":\"https:\\\/\\\/lecompagnonrouge.fr\\\/wp-content\\\/uploads\\\/2025\\\/06\\\/IMG_2731.jpg\",\"contentUrl\":\"https:\\\/\\\/lecompagnonrouge.fr\\\/wp-content\\\/uploads\\\/2025\\\/06\\\/IMG_2731.jpg\",\"width\":850,\"height\":1275,\"caption\":\"Sanicula europaea\"},{\"@type\":\"BreadcrumbList\",\"@id\":\"https:\\\/\\\/lecompagnonrouge.fr\\\/?p=10080#breadcrumb\",\"itemListElement\":[{\"@type\":\"ListItem\",\"position\":1,\"name\":\"Accueil\",\"item\":\"https:\\\/\\\/lecompagnonrouge.fr\\\/\"},{\"@type\":\"ListItem\",\"position\":2,\"name\":\"Sanicula europaea. Sanicle d&rsquo;Europe.\"}]},{\"@type\":\"WebSite\",\"@id\":\"https:\\\/\\\/lecompagnonrouge.fr\\\/#website\",\"url\":\"https:\\\/\\\/lecompagnonrouge.fr\\\/\",\"name\":\"Le Compagnon rouge\",\"description\":\"M\u00e9morandum.\",\"publisher\":{\"@id\":\"https:\\\/\\\/lecompagnonrouge.fr\\\/#\\\/schema\\\/person\\\/0025018a342b92eacca6f1e4c968a154\"},\"potentialAction\":[{\"@type\":\"SearchAction\",\"target\":{\"@type\":\"EntryPoint\",\"urlTemplate\":\"https:\\\/\\\/lecompagnonrouge.fr\\\/?s={search_term_string}\"},\"query-input\":{\"@type\":\"PropertyValueSpecification\",\"valueRequired\":true,\"valueName\":\"search_term_string\"}}],\"inLanguage\":\"fr-BE\"},{\"@type\":[\"Person\",\"Organization\"],\"@id\":\"https:\\\/\\\/lecompagnonrouge.fr\\\/#\\\/schema\\\/person\\\/0025018a342b92eacca6f1e4c968a154\",\"name\":\"R1\",\"image\":{\"@type\":\"ImageObject\",\"inLanguage\":\"fr-BE\",\"@id\":\"https:\\\/\\\/lecompagnonrouge.fr\\\/wp-content\\\/uploads\\\/2022\\\/03\\\/identit.jpg\",\"url\":\"https:\\\/\\\/lecompagnonrouge.fr\\\/wp-content\\\/uploads\\\/2022\\\/03\\\/identit.jpg\",\"contentUrl\":\"https:\\\/\\\/lecompagnonrouge.fr\\\/wp-content\\\/uploads\\\/2022\\\/03\\\/identit.jpg\",\"width\":425,\"height\":545,\"caption\":\"R1\"},\"logo\":{\"@id\":\"https:\\\/\\\/lecompagnonrouge.fr\\\/wp-content\\\/uploads\\\/2022\\\/03\\\/identit.jpg\"},\"sameAs\":[\"http:\\\/\\\/lecompagnonrouge.fr\"],\"url\":\"https:\\\/\\\/lecompagnonrouge.fr\\\/?author=1\"}]}<\/script>\n<!-- \/ Yoast SEO plugin. -->","yoast_head_json":{"title":"Sanicula europaea. Sanicle d'Europe. - Le Compagnon rouge","description":"Apiales, Apiaceae, Saniculoideae, Sanicula europaea","robots":{"index":"index","follow":"follow","max-snippet":"max-snippet:-1","max-image-preview":"max-image-preview:large","max-video-preview":"max-video-preview:-1"},"canonical":"https:\/\/lecompagnonrouge.fr\/?p=10080","og_locale":"fr_FR","og_type":"article","og_title":"Sanicula europaea. Sanicle d'Europe. - Le Compagnon rouge","og_description":"Apiales, Apiaceae, Saniculoideae, Sanicula europaea","og_url":"https:\/\/lecompagnonrouge.fr\/?p=10080","og_site_name":"Le Compagnon rouge","article_published_time":"2025-06-08T18:54:16+00:00","article_modified_time":"2025-06-10T15:26:05+00:00","og_image":[{"width":850,"height":1275,"url":"https:\/\/lecompagnonrouge.fr\/wp-content\/uploads\/2025\/06\/IMG_2731.jpg","type":"image\/jpeg"}],"author":"R1","twitter_card":"summary_large_image","twitter_misc":{"\u00c9crit par":"R1","Dur\u00e9e de lecture est.":"3 minutes"},"schema":{"@context":"https:\/\/schema.org","@graph":[{"@type":"Article","@id":"https:\/\/lecompagnonrouge.fr\/?p=10080#article","isPartOf":{"@id":"https:\/\/lecompagnonrouge.fr\/?p=10080"},"author":{"name":"R1","@id":"https:\/\/lecompagnonrouge.fr\/#\/schema\/person\/0025018a342b92eacca6f1e4c968a154"},"headline":"Sanicula europaea. Sanicle d&rsquo;Europe.","datePublished":"2025-06-08T18:54:16+00:00","dateModified":"2025-06-10T15:26:05+00:00","mainEntityOfPage":{"@id":"https:\/\/lecompagnonrouge.fr\/?p=10080"},"wordCount":242,"publisher":{"@id":"https:\/\/lecompagnonrouge.fr\/#\/schema\/person\/0025018a342b92eacca6f1e4c968a154"},"image":{"@id":"https:\/\/lecompagnonrouge.fr\/?p=10080#primaryimage"},"thumbnailUrl":"https:\/\/lecompagnonrouge.fr\/wp-content\/uploads\/2025\/06\/IMG_2731.jpg","keywords":["Herbe aux ch\u00eanes","Sanicle d'Europe"],"articleSection":["Apiaceae","Sanicula europaea","Saniculoideae"],"inLanguage":"fr-BE"},{"@type":"WebPage","@id":"https:\/\/lecompagnonrouge.fr\/?p=10080","url":"https:\/\/lecompagnonrouge.fr\/?p=10080","name":"Sanicula europaea. Sanicle d'Europe. - Le Compagnon rouge","isPartOf":{"@id":"https:\/\/lecompagnonrouge.fr\/#website"},"primaryImageOfPage":{"@id":"https:\/\/lecompagnonrouge.fr\/?p=10080#primaryimage"},"image":{"@id":"https:\/\/lecompagnonrouge.fr\/?p=10080#primaryimage"},"thumbnailUrl":"https:\/\/lecompagnonrouge.fr\/wp-content\/uploads\/2025\/06\/IMG_2731.jpg","datePublished":"2025-06-08T18:54:16+00:00","dateModified":"2025-06-10T15:26:05+00:00","description":"Apiales, Apiaceae, Saniculoideae, Sanicula europaea","breadcrumb":{"@id":"https:\/\/lecompagnonrouge.fr\/?p=10080#breadcrumb"},"inLanguage":"fr-BE","potentialAction":[{"@type":"ReadAction","target":["https:\/\/lecompagnonrouge.fr\/?p=10080"]}]},{"@type":"ImageObject","inLanguage":"fr-BE","@id":"https:\/\/lecompagnonrouge.fr\/?p=10080#primaryimage","url":"https:\/\/lecompagnonrouge.fr\/wp-content\/uploads\/2025\/06\/IMG_2731.jpg","contentUrl":"https:\/\/lecompagnonrouge.fr\/wp-content\/uploads\/2025\/06\/IMG_2731.jpg","width":850,"height":1275,"caption":"Sanicula europaea"},{"@type":"BreadcrumbList","@id":"https:\/\/lecompagnonrouge.fr\/?p=10080#breadcrumb","itemListElement":[{"@type":"ListItem","position":1,"name":"Accueil","item":"https:\/\/lecompagnonrouge.fr\/"},{"@type":"ListItem","position":2,"name":"Sanicula europaea. Sanicle d&rsquo;Europe."}]},{"@type":"WebSite","@id":"https:\/\/lecompagnonrouge.fr\/#website","url":"https:\/\/lecompagnonrouge.fr\/","name":"Le Compagnon rouge","description":"M\u00e9morandum.","publisher":{"@id":"https:\/\/lecompagnonrouge.fr\/#\/schema\/person\/0025018a342b92eacca6f1e4c968a154"},"potentialAction":[{"@type":"SearchAction","target":{"@type":"EntryPoint","urlTemplate":"https:\/\/lecompagnonrouge.fr\/?s={search_term_string}"},"query-input":{"@type":"PropertyValueSpecification","valueRequired":true,"valueName":"search_term_string"}}],"inLanguage":"fr-BE"},{"@type":["Person","Organization"],"@id":"https:\/\/lecompagnonrouge.fr\/#\/schema\/person\/0025018a342b92eacca6f1e4c968a154","name":"R1","image":{"@type":"ImageObject","inLanguage":"fr-BE","@id":"https:\/\/lecompagnonrouge.fr\/wp-content\/uploads\/2022\/03\/identit.jpg","url":"https:\/\/lecompagnonrouge.fr\/wp-content\/uploads\/2022\/03\/identit.jpg","contentUrl":"https:\/\/lecompagnonrouge.fr\/wp-content\/uploads\/2022\/03\/identit.jpg","width":425,"height":545,"caption":"R1"},"logo":{"@id":"https:\/\/lecompagnonrouge.fr\/wp-content\/uploads\/2022\/03\/identit.jpg"},"sameAs":["http:\/\/lecompagnonrouge.fr"],"url":"https:\/\/lecompagnonrouge.fr\/?author=1"}]}},"_links":{"self":[{"href":"https:\/\/lecompagnonrouge.fr\/index.php?rest_route=\/wp\/v2\/posts\/10080","targetHints":{"allow":["GET"]}}],"collection":[{"href":"https:\/\/lecompagnonrouge.fr\/index.php?rest_route=\/wp\/v2\/posts"}],"about":[{"href":"https:\/\/lecompagnonrouge.fr\/index.php?rest_route=\/wp\/v2\/types\/post"}],"author":[{"embeddable":true,"href":"https:\/\/lecompagnonrouge.fr\/index.php?rest_route=\/wp\/v2\/users\/1"}],"replies":[{"embeddable":true,"href":"https:\/\/lecompagnonrouge.fr\/index.php?rest_route=%2Fwp%2Fv2%2Fcomments&post=10080"}],"version-history":[{"count":4,"href":"https:\/\/lecompagnonrouge.fr\/index.php?rest_route=\/wp\/v2\/posts\/10080\/revisions"}],"predecessor-version":[{"id":10113,"href":"https:\/\/lecompagnonrouge.fr\/index.php?rest_route=\/wp\/v2\/posts\/10080\/revisions\/10113"}],"wp:featuredmedia":[{"embeddable":true,"href":"https:\/\/lecompagnonrouge.fr\/index.php?rest_route=\/wp\/v2\/media\/10082"}],"wp:attachment":[{"href":"https:\/\/lecompagnonrouge.fr\/index.php?rest_route=%2Fwp%2Fv2%2Fmedia&parent=10080"}],"wp:term":[{"taxonomy":"category","embeddable":true,"href":"https:\/\/lecompagnonrouge.fr\/index.php?rest_route=%2Fwp%2Fv2%2Fcategories&post=10080"},{"taxonomy":"post_tag","embeddable":true,"href":"https:\/\/lecompagnonrouge.fr\/index.php?rest_route=%2Fwp%2Fv2%2Ftags&post=10080"}],"curies":[{"name":"wp","href":"https:\/\/api.w.org\/{rel}","templated":true}]}}