{"id":1000,"date":"2022-04-18T17:46:39","date_gmt":"2022-04-18T15:46:39","guid":{"rendered":"https:\/\/lecompagnonrouge.fr\/?p=1000"},"modified":"2024-11-11T17:15:48","modified_gmt":"2024-11-11T16:15:48","slug":"salvia-verbenaca-subsp-verbenaca-sauge-verveine","status":"publish","type":"post","link":"https:\/\/lecompagnonrouge.fr\/?p=1000","title":{"rendered":"Salvia verbenaca subsp. verbenaca. Sauge verveine."},"content":{"rendered":"\n<p class=\"has-medium-font-size\">Sauge pr\u00e9sentant des fleurs bleues moins longues vis \u00e0 vis du calice que chez Salvia pratensis.<\/p>\n\n\n\n<p class=\"has-medium-font-size\">La distinction s&rsquo;op\u00e8re beaucoup sur la feuille, beaucoup plus profond\u00e9ment lob\u00e9e\/ \u00e9chancr\u00e9e chez Salvia verbenaca que chez la sauge des pr\u00e9s.<\/p>\n\n\n\n<figure class=\"wp-block-image size-full\"><img loading=\"lazy\" decoding=\"async\" width=\"850\" height=\"567\" src=\"https:\/\/lecompagnonrouge.fr\/wp-content\/uploads\/2022\/04\/image-46.png\" alt=\"Salvia verbenaca: rosette. Plantaria\" class=\"wp-image-8017\" srcset=\"https:\/\/lecompagnonrouge.fr\/wp-content\/uploads\/2022\/04\/image-46.png 850w, https:\/\/lecompagnonrouge.fr\/wp-content\/uploads\/2022\/04\/image-46-300x200.png 300w, https:\/\/lecompagnonrouge.fr\/wp-content\/uploads\/2022\/04\/image-46-768x512.png 768w\" sizes=\"auto, (max-width: 850px) 100vw, 850px\" \/><\/figure>\n\n\n\n<p><\/p>\n\n\n\n<p><\/p>\n\n\n\n<p class=\"has-medium-font-size\">Le \u00ab\u00a0casque\u00a0\u00bb, la l\u00e8vre sup\u00e9rieure est moins affirm\u00e9e chez Salvia verbenaca subsp. verbenaca que chez Salvia pratensis (Ainsi que l&rsquo;indique, Franck Le Driant, ce p\u00e9tale en forme de casque, est tout de m\u00eame ici vraiment \u00e9troit). <\/p>\n\n\n\n<p class=\"has-medium-font-size\">Cette sous esp\u00e8ce se distingue de Salvia verbenaca subsp. clandestina car cette derni\u00e8re a des fleurs plus claires (bleu avec parfois du blanc) et d\u00e9passant plus le calice. La subsp. verbenaca ici pr\u00e9sente a des fleurs d\u00e9passant peu le calice:<\/p>\n\n\n\n<figure class=\"wp-block-image size-full\"><img loading=\"lazy\" decoding=\"async\" width=\"850\" height=\"506\" src=\"https:\/\/lecompagnonrouge.fr\/wp-content\/uploads\/2022\/04\/IMG_9213bis.jpg\" alt=\"\" class=\"wp-image-8019\" srcset=\"https:\/\/lecompagnonrouge.fr\/wp-content\/uploads\/2022\/04\/IMG_9213bis.jpg 850w, https:\/\/lecompagnonrouge.fr\/wp-content\/uploads\/2022\/04\/IMG_9213bis-300x180.jpg 300w, https:\/\/lecompagnonrouge.fr\/wp-content\/uploads\/2022\/04\/IMG_9213bis-768x457.jpg 768w\" sizes=\"auto, (max-width: 850px) 100vw, 850px\" \/><\/figure>\n\n\n\n<p><\/p>\n\n\n\n<p class=\"has-small-font-size\"><a href=\"https:\/\/lecompagnonrouge.fr\/?s=lamiales\">Lamiales<\/a>><a href=\"https:\/\/lecompagnonrouge.fr\/?s=lamiaceae\">Lamiaceae<\/a>><a href=\"https:\/\/lecompagnonrouge.fr\/?s=salvia\">Salvia<\/a> verbenaca<\/p>\n\n\n\n<p class=\"has-medium-font-size\"><\/p>\n\n\n\n<p class=\"has-small-font-size\"><\/p>\n\n\n\n<p class=\"has-medium-font-size\">H\u00e9micryptophyte \u00e0 rosette.<\/p>\n\n\n\n<p class=\"has-medium-font-size\">Jolie colonie au parc interd\u00e9partemental Jean Moulin-Les Guillands, c\u00f4t\u00e9 Montreuil. Avril 2022. Peut-\u00eatre pas totalement accidentelle dans l&rsquo;hyper agglom\u00e9ration?<\/p>\n\n\n\n<p class=\"has-medium-font-size\">M\u00e9diterran\u00e9enne\/ Atlantique.<\/p>\n\n\n\n<p class=\"has-medium-font-size\">Pelouses basophiles m\u00e9sohydrique m\u00e9som\u00e9diterran\u00e9ennes, sur sol relativement profond (sol profond: \u00e0 partir de (15-) 20-30 cm). Brachypodion phoenicoidis<\/p>\n\n\n\n<figure class=\"wp-block-image size-full\"><img loading=\"lazy\" decoding=\"async\" width=\"850\" height=\"567\" src=\"https:\/\/lecompagnonrouge.fr\/wp-content\/uploads\/2022\/04\/IMG_9304.jpg\" alt=\"\" class=\"wp-image-1003\" srcset=\"https:\/\/lecompagnonrouge.fr\/wp-content\/uploads\/2022\/04\/IMG_9304.jpg 850w, https:\/\/lecompagnonrouge.fr\/wp-content\/uploads\/2022\/04\/IMG_9304-300x200.jpg 300w, https:\/\/lecompagnonrouge.fr\/wp-content\/uploads\/2022\/04\/IMG_9304-768x512.jpg 768w\" sizes=\"auto, (max-width: 850px) 100vw, 850px\" \/><\/figure>\n\n\n\n<p><\/p>\n\n\n\n<p class=\"has-small-font-size\"><\/p>\n\n\n\n<p>Lieu(x) o\u00f9 la plante est photographi\u00e9e: Bagnolet-Montreuil (parc Jean Moulin-Les Guillands)<\/p>\n","protected":false},"excerpt":{"rendered":"<p>Sauge pr\u00e9sentant des fleurs bleues moins longues vis \u00e0 vis du calice que chez Salvia pratensis. La distinction s&rsquo;op\u00e8re beaucoup sur la feuille, beaucoup plus profond\u00e9ment lob\u00e9e\/ \u00e9chancr\u00e9e chez Salvia verbenaca que chez la sauge des pr\u00e9s. Le \u00ab\u00a0casque\u00a0\u00bb, la l\u00e8vre sup\u00e9rieure est moins affirm\u00e9e chez Salvia verbenaca subsp. verbenaca que chez Salvia pratensis (Ainsi&#8230;<\/p>\n","protected":false},"author":1,"featured_media":1001,"comment_status":"closed","ping_status":"open","sticky":false,"template":"","format":"standard","meta":{"footnotes":""},"categories":[25,260],"tags":[259,258],"class_list":["post-1000","post","type-post","status-publish","format-standard","has-post-thumbnail","hentry","category-lamiaceae","category-salvia-verbenaca","tag-sauge","tag-sauge-verveine"],"yoast_head":"<!-- This site is optimized with the Yoast SEO plugin v27.4 - https:\/\/yoast.com\/product\/yoast-seo-wordpress\/ -->\n<title>Salvia verbenaca subsp. verbenaca. Sauge verveine. - Le Compagnon rouge<\/title>\n<meta name=\"description\" content=\"Lamiales, Lamiaceae, Salvia verbenaca\" \/>\n<meta name=\"robots\" content=\"index, follow, max-snippet:-1, max-image-preview:large, max-video-preview:-1\" \/>\n<link rel=\"canonical\" href=\"https:\/\/lecompagnonrouge.fr\/?p=1000\" \/>\n<meta property=\"og:locale\" content=\"fr_FR\" \/>\n<meta property=\"og:type\" content=\"article\" \/>\n<meta property=\"og:title\" content=\"Salvia verbenaca subsp. verbenaca. Sauge verveine. - Le Compagnon rouge\" \/>\n<meta property=\"og:description\" content=\"Lamiales, Lamiaceae, Salvia verbenaca\" \/>\n<meta property=\"og:url\" content=\"https:\/\/lecompagnonrouge.fr\/?p=1000\" \/>\n<meta property=\"og:site_name\" content=\"Le Compagnon rouge\" \/>\n<meta property=\"article:published_time\" content=\"2022-04-18T15:46:39+00:00\" \/>\n<meta property=\"article:modified_time\" content=\"2024-11-11T16:15:48+00:00\" \/>\n<meta property=\"og:image\" content=\"https:\/\/lecompagnonrouge.fr\/wp-content\/uploads\/2022\/04\/IMG_9213.jpg\" \/>\n\t<meta property=\"og:image:width\" content=\"850\" \/>\n\t<meta property=\"og:image:height\" content=\"567\" \/>\n\t<meta property=\"og:image:type\" content=\"image\/jpeg\" \/>\n<meta name=\"author\" content=\"R1\" \/>\n<meta name=\"twitter:card\" content=\"summary_large_image\" \/>\n<meta name=\"twitter:label1\" content=\"\u00c9crit par\" \/>\n\t<meta name=\"twitter:data1\" content=\"R1\" \/>\n\t<meta name=\"twitter:label2\" content=\"Dur\u00e9e de lecture est.\" \/>\n\t<meta name=\"twitter:data2\" content=\"2 minutes\" \/>\n<script type=\"application\/ld+json\" class=\"yoast-schema-graph\">{\"@context\":\"https:\\\/\\\/schema.org\",\"@graph\":[{\"@type\":\"Article\",\"@id\":\"https:\\\/\\\/lecompagnonrouge.fr\\\/?p=1000#article\",\"isPartOf\":{\"@id\":\"https:\\\/\\\/lecompagnonrouge.fr\\\/?p=1000\"},\"author\":{\"name\":\"R1\",\"@id\":\"https:\\\/\\\/lecompagnonrouge.fr\\\/#\\\/schema\\\/person\\\/0025018a342b92eacca6f1e4c968a154\"},\"headline\":\"Salvia verbenaca subsp. verbenaca. Sauge verveine.\",\"datePublished\":\"2022-04-18T15:46:39+00:00\",\"dateModified\":\"2024-11-11T16:15:48+00:00\",\"mainEntityOfPage\":{\"@id\":\"https:\\\/\\\/lecompagnonrouge.fr\\\/?p=1000\"},\"wordCount\":204,\"publisher\":{\"@id\":\"https:\\\/\\\/lecompagnonrouge.fr\\\/#\\\/schema\\\/person\\\/0025018a342b92eacca6f1e4c968a154\"},\"image\":{\"@id\":\"https:\\\/\\\/lecompagnonrouge.fr\\\/?p=1000#primaryimage\"},\"thumbnailUrl\":\"https:\\\/\\\/lecompagnonrouge.fr\\\/wp-content\\\/uploads\\\/2022\\\/04\\\/IMG_9213.jpg\",\"keywords\":[\"Sauge\",\"Sauge verveine\"],\"articleSection\":[\"Lamiaceae\",\"Salvia verbenaca\"],\"inLanguage\":\"fr-BE\"},{\"@type\":\"WebPage\",\"@id\":\"https:\\\/\\\/lecompagnonrouge.fr\\\/?p=1000\",\"url\":\"https:\\\/\\\/lecompagnonrouge.fr\\\/?p=1000\",\"name\":\"Salvia verbenaca subsp. verbenaca. Sauge verveine. - Le Compagnon rouge\",\"isPartOf\":{\"@id\":\"https:\\\/\\\/lecompagnonrouge.fr\\\/#website\"},\"primaryImageOfPage\":{\"@id\":\"https:\\\/\\\/lecompagnonrouge.fr\\\/?p=1000#primaryimage\"},\"image\":{\"@id\":\"https:\\\/\\\/lecompagnonrouge.fr\\\/?p=1000#primaryimage\"},\"thumbnailUrl\":\"https:\\\/\\\/lecompagnonrouge.fr\\\/wp-content\\\/uploads\\\/2022\\\/04\\\/IMG_9213.jpg\",\"datePublished\":\"2022-04-18T15:46:39+00:00\",\"dateModified\":\"2024-11-11T16:15:48+00:00\",\"description\":\"Lamiales, Lamiaceae, Salvia verbenaca\",\"breadcrumb\":{\"@id\":\"https:\\\/\\\/lecompagnonrouge.fr\\\/?p=1000#breadcrumb\"},\"inLanguage\":\"fr-BE\",\"potentialAction\":[{\"@type\":\"ReadAction\",\"target\":[\"https:\\\/\\\/lecompagnonrouge.fr\\\/?p=1000\"]}]},{\"@type\":\"ImageObject\",\"inLanguage\":\"fr-BE\",\"@id\":\"https:\\\/\\\/lecompagnonrouge.fr\\\/?p=1000#primaryimage\",\"url\":\"https:\\\/\\\/lecompagnonrouge.fr\\\/wp-content\\\/uploads\\\/2022\\\/04\\\/IMG_9213.jpg\",\"contentUrl\":\"https:\\\/\\\/lecompagnonrouge.fr\\\/wp-content\\\/uploads\\\/2022\\\/04\\\/IMG_9213.jpg\",\"width\":850,\"height\":567,\"caption\":\"binary comment\"},{\"@type\":\"BreadcrumbList\",\"@id\":\"https:\\\/\\\/lecompagnonrouge.fr\\\/?p=1000#breadcrumb\",\"itemListElement\":[{\"@type\":\"ListItem\",\"position\":1,\"name\":\"Accueil\",\"item\":\"https:\\\/\\\/lecompagnonrouge.fr\\\/\"},{\"@type\":\"ListItem\",\"position\":2,\"name\":\"Salvia verbenaca subsp. verbenaca. Sauge verveine.\"}]},{\"@type\":\"WebSite\",\"@id\":\"https:\\\/\\\/lecompagnonrouge.fr\\\/#website\",\"url\":\"https:\\\/\\\/lecompagnonrouge.fr\\\/\",\"name\":\"Le Compagnon rouge\",\"description\":\"M\u00e9morandum.\",\"publisher\":{\"@id\":\"https:\\\/\\\/lecompagnonrouge.fr\\\/#\\\/schema\\\/person\\\/0025018a342b92eacca6f1e4c968a154\"},\"potentialAction\":[{\"@type\":\"SearchAction\",\"target\":{\"@type\":\"EntryPoint\",\"urlTemplate\":\"https:\\\/\\\/lecompagnonrouge.fr\\\/?s={search_term_string}\"},\"query-input\":{\"@type\":\"PropertyValueSpecification\",\"valueRequired\":true,\"valueName\":\"search_term_string\"}}],\"inLanguage\":\"fr-BE\"},{\"@type\":[\"Person\",\"Organization\"],\"@id\":\"https:\\\/\\\/lecompagnonrouge.fr\\\/#\\\/schema\\\/person\\\/0025018a342b92eacca6f1e4c968a154\",\"name\":\"R1\",\"image\":{\"@type\":\"ImageObject\",\"inLanguage\":\"fr-BE\",\"@id\":\"https:\\\/\\\/lecompagnonrouge.fr\\\/wp-content\\\/uploads\\\/2022\\\/03\\\/identit.jpg\",\"url\":\"https:\\\/\\\/lecompagnonrouge.fr\\\/wp-content\\\/uploads\\\/2022\\\/03\\\/identit.jpg\",\"contentUrl\":\"https:\\\/\\\/lecompagnonrouge.fr\\\/wp-content\\\/uploads\\\/2022\\\/03\\\/identit.jpg\",\"width\":425,\"height\":545,\"caption\":\"R1\"},\"logo\":{\"@id\":\"https:\\\/\\\/lecompagnonrouge.fr\\\/wp-content\\\/uploads\\\/2022\\\/03\\\/identit.jpg\"},\"sameAs\":[\"http:\\\/\\\/lecompagnonrouge.fr\"],\"url\":\"https:\\\/\\\/lecompagnonrouge.fr\\\/?author=1\"}]}<\/script>\n<!-- \/ Yoast SEO plugin. -->","yoast_head_json":{"title":"Salvia verbenaca subsp. verbenaca. Sauge verveine. - Le Compagnon rouge","description":"Lamiales, Lamiaceae, Salvia verbenaca","robots":{"index":"index","follow":"follow","max-snippet":"max-snippet:-1","max-image-preview":"max-image-preview:large","max-video-preview":"max-video-preview:-1"},"canonical":"https:\/\/lecompagnonrouge.fr\/?p=1000","og_locale":"fr_FR","og_type":"article","og_title":"Salvia verbenaca subsp. verbenaca. Sauge verveine. - Le Compagnon rouge","og_description":"Lamiales, Lamiaceae, Salvia verbenaca","og_url":"https:\/\/lecompagnonrouge.fr\/?p=1000","og_site_name":"Le Compagnon rouge","article_published_time":"2022-04-18T15:46:39+00:00","article_modified_time":"2024-11-11T16:15:48+00:00","og_image":[{"width":850,"height":567,"url":"https:\/\/lecompagnonrouge.fr\/wp-content\/uploads\/2022\/04\/IMG_9213.jpg","type":"image\/jpeg"}],"author":"R1","twitter_card":"summary_large_image","twitter_misc":{"\u00c9crit par":"R1","Dur\u00e9e de lecture est.":"2 minutes"},"schema":{"@context":"https:\/\/schema.org","@graph":[{"@type":"Article","@id":"https:\/\/lecompagnonrouge.fr\/?p=1000#article","isPartOf":{"@id":"https:\/\/lecompagnonrouge.fr\/?p=1000"},"author":{"name":"R1","@id":"https:\/\/lecompagnonrouge.fr\/#\/schema\/person\/0025018a342b92eacca6f1e4c968a154"},"headline":"Salvia verbenaca subsp. verbenaca. Sauge verveine.","datePublished":"2022-04-18T15:46:39+00:00","dateModified":"2024-11-11T16:15:48+00:00","mainEntityOfPage":{"@id":"https:\/\/lecompagnonrouge.fr\/?p=1000"},"wordCount":204,"publisher":{"@id":"https:\/\/lecompagnonrouge.fr\/#\/schema\/person\/0025018a342b92eacca6f1e4c968a154"},"image":{"@id":"https:\/\/lecompagnonrouge.fr\/?p=1000#primaryimage"},"thumbnailUrl":"https:\/\/lecompagnonrouge.fr\/wp-content\/uploads\/2022\/04\/IMG_9213.jpg","keywords":["Sauge","Sauge verveine"],"articleSection":["Lamiaceae","Salvia verbenaca"],"inLanguage":"fr-BE"},{"@type":"WebPage","@id":"https:\/\/lecompagnonrouge.fr\/?p=1000","url":"https:\/\/lecompagnonrouge.fr\/?p=1000","name":"Salvia verbenaca subsp. verbenaca. Sauge verveine. - Le Compagnon rouge","isPartOf":{"@id":"https:\/\/lecompagnonrouge.fr\/#website"},"primaryImageOfPage":{"@id":"https:\/\/lecompagnonrouge.fr\/?p=1000#primaryimage"},"image":{"@id":"https:\/\/lecompagnonrouge.fr\/?p=1000#primaryimage"},"thumbnailUrl":"https:\/\/lecompagnonrouge.fr\/wp-content\/uploads\/2022\/04\/IMG_9213.jpg","datePublished":"2022-04-18T15:46:39+00:00","dateModified":"2024-11-11T16:15:48+00:00","description":"Lamiales, Lamiaceae, Salvia verbenaca","breadcrumb":{"@id":"https:\/\/lecompagnonrouge.fr\/?p=1000#breadcrumb"},"inLanguage":"fr-BE","potentialAction":[{"@type":"ReadAction","target":["https:\/\/lecompagnonrouge.fr\/?p=1000"]}]},{"@type":"ImageObject","inLanguage":"fr-BE","@id":"https:\/\/lecompagnonrouge.fr\/?p=1000#primaryimage","url":"https:\/\/lecompagnonrouge.fr\/wp-content\/uploads\/2022\/04\/IMG_9213.jpg","contentUrl":"https:\/\/lecompagnonrouge.fr\/wp-content\/uploads\/2022\/04\/IMG_9213.jpg","width":850,"height":567,"caption":"binary comment"},{"@type":"BreadcrumbList","@id":"https:\/\/lecompagnonrouge.fr\/?p=1000#breadcrumb","itemListElement":[{"@type":"ListItem","position":1,"name":"Accueil","item":"https:\/\/lecompagnonrouge.fr\/"},{"@type":"ListItem","position":2,"name":"Salvia verbenaca subsp. verbenaca. Sauge verveine."}]},{"@type":"WebSite","@id":"https:\/\/lecompagnonrouge.fr\/#website","url":"https:\/\/lecompagnonrouge.fr\/","name":"Le Compagnon rouge","description":"M\u00e9morandum.","publisher":{"@id":"https:\/\/lecompagnonrouge.fr\/#\/schema\/person\/0025018a342b92eacca6f1e4c968a154"},"potentialAction":[{"@type":"SearchAction","target":{"@type":"EntryPoint","urlTemplate":"https:\/\/lecompagnonrouge.fr\/?s={search_term_string}"},"query-input":{"@type":"PropertyValueSpecification","valueRequired":true,"valueName":"search_term_string"}}],"inLanguage":"fr-BE"},{"@type":["Person","Organization"],"@id":"https:\/\/lecompagnonrouge.fr\/#\/schema\/person\/0025018a342b92eacca6f1e4c968a154","name":"R1","image":{"@type":"ImageObject","inLanguage":"fr-BE","@id":"https:\/\/lecompagnonrouge.fr\/wp-content\/uploads\/2022\/03\/identit.jpg","url":"https:\/\/lecompagnonrouge.fr\/wp-content\/uploads\/2022\/03\/identit.jpg","contentUrl":"https:\/\/lecompagnonrouge.fr\/wp-content\/uploads\/2022\/03\/identit.jpg","width":425,"height":545,"caption":"R1"},"logo":{"@id":"https:\/\/lecompagnonrouge.fr\/wp-content\/uploads\/2022\/03\/identit.jpg"},"sameAs":["http:\/\/lecompagnonrouge.fr"],"url":"https:\/\/lecompagnonrouge.fr\/?author=1"}]}},"_links":{"self":[{"href":"https:\/\/lecompagnonrouge.fr\/index.php?rest_route=\/wp\/v2\/posts\/1000","targetHints":{"allow":["GET"]}}],"collection":[{"href":"https:\/\/lecompagnonrouge.fr\/index.php?rest_route=\/wp\/v2\/posts"}],"about":[{"href":"https:\/\/lecompagnonrouge.fr\/index.php?rest_route=\/wp\/v2\/types\/post"}],"author":[{"embeddable":true,"href":"https:\/\/lecompagnonrouge.fr\/index.php?rest_route=\/wp\/v2\/users\/1"}],"replies":[{"embeddable":true,"href":"https:\/\/lecompagnonrouge.fr\/index.php?rest_route=%2Fwp%2Fv2%2Fcomments&post=1000"}],"version-history":[{"count":14,"href":"https:\/\/lecompagnonrouge.fr\/index.php?rest_route=\/wp\/v2\/posts\/1000\/revisions"}],"predecessor-version":[{"id":8020,"href":"https:\/\/lecompagnonrouge.fr\/index.php?rest_route=\/wp\/v2\/posts\/1000\/revisions\/8020"}],"wp:featuredmedia":[{"embeddable":true,"href":"https:\/\/lecompagnonrouge.fr\/index.php?rest_route=\/wp\/v2\/media\/1001"}],"wp:attachment":[{"href":"https:\/\/lecompagnonrouge.fr\/index.php?rest_route=%2Fwp%2Fv2%2Fmedia&parent=1000"}],"wp:term":[{"taxonomy":"category","embeddable":true,"href":"https:\/\/lecompagnonrouge.fr\/index.php?rest_route=%2Fwp%2Fv2%2Fcategories&post=1000"},{"taxonomy":"post_tag","embeddable":true,"href":"https:\/\/lecompagnonrouge.fr\/index.php?rest_route=%2Fwp%2Fv2%2Ftags&post=1000"}],"curies":[{"name":"wp","href":"https:\/\/api.w.org\/{rel}","templated":true}]}}